{"id":464,"date":"2018-07-31T11:11:25","date_gmt":"2018-07-31T10:11:25","guid":{"rendered":"https:\/\/jmoragahc.wordpress.com\/?p=464"},"modified":"2018-07-31T11:11:25","modified_gmt":"2018-07-31T10:11:25","slug":"primavera-de-praga-la-disidencia-aplastada","status":"publish","type":"post","link":"https:\/\/blogsaverroes.juntadeandalucia.es\/aldeacordoba\/?p=464","title":{"rendered":"Primavera de Praga: la disidencia aplastada."},"content":{"rendered":"<figure style=\"width: 1200px\" class=\"wp-caption alignnone\"><img loading=\"lazy\" decoding=\"async\" class=\"size-large\" src=\"https:\/\/estaticos.elperiodico.com\/resources\/jpg\/4\/5\/zentauroepp44358070-original-caption-1968-prague-czechoslovakia-soviet-180718121917-1531909345054.jpg\" width=\"1200\" height=\"670\" \/><figcaption class=\"wp-caption-text\">Los tanques del Pacto de Varsovia acabaron con el sue\u00f1o reformista de Checoslovaquia la noche del 20 al 21 de agosto de 1968. La invasi\u00f3n se ven\u00eda fraguando desde hac\u00eda semanas<\/figcaption><\/figure>\n<p><strong>Autor:\u00a0<a class=\"author-link\" href=\"https:\/\/www.elperiodico.com\/es\/autor\/albert-garrido\/\">Albert Garrido<\/a><\/strong><\/p>\n<p><strong>Fuente: <a href=\"https:\/\/www.elperiodico.com\/es\/mas-periodico\/20180721\/50-anos-primavera-praga-disidencia-aplastada-6949092\"><em>El Per\u00edodico<\/em><\/a>. 21\/07\/2018<\/strong><\/p>\n<p style=\"text-align:justify\">Algo flotaba en el ambiente de la Europa de 1968 que hizo posible la llegada de la\u00a0<strong>Primavera de Praga<\/strong>. M\u00e1s all\u00e1 del deseo de activar los resortes para poner al d\u00eda el socialismo real, la econom\u00eda planificada y el Estado que todo lo puede, las sociedades europeas a ambos lados de la divisoria,\u00a0<strong>bautizada tel\u00f3n de acero por Winston Churchill<\/strong>, reun\u00edan todos los ingredientes para un cambio de paradigma. Al mismo tiempo, la l\u00f3gica aplastante de la guerra fr\u00eda, el reparto en \u00e1reas de influencia y el equilibrio del terror \u2013los arsenales nucleares\u2013 impon\u00edan un &#8216;statu quo&#8217; sin resquicios para salirse de \u00e9l. En este clima naci\u00f3 la Primavera de Praga, que gener\u00f3 una gran esperanza y sucumbi\u00f3 a la\u00a0<strong>&#8216;realpolitik&#8217;<\/strong>.<\/p>\n<div class=\"ep-media\">\n<div class=\"thumb\">\n<figure style=\"width: 660px\" class=\"wp-caption alignnone\"><img loading=\"lazy\" decoding=\"async\" class=\"loaded\" src=\"https:\/\/estaticos.elperiodico.com\/resources\/jpg\/9\/7\/1531911577579.jpg\" alt=\"\" width=\"660\" height=\"369\" \/><figcaption class=\"wp-caption-text\">J\u00f3venes checos con banderas acaban de subirse a\u00a0\u00a0un cami\u00f3n volcado mientras otros rodean tanques sovi\u00e9ticos en el centro de Praga el 21 de agosto de 1968.\u00a0\/\u00a0AP (LIBOR HAJSKY)<\/figcaption><\/figure>\n<\/div>\n<div class=\"txt\">\n<p class=\"subtitle\">\n<\/div>\n<\/div>\n<p style=\"text-align:justify\">Cuando los tanques del\u00a0<a href=\"https:\/\/es.wikipedia.org\/wiki\/Pacto_de_Varsovia\"><strong>Pacto de Varsovia\u00a0<\/strong><\/a>cercenaron el experimento checo la noche del 20 al 21 de agosto de 1968, el proceso de liberalizaci\u00f3n del r\u00e9gimen, el socialismo con rostro humano defendido por la facci\u00f3n aperturista del Partido Comunista, encabezada por\u00a0<strong>Alexander Dubcek<\/strong>, hab\u00eda emitido con generosa claridad suficientes se\u00f1ales de cambio como para alarmar a la Uni\u00f3n Sovi\u00e9tica. Despu\u00e9s de la desestalinizaci\u00f3n (1956) y de la ca\u00edda en desgracia de\u00a0<strong>Nikita Jruschov\u00a0<\/strong>(1964), la &#8216;troika&#8217; formada por\u00a0<strong>Leonid Br\u00e9zhnev, Aleks\u00e9i Kosygin y Nikol\u00e1i Podgorni<\/strong>\u00a0instaur\u00f3 en la URSS un reparto de poder que acab\u00f3 con las conspiraciones de palacio de la\u00a0<strong>&#8216;nomenklatura&#8217;<\/strong>, consagr\u00f3 la doctrina de la soberan\u00eda limitada aplicada a los aliados \u2013los socios del Pacto de Varsovia\u2013 y desoy\u00f3 las advertencias de agotamiento del modelo. Frente a este muro, la Primavera de Praga tuvo los d\u00edas contados.<\/p>\n<div class=\"box-left\">\n<div class=\"ep-related\">\n<div class=\"top\">\n<figure style=\"width: 659px\" class=\"wp-caption alignnone\"><a href=\"https:\/\/www.elperiodico.com\/es\/mas-periodico\/20180721\/50-anos-primavera-praga-represion-inmolaciones-exilio-6949310\"><img loading=\"lazy\" decoding=\"async\" class=\"loading\" title=\"Primavera de Praga: represi\u00f3n, inmolaciones y exilio\" src=\"https:\/\/estaticos.elperiodico.com\/resources\/jpg\/8\/1\/zentauroepp44358187-mas-periodico-the-ussr-invades-czechoslovakia-1968-the-sp180718132439-1531913266418.jpg\" alt=\"Primavera de Praga: represi\u00f3n, inmolaciones y exilio\" width=\"659\" height=\"369\" \/><\/a><figcaption class=\"wp-caption-text\">Primavera de Praga: represi\u00f3n, inmolaciones y exilio<\/figcaption><\/figure>\n<\/div>\n<div class=\"middle\">\n<div class=\"item\">\n<h2 class=\"txt\">Democratizar las instituciones<\/h2>\n<\/div>\n<\/div>\n<\/div>\n<\/div>\n<p style=\"text-align:justify\"><strong>Ota Sik<\/strong>, presidente de Eslovaquia \u2013Checoslovaquia era entonces un Estado binacional\u2013, se\u00f1al\u00f3 con insistencia durante 1967 la necesidad de abrir la econom\u00eda y descentralizarla; Dubcek, primer secretario del partido desde el 5 de enero de 1968, remarc\u00f3 que era preciso democratizar las instituciones; los j\u00f3venes universitarios y una parte muy importante del profesorado, seguramente mayoritaria, los intelectuales que colaboraban en la revista &#8216;Literarni Noviny&#8217; y los artistas que hab\u00edan dejado a un lado el acartonamiento del realismo socialista reclamaban que se remozara el r\u00e9gimen y se asentara el pluralismo.\u00a0<strong>Fran\u00e7ois Fetj\u00f6<\/strong>\u00a0(1909-2008), un cl\u00e1sico de la historiograf\u00eda de los reg\u00edmenes comunistas, escribi\u00f3 en 1969: \u00abOtro de los cr\u00edmenes checoslovacos consisti\u00f3 en las medidas adoptadas con el fin de transformar el Estado en algo verdaderamente jur\u00eddico\u00bb.<\/p>\n<div class=\"box-left\">\n<div class=\"ep-destacado\">\n<blockquote>\n<h4 class=\"title\"><strong>La libertad de prensa<\/strong>\u00a0y el apego de los j\u00f3venes a la cultura pop alteraban el pulso de Mosc\u00fa<\/h4>\n<\/blockquote>\n<\/div>\n<\/div>\n<p style=\"text-align:justify\">Para Fetj\u00f6 y otros estudiosos de su generaci\u00f3n, desde Mosc\u00fa se justific\u00f3 la intervenci\u00f3n de agosto como un movimiento en defensa del socialismo y de las \u00abposiciones de clase\u00bb, cuando en realidad la reforma promovida por el PC checo se ajustaba como un guante a una mano a aquello enunciado en el programa del PCUS: hacer del partido una organizaci\u00f3n representativa de todo el pueblo y no solo de la clase obrera. Medio siglo despu\u00e9s de la liquidaci\u00f3n de la Primavera es m\u00e1s veros\u00edmil entender que la reacci\u00f3n sovi\u00e9tica obedeci\u00f3 a la incompatibilidad entre la iniciativa de los reformistas checos y la sumisi\u00f3n a toda costa que exig\u00eda el Kremlin (no ten\u00edan cabida el revisionismo, la disidencia y el pluralismo).<\/p>\n<p style=\"text-align:justify\">Lo mismo alteraba el pulso a Mosc\u00fa la libertad de prensa que el apego de los j\u00f3venes a las manifestaciones de la cultura pop, especialmente las musicales; la misma desconfianza provocaban los discursos de Dubcek que la libertad de circulaci\u00f3n y la presencia en Praga de intelectuales extranjeros.<\/p>\n<h3 style=\"text-align:justify\">Miguel Delibes, invitado<\/h3>\n<p style=\"text-align:justify\">Uno de invitados fue el escritor<strong>\u00a0Miguel Delibes<\/strong>, que acudi\u00f3 a la capital checa para dar varias conferencias sobre novela espa\u00f1ola. De vuelta a Valladolid, public\u00f3 en el semanario progresista &#8216;Triunfo&#8217; una serie de cinco reportajes a partir del 25 de mayo de 1968, donde puso de manifiesto sus dudas: \u00abPraga \u2013si no se pliega o no la pliegan\u2013 puede alumbrar unas bases de convivencia con una amplia perspectiva de futuro. Es decir, Checoslovaquia puede consumar su evoluci\u00f3n hacia un socialismo humanista y democr\u00e1tico o puede fracasar, abrumada por las presiones de su poderoso enemigo\u00bb.<\/p>\n<div class=\"box-left\">\n<div class=\"ep-destacado\">\n<blockquote>\n<h4 class=\"title\" style=\"text-align:justify\"><span style=\"font-family:open_sansbold\"><b>Puede decirse\u00a0<\/b><\/span>que el\u00a0eurocomunismo\u00a0ech\u00f3 a andar como proyecto tras la ruptura del PCI con la URSS<\/h4>\n<\/blockquote>\n<\/div>\n<\/div>\n<p style=\"text-align:justify\">Sucedi\u00f3 esto \u00faltimo. Los acontecimientos se precipitaron a partir del momento en que la URSS tuvo la seguridad de que en el congreso del PC checo que deb\u00eda celebrase en septiembre de 1968 los delegados prescindir\u00edan de 73 miembros del comit\u00e9 central \u2013los afectos al diktat sovi\u00e9tico\u2013 de los casi 200 que formaban parte de \u00e9l. Y se precipitaron asimismo a causa del temor de que el ejemplo checo cundiera en otros pa\u00edses, de manera especial en aquellos donde la implantaci\u00f3n de reg\u00edmenes comunistas careci\u00f3 desde el principio de apoyo social, especialmente Polonia y la Rep\u00fablica Democr\u00e1tica Alemana (la heterodoxia de\u00a0<strong>Nicolae Ceaucescu<\/strong>, que apoy\u00f3 la Primavera, nunca preocup\u00f3 al Kremlin).<\/p>\n<h3>Se\u00f1ales de decadencia<\/h3>\n<p style=\"text-align:justify\">Hoy resulta sorprendente que los gobernantes sovi\u00e9ticos no percibieran por aquel entonces que el modelo emit\u00eda las primeras se\u00f1ales de decadencia o desgaste a causa de dos costos\u00edsimas empresas: la carrera armamentista y la carrera espacial, acaso dos caras de la misma moneda, que dinamizaron la econom\u00eda de Estados Unidos, pero proyectaron sombras sobre el futuro sovi\u00e9tico. Para los ide\u00f3logos del socialismo realmente existente,\u00a0<strong>Mijail Suslov<\/strong>\u00a0entre ellos, el centralismo econ\u00f3mico y el reparto de papeles en el<a href=\"https:\/\/es.wikipedia.org\/wiki\/COMECON\"><strong>\u00a0Comecon<\/strong><\/a>, el mercado com\u00fan del Este, eran innegociables y deb\u00edan ser los motores de una econom\u00eda moderna y competitiva. La llamada normalizaci\u00f3n checa, capitaneada por\u00a0<strong>Gustav Husak,<\/strong>\u00a0consistente en liquidar el programa primaveral, trajo consigo, entre otras cosas, la vuelta a aquel ruinoso modelo.<\/p>\n<div class=\"ep-media\">\n<div class=\"thumb\">\n<figure style=\"width: 660px\" class=\"wp-caption alignnone\"><img loading=\"lazy\" decoding=\"async\" class=\"loading\" src=\"https:\/\/estaticos.elperiodico.com\/resources\/jpg\/0\/8\/1531911577580.jpg\" alt=\"\" width=\"660\" height=\"369\" \/><figcaption class=\"wp-caption-text\">Un hombre ayuda a los heridos en el centro de Praga, en el primer d\u00eda de la invasi\u00f3n del Pacto de Varsovia.\u00a0\/\u00a0AP (LIBOR HAJSKY)<\/figcaption><\/figure>\n<\/div>\n<div class=\"txt\">\n<p class=\"subtitle\">\n<\/div>\n<\/div>\n<div class=\"box-left\">\n<div class=\"ep-destacado\">\n<blockquote>\n<h4 class=\"title\" style=\"text-align:justify\"><strong>La URSS tem\u00eda<\/strong>\u00a0que el ejemplo checo cundiera en otros pa\u00edses vecinos, como Polonia y la RDA<\/h4>\n<\/blockquote>\n<\/div>\n<\/div>\n<p style=\"text-align:justify\">\u00bfQu\u00e9 otras cosas incluy\u00f3\u00a0la normalizaci\u00f3n? \u00abLa intervenci\u00f3n en Checoslovaquia destruye la fe en la propia narrativa marxista, no solo en la Uni\u00f3n Sovi\u00e9tica, ni solo en el leninismo, sino en el marxismo y su planteamiento del mundo moderno\u00bb, afirma\u00a0<strong>Tony Judt<\/strong>\u00a0(1948-2010) en &#8216;Pensar el siglo XX&#8217;. En el an\u00e1lisis de los acontecimientos que hizo el gran historiador dominan dos ideas: la Primavera cre\u00f3 la ilusi\u00f3n de que hab\u00eda un espacio para la disidencia hasta que los tanques llegaron a Praga y, a partir de aquel momento, hubo una dinamizaci\u00f3n de la cr\u00edtica del marxismo desde el marxismo.<\/p>\n<p style=\"text-align:justify\"><strong>Eric Hobsbawm\u00a0<\/strong>(1917-2012) fue a\u00fan m\u00e1s lejos: la acometida del Pacto de Varsovia \u00abdemostr\u00f3 ser el fin del movimiento comunista internacional con centro en Mosc\u00fa, que ya se hab\u00eda resquebrajado con la crisis de 1956 (el levantamiento popular en Hungr\u00eda)\u00bb.<\/p>\n<p style=\"text-align:justify\">La impresi\u00f3n de que algo se hab\u00eda desmoronado con la cancelaci\u00f3n de la v\u00eda checa se puso de manifiesto en el discurso que Dubcek pronunci\u00f3 desde la sede de la presidencia, en el castillo de Praga, el 27\u00a0de agosto, despu\u00e9s de tres d\u00edas de dram\u00e1ticas conversaciones en Mosc\u00fa. La periodista\u00a0<strong>Margita Kollarova<\/strong>, que trabajaba en la radio estatal, describi\u00f3 as\u00ed el momento: \u00abComenz\u00f3 a hablar. Se notaba que estaba sumamente agotado y emocionado. Trataba de explicar que la naci\u00f3n superar\u00eda la cr\u00edtica situaci\u00f3n. Exhortaba a la ciudadan\u00eda a mantener la calma. Cuando toc\u00f3 el tema del desarrollo de las conversaciones en Mosc\u00fa, casi no pudo hablar. Se confund\u00eda y hac\u00eda pausas. Dubcek lloraba y no pod\u00eda concentrarse\u00bb.<\/p>\n<h3>Desfondamiento<\/h3>\n<p style=\"text-align:justify\">El convencimiento del l\u00edder de la Primavera de Praga de que era posible renovar el sistema desde dentro explica su desfondamiento. \u00abHac\u00eda vida social, iba a la piscina p\u00fablica y se un\u00eda a la gente sencilla para asistir a los partidos de f\u00fatbol y de hockey sobre hielo. Pero \u00bften\u00eda una pol\u00edtica clara? Era ante todo comunista y jam\u00e1s quiso salirse de ese marco\u00bb, explica el historiador\u00a0<strong>Oldrich Tuma<\/strong>. Otros comunistas, militantes desde los d\u00edas de la ocupaci\u00f3n nazi como el propio Dubcek, sufrieron un parecido impacto emocional, agravado muchas veces por la experiencia del exilio. Si las reformas econ\u00f3mica y pol\u00edtica no las pod\u00eda hacer el partido, qui\u00e9n estaba legitimado para hacerlas, qui\u00e9n ten\u00eda derecho a impedirlas, se preguntaba Ota Sik muchos a\u00f1os m\u00e1s tarde.<\/p>\n<div class=\"box-left\">\n<div class=\"ep-destacado\">\n<blockquote>\n<h4 class=\"title\" style=\"text-align:justify\"><strong>La repercusi\u00f3n<\/strong>\u00a0de las fallidas reformas en toda la izquierda occidental fue enorme<\/h4>\n<\/blockquote>\n<\/div>\n<\/div>\n<p style=\"text-align:justify\">La repercusi\u00f3n del drama checo en la izquierda occidental fue enorme. Al mismo tiempo que los gobiernos se limitaban a una ret\u00f3rica condenatoria, sujetos a la l\u00f3gica de las \u00e1reas de influencia, se abri\u00f3 un debate pol\u00edtico en el que participaron todos los registros del pensamiento marxista y no marxista. Puede decirse que el eurocomunismo ech\u00f3 a andar como proyecto pol\u00edtico a partir de la ruptura con la URSS, rotunda y sin reservas, del Partido Comunista italiano (PCI) dirigido por\u00a0<strong>Luigi Longo<\/strong>; m\u00e1s tard\u00eda y contenida en el Partido Comunista franc\u00e9s (<strong>Waldeck Rochet<\/strong>); llena de complejas tensiones en el Partido Comunsita espa\u00f1ol, en la clandestinidad y con un pasado de dirigentes exiliados en la URSS al final de la guerra civil, incluidos\u00a0<strong>Dolores Ib\u00e1rruri y Santiago Carrillo<\/strong>.<\/p>\n<p style=\"text-align:justify\">A\u00fan hoy, medio siglo m\u00e1s tarde, la reflexi\u00f3n abierta por el PCI sigue siendo motivo de an\u00e1lisis. Los herederos del pensamiento de\u00a0<strong>Antonio Gramsci<\/strong>\u00a0abrieron la caja de Pandora al reconocer la imposibilidad de realizar la revoluci\u00f3n socialista en los pa\u00edses capitalistas, al renunciar a la tutela sovi\u00e9tica, al poner sobre la mesa el hecho inapelable de que la izquierda estaba lejos de ostentar la hegemon\u00eda cultural. La decisi\u00f3n de\u00a0<strong>Enrico Berlinguer<\/strong>, secretario general a partir de 1972, de sentar al partido frente al espejo de la realidad y de renunciar a los esl\u00f3ganes de anta\u00f1o impregn\u00f3 a toda la izquierda, fuese o no comunista, y puso los cimientos del compromiso hist\u00f3rico, que Longo nunca apoy\u00f3 y que frustr\u00f3 el asesinato de\u00a0<strong>Aldo Moro<\/strong>\u00a0(1978).<\/p>\n<h3>Un asunto interno<\/h3>\n<p style=\"text-align:justify\">Al volver sobre los sucesos de hace 50 a\u00f1os adquiere especial relevancia la hip\u00f3tesis desarrollada por el historiador y activista\u00a0<strong>Tariq Ali<\/strong>, integrante del comit\u00e9 editorial de la &#8216;New Left Review&#8217;: la contenci\u00f3n de los pa\u00edses occidentales durante la crisis se debi\u00f3 en gran parte a su temor a que un eventual \u00e9xito de la reforma checa pusiera en discusi\u00f3n su modelo social. Resulta m\u00e1s convencional, y quiz\u00e1 m\u00e1s cercana a lo sucedido entonces, la versi\u00f3n seg\u00fan la cual el presidente de Estados Unidos,<strong>\u00a0Lyndon B. Johnson<\/strong>, en el ocaso de su mandato, se atuvo a las reglas del juego y entendi\u00f3 que el caso checo era un asunto interno del bloque del Este; entendi\u00f3 que una actitud m\u00e1s militante, entra\u00f1aba demasiados riesgos en plena efervescencia de la\u00a0<strong>guerra de Vietnam<\/strong>. Este era el sistema de pesas y medidas de la guerra fr\u00eda.<\/p>\n<div class=\"ep-despiece\">\n<h3>PROTAGONISTAS<\/h3>\n<h3>Jirina Siklova<br \/>\nSoci\u00f3loga (1935)<\/h3>\n<div class=\"ep-media\">\n<div class=\"thumb\"><img decoding=\"async\" class=\"loading\" src=\"https:\/\/estaticos.elperiodico.com\/resources\/jpg\/8\/9\/1531910129598.jpg\" alt=\"\" \/><\/div>\n<\/div>\n<p><strong>Depurada por reformista<\/strong><\/p>\n<p style=\"text-align:justify\">Militante comunista desde su juventud, estudi\u00f3 Historia y Filosof\u00eda y emprendi\u00f3 una brillante carrera acad\u00e9mica como soci\u00f3loga, con una dedicaci\u00f3n especial en los estudios de g\u00e9nero en su pa\u00eds y en otras sociedades del Este. Fue una figura destacada de la facci\u00f3n comunista que apoy\u00f3 a\u00a0<strong>Alexander Dubcek<\/strong>, y abandon\u00f3 el partido a ra\u00edz de la intervenci\u00f3n sovi\u00e9tica. Perdi\u00f3 su puesto en la universidad, trabaj\u00f3 de conserje y luego de trabajadora social en un hospital. En 1981 pas\u00f3 por la c\u00e1rcel y fue detenida con frecuencia en tanto que una de las impulsoras de la \u2018Carta 77\u2019, promovida entre otros por\u00a0<strong>Vaclav Havel<\/strong>. En sus trabajos en la clandestinidad o publicados en el extranjero acu\u00f1\u00f3 la expresi\u00f3n \u2018zona gris\u2019 para referirse a la colaboraci\u00f3n entre los disidentes y los comunistas reformistas encuadrados en el partido.<\/p>\n<hr \/>\n<h3>Milan Kundera<br \/>\nEscritor (1929)<\/h3>\n<div class=\"ep-media\">\n<div class=\"thumb\"><img decoding=\"async\" class=\"loading\" src=\"https:\/\/estaticos.elperiodico.com\/resources\/jpg\/0\/4\/1531910129640.jpg\" alt=\"\" \/><\/div>\n<\/div>\n<p><strong>Despose\u00eddo de la nacionalidad<\/strong><\/p>\n<p style=\"text-align:justify\">Hijo del pianista y music\u00f3logo<strong>\u00a0Ludvik Kundera<\/strong>, creci\u00f3 en un ambiente culto y abierto a la innovaci\u00f3n. Como muchos otros intelectuales de su generaci\u00f3n, la democratizaci\u00f3n impulsada por Alexander Dubcek aguz\u00f3 su esp\u00edritu cr\u00edtico y la revisi\u00f3n del socialismo real, tan presente en las p\u00e1ginas de la revista \u2018Literarni Noviny\u2019, que lleg\u00f3 a vender 300.000 ejemplares. En \u2018La broma\u2019 (1968) retrata con iron\u00eda la l\u00f3gica de los reg\u00edmenes totalitarios y en \u2018La insoportable levedad del ser\u2019 (1984), su novela m\u00e1s vendida, la peripecia nacional de Checoslovaquia. Se exili\u00f3 en Francia en 1975, fue despose\u00eddo de la nacionalidad checa en 1979 y dos a\u00f1os despu\u00e9s adquiri\u00f3 la francesa. En \u2018El libro de la risa y el olvido\u2019 (1978) ha dejado escrito: \u00abLa lucha del hombre contra el poder es la lucha de la memoria contra el olvido\u00bb.<\/p>\n<hr \/>\n<h3>Gustav Husak<br \/>\nPol\u00edtico (1913-1991)<\/h3>\n<div class=\"ep-media\">\n<div class=\"thumb\"><img decoding=\"async\" class=\"loading\" src=\"https:\/\/estaticos.elperiodico.com\/resources\/jpg\/1\/4\/1531910129641.jpg\" alt=\"\" \/><\/div>\n<\/div>\n<p><strong>Piloto de la \u2018normalizaci\u00f3n\u2019 del pa\u00eds<\/strong><\/p>\n<p style=\"text-align:justify\">Militante comunista desde 1933, estudi\u00f3 Derecho, form\u00f3 parte de la resistencia contra la ocupaci\u00f3n alemana, pero despu\u00e9s de la guerra fue v\u00edctima de una de las \u00faltimas purgas stalinistas: juzgado y condenado a cadena perpetua, sali\u00f3 de la c\u00e1rcel a ra\u00edz de la apertura que sigui\u00f3 al 20\u00ba congreso del PCUS. Combati\u00f3 al presidente\u00a0<strong>Antonin Novotny<\/strong>, apoy\u00f3 las primeras iniciativas de Alexander Dubcek, pero a ra\u00edz de la intervenci\u00f3n sovi\u00e9tica se puso al frente de la llamada \u2018normalizaci\u00f3n\u2019. En 1969 fue nombrado secretario general del Partido Comunista y en 1975 sucedi\u00f3 en la presidencia del pa\u00eds a\u00a0<strong>Ludvik Svoboda<\/strong>. All\u00ed permaneci\u00f3 hasta el 10 de diciembre del a\u00f1o 1989, superado por los acontecimientos que siguieron a la ca\u00edda del Muro de Berl\u00edn (9 de noviembre de 1989).<\/p>\n<hr \/>\n<h3>Alexander Dubcek<br \/>\nPol\u00edtico (1921-1992)<\/h3>\n<div class=\"ep-media\">\n<div class=\"thumb\"><img decoding=\"async\" class=\"loading\" src=\"https:\/\/estaticos.elperiodico.com\/resources\/jpg\/2\/4\/1531910129642.jpg\" alt=\"\" \/><\/div>\n<\/div>\n<p><strong>Condenado al ostracismo<\/strong><\/p>\n<p style=\"text-align:justify\">Ingres\u00f3 en el Partido Comunista checoslovaco durante la ocupaci\u00f3n alemana del pa\u00eds. A partir de 1949 ocup\u00f3 cargos de responsabilidad en el partido, estudio Derecho y entre 1955 y 1958 asisti\u00f3 a la escuela de cuadros en Mosc\u00fa. El anquilosamiento pol\u00edtico, la crisis econ\u00f3mica y el \u2018diktat\u2019 sovi\u00e9tico le llevaron a encabezar la corriente reformista del partido hasta alcanzar la secretar\u00eda general el 5 de enero de 1968, de la que desplaz\u00f3 al stalinista Antonin Novotny. La intervenci\u00f3n del Pacto de Varsovia en agosto del mismo a\u00f1o le conden\u00f3 al ostracismo \u2013acab\u00f3 de agente forestal\u2013, aunque no cej\u00f3 en su empe\u00f1o renovador. En 1989 fue acogido como un h\u00e9roe en Praga y ocup\u00f3 la presidencia del Parlamento. Muri\u00f3 en un accidente de coche poco antes de la divisi\u00f3n de su pa\u00eds en dos estados.<\/p>\n<\/div>\n<p>&nbsp;<\/p>\n","protected":false},"excerpt":{"rendered":"<p>Autor:\u00a0Albert Garrido Fuente: El Per\u00edodico. 21\/07\/2018 Algo flotaba en el ambiente de la Europa de 1968 que hizo posible la llegada de la\u00a0Primavera de Praga. M\u00e1s all\u00e1 del deseo de activar los resortes para poner al d\u00eda el socialismo real, la econom\u00eda planificada y el Estado que todo lo puede, las sociedades europeas a ambos &hellip; <a href=\"https:\/\/blogsaverroes.juntadeandalucia.es\/aldeacordoba\/?p=464\" class=\"more-link\">Continuar leyendo<span class=\"screen-reader-text\"> \u00abPrimavera de Praga: la disidencia aplastada.\u00bb<\/span><\/a><\/p>\n","protected":false},"author":168,"featured_media":0,"comment_status":"open","ping_status":"open","sticky":false,"template":"","format":"standard","meta":{"ngg_post_thumbnail":0,"footnotes":""},"categories":[224391,224394],"tags":[224403,224485,224836,224852,224921,224943],"aioseo_notices":[],"_links":{"self":[{"href":"https:\/\/blogsaverroes.juntadeandalucia.es\/aldeacordoba\/index.php?rest_route=\/wp\/v2\/posts\/464"}],"collection":[{"href":"https:\/\/blogsaverroes.juntadeandalucia.es\/aldeacordoba\/index.php?rest_route=\/wp\/v2\/posts"}],"about":[{"href":"https:\/\/blogsaverroes.juntadeandalucia.es\/aldeacordoba\/index.php?rest_route=\/wp\/v2\/types\/post"}],"author":[{"embeddable":true,"href":"https:\/\/blogsaverroes.juntadeandalucia.es\/aldeacordoba\/index.php?rest_route=\/wp\/v2\/users\/168"}],"replies":[{"embeddable":true,"href":"https:\/\/blogsaverroes.juntadeandalucia.es\/aldeacordoba\/index.php?rest_route=%2Fwp%2Fv2%2Fcomments&post=464"}],"version-history":[{"count":0,"href":"https:\/\/blogsaverroes.juntadeandalucia.es\/aldeacordoba\/index.php?rest_route=\/wp\/v2\/posts\/464\/revisions"}],"wp:attachment":[{"href":"https:\/\/blogsaverroes.juntadeandalucia.es\/aldeacordoba\/index.php?rest_route=%2Fwp%2Fv2%2Fmedia&parent=464"}],"wp:term":[{"taxonomy":"category","embeddable":true,"href":"https:\/\/blogsaverroes.juntadeandalucia.es\/aldeacordoba\/index.php?rest_route=%2Fwp%2Fv2%2Fcategories&post=464"},{"taxonomy":"post_tag","embeddable":true,"href":"https:\/\/blogsaverroes.juntadeandalucia.es\/aldeacordoba\/index.php?rest_route=%2Fwp%2Fv2%2Ftags&post=464"}],"curies":[{"name":"wp","href":"https:\/\/api.w.org\/{rel}","templated":true}]}}