{"id":468,"date":"2018-08-06T17:05:05","date_gmt":"2018-08-06T16:05:05","guid":{"rendered":"https:\/\/jmoragahc.wordpress.com\/?p=468"},"modified":"2018-08-06T17:05:05","modified_gmt":"2018-08-06T16:05:05","slug":"la-batalla-de-stalingrado-en-imagenes","status":"publish","type":"post","link":"https:\/\/blogsaverroes.juntadeandalucia.es\/aldeacordoba\/?p=468","title":{"rendered":"La batalla de Stalingrado en im\u00e1genes"},"content":{"rendered":"<div class=\"entry-media ng-container-media\">\n<div class=\"fgs\">\n<div class=\"fgs-slider unslicked\">\n<div id=\"slide-0\" class=\"slide horizontal loaded\">\n<figure class=\"thumb photo\">\n<div>Autor:\u00a0 H\u00e9ctor Rodr\u00edguez. 2 de febrero de 2018<\/div>\n<div>Fuente: <a href=\"https:\/\/www.nationalgeographic.com.es\/historia\/grandes-reportajes\/batalla-stalingrado-imagenes_12345\/3\">Historia National Geographic<\/a>.<\/div>\n<div><\/div>\n<div class=\"photo-container\"><img decoding=\"async\" class=\" lazyloaded \" src=\"https:\/\/www.nationalgeographic.com.es\/medio\/2018\/02\/01\/rasputitsa_ae01c6c2.png\" alt=\"Rasputitsa\" \/><\/div>\n<p class=\"slide-number\">1 \/ 17<\/p><figcaption>\n<h3 class=\"title\">Rasputitsa<\/h3>\n<div class=\"txt\">\n<p style=\"text-align:justify\">Soldados de la\u00a0<em>Wehrmacht<\/em>\u00a0tirando de un coche embarrado, noviembre de 1941.\u00a0La\u00a0<em>rasputitsa\u00a0<\/em>desempe\u00f1\u00f3 un papel crucial durante las diferentes guerras en Rusia, particularmente en la\u00a0Segunda Guerra Mundial\u00a0donde la\u00a0<em>Blitzkrieg<\/em>\u00a0fue casi detenida por el lodo, haciendo los tanques m\u00e1s poderosos pr\u00e1cticamente inutilizables.<\/p>\n<p class=\"copy\">Foto: German Federal Archives<\/p>\n<\/div>\n<div class=\"fgs-social mangiroshare\"><\/div>\n<\/figcaption><\/figure>\n<\/div>\n<div id=\"slide-1\" class=\"slide horizontal loaded\">\n<figure class=\"thumb photo\">\n<div class=\"photo-container\"><img decoding=\"async\" class=\" lazyloaded \" src=\"https:\/\/www.nationalgeographic.com.es\/medio\/2018\/02\/01\/lodo-sin-fin_222d4aab.jpg\" alt=\"Lodo sin fin \" \/><\/div>\n<p class=\"slide-number\">2 \/ 17<\/p><figcaption>\n<h3 class=\"title\">Lodo sin fin<\/h3>\n<div class=\"txt\">\n<p style=\"text-align:justify\">Ej\u00e9rcito alem\u00e1n detenido por el lodo sin fin en la primavera de 1942 en el Frente Oriental.<\/p>\n<p class=\"copy\">Foto: German Federal Archives<\/p>\n<\/div>\n<div class=\"fgs-social mangiroshare\"><\/div>\n<\/figcaption><\/figure>\n<\/div>\n<div id=\"slide-2\" class=\"slide horizontal loaded\">\n<figure class=\"thumb photo\">\n<div class=\"photo-container\"><img decoding=\"async\" class=\" lazyloaded \" src=\"https:\/\/www.nationalgeographic.com.es\/medio\/2018\/02\/01\/operaciones-aereas_95731863.jpg\" alt=\"Operaciones a\u00e9reas\" \/><\/div>\n<p class=\"slide-number\">3 \/ 17<\/p><figcaption>\n<h3 class=\"title\">Operaciones a\u00e9reas<\/h3>\n<div class=\"txt\">\n<p style=\"text-align:justify\">Bombardeo a\u00e9reo de la Luftwaffe alemana sobre Stalingrado en septiembre de 1942.<\/p>\n<p class=\"copy\">Foto: German Federal Archives<\/p>\n<\/div>\n<div class=\"fgs-social mangiroshare\"><\/div>\n<\/figcaption><\/figure>\n<\/div>\n<div id=\"slide-3\" class=\"slide horizontal loaded\">\n<figure class=\"thumb photo\">\n<div class=\"photo-container\"><img decoding=\"async\" class=\" lazyloaded\" src=\"https:\/\/www.nationalgeographic.com.es\/medio\/2018\/02\/01\/stukas-sobrevuelan-la-ciudad_e12de90b.jpg\" alt=\"Stukas sobrevuelan la ciudad\" \/><\/div>\n<p class=\"slide-number\">4 \/ 17<\/p><figcaption>\n<h3 class=\"title\">Stukas sobrevuelan la ciudad<\/h3>\n<div class=\"txt\">\n<p style=\"text-align:justify\">Un bombardero alem\u00e1n Junkers Ju 87 Stuka atacando Stalingrado en octubre de 1942.<\/p>\n<p class=\"copy\">Foto: German Federal Archives \/ Opitz<\/p>\n<\/div>\n<div class=\"fgs-social mangiroshare\"><\/div>\n<\/figcaption><\/figure>\n<\/div>\n<div id=\"slide-4\" class=\"slide horizontal loaded\">\n<figure class=\"thumb photo\">\n<div class=\"photo-container\"><img decoding=\"async\" class=\" lazyloaded \" src=\"https:\/\/www.nationalgeographic.com.es\/medio\/2018\/02\/01\/stalingrado-sur_7ebd52dd.jpg\" alt=\"Stalingrado Sur\" \/><\/div>\n<p class=\"slide-number\">5 \/ 17<\/p><figcaption>\n<h3 class=\"title\">Stalingrado Sur<\/h3>\n<div class=\"txt\">\n<p style=\"text-align:justify\">Mapa de ejercito alem\u00e1n del flanco sur de la ciudad de Stalingrado, 1942.<\/p>\n<p class=\"copy\" style=\"text-align:justify\">Foto.: Library of Congress Geography and Map Division Washington<\/p>\n<\/div>\n<div class=\"fgs-social mangiroshare\"><\/div>\n<\/figcaption><\/figure>\n<\/div>\n<div id=\"slide-5\" class=\"slide horizontal loaded\">\n<figure class=\"thumb photo\">\n<div class=\"photo-container\"><img decoding=\"async\" class=\" lazyloaded \" src=\"https:\/\/www.nationalgeographic.com.es\/medio\/2018\/02\/01\/aliados-nazis_23242bb0.jpg\" alt=\"Aliados nazis\" \/><\/div>\n<p class=\"slide-number\">6 \/ 17<\/p><figcaption>\n<h3 class=\"title\">Aliados nazis<\/h3>\n<div class=\"txt\">\n<p style=\"text-align:justify\">Soldados del ejercito rumano, aliado del ej\u00e9rcito de Alemania, en el frente de la ciudad de Stalingrado. Tropas rumanas, h\u00fangaras e italianas apoyaron la ofensiva del los nazis sobre la Uni\u00f3n Sovi\u00e9tica.<\/p>\n<p class=\"copy\">Foto: German Federal Archives \/ Lechner<\/p>\n<\/div>\n<div class=\"fgs-social mangiroshare\"><\/div>\n<\/figcaption><\/figure>\n<\/div>\n<div id=\"slide-6\" class=\"slide horizontal loaded\">\n<figure class=\"thumb photo\">\n<div class=\"photo-container\"><img decoding=\"async\" class=\" lazyloaded \" src=\"https:\/\/www.nationalgeographic.com.es\/medio\/2018\/02\/01\/a-las-afueras_d0862867.jpg\" alt=\"A las afueras\" \/><\/div>\n<p class=\"slide-number\">7 \/ 17<\/p><figcaption>\n<h3 class=\"title\">A las afueras<\/h3>\n<div class=\"txt\">\n<p style=\"text-align:justify\">Artiller\u00eda de campa\u00f1a alemana bombardeando posiciones sovi\u00e9ticas en el verano de 1942.<\/p>\n<p class=\"copy\">Foto: German Federal Archives \/ Thiede<\/p>\n<\/div>\n<div class=\"fgs-social mangiroshare\"><\/div>\n<\/figcaption><\/figure>\n<\/div>\n<div id=\"slide-7\" class=\"slide horizontal loaded\">\n<figure class=\"thumb photo\">\n<div class=\"photo-container\"><img decoding=\"async\" class=\" lazyloaded \" src=\"https:\/\/www.nationalgeographic.com.es\/medio\/2018\/02\/01\/barricadas-urbanas_4ed40fd8.jpg\" alt=\"Barricadas urbanas\" \/><\/div>\n<p class=\"slide-number\">8 \/ 17<\/p><figcaption>\n<h3 class=\"title\">Barricadas urbanas<\/h3>\n<div class=\"txt\">\n<p style=\"text-align:justify\">Un militar alem\u00e1n armado con un subfusil sovi\u00e9tico PPSh-41 vigila desde una barricada. Muchos alemanes tomaban armas sovi\u00e9ticas cuando las encontraban porque eran mejores para el combate en espacios cerrados.<\/p>\n<p class=\"copy\">Foto: German Federal Archives<\/p>\n<\/div>\n<div class=\"fgs-social mangiroshare\"><\/div>\n<\/figcaption><\/figure>\n<\/div>\n<div id=\"slide-8\" class=\"slide horizontal loaded\">\n<figure class=\"thumb photo\">\n<div class=\"photo-container\"><img decoding=\"async\" class=\" lazyloaded\" src=\"https:\/\/www.nationalgeographic.com.es\/medio\/2018\/02\/01\/francotiradores-sovieticos_c5d313ee.jpg\" alt=\"Francotiradores sovie\u0301ticos\" \/><\/div>\n<p class=\"slide-number\">9 \/ 17<\/p><figcaption>\n<h3 class=\"title\">Francotiradores sovie\u0301ticos<\/h3>\n<div class=\"txt\">\n<p style=\"text-align:justify\">La de Stalingrado fue una batalla eminentemente urbana en la los francotiradores que diezmaron sin impunidad a las tropas enemigas de ambos bandos, tuvieron un papel protagonista.<\/p>\n<p class=\"copy\">Foto: Zelma<\/p>\n<\/div>\n<div class=\"fgs-social mangiroshare\"><\/div>\n<\/figcaption><\/figure>\n<\/div>\n<div id=\"slide-9\" class=\"slide horizontal loaded\">\n<figure class=\"thumb photo\">\n<div class=\"photo-container\"><img decoding=\"async\" class=\" lazyloaded\" src=\"https:\/\/www.nationalgeographic.com.es\/medio\/2018\/02\/01\/tropas-del-ejercito-rojo-entre-las-ruinas-de-la-fabrica-octubre-rojo_0c55d4e2.jpg\" alt=\"Tropas del ej\u00e9rcito rojo entre las ruinas de la f\u00e1brica Octubre Rojo\" \/><\/div>\n<p class=\"slide-number\">10 \/ 17<\/p><figcaption>\n<h3 class=\"title\" style=\"text-align:justify\">Tropas del ej\u00e9rcito rojo entre las ruinas de la f\u00e1brica Octubre Rojo<\/h3>\n<div class=\"txt\">\n<p style=\"text-align:justify\">La f\u00e1brica fue establecida el 30 de abril de 1897. La f\u00e1brica fue destruida totalmente durante la batalla de Stalingrado, pero fue restaurada poco despu\u00e9s.Durante esta, la f\u00e1brica fue escenario de fuertes enfrentamientos entre las tropas alemanas y el Ej\u00e9rcito Rojo.<\/p>\n<p class=\"copy\">Foto: German Federal Archives \/ Georgii Zelma<\/p>\n<\/div>\n<div class=\"fgs-social mangiroshare\"><\/div>\n<\/figcaption><\/figure>\n<\/div>\n<div id=\"slide-10\" class=\"slide horizontal loaded\">\n<figure class=\"thumb photo\">\n<div class=\"photo-container\"><img decoding=\"async\" class=\" lazyloaded \" src=\"https:\/\/www.nationalgeographic.com.es\/medio\/2018\/02\/01\/una-ciudad-destruida_4f8ac79c.jpg\" alt=\"Una ciudad destruida\" \/><\/div>\n<p class=\"slide-number\">11 \/ 17<\/p><figcaption>\n<h3 class=\"title\" style=\"text-align:justify\">Una ciudad destruida<\/h3>\n<div class=\"txt\">\n<p style=\"text-align:justify\">Soldados sovi\u00e9ticos combatiendo entre las ruinas de la ciudad.<\/p>\n<p class=\"copy\" style=\"text-align:justify\">Foto: German Federal Archives<\/p>\n<\/div>\n<div class=\"fgs-social mangiroshare\"><\/div>\n<\/figcaption><\/figure>\n<\/div>\n<div id=\"slide-11\" class=\"slide horizontal loaded\">\n<figure class=\"thumb photo\">\n<div class=\"photo-container\"><img decoding=\"async\" class=\" lazyloaded \" src=\"https:\/\/www.nationalgeographic.com.es\/medio\/2018\/02\/01\/centro-de-stalingrado-despues-de-la-liberacion_65fedc41.jpg\" alt=\"Centro de Stalingrado despu\u00e9s de la liberaci\u00f3n\" \/><\/div>\n<p class=\"slide-number\">12 \/ 17<\/p><figcaption>\n<h3 class=\"title\" style=\"text-align:justify\">Centro de Stalingrado despu\u00e9s de la liberaci\u00f3n<\/h3>\n<div class=\"txt\">\n<p style=\"text-align:justify\">As\u00ed luc\u00eda el centro de la ciudad de Stalingrado despu\u00e9s de la liberaci\u00f3n de la ocupaci\u00f3n alemana.<\/p>\n<p class=\"copy\">Foto: Zelma<\/p>\n<\/div>\n<div class=\"fgs-social mangiroshare\"><\/div>\n<\/figcaption><\/figure>\n<\/div>\n<div id=\"slide-12\" class=\"slide horizontal loaded\">\n<figure class=\"thumb photo\">\n<div class=\"photo-container\"><img decoding=\"async\" class=\" lazyloaded\" src=\"https:\/\/www.nationalgeographic.com.es\/medio\/2018\/02\/01\/soldados-capturados_a04ba723.jpg\" alt=\"Soldados capturados \" \/><\/div>\n<p class=\"slide-number\">13 \/ 17<\/p><figcaption>\n<h3 class=\"title\">Soldados capturados<\/h3>\n<div class=\"txt\">\n<p style=\"text-align:justify\">Soldados alemanes capturados llevados a campos de prisioneros en Stalingrado, 1943. El elevador de grano y los silos est\u00e1n en el fondo<\/p>\n<\/div>\n<div class=\"fgs-social mangiroshare\"><\/div>\n<\/figcaption><\/figure>\n<\/div>\n<div id=\"slide-13\" class=\"slide vertical loaded\">\n<figure class=\"thumb photo\">\n<div class=\"photo-container\"><img decoding=\"async\" class=\" lazyloaded\" src=\"https:\/\/www.nationalgeographic.com.es\/medio\/2018\/02\/01\/el-contraataque-sovietico-en-stalingrado_ec8bd1b1.jpg\" alt=\"El contraataque sovie\u0301tico en Stalingrado\" \/><\/div>\n<p class=\"slide-number\">14 \/ 17<\/p><figcaption>\n<h3 class=\"title\" style=\"text-align:justify\">El contraataque sovie\u0301tico en Stalingrado<\/h3>\n<div class=\"txt\">\n<p style=\"text-align:justify\">En rojo: frente alem\u00e1n el 19 de noviembre<\/p>\n<p style=\"text-align:justify\">En amarillo: frente alem\u00e1n el 12 de diciembre<\/p>\n<p style=\"text-align:justify\">En verde: frente alem\u00e1n el 24 de diciembre<\/p>\n<p style=\"text-align:justify\">En gris: avance sovi\u00e9tico entre el 19 y el 28 de noviembre<\/p>\n<p class=\"copy\" style=\"text-align:justify\">Foto: iMeowbot<\/p>\n<\/div>\n<div class=\"fgs-social mangiroshare\"><\/div>\n<\/figcaption><\/figure>\n<\/div>\n<div id=\"slide-14\" class=\"slide horizontal loaded\">\n<figure class=\"thumb photo\">\n<div class=\"photo-container\"><img decoding=\"async\" class=\" lazyloaded\" src=\"https:\/\/www.nationalgeographic.com.es\/medio\/2018\/02\/01\/katiusha_23916b6d.jpg\" alt=\"Katiusha \" \/><\/div>\n<p class=\"slide-number\">15 \/ 17<\/p><figcaption>\n<h3 class=\"title\">Katiusha<\/h3>\n<div class=\"txt\">\n<p style=\"text-align:justify\">Una bater\u00eda de lanzacohetes Katiusha del Ej\u00e9rcito Rojo abriendo fuego contra las tropas alemanas durante la batalla el 6 de octubre de 1942<\/p>\n<p class=\"copy\">Foto: RIA Novosti archive \/ Zelma<\/p>\n<\/div>\n<div class=\"fgs-social mangiroshare\"><\/div>\n<\/figcaption><\/figure>\n<\/div>\n<div id=\"slide-15\" class=\"slide vertical loaded\">\n<figure class=\"thumb photo\">\n<div class=\"photo-container\"><img decoding=\"async\" class=\" lazyloaded\" src=\"https:\/\/www.nationalgeographic.com.es\/medio\/2018\/02\/01\/la-rendicion-alemana_6c4b916f.jpg\" alt=\"La rendicio\u0301n alemana\" \/><\/div>\n<p class=\"slide-number\">16 \/ 17<\/p><figcaption>\n<h3 class=\"title\">La rendicio\u0301n alemana<\/h3>\n<div class=\"txt\">\n<p style=\"text-align:justify\">Friedrich Paulus y los miembros de su Estado Mayor en el momento de rendirse a los Altos mandos sovi\u00e9ticos<\/p>\n<p class=\"copy\">Foto: German Federal Archives<\/p>\n<\/div>\n<div class=\"fgs-social mangiroshare\"><\/div>\n<\/figcaption><\/figure>\n<\/div>\n<div id=\"slide-16\" class=\"slide horizontal loaded\">\n<figure class=\"thumb photo\">\n<div class=\"photo-container\"><img decoding=\"async\" class=\" lazyloaded\" src=\"https:\/\/www.nationalgeographic.com.es\/medio\/2018\/02\/01\/victoria-sovietica_2d5859c3.jpg\" alt=\"Victoria sovie\u0301tica\" \/><\/div>\n<p class=\"slide-number\">17 \/ 17<\/p><figcaption>\n<h3 class=\"title\">Victoria sovie\u0301tica<\/h3>\n<div class=\"txt\">\n<p style=\"text-align:justify\">Un soldado sovi\u00e9tico ondeando la Bandera roja tras la rendici\u00f3n alemana en febrero de 1943.<\/p>\n<p class=\"copy\" style=\"text-align:justify\">Foto: German Federal Archives \/ Georgii Zelma<\/p>\n<\/div>\n<div class=\"fgs-social mangiroshare\" style=\"text-align:justify\"><\/div>\n<\/figcaption><\/figure>\n<\/div>\n<\/div>\n<\/div>\n<\/div>\n<div id=\"anclaTexto\" style=\"text-align:justify\"><span style=\"font-family:'Roboto Slab', sans-serif;font-size:1.75em;font-weight:bold\">La batalla de Stalingrado en im\u00e1genes<\/span><\/div>\n<div><\/div>\n<div id=\"article-text\" class=\"entry-content ng-container-text\">\n<div class=\"txt\">\n<p style=\"text-align:justify\">La primavera de 1942 en el frente oriental se hab\u00eda presentado mucho m\u00e1s tranquila que el a\u00f1o anterior. La escasez de recursos, el agotamiento de ambos contendientes, y un invierno especialmente duro al que segu\u00eda el correspondiente periodo de deshielo y embarramiento al que los rusos conocen como\u00a0<em>rasputisa,\u00a0<\/em>y que hace el terreno dif\u00edcilmente transitable, hicieron que la guerra se tomara un peque\u00f1o respiro.<\/p>\n<p style=\"text-align:justify\">No obstante, las batallas que se libraron durante los a\u00f1os 1942 y 1943, resultaron decisivas en el desarrollo de la<a href=\"https:\/\/www.nationalgeographic.com.es\/temas\/segunda-guerra-mundial\">\u00a0<strong>Segunda Guerra Mundi<\/strong>al<\/a>. As\u00ed, fue e<strong>n 1942 cuando el ej\u00e9rcito alem\u00e1n se planteo el dilema de dar el golpe de gracia la Uni\u00f3n Sovi\u00e9tica<\/strong>\u00a0antes de que Estados Unidos pudiera movilizar sus recursos econ\u00f3micos y militares. El 28 de junio del mismo a\u00f1o,\u00a0<a href=\"https:\/\/www.nationalgeographic.com.es\/personajes\/hitler\"><strong>Hitler<\/strong><\/a>\u00a0pondr\u00eda en marcha la que se conoci\u00f3 como la\u00a0<em><strong>Operaci\u00f3n Azul<\/strong>,<\/em>\u00a0cuyo objetivo se centr\u00f3 en las riquezas minerales y petrol\u00edferas de Ucrania y el Ca\u00facaso. Entre las contingencias estrat\u00e9gicas se encontraba la ciudad de\u00a0<strong>Stalingrado<\/strong>, cuya conquista pretend\u00eda cortar el suministro de recursos del ej\u00e9rcito rojo.<\/p>\n<blockquote><p>Stalin prefer\u00eda ceder terreno a enfrentarse con los nazis en una batalla perdida de antemano.<\/p><\/blockquote>\n<p style=\"text-align:justify\">Convencidos de que el ataque se producir\u00eda sobre\u00a0<strong>Mosc\u00fa<\/strong>\u00a0de forma inminente,\u00a0<strong>la ofensiva que los alemanes desplegaron por todo frente ucraniano cogi\u00f3 a los sovi\u00e9ticos completamente por sorpresa.<\/strong>\u00a0De este modo, en una maniobra m\u00e1s que usual, el Ejercito Rojo se repleg\u00f3. Los alemanes se internaban imparables en el coraz\u00f3n de Europa, sin embargo no hicieron otra cosa que conquistar territorio desierto.<\/p>\n<p style=\"text-align:justify\"><strong>Stalin<\/strong>\u00a0prefer\u00eda ceder terreno a enfrentarse con los nazis en una batalla perdida de antemano. La progresi\u00f3n de los segundos avanzaba por el Ca\u00facaso, no obstante las largas distancias que dificultaban el abastecimiento de suministros y las monta\u00f1as hicieron que nunca llegaran a alzanzar los pozos petrol\u00edferos con los que pretend\u00edan hacerse.\u00a0<strong>Fue s\u00ed que Hitler pronto decidi\u00f3, el 19 de junio de 1942, poner rumbo hacia Stalingrado.<\/strong><\/p>\n<section class=\"related-article-content relacionado\">\n<article class=\"article\">\n<div class=\"relacionadoTxt icon-arrow-right\">\n<div class=\"numFotos\">\n<div class=\"txt-relacionado\" style=\"text-align:justify\"><strong>La batalla comenzar\u00eda el 23 de agosto de 1942 y enfrent\u00f3 al Ej\u00e9rcito Rojo de la\u00a0<a href=\"https:\/\/www.nationalgeographic.com.es\/temas\/union-sovietica\">Uni\u00f3n Sovi\u00e9tica\u00a0<\/a>y la Wehrmacht de la Alemania nazi y sus aliados del Eje\u00a0<\/strong>por el control de la ciudad, la cual ten\u00eda una importante industria militar y se establec\u00eda como un importante nudo de comunicaciones ferroviarias. La urbe se extend\u00eda a lo largo de la orilla occidental del\u00a0<strong>Volga<\/strong>\u00a0y carec\u00eda de puentes para cruzar el r\u00edo.<\/div>\n<\/div>\n<\/div>\n<\/article>\n<\/section>\n<p style=\"text-align:justify\">Poco antes,\u00a0<strong>el 19 de julio Stalin orden\u00f3 que Stalingrado quedase en estado de sitio tota<\/strong>l, no permitiendo la salida de civiles, y disponiendo que se comenzaran los preparativos para resistir ante los alemanes, que se acercaban. Preocupado por el avance alem\u00e1n hacia el\u00a0<strong>Volga<\/strong>, que pod\u00eda dividir a\u00a0<strong>Rusia<\/strong>\u00a0en dos, d\u00edas despues, el 28 de julio,\u00a0<strong>Stalin emiti\u00f3 la famosa orden 227, pronto conocida como la orden\u00a0<\/strong><em><strong>\u00ab\u00a1Ni un paso atr\u00e1s!<\/strong>\u00ab<\/em>, por la que se prohibi\u00f3 la rendici\u00f3n bajo cualquier concepto, y se form\u00f3 una linea de infanter\u00eda en retaguardia con \u00f3rdenes de fusilar a todo soldado o civil que retrocediese sin permiso. El 23 de agosto se acercaba y la batalla acechaba en el horizonte de la actual\u00a0<strong>Volgogrado<\/strong>.<\/p>\n<p style=\"text-align:justify\">Como se preve\u00eda la lucha resulto terrible. Las tropas del\u00a0<em><strong>F\u00fcrher<\/strong><\/em>\u00a0llegaron a la ciudad, al frente de cuya defensa se encontraban los generales sovi\u00e9ticos\u00a0<strong>Emerenko y Chuikov<\/strong>, y ante los que se tuvieron que enfrentar en un tipo de guerra hasta entonces desconocido para ellos: la lucha en una ciudad en ruinas y contra un enemigo que se conoc\u00eda cada palmo del terreno.<\/p>\n<blockquote>\n<p style=\"text-align:justify\">Hitler, lleg\u00f3 a anunciar la conquista de Stalingrado el 8 de noviembre<\/p>\n<\/blockquote>\n<p style=\"text-align:justify\">Los sovi\u00e9ticos recibieron numerosas p\u00e9rdidas, sin embargo a las orillas del Volga llegaban nuevos refuerzos cada noche. La situaci\u00f3n parec\u00eda aun peor para\u00a0<em>Wehrmacht<\/em>\u00a0alemana, que contaba con un n\u00famero a\u00fan m\u00e1s alto de bajas y p\u00e9rdidas de armamento, pero que sin embargo parec\u00eda hacer retroceder al Ej\u00e9rcito Rojo.\u00a0<strong>El avance fue tal que de hecho Hitler, lleg\u00f3 a anunciar la conquista de Stalingrado el 8 de noviembre.<\/strong>\u00a0Pero las tornas cambiar\u00edan muy pronto.<\/p>\n<p style=\"text-align:justify\">Las tropas alemanas se encontraban flanqueadas por las de sus aliados rumanos, h\u00fangaros e italianos, mucho m\u00e1s d\u00e9biles y peor armadas. Mientras, por el lado sovi\u00e9tico, se estaba fraguando la que recibi\u00f3 el nombre de\u00a0<em><strong>Operaci\u00f3n Urano<\/strong><\/em>, mediante la cual, <strong>tras acumular tropas a ambos lados del frente alem\u00e1n, se producir\u00eda el cerco al Sexto Ejercito de los\u00a0<a href=\"https:\/\/www.nationalgeographic.com.es\/temas\/nazis\">nazis<\/a>.<\/strong><\/p>\n<blockquote>\n<p style=\"text-align:justify\">Fueron meses de sangre y p\u00f3lvora que supusieron el gran punto de inflexi\u00f3n de la Segunda Guerra Mundial en Europa<\/p>\n<\/blockquote>\n<p style=\"text-align:justify\">En un error de c\u00e1lculo y bas\u00e1ndose en las predicciones de\u00a0<strong>G\u00f6ring<\/strong>\u00a0de que la\u00a0<em><strong>Luftwaffe<\/strong><\/em>\u00a0alemana podr\u00eda dar soporte a\u00e9reo a las tropas, Hitler orden\u00f3 que el Sexto Ejercito mantuviera las posiciones. Para ventura de los sovi\u00e9ticos aquellos aviones no resultaron suficiente. Una posterior ofensiva del ejercito rojo cerc\u00f3 por completo a las tropas alemanas, no dejando m\u00e1s opci\u00f3n al\u00a0<strong>mariscal Paulus<\/strong>, quien encabezaba a la facci\u00f3n nazi, de <strong>rendirse el 2 de Febrero de 1943 desaviniendo las \u00f3rdenes del F\u00fcrher.<\/strong><\/p>\n<p style=\"text-align:justify\">La\u00a0<em>Wehrmacht<\/em>\u00a0hab\u00eda sufrido su primera gran derrota y la balanza en el frente oriental se inclinaba a favor de la URSS por primera vez. Fueron meses de sangre y p\u00f3lvora que supusieron el gran punto de inflexi\u00f3n de la Segunda Guerra Mundial en\u00a0<a href=\"https:\/\/www.nationalgeographic.com.es\/destinos\/europa\">Europa<\/a>, y que di\u00f3 lugar al contraataque sovi\u00e9tico e inicio del repliegue alem\u00e1n. La Segunda Guerra Mundial, acababa de cambiar su rumbo.<\/p>\n<\/div>\n<\/div>\n","protected":false},"excerpt":{"rendered":"<p>Autor:\u00a0 H\u00e9ctor Rodr\u00edguez. 2 de febrero de 2018 Fuente: Historia National Geographic. 1 \/ 17 Rasputitsa Soldados de la\u00a0Wehrmacht\u00a0tirando de un coche embarrado, noviembre de 1941.\u00a0La\u00a0rasputitsa\u00a0desempe\u00f1\u00f3 un papel crucial durante las diferentes guerras en Rusia, particularmente en la\u00a0Segunda Guerra Mundial\u00a0donde la\u00a0Blitzkrieg\u00a0fue casi detenida por el lodo, haciendo los tanques m\u00e1s poderosos pr\u00e1cticamente inutilizables. Foto: German &hellip; <a href=\"https:\/\/blogsaverroes.juntadeandalucia.es\/aldeacordoba\/?p=468\" class=\"more-link\">Continuar leyendo<span class=\"screen-reader-text\"> \u00abLa batalla de Stalingrado en im\u00e1genes\u00bb<\/span><\/a><\/p>\n","protected":false},"author":168,"featured_media":0,"comment_status":"open","ping_status":"open","sticky":false,"template":"","format":"standard","meta":{"ngg_post_thumbnail":0,"footnotes":""},"categories":[224390],"tags":[224915],"aioseo_notices":[],"_links":{"self":[{"href":"https:\/\/blogsaverroes.juntadeandalucia.es\/aldeacordoba\/index.php?rest_route=\/wp\/v2\/posts\/468"}],"collection":[{"href":"https:\/\/blogsaverroes.juntadeandalucia.es\/aldeacordoba\/index.php?rest_route=\/wp\/v2\/posts"}],"about":[{"href":"https:\/\/blogsaverroes.juntadeandalucia.es\/aldeacordoba\/index.php?rest_route=\/wp\/v2\/types\/post"}],"author":[{"embeddable":true,"href":"https:\/\/blogsaverroes.juntadeandalucia.es\/aldeacordoba\/index.php?rest_route=\/wp\/v2\/users\/168"}],"replies":[{"embeddable":true,"href":"https:\/\/blogsaverroes.juntadeandalucia.es\/aldeacordoba\/index.php?rest_route=%2Fwp%2Fv2%2Fcomments&post=468"}],"version-history":[{"count":0,"href":"https:\/\/blogsaverroes.juntadeandalucia.es\/aldeacordoba\/index.php?rest_route=\/wp\/v2\/posts\/468\/revisions"}],"wp:attachment":[{"href":"https:\/\/blogsaverroes.juntadeandalucia.es\/aldeacordoba\/index.php?rest_route=%2Fwp%2Fv2%2Fmedia&parent=468"}],"wp:term":[{"taxonomy":"category","embeddable":true,"href":"https:\/\/blogsaverroes.juntadeandalucia.es\/aldeacordoba\/index.php?rest_route=%2Fwp%2Fv2%2Fcategories&post=468"},{"taxonomy":"post_tag","embeddable":true,"href":"https:\/\/blogsaverroes.juntadeandalucia.es\/aldeacordoba\/index.php?rest_route=%2Fwp%2Fv2%2Ftags&post=468"}],"curies":[{"name":"wp","href":"https:\/\/api.w.org\/{rel}","templated":true}]}}