{"id":483,"date":"2018-08-17T07:14:10","date_gmt":"2018-08-17T06:14:10","guid":{"rendered":"https:\/\/jmoragahc.wordpress.com\/?p=483"},"modified":"2018-08-17T07:14:10","modified_gmt":"2018-08-17T06:14:10","slug":"los-conservadores-europeos-a-fines-del-siglo-xix","status":"publish","type":"post","link":"https:\/\/blogsaverroes.juntadeandalucia.es\/aldeacordoba\/?p=483","title":{"rendered":"Los conservadores europeos a fines del siglo XIX."},"content":{"rendered":"<p><img loading=\"lazy\" decoding=\"async\" class=\"alignnone size-large\" src=\"https:\/\/www.nuevatribuna.es\/media\/nuevatribuna\/images\/2018\/08\/14\/2018081414102399434.jpg\" width=\"550\" height=\"320\" \/><\/p>\n<p>Autor: Eduardo Montagut. 14\/08\/2018<\/p>\n<p>Fuente: <a href=\"https:\/\/www.nuevatribuna.es\/articulo\/historia\/conservadores-europeos-fines-siglo-xix\/20180814140718154812.html\">nuevatribuna.es<\/a>.<\/p>\n<p style=\"text-align:justify\">En este art\u00edculo aportamos algunas claves sobre el conservadurismo a finales del siglo XIX, cuando los Estados liberales se hab\u00edan asentado con un sistema pol\u00edtico basado en el turno en el poder entre las dos familias b\u00e1sicas del liberalismo: el progresista o denominado liberal en s\u00ed, y el conservador, como ocurr\u00eda en Espa\u00f1a.<\/p>\n<p style=\"text-align:justify\">Las fuerzas conservadoras europeas estaban integradas por la alta burgues\u00eda industrial y financiera, los terratenientes, las altas jerarqu\u00edas del Estado en su parte civil y militar, gran parte del clero y la vieja aristocracia, que se adapt\u00f3 a la nueva situaci\u00f3n con el derrumbe del\u00a0<a href=\"https:\/\/www.nuevatribuna.es\/articulo\/historia\/economia-politica-crisis-antiguo-regimen-catedra-madrilena\/20170110073110135499.html\" target=\"_blank\" rel=\"noopener noreferrer\">Antiguo R\u00e9gimen<\/a>, al no verse afectado su poder econ\u00f3mico, como ocurri\u00f3 en el caso espa\u00f1ol. En realidad, el conservadurismo europeo aunaba los intereses de las partes m\u00e1s elevadas de la burgues\u00eda con los miembros de los estamentos privilegiados de anta\u00f1o en una suerte de cierta pervivencia de elementos del Antiguo R\u00e9gimen en el nuevo, conformando una oligarqu\u00eda, y como valladar frente a las tendencias liberales progresistas, democr\u00e1ticas, radicales y del pujante movimiento obrero. Esa fue la base social, por ejemplo, del Partido Conservador de\u00a0<a href=\"https:\/\/www.nuevatribuna.es\/articulo\/cultura---ocio\/canovas-y-construccion-sistema-politico-restauracion\/20150612114708117089.html\" target=\"_blank\" rel=\"noopener noreferrer\">C\u00e1novas del Castillo<\/a>\u00a0a partir de 1875.<\/p>\n<p style=\"text-align:justify\">Los conservadores defend\u00edan un conjunto de ideas comunes, con las salvedades propias de cada pa\u00eds, como ocurrir\u00e1 con la cuesti\u00f3n religiosa, ya que todos son firmemente partidarios de la presencia pol\u00edtica y social de la religi\u00f3n, pero en unos sitios, ser\u00eda la anglicana, en otros la evang\u00e9lica y, por fin, la cat\u00f3lica.<\/p>\n<p style=\"text-align:justify\">Ya en el terreno estrictamente pol\u00edtico, eran partidarios del mantenimiento de instituciones que proced\u00edan del pasado, especialmente la Monarqu\u00eda. No se trataba de conservar el modelo absoluto de derecho divino, pero s\u00ed de permitir que la instituci\u00f3n mon\u00e1rquica mantuviese un gran poder, a trav\u00e9s de la f\u00f3rmula de la soberan\u00eda compartida con el poder legislativo (Parlamento, Cortes), y que encarnase el poder ejecutivo. Es el modelo, por ejemplo, consagrado en la Constituci\u00f3n espa\u00f1ola de 1876.<\/p>\n<p style=\"text-align:justify\">El sistema pol\u00edtico conservador se basar\u00eda en la f\u00f3rmula de un sufragio muy censitario, tanto para votar como para ser votado. El conservadurismo ten\u00eda en la c\u00e1mara alta (Senado) una instituci\u00f3n clave para frenar cualquier veleidad democr\u00e1tica que pudiera nacer en las c\u00e1maras bajas (Asambleas Nacionales, Congresos de Diputados). Para ello, su composici\u00f3n se restringi\u00f3 no s\u00f3lo con la aplicaci\u00f3n del sufragio censitario, sino tambi\u00e9n con la reserva de un cupo de los esca\u00f1os de los Senadores para miembros natos, surgidos de la alta administraci\u00f3n civil, militar y eclesi\u00e1stica, o representando corporaciones e instituciones. Por fin, la Corona se reservar\u00eda un porcentaje de nombramientos de sus componentes.<\/p>\n<p style=\"text-align:justify\">La Iglesia es otra instituci\u00f3n que deb\u00eda conservar su poder e influencia, o se deb\u00eda restaurar despu\u00e9s de la p\u00e9rdida de su poder econ\u00f3mico y de influencia en la vor\u00e1gine del ciclo revolucionario anterior. La Iglesia supone un instrumento muy eficaz, por su poder en relaci\u00f3n con las mentalidades, la moral y la educaci\u00f3n, frente a las tendencias democr\u00e1ticas, de izquierdas y del movimiento obrero. De nuevo acudimos al caso espa\u00f1ol. Despu\u00e9s de la evidente p\u00e9rdida de posiciones con las desamortizaciones y las propuestas del liberalismo progresista y democr\u00e1tico, el conservadurismo de C\u00e1novas supone para el clero un resurgimiento evidente, con gran peso en la educaci\u00f3n y en la difusi\u00f3n de la moral cat\u00f3lica en una versi\u00f3n muy moderada, adem\u00e1s de asentar firmemente sus bases econ\u00f3micas.<\/p>\n<p style=\"text-align:justify\">En cuestiones econ\u00f3micas, el conservadurismo tend\u00eda a la defensa de pol\u00edticas proteccionistas, muy evidentes desde la gran crisis de 1873. Tambi\u00e9n sostendr\u00e1 los intereses de los terratenientes. En el caso espa\u00f1ol es evidente el reforzamiento del proteccionismo en la Restauraci\u00f3n borb\u00f3nica despu\u00e9s del avance librecambista que se plante\u00f3 en el\u00a0<a href=\"https:\/\/www.nuevatribuna.es\/articulo\/historia\/club-federalistas-sexenio-democratico\/20180117170501147423.html\" target=\"_blank\" rel=\"noopener noreferrer\">Sexenio Democr\u00e1tico<\/a>, en favor de los intereses de la oligarqu\u00eda industrial y agr\u00edcola. El conservadurismo, por su parte, defend\u00eda la adopci\u00f3n de posturas imperialistas, aunque en algunos sectores del mismo, y en algunos pa\u00edses, cost\u00f3 aceptar esta nueva realidad.<\/p>\n<p style=\"text-align:justify\">El conservadurismo pon\u00eda el fiel de la balanza en el mantenimiento del orden p\u00fablico frente al desarrollo y garant\u00eda de los derechos, sintiendo alergia hacia los de reuni\u00f3n, asociaci\u00f3n y libertad de expresi\u00f3n (imprenta). El conservadurismo intentar\u00e1 emplear la ley y el uso de la fuerza del Estado frente al pujante movimiento obrero, tanto en lo que se refiere a los sindicatos, como a los nuevos partidos socialistas.<\/p>\n<p style=\"text-align:justify\">En el seno del conservadurismo europeo merece una atenci\u00f3n especial el brit\u00e1nico, tanto por su importancia, como por sus peculiaridades, que lo hacen tener unas caracter\u00edsticas propias. En efecto, los conservadores brit\u00e1nicos, especialmente de la mano de Disraeli, fueron mucho m\u00e1s proclives a emprender reformas en el sistema pol\u00edtico, frente a sus hom\u00f3logos continentales. En este sentido, promovieron reformas electorales para ampliar la base social del sistema, lo que les vali\u00f3 un respaldo electoral en sectores sociales que en el continente nunca se hubieran decantado por defender la causa conservadora. El culmen de esta relaci\u00f3n entre el conservadurismo y algunos sectores de las capas populares se dar\u00eda despu\u00e9s de la \u00e9poca de Disraeli entre un sector pol\u00edtico que plante\u00f3 la defensa de la denominada \u201cdemocracia tory\u201d, aunando a conservadores con algunos liberales, y promoviendo la adopci\u00f3n de una pol\u00edtica social. En este grupo se destac\u00f3 la figura de\u00a0<a href=\"https:\/\/www.nuevatribuna.es\/articulo\/historia\/yalta-suena-final-epoca\/20170201120956136253.html\" target=\"_blank\" rel=\"noopener noreferrer\">Randolph Churchill<\/a>, muy cr\u00edtico con el conservadurismo de viejo cu\u00f1o.<\/p>\n<p style=\"text-align:justify\">En el conservadurismo alem\u00e1n habr\u00eda que destacar la divisi\u00f3n que se produjo en su seno entre los denominados \u201cconservadores cl\u00e1sicos\u201d, muy apegados a las tradiciones prusianas frente a la nueva realidad de la Alemania unida, y los \u201cconservadores j\u00f3venes\u201d, firmes defensores de Bismarck, que hab\u00eda emprendido una revisi\u00f3n del conservadurismo prusiano para adaptarlo al Imperio alem\u00e1n. En todo caso, ante el prestigio del canciller, la inevitable realidad, y el empuje de las fuerzas liberales y cat\u00f3licas, el conservadurismo alem\u00e1n se reunific\u00f3 bajo un conjunto de ideas inamovibles: la lealtad al k\u00e1iser y la defensa de su poder constitucional, el firme apoyo a Iglesia Evang\u00e9lica frente a la Iglesia Cat\u00f3lica, un acusado militarismo y el mantenimiento de los privilegios aristocr\u00e1ticos en el sistema pol\u00edtico y en la sociedad alemana.<\/p>\n","protected":false},"excerpt":{"rendered":"<p>Autor: Eduardo Montagut. 14\/08\/2018 Fuente: nuevatribuna.es. En este art\u00edculo aportamos algunas claves sobre el conservadurismo a finales del siglo XIX, cuando los Estados liberales se hab\u00edan asentado con un sistema pol\u00edtico basado en el turno en el poder entre las dos familias b\u00e1sicas del liberalismo: el progresista o denominado liberal en s\u00ed, y el conservador, &hellip; <a href=\"https:\/\/blogsaverroes.juntadeandalucia.es\/aldeacordoba\/?p=483\" class=\"more-link\">Continuar leyendo<span class=\"screen-reader-text\"> \u00abLos conservadores europeos a fines del siglo XIX.\u00bb<\/span><\/a><\/p>\n","protected":false},"author":168,"featured_media":0,"comment_status":"open","ping_status":"open","sticky":false,"template":"","format":"standard","meta":{"ngg_post_thumbnail":0,"footnotes":""},"categories":[224382,224384],"tags":[224511,224740,224898],"aioseo_notices":[],"_links":{"self":[{"href":"https:\/\/blogsaverroes.juntadeandalucia.es\/aldeacordoba\/index.php?rest_route=\/wp\/v2\/posts\/483"}],"collection":[{"href":"https:\/\/blogsaverroes.juntadeandalucia.es\/aldeacordoba\/index.php?rest_route=\/wp\/v2\/posts"}],"about":[{"href":"https:\/\/blogsaverroes.juntadeandalucia.es\/aldeacordoba\/index.php?rest_route=\/wp\/v2\/types\/post"}],"author":[{"embeddable":true,"href":"https:\/\/blogsaverroes.juntadeandalucia.es\/aldeacordoba\/index.php?rest_route=\/wp\/v2\/users\/168"}],"replies":[{"embeddable":true,"href":"https:\/\/blogsaverroes.juntadeandalucia.es\/aldeacordoba\/index.php?rest_route=%2Fwp%2Fv2%2Fcomments&post=483"}],"version-history":[{"count":0,"href":"https:\/\/blogsaverroes.juntadeandalucia.es\/aldeacordoba\/index.php?rest_route=\/wp\/v2\/posts\/483\/revisions"}],"wp:attachment":[{"href":"https:\/\/blogsaverroes.juntadeandalucia.es\/aldeacordoba\/index.php?rest_route=%2Fwp%2Fv2%2Fmedia&parent=483"}],"wp:term":[{"taxonomy":"category","embeddable":true,"href":"https:\/\/blogsaverroes.juntadeandalucia.es\/aldeacordoba\/index.php?rest_route=%2Fwp%2Fv2%2Fcategories&post=483"},{"taxonomy":"post_tag","embeddable":true,"href":"https:\/\/blogsaverroes.juntadeandalucia.es\/aldeacordoba\/index.php?rest_route=%2Fwp%2Fv2%2Ftags&post=483"}],"curies":[{"name":"wp","href":"https:\/\/api.w.org\/{rel}","templated":true}]}}