{"id":505,"date":"2018-09-04T11:25:50","date_gmt":"2018-09-04T10:25:50","guid":{"rendered":"https:\/\/jmoragahc.wordpress.com\/?p=505"},"modified":"2018-09-04T11:25:50","modified_gmt":"2018-09-04T10:25:50","slug":"batalla-de-sedan-el-fin-de-napoleon-iii-ultimo-rey-frances","status":"publish","type":"post","link":"https:\/\/blogsaverroes.juntadeandalucia.es\/aldeacordoba\/?p=505","title":{"rendered":"Batalla de Sed\u00e1n: el fin de Napole\u00f3n III, \u00faltimo rey franc\u00e9s."},"content":{"rendered":"<p><img loading=\"lazy\" decoding=\"async\" class=\"alignnone size-large\" src=\"https:\/\/estaticos.muyhistoria.es\/media\/cache\/760x570_thumb\/uploads\/images\/article\/5b89290c5bafe86628254305\/p-napoleon-iii-y-bismarck-en-sedan.jpg\" width=\"760\" height=\"570\" \/><\/p>\n<p><strong>Autor: Nacho Otero.<\/strong><\/p>\n<p><strong>Fuente:<\/strong><a href=\"https:\/\/www.muyhistoria.es\/contemporanea\/articulo\/batalla-de-sedan-el-fin-de-napoleon-iii-ultimo-rey-frances-441535715462\"><em> muyhistoria.es<\/em><\/a><\/p>\n<p style=\"text-align:justify\"><strong>Carlos Luis Napole\u00f3n Bonaparte (1808-1873), sobrino del m\u00edtico\u00a0<a class=\"textlink\" title=\"Napole\u00f3n contra el General Invierno\" href=\"https:\/\/www.muyhistoria.es\/contemporanea\/articulo\/napoleon-contra-el-general-invierno-391466603279\">Napole\u00f3n<\/a>, ostenta dos curiosas marcas hist\u00f3ricas: ser el \u00fanico presidente que tuvo la ef\u00edmera Segunda Rep\u00fablica Francesa (1848-1852) y, posteriormente, el \u00faltimo monarca y emperador de Francia con el nombre de Napole\u00f3n III (1852-1870).<\/strong>Su ca\u00edda y, en consecuencia, la del sistema mon\u00e1rquico \u2013restablecido tras las veleidades revolucionarias de 1789 y 1848\u2013, fue consecuencia directa del desastre de Sed\u00e1n, que llev\u00f3 a la opini\u00f3n p\u00fablica y los pol\u00edticos galos a la convicci\u00f3n de que el republicanismo era la \u00fanica opci\u00f3n viable para Francia. Pero esta famosa batalla, que tuvo como marco la guerra franco-prusiana (1870-1871) por la posesi\u00f3n de las regiones lim\u00edtrofes entre ambas naciones, tendr\u00eda adem\u00e1s otras consecuencias.<\/p>\n<p style=\"text-align:justify\">En los d\u00edas previos al choque de Sed\u00e1n, el Ej\u00e9rcito franc\u00e9s de Ch\u00e2lons, cuyos efectivos ascend\u00edan a 120.000 soldados liderados por el mariscal MacMahon \u2013al que inusitadamente acompa\u00f1aba el emperador Napole\u00f3n III en persona\u2013, intent\u00f3 liberar Metz del asedio de los prusianos, pero fue interceptado por el Ej\u00e9rcito del Mosa comandado por Von Moltke y derrotado en la batalla de Beaumont. Fue el antecedente inmediato del arrinconamiento de los franceses en Sed\u00e1n (Las Ardenas), en una maniobra envolvente a gran escala. Napole\u00f3n III, temiendo verse atrapado, orden\u00f3 al general Auguste Ducrot que tomase el mando \u2013MacMahon hab\u00eda sido herido\u2013 y rompiese el cerco a toda costa. Hay que decir que, en el lado alem\u00e1n, tambi\u00e9n se hallaban presentes en Sed\u00e1n las m\u00e1ximas autoridades del Estado: el canciller Otto von Bismarck y el rey de\u00a0<a class=\"textlink\" title=\"\u00bfD\u00f3nde estaba Prusia?\" href=\"https:\/\/www.muyhistoria.es\/curiosidades\/preguntas-respuestas\/idonde-estaba-prusia\">Prusia<\/a>, Guillermo I.<\/p>\n<p style=\"text-align:justify\">El 1 de septiembre de 1870 se desat\u00f3 la batalla: el general De Wimpffen, comandante del V Cuerpo Franc\u00e9s de reserva, esperaba poder lanzar un ataque combinado de infanter\u00eda y caballer\u00eda sobre el XI Cuerpo Prusiano. Sin embargo, hacia las 11:00 la artiller\u00eda prusiana martilleaba las posiciones francesas mientras llegaban nuevos refuerzos germanos. Tras un intenso\u00a0<a class=\"textlink\" title=\"El bombardeo veneciano que destruy\u00f3 el Parten\u00f3n de Atenas\" href=\"https:\/\/www.muyhistoria.es\/h-moderna\/articulo\/el-bombardeo-veneciano-que-destruyo-el-partenon-de-atenas-281506426166\">bombardeo<\/a>, cargas prusianas desde el este y noroeste y ataques b\u00e1varos desde el suroeste, los franceses capitularon. En un \u00faltimo intento por salir del cerco, la caballer\u00eda comandada por el general Marguerite lanz\u00f3 tres ataques desesperados en la cercana aldea de Floing; estas cargas no tuvieron m\u00e1s fruto que importantes p\u00e9rdidas para los franceses. Al final de la jornada, ya sin esperanzas de romper el asedio, Napole\u00f3n III orden\u00f3 un alto el fuego: 17.000 franceses hab\u00edan muerto o ca\u00eddo heridos y otros 21.000 hab\u00edan sido capturados. Las p\u00e9rdidas prusianas eran mucho menores: 2.320 muertos, 5.980 heridos y 700 capturados o desaparecidos. Al d\u00eda siguiente, el 2 de septiembre, el emperador franc\u00e9s orden\u00f3 izar bandera blanca y se rindi\u00f3 con todo su ej\u00e9rcito al rey prusiano.<\/p>\n<p style=\"text-align:justify\">Fue una enorme victoria para los prusianos, ya que no solo hab\u00edan capturado a todo el ej\u00e9rcito franc\u00e9s, sino tambi\u00e9n a su emperador. Dos d\u00edas despu\u00e9s de que estas noticias llegaran a\u00a0<a class=\"textlink\" title=\"Hitler en Par\u00eds: la 'visita tur\u00edstica' del l\u00edder nazi\" href=\"https:\/\/www.muyhistoria.es\/contemporanea\/articulo\/hitler-en-paris-la-visita-turistica-del-lider-nazi-111501072237\">Par\u00eds<\/a>, el Segundo Imperio Franc\u00e9s fue derrocado en una revoluci\u00f3n pac\u00edfica que llev\u00f3 a la creaci\u00f3n de una Junta de Defensa Nacional y al nacimiento de la Tercera Rep\u00fablica Francesa. La derrota de los franceses en Sed\u00e1n y la captura de Napole\u00f3n III, adem\u00e1s, decidieron el resultado final de la guerra a favor de Prusia. Tras la ca\u00edda del Segundo Imperio, Napole\u00f3n III fue liberado de la custodia prusiana para exiliarse en Gran Breta\u00f1a, mientras el Ej\u00e9rcito del Mosa y el Tercer Ej\u00e9rcito Prusiano avanzaban para conquistar Par\u00eds. All\u00ed, en el Palacio de Versalles, Guillermo I fue proclamado k\u00e1iser del nuevo Imperio alem\u00e1n.<\/p>\n","protected":false},"excerpt":{"rendered":"<p>Autor: Nacho Otero. Fuente: muyhistoria.es Carlos Luis Napole\u00f3n Bonaparte (1808-1873), sobrino del m\u00edtico\u00a0Napole\u00f3n, ostenta dos curiosas marcas hist\u00f3ricas: ser el \u00fanico presidente que tuvo la ef\u00edmera Segunda Rep\u00fablica Francesa (1848-1852) y, posteriormente, el \u00faltimo monarca y emperador de Francia con el nombre de Napole\u00f3n III (1852-1870).Su ca\u00edda y, en consecuencia, la del sistema mon\u00e1rquico \u2013restablecido &hellip; <a href=\"https:\/\/blogsaverroes.juntadeandalucia.es\/aldeacordoba\/?p=505\" class=\"more-link\">Continuar leyendo<span class=\"screen-reader-text\"> \u00abBatalla de Sed\u00e1n: el fin de Napole\u00f3n III, \u00faltimo rey franc\u00e9s.\u00bb<\/span><\/a><\/p>\n","protected":false},"author":168,"featured_media":0,"comment_status":"open","ping_status":"open","sticky":false,"template":"","format":"standard","meta":{"ngg_post_thumbnail":0,"footnotes":""},"categories":[224383],"tags":[224442,224607,224647,224789,224940],"aioseo_notices":[],"_links":{"self":[{"href":"https:\/\/blogsaverroes.juntadeandalucia.es\/aldeacordoba\/index.php?rest_route=\/wp\/v2\/posts\/505"}],"collection":[{"href":"https:\/\/blogsaverroes.juntadeandalucia.es\/aldeacordoba\/index.php?rest_route=\/wp\/v2\/posts"}],"about":[{"href":"https:\/\/blogsaverroes.juntadeandalucia.es\/aldeacordoba\/index.php?rest_route=\/wp\/v2\/types\/post"}],"author":[{"embeddable":true,"href":"https:\/\/blogsaverroes.juntadeandalucia.es\/aldeacordoba\/index.php?rest_route=\/wp\/v2\/users\/168"}],"replies":[{"embeddable":true,"href":"https:\/\/blogsaverroes.juntadeandalucia.es\/aldeacordoba\/index.php?rest_route=%2Fwp%2Fv2%2Fcomments&post=505"}],"version-history":[{"count":0,"href":"https:\/\/blogsaverroes.juntadeandalucia.es\/aldeacordoba\/index.php?rest_route=\/wp\/v2\/posts\/505\/revisions"}],"wp:attachment":[{"href":"https:\/\/blogsaverroes.juntadeandalucia.es\/aldeacordoba\/index.php?rest_route=%2Fwp%2Fv2%2Fmedia&parent=505"}],"wp:term":[{"taxonomy":"category","embeddable":true,"href":"https:\/\/blogsaverroes.juntadeandalucia.es\/aldeacordoba\/index.php?rest_route=%2Fwp%2Fv2%2Fcategories&post=505"},{"taxonomy":"post_tag","embeddable":true,"href":"https:\/\/blogsaverroes.juntadeandalucia.es\/aldeacordoba\/index.php?rest_route=%2Fwp%2Fv2%2Ftags&post=505"}],"curies":[{"name":"wp","href":"https:\/\/api.w.org\/{rel}","templated":true}]}}