{"id":512,"date":"2018-09-21T07:17:51","date_gmt":"2018-09-21T06:17:51","guid":{"rendered":"https:\/\/jmoragahc.wordpress.com\/?p=512"},"modified":"2018-09-21T07:17:51","modified_gmt":"2018-09-21T06:17:51","slug":"bailen-la-batalla-en-la-que-los-espanoles-humillaron-a-napoleon","status":"publish","type":"post","link":"https:\/\/blogsaverroes.juntadeandalucia.es\/aldeacordoba\/?p=512","title":{"rendered":"Bail\u00e9n: la batalla en la que los espa\u00f1oles humillaron a Napole\u00f3n."},"content":{"rendered":"<p><img loading=\"lazy\" decoding=\"async\" class=\"alignnone size-large\" src=\"https:\/\/e00-elmundo.uecdn.es\/assets\/multimedia\/imagenes\/2018\/07\/19\/15320037707529.jpg\" width=\"660\" height=\"445\" \/><\/p>\n<p><strong>Autor:<\/strong> <strong>\u00c1ngel Vi\u00f1as<\/strong>,<\/p>\n<p>Fuente: <a href=\"http:\/\/www.elmundo.es\/papel\/historias\/2018\/07\/19\/5b5061f7e5fdea101d8b468d.html\"><em>El Mundo<\/em><\/a>, 19\/07\/2018<\/p>\n<p><a href=\"https:\/\/blogsaverroes.juntadeandalucia.es\/aldeacordoba\/files\/2018\/09\/bailen_1.jpg\"><img loading=\"lazy\" decoding=\"async\" class=\"wp-image-513 size-full aligncenter\" style=\"border:1px solid #000000\" src=\"https:\/\/blogsaverroes.juntadeandalucia.es\/aldeacordoba\/files\/2018\/09\/bailen_1.jpg\" alt=\"\" width=\"580\" height=\"466\" srcset=\"https:\/\/blogsaverroes.juntadeandalucia.es\/aldeacordoba\/files\/2018\/09\/bailen_1.jpg 580w, https:\/\/blogsaverroes.juntadeandalucia.es\/aldeacordoba\/files\/2018\/09\/bailen_1-300x241.jpg 300w\" sizes=\"(max-width: 580px) 85vw, 580px\" \/><\/a><\/p>\n<figure id=\"graphic-5b5061f7e5fdea101d8b468d\" class=\"multimedia-item graphic\"><\/figure>\n<aside class=\"aside-tools byline-tools\">\n<aside class=\"aside-block js_fixed\">\n<div class=\"content-ad\">\n<div class=\"ad-item-300\">\n<div id=\"div-gpt-ad-papel_historias_n_r_5b5061f7e5fdea101d8b468d\" class=\"publicidad\">\n<div id=\"google_ads_iframe_\/99071977\/mun\/papel\/historias\/n_2__container__\"><\/div>\n<\/div>\n<\/div>\n<\/div>\n<\/aside>\n<div class=\"js_espacioFijo\">Se conmemora el 210 aniversario. No era f\u00e1cil de creer que el general fuera derrotado por primera vez en Espa\u00f1a, pero as\u00ed fue. Y el detonante, la Guerra de la Independencia.<\/div>\n<\/aside>\n<p style=\"text-align:justify\">Tal d\u00eda como hoy de hace 210 a\u00f1os se descubri\u00f3 algo que, a esas alturas, parec\u00eda impensable: los ej\u00e9rcitos de Napole\u00f3n que dominaban Europa no eran invencibles.\u00a0<strong>Ocurri\u00f3 en una peque\u00f1a localidad espa\u00f1ola que desde entonces pas\u00f3 a la historia, Bail\u00e9n<\/strong>. All\u00ed tuvo lugar la primera derrota en una batalla digna de tal nombre del ej\u00e9rcito franc\u00e9s. Fue al poco de empezar lo que nosotros conocemos como Guerra de la Independencia, los ingleses como\u00a0<em>Peninsular War<\/em>\u00a0y Napole\u00f3n como\u00a0<em>la maldita guerra de Espa\u00f1a<\/em>.<\/p>\n<p style=\"text-align:justify\"><strong>El chispazo fue la sublevaci\u00f3n madrile\u00f1a del Dos de Mayo<\/strong>. Sofocada por los franceses, dio paso, en las semanas siguientes, a una cascada de declaraciones de guerra por parte de las provincias y regiones espa\u00f1olas. A partir de entonces, los franceses ya no ten\u00edan que soportar s\u00f3lo las miradas de odio, los encontronazos y altercados con los paisanos de aquel pa\u00eds montaraz y atrasado. Ahora se enfrentaban a una situaci\u00f3n de guerra abierta, una guerra para la que, adem\u00e1s, no estaban preparados.<\/p>\n<p style=\"text-align:justify\">En ese mes de junio\u00a0<strong>es nombrado rey de Espa\u00f1a Jos\u00e9 Bonaparte, hermano del emperador, y \u00e9ste le env\u00eda r\u00e1pidamente a Madrid para que ocupe el trono<\/strong>. Antes, y tras ver c\u00f3mo se pon\u00edan aqu\u00ed las cosas tras el Dos de Mayo, ha mandado a uno de sus mejores generales, Pierre Dupont, a controlar Andaluc\u00eda. El 7 de junio, Dupont toma C\u00f3rdoba, defendida mayoritariamente por paisanos armados, cuyo empe\u00f1o por expulsar a los franceses no se corresponde con su capacidad de combate. Pero, frente al espontane\u00edsmo del paisanaje, las tropas regulares del Ej\u00e9rcito espa\u00f1ol en Andaluc\u00eda se han organizado bajo el mando del general Casta\u00f1os y se disponen a atacarle.<\/p>\n<p style=\"text-align:justify\"><a href=\"https:\/\/blogsaverroes.juntadeandalucia.es\/aldeacordoba\/files\/2018\/09\/bailen_2.jpg\"><img loading=\"lazy\" decoding=\"async\" class=\"aligncenter wp-image-514 \" style=\"border:1px solid #000000\" src=\"https:\/\/blogsaverroes.juntadeandalucia.es\/aldeacordoba\/files\/2018\/09\/bailen_2.jpg\" alt=\"\" width=\"570\" height=\"538\" srcset=\"https:\/\/blogsaverroes.juntadeandalucia.es\/aldeacordoba\/files\/2018\/09\/bailen_2.jpg 524w, https:\/\/blogsaverroes.juntadeandalucia.es\/aldeacordoba\/files\/2018\/09\/bailen_2-300x283.jpg 300w\" sizes=\"(max-width: 570px) 85vw, 570px\" \/><\/a><\/p>\n<p style=\"text-align:justify\">Las tropas que manda Dupont no est\u00e1n, por otra parte, a la altura de la fama de la Grand Arm\u00e9e. Como se\u00f1ala Emilio de Diego, uno de los m\u00e1ximos especialistas en la Guerra de la Independencia, en su imprescindible Espa\u00f1a, el infierno de Napole\u00f3n (La Esfera de los Libros), \u00aben cuanto a su preparaci\u00f3n, tanto sus cuadros como la tropa dejaban mucho que desear\u00bb, algo extensible al conjunto de los ej\u00e9rcitos franceses en la pen\u00ednsula, de los que\u00a0<strong>s\u00f3lo un 20% contaba con experiencia de la guerra<\/strong>, y, entre estos, la mayor\u00eda ten\u00eda una edad excesiva.<\/p>\n<p style=\"text-align:justify\">El franc\u00e9s afronta unos inconvenientes muy claros: un frente demasiado largo entre And\u00fajar y las estribaciones de Sierra Morena, con las consiguientes dificultades de aprovisionamiento, la hostilidad de la poblaci\u00f3n, la adversidad del terreno y del clima, y la mala informaci\u00f3n.<\/p>\n<p style=\"text-align:justify\">En cuanto al ej\u00e9rcito mandado por el espa\u00f1ol Casta\u00f1os, es m\u00e1s numeroso, pero tiene tambi\u00e9n sus propias dificultades, empezando por la de ser un conglomerado heterog\u00e9neo de militares y paisanos. Demos la palabra al gran P\u00e9rez Gald\u00f3s: \u00ab<strong>Cuerpos reglamentados espa\u00f1oles, con algunos suizos y walones<\/strong>; regimientos de l\u00ednea que eran la flor de la tropa espa\u00f1ola;\u00a0<strong>regimientos provinciales que ignoraban la guerra, pero que se dispon\u00edan a aprenderla<\/strong>; honrados paisanos que en su mayor parte eran muy duchos en el arte de la caza, y por lo general tiraban admirablemente; y por \u00faltimo, contrabandistas, granujas, vagabundos de la sierra, chulillos de C\u00f3rdoba, holgazanes convertidos en guerreros al calor de aquel fuego patri\u00f3tico que inflamaba el pa\u00eds&#8230; Se form\u00f3 de lo que exist\u00eda; entraron a componer aquel gran amasijo la flor y la escoria de la Naci\u00f3n; nada qued\u00f3 escondido, porque aquella fermentaci\u00f3n lo sac\u00f3 todo a la superficie, y el cr\u00e1ter de nuestra venganza esputaba lo mismo el puro fuego, que las pestilentes lavas\u00bb.<\/p>\n<p style=\"text-align:justify\">En la primera quincena de julio\u00a0<strong>Dupont recibe algunos refuerzos<\/strong>, de modo que sus tropas superan los 20.000 hombres, pero 2.000 de ellos est\u00e1n dedicados a asegurar las comunicaciones con Madrid entre La Carolina y Manzanares. El resto estaban en And\u00fajar y entre Guarrom\u00e1n, Bail\u00e9n, Meng\u00edbar y Linares.<\/p>\n<p style=\"text-align:justify\">Jos\u00e9 S\u00e1nchez-Arcilla, codirector, junto con el citado Emilio de Diego, de otra obra imprescindible, el\u00a0<em>Diccionario de la Guerra de la Independencia<\/em>\u00a0(Actas, dos tomos), se ocupa en \u00e9l de la entrada correspondiente a Bail\u00e9n. Ah\u00ed explica c\u00f3mo el plan de ataque del ej\u00e9rcito espa\u00f1ol se elabor\u00f3 en Porcuna el 11 de julio, c\u00f3mo unas informaciones err\u00f3neas y la preocupaci\u00f3n por no perder la l\u00ednea de comunicaci\u00f3n con Madrid llevaron a los franceses a una serie de movimientos que dejaron desguarnecidos algunos puntos esenciales, adem\u00e1s de provocarles un desgaste que les pasar\u00eda factura.<\/p>\n<p style=\"text-align:justify\">Las divisiones espa\u00f1olas mandadas por Reding y Coupigny se adelantaron a Dupont, ocupando unos cerros estrat\u00e9gicos en Bail\u00e9n. Tras las escaramuzas de los d\u00edas previos, a las tres de la madrugada del 18 de julio empez\u00f3 la batalla con el ataque franc\u00e9s al campo espa\u00f1ol.\u00a0<strong>Frenado \u00e9ste, el ataque espa\u00f1ol se dirigi\u00f3 a los dos flancos del enemigo.\u00a0<\/strong>Tras una serie de ataques y contraataques con diversas alternativas, se produjo un intenso combate artillero en el que se impuso el mayor calibre de las piezas espa\u00f1olas. Los dos bandos tem\u00edan la llegada de refuerzos para el enemigo (Vedel, en el caso franc\u00e9s, y el propio Casta\u00f1os para los espa\u00f1oles). Eso empuj\u00f3 a Dupont a un \u00faltimo esfuerzo que acab\u00f3 dej\u00e1ndole exhausto a mediod\u00eda. Las esperadas tropas de Vedel, que hab\u00edan estado movi\u00e9ndose un tanto err\u00e1ticamente por las localidades cercanas (La Carolina, And\u00fajar) llegaron a Bail\u00e9n cuando todo estaba decidido. \u00ab\u00a1Ay!, \u00a1si Vedel hubiese llegado un momento antes, poni\u00e9ndonos entre dos fuegos! Pero Dios, protector en aquel d\u00eda de la Espa\u00f1a oprimida y saqueada, permiti\u00f3 que Vedel llegase cuando estaba convenida ya la tregua, y se hab\u00eda principiado a negociar la capitulaci\u00f3n\u00bb, escribe Gald\u00f3s.<\/p>\n<p style=\"text-align:justify\">Muchos\u00a0<strong>soldados franceses acabaron deportados en la isla de Cabrera, en condiciones infrahumanas<\/strong>, en uno de los cap\u00edtulos m\u00e1s negros de una guerra que abund\u00f3 en ellos. Las consecuencias de Bail\u00e9n no se hicieron esperar. Enseguida llegaron rumores a Madrid. Jos\u00e9 Bonaparte, que hab\u00eda llegado a la capital el d\u00eda 20 y hab\u00eda sido proclamado p\u00fablicamente Rey de Espa\u00f1a el d\u00eda 25, tuvo la confirmaci\u00f3n definitiva de la derrota el 28 de julio. El 1 de agosto sal\u00eda de la capital junto con sus generales. Bail\u00e9n supuso tambi\u00e9n que se levantara el sitio de Zaragoza. Garc\u00eda de Cort\u00e1zar ha recordado c\u00f3mo la batalla inspir\u00f3 a gente como Shelley, Wordsworth o Turgu\u00e9nev y \u00abfue una gran esperanza para los europeos que luchaban contra Napole\u00f3n\u00bb.<\/p>\n<p style=\"text-align:justify\">Luego habr\u00eda m\u00e1s batallas, Napole\u00f3n entrar\u00eda en Espa\u00f1a y Jos\u00e9 I volver\u00eda a Madrid.\u00a0<strong>Pero Bail\u00e9n demostr\u00f3 la vulnerabilidad del ej\u00e9rcito franc\u00e9s a causa de lo que tambi\u00e9n se llam\u00f3 la \u00falcera espa\u00f1ola.<\/strong><\/p>\n","protected":false},"excerpt":{"rendered":"<p>Autor: \u00c1ngel Vi\u00f1as, Fuente: El Mundo, 19\/07\/2018 Se conmemora el 210 aniversario. No era f\u00e1cil de creer que el general fuera derrotado por primera vez en Espa\u00f1a, pero as\u00ed fue. Y el detonante, la Guerra de la Independencia. Tal d\u00eda como hoy de hace 210 a\u00f1os se descubri\u00f3 algo que, a esas alturas, parec\u00eda impensable: &hellip; <a href=\"https:\/\/blogsaverroes.juntadeandalucia.es\/aldeacordoba\/?p=512\" class=\"more-link\">Continuar leyendo<span class=\"screen-reader-text\"> \u00abBail\u00e9n: la batalla en la que los espa\u00f1oles humillaron a Napole\u00f3n.\u00bb<\/span><\/a><\/p>\n","protected":false},"author":168,"featured_media":0,"comment_status":"open","ping_status":"open","sticky":false,"template":"","format":"standard","meta":{"ngg_post_thumbnail":0,"footnotes":""},"categories":[224380],"tags":[224441,224579,224607,224639,224787],"aioseo_notices":[],"_links":{"self":[{"href":"https:\/\/blogsaverroes.juntadeandalucia.es\/aldeacordoba\/index.php?rest_route=\/wp\/v2\/posts\/512"}],"collection":[{"href":"https:\/\/blogsaverroes.juntadeandalucia.es\/aldeacordoba\/index.php?rest_route=\/wp\/v2\/posts"}],"about":[{"href":"https:\/\/blogsaverroes.juntadeandalucia.es\/aldeacordoba\/index.php?rest_route=\/wp\/v2\/types\/post"}],"author":[{"embeddable":true,"href":"https:\/\/blogsaverroes.juntadeandalucia.es\/aldeacordoba\/index.php?rest_route=\/wp\/v2\/users\/168"}],"replies":[{"embeddable":true,"href":"https:\/\/blogsaverroes.juntadeandalucia.es\/aldeacordoba\/index.php?rest_route=%2Fwp%2Fv2%2Fcomments&post=512"}],"version-history":[{"count":0,"href":"https:\/\/blogsaverroes.juntadeandalucia.es\/aldeacordoba\/index.php?rest_route=\/wp\/v2\/posts\/512\/revisions"}],"wp:attachment":[{"href":"https:\/\/blogsaverroes.juntadeandalucia.es\/aldeacordoba\/index.php?rest_route=%2Fwp%2Fv2%2Fmedia&parent=512"}],"wp:term":[{"taxonomy":"category","embeddable":true,"href":"https:\/\/blogsaverroes.juntadeandalucia.es\/aldeacordoba\/index.php?rest_route=%2Fwp%2Fv2%2Fcategories&post=512"},{"taxonomy":"post_tag","embeddable":true,"href":"https:\/\/blogsaverroes.juntadeandalucia.es\/aldeacordoba\/index.php?rest_route=%2Fwp%2Fv2%2Ftags&post=512"}],"curies":[{"name":"wp","href":"https:\/\/api.w.org\/{rel}","templated":true}]}}