{"id":517,"date":"2018-09-14T11:49:39","date_gmt":"2018-09-14T10:49:39","guid":{"rendered":"https:\/\/jmoragahc.wordpress.com\/?p=517"},"modified":"2018-09-14T11:49:39","modified_gmt":"2018-09-14T10:49:39","slug":"los-70-minutos-que-decidieron-el-destino-de-miles-de-judios-italianos","status":"publish","type":"post","link":"https:\/\/blogsaverroes.juntadeandalucia.es\/aldeacordoba\/?p=517","title":{"rendered":"Los 70 minutos que decidieron el destino de miles de jud\u00edos italianos."},"content":{"rendered":"<figure style=\"width: 1960px\" class=\"wp-caption aligncenter\"><img loading=\"lazy\" decoding=\"async\" class=\"size-large\" src=\"https:\/\/ep01.epimg.net\/cultura\/imagenes\/2018\/08\/23\/actualidad\/1535032617_444966_1535033742_noticia_normal_recorte1.jpg\" width=\"1960\" height=\"1104\" \/><figcaption class=\"wp-caption-text\">Un fotograma de &#8216;1938. Diversi&#8217;.<\/figcaption><\/figure>\n<p><strong>Autor:\u00a0<span class=\"autor-nombre\"><a title=\"Ver todas las noticias de Tommaso Koch\" href=\"https:\/\/elpais.com\/autor\/tommaso_koch\/a\/\">TOMMASO KOCH<\/a><\/span><\/strong><\/p>\n<p><strong>Fuente:<\/strong> <a href=\"https:\/\/elpais.com\/cultura\/2018\/08\/23\/actualidad\/1535032617_444966.html\"><em>El Pa\u00eds<\/em><\/a>, 04\/09\/2018<\/p>\n<p style=\"text-align:justify\">El destino de los jud\u00edos se decidi\u00f3 en poco m\u00e1s una hora. Su suerte empez\u00f3 a tambalearse a las 16.00. A las 17.10, cuando termin\u00f3 el debate, ya estaba condenada. \u201cEn una atm\u00f3sfera de consenso enfurecido\u201d, seg\u00fan el documental\u00a0<a href=\"https:\/\/www.imdb.com\/title\/tt8892188\/\"><em>1938. Diversi<\/em>,<\/a>\u00a0el Parlamento italiano aprob\u00f3 las leyes raciales que entraron en vigor el 17 de noviembre de aquel a\u00f1o. \u201cMe di cuenta solo entonces de que era jud\u00edo\u201d, cuenta uno de los entrevistados en el filme. \u00danicamente por ello, a partir de ese d\u00eda, ya no podr\u00eda ejercer como profesor, poseer terrenos, casarse con alguien de la presunta raza aria it\u00e1lica y una infame lista de etc\u00e9teras. La estrategia antisemita que el r\u00e9gimen fascista de Mussolini llevaba a\u00f1os fraguando culmin\u00f3 as\u00ed en una de las p\u00e1ginas m\u00e1s oscuras de la historia del pa\u00eds.\u00a0<a href=\"https:\/\/www.imdb.com\/title\/tt8892188\/\"><em>1938. Diversi,<\/em><\/a>\u00a0que se proyecta estos d\u00edas fuera de competici\u00f3n en el festival de Venecia, indaga en el proceso que llev\u00f3 a ese abismo nacional. Para no olvidarlo, justo cuando se cumplen 80 a\u00f1os de aquella verg\u00fcenza; y como aviso, porque la sombra del racismo vuelve a alargarse sobre Italia.<\/p>\n<p style=\"text-align:justify\">\u201cQuer\u00edamos investigar m\u00e1s sobre esas leyes, tomar conciencia de ese periodo y esclarecerlo. Cuando empiezas a preguntar por ah\u00ed, llegan muchos silencios inc\u00f3modos y respuestas confusas\u201d, asevera Giorgio Treves, director del documental. Para excavar hacia la verdad, el cineasta ha acudido a las fuentes y los g\u00e9neros m\u00e1s variados: historiadores, ensayistas, testigos directos, pol\u00edticos y documentos de la \u00e9poca tratan de reconstruir el puzle; para narrarlo, se mezclan animaci\u00f3n, grabaciones de archivo, entrevistas y recreaciones teatralizadas de las palabras de Mussolini. \u201cNo hay que creer que el\u00a0<em>Duce<\/em>\u00a0abrazara el antisemitismo por Hitler. Fue un camino aut\u00f3nomo\u201d, agrega Treves.<\/p>\n<section id=\"sumario_2|html\" class=\"sumario_html derecha\"><a name=\"sumario_2\"><\/a><\/p>\n<div class=\"sumario__interior\">\n<div class=\"sumario-texto\">\n<blockquote><p>El fascismo puede volver escondido tras las apariencias m\u00e1s inocentes. Nuestro deber es desenmascararlo<\/p>\n<p class=\"autor_cita\">UMBERTO ECO<\/p>\n<\/blockquote>\n<\/div>\n<\/div>\n<\/section>\n<p style=\"text-align:justify\">Con otro anuncio del dictador, pronunciado por \u00e9l mismo, arranca el documental. En septiembre de 1938, en Trieste, informa a una grey entusiasta de que \u201cel juda\u00edsmo mundial ha sido un enemigo irreconciliable\u201d. El dictador culpa de todos los males a un grupo que representa, en ese momento, una mil\u00e9sima parte de la poblaci\u00f3n. Y que viv\u00eda tan integrado que se sent\u00eda \u201ccasi antes italiano que jud\u00edo\u201d, explica Treves: hab\u00eda protagonizado el movimiento de liberaci\u00f3n del\u00a0<em>Risorgimento<\/em>, participado con entusiasmo en la Primera Guerra Mundial y unos 200 incluso desfilaron en la marcha sobre Roma con la que el fascismo se adue\u00f1\u00f3 del poder, como se\u00f1ala el documental. Muchos estaban afiliados al partido de Mussolini, aunque su presencia tambi\u00e9n fue poderosa en el antifascismo.<\/p>\n<p style=\"text-align:justify\">\u201cEl problema del juda\u00edsmo surge cuando el r\u00e9gimen lo impone desde arriba\u201d, reflexiona Treves. Y varias voces del documental coinciden en ello: los italianos no eran entonces antisemitas, o racistas. Mientras el odio contra los jud\u00edos montaba en Europa, del caso Dreyfus a los pogromos rusos, pasando por la difusi\u00f3n de\u00a0<em>Los protocolos de los sabios de Sion,<\/em>\u00a0en Italia resist\u00eda un estatuto de 1848 que hab\u00eda abolido los guetos y sentenciado la igualdad de los ciudadanos. Mussolini, sin embargo, ten\u00eda ideas y, sobre todo, necesidades opuestas.<\/p>\n<section id=\"sumario_1|foto\" class=\"sumario_foto centro\"><a name=\"sumario_1\"><\/a><\/p>\n<div class=\"sumario__interior\">\n<figure class=\"foto foto_w980\">\n<figure style=\"width: 980px\" class=\"wp-caption aligncenter\"><img loading=\"lazy\" decoding=\"async\" src=\"https:\/\/ep01.epimg.net\/cultura\/imagenes\/2018\/08\/23\/actualidad\/1535032617_444966_1535033791_sumario_normal.jpg\" alt=\"Otro fotograma de '1938. Diversi'.\" width=\"980\" height=\"659\" \/><figcaption class=\"wp-caption-text\">Otro fotograma de &#8216;1938. Diversi&#8217;.<\/figcaption><\/figure>\n<\/figure>\n<div class=\"sumario-texto\"><\/div>\n<\/div>\n<\/section>\n<p style=\"text-align:justify\">As\u00ed que, en 1936, empieza a imaginar el alejamiento de la vida p\u00fablica de los jud\u00edos, seg\u00fan el filme. \u201cLos italianos han de hacerse m\u00e1s duros, implacables, odiosos. Es decir, l\u00edderes\u201d, escribe Mussolini. Para compactar a su pueblo y reforzar su poder, el dictador cita al imperio romano, lanza la guerra colonial contra Etiop\u00eda y env\u00eda sus tropas en apoyo a Franco. \u201cCuando termine la lucha en Espa\u00f1a, inventar\u00e9 otra cosa\u201d, son sus palabras que resuenan en\u00a0<em>1938. Diversi.<\/em>\u00a0Y en la raza, Mussolini encuentra uno de los pilares m\u00e1s s\u00f3lidos para su proyecto.<\/p>\n<p style=\"text-align:justify\">\u201cSus escritos juveniles contienen frases contra los jud\u00edos pero no se le pod\u00eda considerar antisemita. Aunque el racismo encaja en la actitud fascista de abuso del fuerte sobre el d\u00e9bil\u201d, defiende Treves. En el documental, se ve como el Duce pone a su propaganda a inculcar el mito de la raza italiana, sobre todo en los m\u00e1s j\u00f3venes. Los art\u00edculos denigratorios se multiplican, \u201clas p\u00e1ginas de sucesos solo hablan de jud\u00edos\u201d, explica el filme. Y en el verano de 1938, el fascismo halla su base seudocient\u00edfica con la publicaci\u00f3n del\u00a0<em>Manifiesto de la raza<\/em>, encargado por Mussolini a 10 estudiosos.<\/p>\n<p style=\"text-align:justify\">Meses despu\u00e9s, ya hay bares que prohiben la entrada \u201ca perros y jud\u00edos\u201d. Como dice uno de los testigos en el filme, \u201caquel hilo de tinta negra que firma las leyes raciales se engrosa hasta convertirse en la v\u00eda de tren que lleva a Auschwitz\u201d. Mientras, la mayor\u00eda de los italianos asiste \u201ccon una indiferencia que se convierte en complicidad\u201d, seg\u00fan la pel\u00edcula. Y su director avisa de que aquel \u201cvirus\u201d que el r\u00e9gimen inocul\u00f3 en los italianos a\u00fan no ha sido aniquilado.<\/p>\n<p style=\"text-align:justify\">Umberto Eco ya lo dijo, en 1994: \u201cEl fascismo puede volver escondido tras las apariencias m\u00e1s inocentes. Nuestro deber es desenmascararlo\u201d. Y con esa frase se cierra el filme. \u201cCuando un pol\u00edtico propone un censo de los gitanos, es peligroso\u201d, tercia Treves. As\u00ed lo hizo el actual ministro del Interior de Italia y l\u00edder de la Liga, Matteo Salvini, volcado en la lucha contra la inmigraci\u00f3n y quien tambi\u00e9n afirm\u00f3: \u201cLos gitanos italianos, por desgracia, tenemos que qued\u00e1rnoslos\u201d. El cineasta encuentra denominadores comunes entre ambas \u00e9pocas en el \u201cestado de crisis, la necesidad de chivos expiatorios y las simplificaciones que se vuelven esl\u00f3ganes\u201d. Y pide ayuda a la memoria: \u201cTodo eso ha existido. Record\u00e9moslo. Y evit\u00e9moslo\u201d. La lecci\u00f3n est\u00e1 ah\u00ed, en la historia. Basta leerla.<\/p>\n","protected":false},"excerpt":{"rendered":"<p>Autor:\u00a0TOMMASO KOCH Fuente: El Pa\u00eds, 04\/09\/2018 El destino de los jud\u00edos se decidi\u00f3 en poco m\u00e1s una hora. Su suerte empez\u00f3 a tambalearse a las 16.00. A las 17.10, cuando termin\u00f3 el debate, ya estaba condenada. \u201cEn una atm\u00f3sfera de consenso enfurecido\u201d, seg\u00fan el documental\u00a01938. Diversi,\u00a0el Parlamento italiano aprob\u00f3 las leyes raciales que entraron en &hellip; <a href=\"https:\/\/blogsaverroes.juntadeandalucia.es\/aldeacordoba\/?p=517\" class=\"more-link\">Continuar leyendo<span class=\"screen-reader-text\"> \u00abLos 70 minutos que decidieron el destino de miles de jud\u00edos italianos.\u00bb<\/span><\/a><\/p>\n","protected":false},"author":168,"featured_media":0,"comment_status":"open","ping_status":"open","sticky":false,"template":"","format":"standard","meta":{"ngg_post_thumbnail":0,"footnotes":""},"categories":[224388,224390],"tags":[224424,224491,224591,224712],"aioseo_notices":[],"_links":{"self":[{"href":"https:\/\/blogsaverroes.juntadeandalucia.es\/aldeacordoba\/index.php?rest_route=\/wp\/v2\/posts\/517"}],"collection":[{"href":"https:\/\/blogsaverroes.juntadeandalucia.es\/aldeacordoba\/index.php?rest_route=\/wp\/v2\/posts"}],"about":[{"href":"https:\/\/blogsaverroes.juntadeandalucia.es\/aldeacordoba\/index.php?rest_route=\/wp\/v2\/types\/post"}],"author":[{"embeddable":true,"href":"https:\/\/blogsaverroes.juntadeandalucia.es\/aldeacordoba\/index.php?rest_route=\/wp\/v2\/users\/168"}],"replies":[{"embeddable":true,"href":"https:\/\/blogsaverroes.juntadeandalucia.es\/aldeacordoba\/index.php?rest_route=%2Fwp%2Fv2%2Fcomments&post=517"}],"version-history":[{"count":0,"href":"https:\/\/blogsaverroes.juntadeandalucia.es\/aldeacordoba\/index.php?rest_route=\/wp\/v2\/posts\/517\/revisions"}],"wp:attachment":[{"href":"https:\/\/blogsaverroes.juntadeandalucia.es\/aldeacordoba\/index.php?rest_route=%2Fwp%2Fv2%2Fmedia&parent=517"}],"wp:term":[{"taxonomy":"category","embeddable":true,"href":"https:\/\/blogsaverroes.juntadeandalucia.es\/aldeacordoba\/index.php?rest_route=%2Fwp%2Fv2%2Fcategories&post=517"},{"taxonomy":"post_tag","embeddable":true,"href":"https:\/\/blogsaverroes.juntadeandalucia.es\/aldeacordoba\/index.php?rest_route=%2Fwp%2Fv2%2Ftags&post=517"}],"curies":[{"name":"wp","href":"https:\/\/api.w.org\/{rel}","templated":true}]}}