{"id":524,"date":"2018-09-18T10:49:43","date_gmt":"2018-09-18T09:49:43","guid":{"rendered":"https:\/\/jmoragahc.wordpress.com\/?p=524"},"modified":"2018-09-18T10:49:43","modified_gmt":"2018-09-18T09:49:43","slug":"la-masacre-de-katyn","status":"publish","type":"post","link":"https:\/\/blogsaverroes.juntadeandalucia.es\/aldeacordoba\/?p=524","title":{"rendered":"La masacre de Katyn."},"content":{"rendered":"<p><img loading=\"lazy\" decoding=\"async\" class=\"alignnone size-large\" src=\"http:\/\/www.outono.net\/elentir\/wp-content\/uploads\/2018\/04\/katyn2.jpg\" width=\"665\" height=\"532\" \/><\/p>\n<p><strong>Autor:<\/strong> <strong>Pedro O\u00f1a<\/strong>, 6\/09\/2018<\/p>\n<p><strong>Fuente: <\/strong><a href=\"http:\/\/blogdelaclasedehistoria.blogspot.com\/2018\/09\/la-masacre-de-katyn.html\"><em>El Blog de Historia del Mundo Contempor\u00e1neo.<\/em><\/a><\/p>\n<p style=\"text-align:justify\"><img loading=\"lazy\" decoding=\"async\" class=\"size-large alignleft\" src=\"https:\/\/ichef.bbci.co.uk\/news\/ws\/304\/amz\/worldservice\/live\/assets\/images\/2012\/09\/11\/120911161327_katyn_krakow_304x171_bbc_nocredit.jpg\" width=\"304\" height=\"171\" \/>En la primavera de 1940, en el bosque de Katyn y otros lugares cercanos, los rusos, por orden directa de Stalin, ejecutaron, generalmente con un disparo en la nuca, a 21.857 soldados polacos (muchos de ellos oficiales). Lo llev\u00f3a a la pr\u00e1ctica un escuadron de la NKVD mandado por Vasili Blonjin, un aut\u00e9ntico verdugo (se lleg\u00f3 a quejar de que le hab\u00edan salido ampollas en el dedo que apretaba el gatillo despu\u00e9s de tres d\u00edas de ejecuciones continuas).<\/p>\n<p style=\"text-align:justify\">Los alemanes descubrieron las fosas el 17 abril de 1943 y lo dieron a conocer; sin embargo, la propaganda sovi\u00e9tica, con el apoyo brit\u00e1nico y aliado, hizo creer al mundo que los responsables hab\u00edan sido los alemanes. Los aliados no quer\u00edan da\u00f1ar su alianza con\u00a0 Stalin. El enga\u00f1o continu\u00f3 hasta 1992. En 1993 Yeltsin pidi\u00f3 disculpas al pueblo polaco y pocos a\u00f1os despu\u00e9s promovi\u00f3 el levantamiento\u00a0de monumentos en memoria de las v\u00edctimas. Con estos actos no ha acabdo el problema, en 2005\u00a0la Fiscal\u00eda Militar rusa dictamin\u00f3 que los sucedido en Katyn no fue un genocidio\u00a0(como exig\u00eda Polonia),\u00a0sino un crimen militar ya prescrito.<\/p>\n<p style=\"text-align:justify\"><img loading=\"lazy\" decoding=\"async\" class=\"alignnone size-large\" src=\"http:\/\/www.outono.net\/elentir\/wp-content\/uploads\/2018\/04\/katyn4.jpg\" width=\"665\" height=\"475\" \/><\/p>\n<div>\u201c(\u2026) Aquel genocidio pas\u00f3 a la Historia como la matanza de Katyn, pero Mosc\u00fa carg\u00f3 el muerto durante 50 a\u00f1os a la Alemania hitleriana. La cronolog\u00eda oficial sovi\u00e9tica mantuvo la matanza de Katyn fuera de las fronteras de su conflicto patrio, y la habr\u00eda mantenido enterrada en la cuneta de la Historia, de no haber sido porque en 1990 Mijail Gorbachov la sac\u00f3 de debajo de la alfombra roja durante el periodo de transparencia informativa. Hasta entonces, la Polonia comunista hab\u00eda cavado un foso de silencio en torno a un crimen que los polacos consideran un aut\u00e9ntico genocidio.<br \/>\nLos hombres que murieron en Katyn fueron hechos prisioneros tras la invasi\u00f3n sovi\u00e9tica de Polonia en septiembre de 1939, una semana despu\u00e9s de la firma del pacto secreto sovi\u00e9tico-alem\u00e1n Ribbentropp-Molotov, un acuerdo de no agresi\u00f3n que preve\u00eda con minuciosidad carnicera el \u2018despiece\u2019 y reparto de Polonia entre ambos reg\u00edmenes totalitarios. El 5 de marzo de 1940 Lavrenti Beria, jefe de la polic\u00eda secreta sovi\u00e9tica o NKVD (precursor del KGB), firm\u00f3 una orden para ejecutar a 25.700 polacos de los campos de Kozelsk, Ostash-kov y Starobels, as\u00ed como de ciertas prisiones de Ucrania occidental y Bielorrusia. La orden, firmada por Stalin y otros miembros del Politbur\u00f3, fue desclasificada y entregada por Boris Yeltsin a Polonia junto a otros documentos en 1992.<\/p>\n<div class=\"separator\" style=\"text-align:justify\"><a href=\"https:\/\/blogsaverroes.juntadeandalucia.es\/aldeacordoba\/files\/2018\/09\/105cc-2018-09-05_113332.jpg\"><img loading=\"lazy\" decoding=\"async\" class=\"alignleft\" src=\"https:\/\/blogsaverroes.juntadeandalucia.es\/aldeacordoba\/files\/2018\/09\/105cc-2018-09-05_113332.jpg?w=300\" width=\"320\" height=\"208\" border=\"0\" \/><\/a><\/div>\n<p style=\"text-align:justify\">La met\u00f3dica matanza en aquel bosque de Smolensk (la misma regi\u00f3n que un a\u00f1o despu\u00e9s ser\u00eda arrasada por la maquinaria de guerra nazi) se consum\u00f3 con pistolas alemanas Walther PPK y rev\u00f3lveres sovi\u00e9ticos Nagan. Las v\u00edctimas recib\u00edan un tiro en la nuca nada m\u00e1s entrar en su celda (muchos fueron asesinados en las prisiones de Kalinin y Jarkov) o bien eran ejecutadas a pie de fosa. Vasili Blojin, el verdugo en jefe del NKVD, ejecut\u00f3 personalmente a 6.000 prisioneros en 28 d\u00edas. El 1 de mayo fue el \u00fanico d\u00eda de descanso para los carniceros.<br \/>\nLas ejecuciones nocturnas (silenciadas por el ruido de motores o ventiladores) eran precedidas de interrogatorios sistem\u00e1ticos. A los prisioneros se les convenc\u00eda de que iban a ser liberados, pero en realidad en aquella entrevista estaba impl\u00edcita la condena seg\u00fan la actitud mostrada por el prisionero hacia el gobierno sovi\u00e9tico. La pistola utilizada en aquella \u2018ruleta rusa\u2019 estaba llena de balas. S\u00f3lo 395 prisioneros escaparon a la muerte.<br \/>\nLa primera fosa com\u00fan de Katyn fue hallada por las tropas hitlerianas en 1943, lo que marc\u00f3 el inicio de un fuego cruzado de acusaciones entre Mosc\u00fa y Berl\u00edn, que pugnaron por cargar a la otra parte con los 20.000 muertos. Entre las v\u00edctimas figuraban un almirante, dos generales, 24 coroneles, 654 capitanes, 43 oficiales, 200 pilotos, adem\u00e1s de 100 escritores y periodistas, 20 profesores universitarios, etc. Tambi\u00e9n hab\u00eda entre ellos un pr\u00edncipe y una sola mujer (la hija de un coronel). Entre los muertos figuraba el capit\u00e1n Jakub Wajda, padre del laureado cineasta Andrezj Wajda, que en 2007 llev\u00f3 a la gran pantalla su visi\u00f3n de la masacre en \u2018Katyn\u2019.<\/p>\n<\/div>\n<div><\/div>\n<div>Fuente:\u00a0<a href=\"http:\/\/www.elmundo.es\/especiales\/2009\/09\/internacional\/segunda_guerra_mundial\/atrocidades\/katyn.html\"><em>El\u00a0 Mundo<\/em><\/a>.<b><i><br \/>\n<\/i><\/b><\/div>\n<div><\/div>\n<div id=\"lws_0\">\n<div class=\"linkwithin_outer\">\n<div id=\"linkwithin_inner\" class=\"linkwithin_inner\"><\/div>\n<\/div>\n<\/div>\n","protected":false},"excerpt":{"rendered":"<p>Autor: Pedro O\u00f1a, 6\/09\/2018 Fuente: El Blog de Historia del Mundo Contempor\u00e1neo. En la primavera de 1940, en el bosque de Katyn y otros lugares cercanos, los rusos, por orden directa de Stalin, ejecutaron, generalmente con un disparo en la nuca, a 21.857 soldados polacos (muchos de ellos oficiales). Lo llev\u00f3a a la pr\u00e1ctica un &hellip; <a href=\"https:\/\/blogsaverroes.juntadeandalucia.es\/aldeacordoba\/?p=524\" class=\"more-link\">Continuar leyendo<span class=\"screen-reader-text\"> \u00abLa masacre de Katyn.\u00bb<\/span><\/a><\/p>\n","protected":false},"author":168,"featured_media":0,"comment_status":"open","ping_status":"open","sticky":false,"template":"","format":"standard","meta":{"ngg_post_thumbnail":0,"footnotes":""},"categories":[224390],"tags":[224416,224724,224943],"aioseo_notices":[],"_links":{"self":[{"href":"https:\/\/blogsaverroes.juntadeandalucia.es\/aldeacordoba\/index.php?rest_route=\/wp\/v2\/posts\/524"}],"collection":[{"href":"https:\/\/blogsaverroes.juntadeandalucia.es\/aldeacordoba\/index.php?rest_route=\/wp\/v2\/posts"}],"about":[{"href":"https:\/\/blogsaverroes.juntadeandalucia.es\/aldeacordoba\/index.php?rest_route=\/wp\/v2\/types\/post"}],"author":[{"embeddable":true,"href":"https:\/\/blogsaverroes.juntadeandalucia.es\/aldeacordoba\/index.php?rest_route=\/wp\/v2\/users\/168"}],"replies":[{"embeddable":true,"href":"https:\/\/blogsaverroes.juntadeandalucia.es\/aldeacordoba\/index.php?rest_route=%2Fwp%2Fv2%2Fcomments&post=524"}],"version-history":[{"count":0,"href":"https:\/\/blogsaverroes.juntadeandalucia.es\/aldeacordoba\/index.php?rest_route=\/wp\/v2\/posts\/524\/revisions"}],"wp:attachment":[{"href":"https:\/\/blogsaverroes.juntadeandalucia.es\/aldeacordoba\/index.php?rest_route=%2Fwp%2Fv2%2Fmedia&parent=524"}],"wp:term":[{"taxonomy":"category","embeddable":true,"href":"https:\/\/blogsaverroes.juntadeandalucia.es\/aldeacordoba\/index.php?rest_route=%2Fwp%2Fv2%2Fcategories&post=524"},{"taxonomy":"post_tag","embeddable":true,"href":"https:\/\/blogsaverroes.juntadeandalucia.es\/aldeacordoba\/index.php?rest_route=%2Fwp%2Fv2%2Ftags&post=524"}],"curies":[{"name":"wp","href":"https:\/\/api.w.org\/{rel}","templated":true}]}}