{"id":540,"date":"2018-09-25T05:04:35","date_gmt":"2018-09-25T04:04:35","guid":{"rendered":"https:\/\/jmoragahc.wordpress.com\/?p=540"},"modified":"2018-09-25T05:04:35","modified_gmt":"2018-09-25T04:04:35","slug":"el-antiguo-regimen-ocaso-y-consecuencias","status":"publish","type":"post","link":"https:\/\/blogsaverroes.juntadeandalucia.es\/aldeacordoba\/?p=540","title":{"rendered":"El Antiguo R\u00e9gimen: ocaso y consecuencias."},"content":{"rendered":"<p><img loading=\"lazy\" decoding=\"async\" class=\"alignnone size-large\" src=\"http:\/\/b5p6y2g2.stackpathcdn.com\/wp-content\/uploads\/2015\/10\/antiguo.jpg\" width=\"1121\" height=\"620\" \/><\/p>\n<p><strong>Autor:\u00a0Jos\u00e9\u00a0Alberto Cepas Palanca<\/strong><\/p>\n<p><strong>Fuente:<\/strong> <a href=\"http:\/\/www.alertadigital.com\/2015\/10\/30\/el-antiguo-regimen-ocaso-y-consecuencias\/\"><em>Alerta Digital<\/em><\/a>, 30\/10\/2015<\/p>\n<p>Ambiente:\u00a0Los finales del siglo XVIII y los inicios del XIX marcan el ocaso del Antiguo R\u00e9gimen (1808-1814). El a\u00f1o 1808 es la fecha com\u00fanmente aceptada en la historia peninsular para marcar el nacimiento de la Edad Contempor\u00e1nea. El Antiguo R\u00e9gimen se bas\u00f3 en una demograf\u00eda antigua, una natalidad y mortalidades elevadas, ristra de malas cosechas, innumerables guerras y abundantes epidemias. Una sociedad estamental heredada de la Edad Media, organizada en grupos conforme a unas atribuciones de funciones que aseguraba \u2013a algunos \u2013 el disfrute de privilegios. La nobleza y el clero eran los privilegiados, lo que implicaba que el resto \u2013 tercer estado o estado llano \u2013 no ten\u00edan acceso a dichas prerrogativas; ricos comerciantes o agricultores, mendigos y vagabundos. Todo esto coronado por el rey que ocupaba el lugar principal y desde el cual se controlaba todo. Monarqu\u00eda absoluta, o basada en la idiosincrasia inglesa, la moderada, en la creencia que era el sistema pol\u00edtico perfecto para la sociedad de la \u00e9poca y el sistema pol\u00edtico indiscutible. La econom\u00eda descansaba en la agricultura, con unos sistemas de explotaci\u00f3n \u2013 propiedad de la tierra y derechos adquiridos \u2013 que limitaban gravemente su desarrollo y abocaban a crisis de subsistencias y generaci\u00f3n de hambrunas, de graves consecuencias. La industria, muy limitada, y el comercio, escaso, debido a la poca integraci\u00f3n de los mercados nacionales, acompa\u00f1ados por los problemas de todo tipo en el desarrollo de los mercados coloniales.<\/p>\n<p>La Espa\u00f1a de la fase final del Antiguo R\u00e9gimen ten\u00eda entre diez y doce millones de habitantes. Madrid unos 200.000. El peso de la agricultura era cinco veces superior a la industria, y la principal producci\u00f3n eran las tejas y baldosas. S\u00f3lo se dedicaban a la industria, principalmente artesanal, unos 280.000 individuos, a excepci\u00f3n de la textil.<\/p>\n<p>El n\u00famero de funcionarios era aproximadamente unos 30.000 y el de comerciantes, m\u00e1s o menos id\u00e9ntica cifra. La posesi\u00f3n de la tierra constitu\u00eda el fundamento econ\u00f3mico de la sociedad. Aproximadamente dos tercios de la propiedad estaba amortizada siendo m\u00e1s de la mitad en r\u00e9gimen de se\u00f1or\u00edo. La cr\u00edtica a los privilegios del clero era sobre todo a las \u00f3rdenes religiosas. La Iglesia (el clero contaba con unas 150.000 personas) pose\u00eda la mitad de la tierra en Galicia, muy poca en Granada o en el Pa\u00eds Vasco. Hab\u00eda 40 \u00f3rdenes religiosas con m\u00e1s de 2.000 conventos. La nobleza contaba con unas 480.000 personas. El r\u00e9gimen se\u00f1orial supon\u00eda el 95% de la Guadalajara actual. La explotaci\u00f3n se hac\u00eda pr\u00e1cticamente sin \u00e1nimo de lucro. El se\u00f1or ten\u00eda unos privilegios y era objeto de unas prestaciones que de hecho le convert\u00edan en due\u00f1o de la industria y el comercio en su se\u00f1or\u00edo. No exist\u00eda un \u00fanico sistema de pesos, medidas y monedas y el sistema fiscal era complicado y muy injusto. El poder del rey revest\u00eda un car\u00e1cter sagrado, semejante a la familia. La funci\u00f3n de las Cortes s\u00f3lo eran el reconocimiento del heredero y los actos de jura al mismo.<\/p>\n<div class=\"mceTemp\">\n<figure id=\"attachment_196413\" aria-describedby=\"caption-attachment-196413\" style=\"width: 451px\" class=\"wp-caption alignleft\"><a class=\"fancybox image\" href=\"http:\/\/b5p6y2g2.stackpathcdn.com\/wp-content\/uploads\/2015\/10\/jovellanos.jpg\"><img loading=\"lazy\" decoding=\"async\" class=\"wp-image-196413\" src=\"http:\/\/b5p6y2g2.stackpathcdn.com\/wp-content\/uploads\/2015\/10\/jovellanos-499x272.jpg\" alt=\"Melchor Gaspar de Jovellanos\" width=\"451\" height=\"246\" \/><\/a><figcaption id=\"caption-attachment-196413\" class=\"wp-caption-text\">Melchor Gaspar de Jovellanos<\/figcaption><\/figure>\n<p class=\"wp-caption-text\">\n<\/div>\n<p>Hab\u00eda desaparecido el Consejo de Arag\u00f3n, y el Consejo de Estado era el organismo central de la administraci\u00f3n, que ten\u00eda competencias de rango administrativo, ejecutivo, judicial y legislativo, siendo los secretarios el medio directo de gobierno por parte del rey. La administraci\u00f3n territorial (Capitan\u00edas generales, Audiencias, intendencias, etc.) era ca\u00f3tica. La administraci\u00f3n local estaba en manos de los se\u00f1ores o de los Corregidores, seg\u00fan se tratara de un se\u00f1or\u00edo o no. Exist\u00eda una gran crisis econ\u00f3mica potencial provocada por las limitaciones que la situaci\u00f3n jur\u00eddica de la tierra impon\u00eda a la producci\u00f3n, a\u00f1adida por las malas cosechas y la consecuente crisis de subsistencia. La legislaci\u00f3n era muy abundante y complicad\u00edsima. La Inquisici\u00f3n apenas era temida y se dedicaba de manera casi exclusiva a perseguir beatas inventoras de milagros.<\/p>\n<p>No obstante, en toda Europa, en el siglo XVIII, especialmente en los \u00faltimos decenios, se notaron algunos vientos de cambio, en algunas \u00e1reas. En Espa\u00f1a disminuy\u00f3 la mortalidad, se increment\u00f3 la nupcialidad y, por tanto, la natalidad. El cambio m\u00e1s importante se observ\u00f3 en el \u00e1mbito de las ideas, los an\u00e1lisis y las cr\u00edticas. Pocos eran los intelectuales del siglo XVIII especialmente en Espa\u00f1a que cre\u00edan, vislumbraban o intu\u00edan los cambios que se pod\u00edan producir, siendo algunos de los m\u00e1s prominentes Gaspar Melchor de Jovellanos (1744 -1811), Mariano Luis de Urquijo [(1769 \u2013 1817), condenado por la Inquisici\u00f3n por traducir una tragedia de Voltaire] y Jos\u00e9 Blanco White (1775 \u2013 1841); el resto de esa \u00e9lite segu\u00eda anclados en el Antiguo R\u00e9gimen, siendo un ejemplo claro el conde Floridablanca [Jos\u00e9 Mo\u00f1ino y Redondo, (1728-1808)].<\/p>\n<p><strong>Desencadenantes<\/strong><\/p>\n<div class=\"mceTemp\">\n<figure id=\"attachment_196414\" aria-describedby=\"caption-attachment-196414\" style=\"width: 403px\" class=\"wp-caption alignleft\"><a class=\"fancybox image\" href=\"http:\/\/b5p6y2g2.stackpathcdn.com\/wp-content\/uploads\/2015\/10\/carlos-4.jpg\"><img loading=\"lazy\" decoding=\"async\" class=\"wp-image-196414 size-medium\" src=\"http:\/\/b5p6y2g2.stackpathcdn.com\/wp-content\/uploads\/2015\/10\/carlos-4-403x499.jpg\" alt=\"Carlos IV\" width=\"403\" height=\"499\" \/><\/a><figcaption id=\"caption-attachment-196414\" class=\"wp-caption-text\">Carlos IV<\/figcaption><\/figure>\n<p class=\"wp-caption-text\">\n<\/div>\n<p>Se nombr\u00f3 secretario de Estado al conde de Aranda, Pedro Pablo Abarca de Bolea (1718-1798), sustituyendo al anciano conde de Floridablanca en 1792, que fue totalmente marginado, aunque al final fue rehabilitado. Ese a\u00f1o Francia proclam\u00f3 la Republica. Los folletos y todo tipo de propaganda anti borb\u00f3nica empezaron a entrar clandestinamente en Espa\u00f1a, a pesar del endurecimiento de Aranda, que dificultaba su pol\u00edtica, pasando a primera l\u00ednea de urgencia la de salvar la vida del primo del rey Carlos IV, el rey franc\u00e9s Luis XVI. Con las noticias revolucionarias precedentes de Francia se produjo una dr\u00e1stica limitaci\u00f3n de las posibilidades de tolerancia en el marco del r\u00e9gimen de despotismo ilustrado. Desapareci\u00f3 una parte de la prensa y, al resto, se les prohibi\u00f3 cualquier alusi\u00f3n directa al gobierno y a sus magistrados.<\/p>\n<p>Desde agosto de 1798 se prohibieron las escarapelas con los colores nacionales franceses y el uso de chalecos con la palabra libert\u00e9 as\u00ed como la entrada de folletos y dibujos que pudieran pervertir o inquietar cabezas mal compaginadas. De todos modos, el impacto en las \u00e9lites de las noticias provenientes de Francia fue muy grande, con independencia de la posici\u00f3n de cada uno. Si a eso se une el desprestigio de la Corona, se apreciar\u00e1 hasta qu\u00e9 punto era congruente la situaci\u00f3n con el desenlace que se produjo. El cambio hist\u00f3rico se produjo desde las esferas m\u00e1s altas, al quedar inservibles todas las instituciones del Antiguo R\u00e9gimen cuando tuvo lugar la invasi\u00f3n francesa, pero el cambio efectivo lo hicieron las esferas bajas.<\/p>\n<p>Carlos IV, nombr\u00f3 a Godoy secretario de Estado, fulminando a Aranda. Godoy, acusado posteriormente de despotismo ministerial, era un joven inexperto, cuyo m\u00e9rito conocido popularmente, era ser \u201cel querido o el cortejo\u201d de la reina, que aunque aceptada esa instituci\u00f3n por la sociedad de la \u00e9poca, nunca hab\u00eda llevado consigo un ascenso social y pol\u00edtico tan descomunal y tan r\u00e1pido. En el fondo, no se aceptaba por la gente sencilla, que un joven advenedizo aunque de origen hidalgo \u2013 fue un simple Guardia de Corps \u2013 ascendiera al poder por medios muy poco l\u00edcitos extendi\u00e9ndose, cual mancha de aceite por todo el reino.<\/p>\n<p><strong>Manuel Godoy<\/strong><\/p>\n<div class=\"mceTemp\">\n<figure id=\"attachment_196415\" aria-describedby=\"caption-attachment-196415\" style=\"width: 387px\" class=\"wp-caption alignleft\"><a class=\"fancybox image\" href=\"http:\/\/b5p6y2g2.stackpathcdn.com\/wp-content\/uploads\/2015\/10\/godoy.jpg\"><img loading=\"lazy\" decoding=\"async\" class=\"wp-image-196415 size-medium\" src=\"http:\/\/b5p6y2g2.stackpathcdn.com\/wp-content\/uploads\/2015\/10\/godoy-387x499.jpg\" alt=\"Manuel Godoy\" width=\"387\" height=\"499\" \/><\/a><figcaption id=\"caption-attachment-196415\" class=\"wp-caption-text\">Manuel Godoy<\/figcaption><\/figure>\n<p class=\"wp-caption-text\">\n<\/div>\n<p>El pacense Manuel Godoy y \u00c1lvarez de Faria (1767-1851), ocho a\u00f1os despu\u00e9s de su ingreso en la \u201cGuardia de Corps\u201d (*), el 15 de noviembre de 1792, fue elevado al cargo de primer secretario de Estado o del Despacho, es decir, Primer Ministro o \u201cministro universal\u201d, por Carlos IV, quien desde que subi\u00f3 al trono no hab\u00eda cesado de llenarle de honores: cadete, ayudante general de la \u201cGuardia de Corps\u201d, Brigadier, Mariscal de campo y sargento mayor de la Guardia, duque de Alcudia, Grande de Espa\u00f1a de primera clase, regidor perpetuo de la ciudad de Santiago de Compostela, Caballero del Tois\u00f3n de Oro, Gran Cruz de la Orden de Carlos III, Comendador de Valencia del Ventoso, Consejero de Estado, secretario de la reina, Superintendente general de Correos y Caminos, Gentilhombre de c\u00e1mara con ejercicio, Capit\u00e1n general de los Reales Ej\u00e9rcitos, inspector y sargento mayor del Real Cuerpo de la Guardia de Corps. A todos estos honores los reyes le a\u00f1adir\u00e1n el de \u201cPr\u00edncipe de la Paz\u201d por la firma del segundo Tratado de Basilea, en 1795. M\u00e1s tarde, Godoy fue nombrado se\u00f1or de Soto de Roma y del Estado de Albal\u00e1; Regidor perpetuo de la villa de Madrid y de las ciudades de C\u00e1diz, M\u00e1laga, \u00c9cija y Reus, conllevando este \u00faltimo cargo el t\u00edtulo de bar\u00f3n de Mascalb\u00f3, Caballero Gran Cruz de la Orden de Cristo y de la Religi\u00f3n de San Juan, protector de la Real Academia de Nobles Artes y de los Reales Institutos de Historia Natural, Jard\u00edn Bot\u00e1nico, Laboratorio Qu\u00edmico y Observatorio.<\/p>\n<p>En 1801 fue nombrado General\u00edsimo, t\u00edtulo nunca otorgado antes en Espa\u00f1a. Finalmente, en 1807, cerca ya de su ca\u00edda, Carlos IV le concedi\u00f3 el t\u00edtulo de Gran Almirante, con tratamiento de Alteza Seren\u00edsima y presidente del Consejo de Estado. Nada m\u00e1s y nada menos.<\/p>\n<p>Era un progresista tibio, amigo de la Ilustraci\u00f3n, que se atrajo el odio de curas y frailes que al final contribuyeron a su ca\u00edda; atac\u00f3 el emparedamiento, la costumbre de enterrar a los muertos en el interior de las ciudades \u2013 influenciado personalmente por Jos\u00e9 I \u2013 , las \u00f3rdenes mendicantes y las corridas de toros. Se cre\u00eda que era amante de la reina, Mar\u00eda Luisa, y el mejor amigo del complaciente Carlos IV. Su correspondencia con la reina, que acaso permita negar la existencia de una relaci\u00f3n carnal, revela la pobreza de su esp\u00edritu cortesano y tema constante; la salud de la pareja real. Su vinculaci\u00f3n a la reina, parece haber sido de naturaleza m\u00e1s hipocondriaca que sexual. Su pecado no era la perversidad, sino la vulgaridad, la ostentaci\u00f3n y la inexperiencia pol\u00edtica de un reci\u00e9n llegado. Godoy era un apuesto oficial de la Guardia de Corps, que ten\u00eda 25 a\u00f1os cuando le fue otorgado un poder absoluto, superior al que pudo ostentar cualquier gobernante de Espa\u00f1a, posterior a \u00e9l, hasta llegar al General Franco.<\/p>\n<p>El apoyo del valido a la alianza francesa estuvo condicionado por su deseo de emplearlo contra sus enemigos en la corte, o por su esperanza de una retirada segura ante esos enemigos a un principado de Portugal que \u2013 seg\u00fan \u00e9l \u2013 Francia tendr\u00eda que concederle. Napole\u00f3n le despreci\u00f3 y explot\u00f3 porque adivin\u00f3 sus deseos y no pod\u00eda tomar en serio su defensa de la independencia espa\u00f1ola. Hacia 1808 la impopularidad de Godoy se hab\u00eda extendido de los c\u00edrculos intelectuales para abarcar todas las clases sociales, y la revoluci\u00f3n profetizada en 1798 se volv\u00eda contra la Corte que apoyaba su poder; una Monarqu\u00eda capaz de deshonrarse a s\u00ed misma, a su pol\u00edtica exterior, de someter a Espa\u00f1a a la inflaci\u00f3n, a la carest\u00eda y a la p\u00e9rdida del Imperio colonial americano, deb\u00eda ser limitada por una Constituci\u00f3n. El vago reformismo de la \u00e9poca iba emparejado con un constitucionalismo aristocr\u00e1tico que reafirmaba los privilegios de los grandes ricos hombres de Castilla, quienes pod\u00edan tolerar ser gobernados por bur\u00f3cratas de carrera, pero la fulgurante carrera del valido era un privilegio aristocr\u00e1tico que no deb\u00eda ser ejercido por el \u201cchoricero\u201d Godoy. Mientras que el hijo del rey, Fernando, con su partido fernandino desacreditaba a la Corte de su padre, a Carlos IV, y a Godoy, porque cre\u00eda que \u00e9ste le estaba excluyendo del trono a trav\u00e9s de una regencia. No iba mal encaminado.<\/p>\n<p><strong>Desarrollo<\/strong><\/p>\n<div class=\"mceTemp\">\n<figure id=\"attachment_196416\" aria-describedby=\"caption-attachment-196416\" style=\"width: 499px\" class=\"wp-caption alignleft\"><a class=\"fancybox image\" href=\"http:\/\/b5p6y2g2.stackpathcdn.com\/wp-content\/uploads\/2015\/10\/bonaparte.jpg\"><img loading=\"lazy\" decoding=\"async\" class=\"wp-image-196416 size-medium\" src=\"http:\/\/b5p6y2g2.stackpathcdn.com\/wp-content\/uploads\/2015\/10\/bonaparte-499x486.jpg\" alt=\"Napoleon Bonaparte\" width=\"499\" height=\"486\" \/><\/a><figcaption id=\"caption-attachment-196416\" class=\"wp-caption-text\">Napoleon Bonaparte<\/figcaption><\/figure>\n<p class=\"wp-caption-text\">\n<\/div>\n<p>Godoy sab\u00eda que el pr\u00edncipe de Asturias estaba intrigando contra \u00e9l, junto con el embajador franc\u00e9s. El deseo de mantenerse en el poder o el temor de que llegaron al rey las acusaciones hacia su persona, hicieron que Godoy intentara separar a Carlos IV de su hijo: el pr\u00edncipe de Asturias. Para lograr la desuni\u00f3n familiar, el valido apart\u00f3 totalmente de las tareas del gobierno a Fernando, a pesar que Carlos III hizo entrar a su hijo en el Consejo durante el ministerio de Grimaldi, manteni\u00e9ndole en una constante minor\u00eda de edad y conservando as\u00ed el manejo exclusivo de los negocios del reino. Seg\u00fan palabras del propio Fernando, Godoy dec\u00eda de \u00e9l que era un joven sin talento, sin instrucci\u00f3n, sin aplicaci\u00f3n, en fin, un incapaz, una bestia, que tales fueron las expresiones con que llegaron a honrarme en sus conversaciones \u00e9l y su gavilla. El pr\u00edncipe aglutin\u00f3 en torno a s\u00ed a todos los que aborrec\u00edan a Godoy, formando el partido fernandino que fue creciendo en la medida que aumentaba el poder\u00edo de Godoy. La opini\u00f3n p\u00fablica del momento consideraba a Carlos IV, bueno, d\u00e9bil y necio; a la reina, Mar\u00eda Luisa de Parma, una mala mujer; a Godoy un monstruo, y al pr\u00edncipe de Asturias, la esperanza personificada.<\/p>\n<p>La ambici\u00f3n de Godoy le llev\u00f3 a intentar desheredar a Fernando y a conseguir un trono propio e independiente. Comenz\u00f3 a expandir la idea que Fernando era incapaz de gobernar y, como sus hermanos eran menores de edad, ser\u00eda necesario nombrar un regente en caso de fallecimiento del rey Carlos IV. Los fernandinos reaccionaron preparando un decreto en blanco firmado por Fernando, como rey de Castilla, para el caso de que acaeciera el fallecimiento del rey. Godoy se enter\u00f3 de la trama y mediante un an\u00f3nimo, comunic\u00f3 al rey una conspiraci\u00f3n dirigida por su hijo para destronarle y envenenar a la reina. El rey secuestr\u00f3 los papeles de su hijo y \u00e9ste fue arrestado, como reo de alta traici\u00f3n. Godoy, viendo el panorama y de la reacci\u00f3n popular a favor del pr\u00edncipe, se present\u00f3 como conciliador entre el padre y el hijo, de tal forma que el rey conced\u00eda el perd\u00f3n a Fernando, aunque la causa continu\u00f3 contra los c\u00f3mplices. El Consejo de Castilla, sin hacer caso a Godoy, dict\u00f3 sentencia absolutoria para todos, pero fueron desterrados gubernamentalmente de Madrid y los sitios reales. Se llam\u00f3 el proceso de El Escorial. Fue contraproducente para el valido, pues mostr\u00f3 la desuni\u00f3n y debilidad de la familia real y el pueblo qued\u00f3 indignado y dispuesto a una revoluci\u00f3n \u2013 seg\u00fan expres\u00f3 Le\u00f3n y Pizarro.<\/p>\n<p><strong>Preludio de la intervenci\u00f3n francesa<\/strong><\/p>\n<div class=\"mceTemp\">\n<figure id=\"attachment_196417\" aria-describedby=\"caption-attachment-196417\" style=\"width: 499px\" class=\"wp-caption alignleft\"><a class=\"fancybox image\" href=\"http:\/\/b5p6y2g2.stackpathcdn.com\/wp-content\/uploads\/2015\/10\/tratado.jpg\"><img loading=\"lazy\" decoding=\"async\" class=\"wp-image-196417 size-medium\" src=\"http:\/\/b5p6y2g2.stackpathcdn.com\/wp-content\/uploads\/2015\/10\/tratado-499x422.jpg\" alt=\"Tratado de Fontainebleau\" width=\"499\" height=\"422\" \/><\/a><figcaption id=\"caption-attachment-196417\" class=\"wp-caption-text\">Tratado de Fontainebleau<\/figcaption><\/figure>\n<p class=\"wp-caption-text\">\n<\/div>\n<p>La debilidad de Godoy y la impotencia del pr\u00edncipe de Asturias hicieron que ambos buscaran una ayuda que les apoyara en sus posiciones, ya de por s\u00ed precarias. La ayuda les lleg\u00f3 de la mano de Napole\u00f3n Bonaparte, el hombre m\u00e1s grande del siglo, un aut\u00e9ntico delirio en la mentalidad de la \u00e9poca. El emperador franc\u00e9s representaba la gran s\u00edntesis revolucionaria. Napole\u00f3n se convirti\u00f3 en el \u00e1rbitro de los destinos de Espa\u00f1a cuando su fama y poder estaba en pleno cl\u00edmax, despu\u00e9s de las victorias de Austerlitz (1805), Jena (1806) y firmar la paz con Rusia en Tilsit (1807). El desastre de la batalla naval de Trafalgar (1805) librada por la marina inglesa contra la franco-espa\u00f1ola no le impidi\u00f3 seguir con sus planes de expansi\u00f3n militar. El trasfondo de todo era que Napole\u00f3n quer\u00eda invadir las Islas Brit\u00e1nicas para poner fin a las correr\u00edas navales inglesas; al fracasar en el empe\u00f1o, empez\u00f3 a pensar que Espa\u00f1a, una aliada d\u00e9bil pero forzosa y, sin marina importante, s\u00f3lo le pod\u00eda servir como paso hacia Portugal, para de esta manera, evitar en lo posible el tr\u00e1fico naval ingl\u00e9s cerrando sus costas el tr\u00e1fico comercial con Inglaterra mediante el tratado de Fontainebleau.<\/p>\n<p>El prestigio de Napole\u00f3n fue el que llev\u00f3 a Godoy a firmar el citado tratado. Ah\u00ed empezaron las verdaderas desgracias para Espa\u00f1a. Aunque antes de la firma del tratado, un ej\u00e9rcito franc\u00e9s al mando del general Junot cruz\u00f3 el Bidasoa en octubre de 1807, con el pretexto de \u201ctomar parte\u201d en la guerra de Portugal, pa\u00eds siempre aliado de Inglaterra. En 1801, Napole\u00f3n conmina a Portugal a que rompa su alianza tradicional con Inglaterra y cierre sus puertos a los barcos ingleses. En esta pretensi\u00f3n arrastr\u00f3 a la Espa\u00f1a de Godoy, mediante la firma del tratado de Madrid de 1801. Seg\u00fan este tratado, Espa\u00f1a se compromet\u00eda a declarar la guerra a Portugal si \u00e9sta manten\u00eda su apoyo a los ingleses. Ante la negativa portuguesa a someterse a las pretensiones franco-espa\u00f1olas, se desencadena la Guerra de las Naranjas, [llamada as\u00ed popularmente debido al ramo de naranjas que Godoy hizo llegar a la reina Mar\u00eda Luisa cuando sitiaba la ciudad de Elvas (Portugal)]. Dicha conflagraci\u00f3n dur\u00f3 s\u00f3lo 18 d\u00edas.<\/p>\n<p>El total de soldados franceses acantonados en Espa\u00f1a ascend\u00eda a unos 90.000, que controlaban no s\u00f3lo las comunicaciones con Portugal, sino tambi\u00e9n con Madrid, as\u00ed como la frontera francesa. La presencia de estas tropas termin\u00f3 por alarmar a Godoy. En marzo de 1808, temi\u00e9ndose lo peor, la familia real se retir\u00f3 a Aranjuez para, en caso de necesidad, seguir camino hacia el sur, hacia Sevilla y embarcarse para Am\u00e9rica, por consejo del embajador ingl\u00e9s en Portugal, y azuzado por el propio Godoy, que estaba m\u00e1s preocupado por su rivalidad con Fernando, que por la suerte de la monarqu\u00eda de la que era s\u00fabdito. Cuando no se hab\u00edan cumplido dos meses desde la firma del tratado, las tropas francesas ocupaban Lisboa, y m\u00e1s soldados franceses continuaban cruzando los Pirineos y tomando posiciones en territorio espa\u00f1ol con el pretexto de \u201cprevenir\u201d una posible reacci\u00f3n inglesa. R\u00e1pidamente ocuparon Burgos, Salamanca, Pamplona, San Sebasti\u00e1n, Barcelona y Figueras.<\/p>\n<p>En resumen: la pol\u00edtica interior espa\u00f1ola se hab\u00eda convertido en una lucha a muerte entre las dos facciones, lo que motiv\u00f3 a Napole\u00f3n a desconfiar de todos. Eso lo aprovech\u00f3 en su propio beneficio, enga\u00f1ando a todo el mundo aprovechando las sucias intrigas. A comienzos de 1793, Carlos IV, intercedi\u00f3 por la vida su primo, condenado a muerte por la Convenci\u00f3n francesa lo que empeor\u00f3 la situaci\u00f3n con Francia, acarreando la declaraci\u00f3n de guerra por parte francesa en marzo de ese a\u00f1o. La contienda no fue en nada favorable a los intereses espa\u00f1oles, que unida a la dif\u00edcil relaci\u00f3n con Inglaterra, aliada antifrancesa en ese escenario, llev\u00f3 a la firma de la paz con Francia en el verano de 1795. Aunque al inicio de esa guerra hubo victorias espa\u00f1olas, lo que atenu\u00f3 el descontento popular, los reveses de 1794 dieron nuevas alas a Godoy que ya era el pr\u00edncipe de la Paz, lo que exacerb\u00f3 m\u00e1s los \u00e1nimos en su contra. Hubo conspiraciones como la de Picornell (el ilustrado mallorqu\u00edn Juan Picornell (1759-1825), \u2014cuyas preocupaciones hasta entonces se hab\u00edan centrado en la renovaci\u00f3n pedag\u00f3gica y en el fomento de la educaci\u00f3n p\u00fablica), en la que los conjurados trataban de dar un golpe de Estado apoyado por las clases populares madrile\u00f1as para salvar a la Patria de la entera ruina que la amenaza. Tras el triunfo del golpe, se formar\u00eda una Junta Suprema, que actuar\u00eda como gobierno provisional en representaci\u00f3n del pueblo, y tras la elaboraci\u00f3n de una Constituci\u00f3n se habr\u00edan celebrado elecciones, sin que estuviera claro si los conjurados se decantaban por la Monarqu\u00eda constitucional o por la Rep\u00fablica, aunque s\u00ed sab\u00edan que la divisa del nuevo r\u00e9gimen ser\u00eda libertad, igualdad y abundancia; la de Alejandro Malaspina (1754- 1809), que en septiembre de 1795, envi\u00f3 al gobierno espa\u00f1ol sus escritos sobre su expedici\u00f3n mar\u00edtima, pero \u00e9ste juzg\u00f3 poco oportuna su publicaci\u00f3n en la situaci\u00f3n pol\u00edtica por entonces existente. Desencantado, Malaspina tom\u00f3 parte en una conspiraci\u00f3n para derribar a Godoy, lo que condujo a su arresto en noviembre. Tras un dudoso juicio, en 1796, fue condenado a diez a\u00f1os de prisi\u00f3n en el castillo de San Ant\u00f3n de La Coru\u00f1a.<\/p>\n<p>Tambi\u00e9n el incidente protagonizado por el conde de Montijo (Eugenio de Palafox y Portocarrero (1770-1834), que parece ser que, desde 1805 a 1808, dedic\u00f3 su tiempo a conspirar contra Godoy con diversos planes, uno de los cuales dio lugar al Mot\u00edn de Aranjuez de 1808). Todas fueron reprimidas con dureza, lo que no impidi\u00f3 que los descontentos siguieran en aumento.<br \/>\nTratado de Fontainebleau.<\/p>\n<p>Fue firmado el 27 de octubre de 1807 en la ciudad francesa de Fontainebleau (ciudad del \u00e1rea metropolitana de Paris) entre los respectivos representantes plenipotenciarios de Godoy, valido del rey de Espa\u00f1a, y Napole\u00f3n Bonaparte, emperador de los franceses. En \u00e9l se estipulaba la invasi\u00f3n militar conjunta franco-espa\u00f1ola de Portugal, que se hab\u00eda unido a Inglaterra y se permit\u00eda para ello el paso de las tropas francesas por territorio espa\u00f1ol, siendo as\u00ed el antecedente de la posterior invasi\u00f3n francesa de la Pen\u00ednsula ib\u00e9rica y de la Guerra de la Independencia Espa\u00f1ola. En 1806, tras fracasar su intento de invasi\u00f3n de Inglaterra, Napole\u00f3n decreta el bloqueo continental, que prohib\u00eda el comercio de productos brit\u00e1nicos en el continente europeo. Portugal, tradicional aliada de Inglaterra, se niega a acatarlo y Napole\u00f3n decide su invasi\u00f3n. Para ello necesita transportar all\u00ed sus tropas terrestres. Manuel Godoy, representado por su plenipotenciario, el Consejero de Estado y Guerra, Eugenio Izquierdo, firma con G\u00e9rard Duroc, representante de Napole\u00f3n, el tratado de Fontainebleau, en el que se estipula la invasi\u00f3n militar conjunta franco-espa\u00f1ola de Portugal, para lo que se permite el paso de tropas francesas por territorio espa\u00f1ol.<\/p>\n<p>Conforme al tratado, una vez invadido Portugal, \u00e9ste ser\u00eda dividido en tres zonas: el Norte se reserva para el Rey de Espa\u00f1a (exactamente para el rey de Etruria \u2013 estado sat\u00e9lite franc\u00e9s \u2013 cuyo rey, Luis I de Borb\u00f3n, era sobrino de la reina de Espa\u00f1a), el Sur (Alentejo y Algarve) se dar\u00e1n en propiedad a Godoy y el resto de Portugal queda de momento sin decidir hasta que la situaci\u00f3n se normalice. Igualmente se habla de repartir el inmenso imperio colonial portugu\u00e9s, aunque no se precisa m\u00e1s. El emperador franc\u00e9s reconocer\u00eda al rey de Espa\u00f1a como emperador de las Am\u00e9ricas una vez que terminara la conquista de Portugal y las aguas volvieran a su cauce, que se calculaba en tres a\u00f1os.<\/p>\n<p><strong>El mot\u00edn de Aranjuez<\/strong><\/p>\n<div class=\"mceTemp\">\n<figure id=\"attachment_196418\" aria-describedby=\"caption-attachment-196418\" style=\"width: 499px\" class=\"wp-caption alignleft\"><a class=\"fancybox image\" href=\"http:\/\/b5p6y2g2.stackpathcdn.com\/wp-content\/uploads\/2015\/10\/motin.jpg\"><img loading=\"lazy\" decoding=\"async\" class=\"wp-image-196418 size-medium\" src=\"http:\/\/b5p6y2g2.stackpathcdn.com\/wp-content\/uploads\/2015\/10\/motin-499x325.jpg\" alt=\"Mot\u00edn de Aranjuez\" width=\"499\" height=\"325\" \/><\/a><figcaption id=\"caption-attachment-196418\" class=\"wp-caption-text\">Mot\u00edn de Aranjuez<\/figcaption><\/figure>\n<p class=\"wp-caption-text\">\n<\/div>\n<p>Es una iron\u00eda que Godoy fuera derribado y tratado deshonrosamente como un traidor en el momento en que estaba decidido a oponerse a Napole\u00f3n; ten\u00eda el plan de trasladar a los reyes a Sevilla, lejos de las zarpas francesas, pero fue la gota que colm\u00f3 el vaso para que se produjera el mot\u00edn de Aranjuez. Seg\u00fan Godoy, el mot\u00edn de Aranjuez fue obra de unos cuentos plebeyos seducidos, cuadrilla de lacayos, cocheros, marmitones, que hab\u00edan sido comprados. La realidad fue que, aunque se produjo abajo, se indujo arriba.<br \/>\nEl pr\u00edncipe Fernando esperaba con toda su alma que Napole\u00f3n sancionara la revoluci\u00f3n de Aranjuez, pero el emperador no ten\u00eda ninguna intenci\u00f3n de malgastar la oportunidad que se le presentaba, apoyando a un rey t\u00edtere de cuyo car\u00e1cter e intenciones, desconfiaba. El 13 de marzo de 1808 Godoy lleg\u00f3 a Aranjuez procedente de Madrid tomando la decisi\u00f3n de trasladar la Corte a Sevilla el 15, mandando que vinieran sin estr\u00e9pito una gran parte de las tropas acantonadas en Madrid.<\/p>\n<p>Esta decisi\u00f3n sirvi\u00f3 para que los fernandinos mostraran una oposici\u00f3n al viaje real que habr\u00eda supuesto la p\u00e9rdida de la presunta amistad y protecci\u00f3n de Napole\u00f3n, y lograsen unificar a todas las fuerzas pol\u00edticas del pa\u00eds. Hicieron correr la voz de que hab\u00eda salido la orden del viaje de los reyes, creando en Aranjuez un clima de intranquilidad y malestar que seg\u00fan F\u00e9lix Amat (confesor del rey) fue grande e igual en tropas y paisanos. En Madrid, el conde de Montijo, reuni\u00f3 en torno al pr\u00edncipe de Asturias a todos los nobles y lograr el visto bueno del Consejo de Castilla, m\u00e1ximo \u00f3rgano representativo del reino. En el Consejo de Ministros del d\u00eda 14, el ministro de Gracia y Justicia, Jos\u00e9 Antonio Caballero (1754-1821), marqu\u00e9s de Caballero, se neg\u00f3 a firmar cualquier decreto que supusiese la huida de la familia real y por vez primera se enfrent\u00f3 a Godoy, especificando lo que era su vida al lado de la familia real y diciendo al rey que tal resoluci\u00f3n no es otra cosa que la guerra y, por tanto, es un mal cierto, que al contrario, la de quedarse y mostrarse confiado, si puede ser un mal, es muy incierto y probable. Las palabras de Caballero desembocaron en que los dem\u00e1s ministros hicieran lo propio, cont\u00e1ndole al rey lo que hab\u00edan callado durante m\u00e1s de 15 a\u00f1os; el poder del valido comenz\u00f3 a disiparse.<\/p>\n<p>El rey confuso, y como era preceptivo, mand\u00f3 que se consultase el Consejo de Castilla. Al d\u00eda siguiente, el Consejo ganado previamente por Montijo, adopt\u00f3 una postura clara en contra de Godoy, desaconsejando el viaje real, neg\u00e1ndose a proclamar un bando tranquilizador en Madrid y, despu\u00e9s de retrasar todo lo que pudo la marcha de las tropas a Aranjuez, ordenando a \u00e9stas que impidieran al precio que fuera, el viaje de la familia real a Sevilla.<\/p>\n<p>En Aranjuez se intent\u00f3 eliminar el descontento, pero la agitaci\u00f3n se palpaba mediante una proclama del rey en la que desment\u00eda la posibilidad de cualquier viaje. La proclama electriz\u00f3 todos los \u00e1nimos en t\u00e9rminos que aquella tarde salieron los reyes y el pr\u00edncipe por medio de un pueblo numeroso que los llen\u00f3 de aclamaciones\u2026 pero no por esto el pueblo dej\u00f3 de seguir desconfiado y vigilante, porque segu\u00edan llegando tropas a Aranjuez alcanzando la cifra de 10.000 soldados, cuando la poblaci\u00f3n no alcanzaba los 4.000. Adem\u00e1s, Montijo y otros nobles hab\u00edan soliviantado a los habitantes de los pueblos cercanos para que acudieran a Aranjuez en defensa del rey. El plan que deb\u00eda acabar con el poder\u00edo de Godoy estaba dispuesto para cuando Carlos IV, que con toda seguridad obedecer\u00eda al valido, abandonase el Real Sitio.<\/p>\n<div class=\"mceTemp\">\n<figure id=\"attachment_196421\" aria-describedby=\"caption-attachment-196421\" style=\"width: 275px\" class=\"wp-caption alignleft\"><a class=\"fancybox image\" href=\"http:\/\/b5p6y2g2.stackpathcdn.com\/wp-content\/uploads\/2015\/10\/trafalgar.jpg\"><img loading=\"lazy\" decoding=\"async\" class=\"wp-image-196421 size-full\" src=\"http:\/\/b5p6y2g2.stackpathcdn.com\/wp-content\/uploads\/2015\/10\/trafalgar.jpg\" alt=\"Trafalgar\" width=\"275\" height=\"183\" \/><\/a><figcaption id=\"caption-attachment-196421\" class=\"wp-caption-text\">Trafalgar<\/figcaption><\/figure>\n<p class=\"wp-caption-text\">\n<\/div>\n<p>El mot\u00edn de Aranjuez se desencaden\u00f3 debido a varias causas; las consecuencias de la derrota de Trafalgar, que recay\u00f3 fundamentalmente en las clases bajas; el descontento de la nobleza; la impaciencia del pr\u00edncipe de Asturias por reinar; la acci\u00f3n de los agentes de Napole\u00f3n; las intrigas de la Corte en donde se iba creando un n\u00facleo opositor \u2013 el partido fernandino \u2013 en torno al pr\u00edncipe de Asturias formado por arist\u00f3cratas recelosos del poder de Godoy; el esc\u00e1ndalo de las supuestas relaciones de \u00e9ste con la reina Mar\u00eda Luisa de Parma; el temor del clero a las medidas desamortizadoras y la presencia de tropas francesas en Espa\u00f1a, en virtud del Tratado de Fontainebleau, que se hab\u00eda ido haciendo amenazante a medida que iban ocupando (sin ning\u00fan respaldo del tratado) diversas localidades espa\u00f1olas.<\/p>\n<p>En la noche del jueves 17, al viernes 18 de marzo, se formaron en Aranjuez numerosos grupos de cuatro a seis hombres embozados y armados de palos que, atravesaban silenciosos las calles del pueblo, capitaneados por el conde de Montijo rondando la casa de Godoy y las inmediaciones del camino a Oca\u00f1a. La tropa fue a los distintos puntos desde donde podr\u00eda emprender el viaje, mientras que el pueblo rodeaba el palacio. El pr\u00edncipe de Asturias y el resto de la familia real se asomaron a un balc\u00f3n para demostrar que no se hab\u00edan marchado, lo que calm\u00f3 bastante a la gente. Aunque el pretexto de los incidentes fue al anuncio de la retirada de la familia real y de la corte a Andaluc\u00eda, la realidad era el odio a Godoy; marcharon a su casa provistos de palos, picos, teas y azadas destrozando a hachazos la puerta principal y saqueando todo el palacio a excepci\u00f3n de una peque\u00f1a habitaci\u00f3n repleta de alfombras y esterillas, donde el valido se hab\u00eda encerrado con llave. Los reyes, enterados del saqueo del palacio de Godoy y preocupados m\u00e1s por la suerte del valido que por la suya propia y, para apaciguar el tumulto organizado, cedieron a las presiones de los ministros firmando Carlos IV \u2013 a las cinco de la ma\u00f1ana \u2013 un decreto por el cual tomaba personalmente el mando del Ej\u00e9rcito y la Marina, exonerando a Godoy de los empleos de General\u00edsimo y Almirante. A las seis de la ma\u00f1ana lo \u00e1nimos estaban aparentemente calmados.<\/p>\n<p>El 19 por la ma\u00f1ana, Godoy acosado por el cansancio, el hambre y la sed sali\u00f3 de su cub\u00edculo, pero r\u00e1pidamente fue descubierto. La noticia se difundi\u00f3 a la velocidad del rayo, d\u00e1ndose r\u00e1pidamente cuenta a los reyes. Nuevamente un numeroso hervidero de hombres y mujeres acudi\u00f3 al palacio del valido para intentar acabar con su vida. Los Guardias de Corps evitaron que el pueblo entrase en el palacio y linchara al valido. Carlos IV, al enterarse, inst\u00f3 a su hijo a tranquilizar al pueblo para que pudiera conducirle, sin peligro para su vida, al cuartel de la citada Guardia de Corps, prometiendo que el decreto del d\u00eda anterior ser\u00eda cumplido, y le alejar\u00eda lejos de la Corte. Fernando logr\u00f3 calmar a la gente prometiendo que a Godoy se le encausar\u00eda y que se le llevar\u00eda al cuartel protegido por un escuadr\u00f3n del mismo cuerpo, pero a pesar de esta protecci\u00f3n y seg\u00fan un testigo de la \u00e9poca lleg\u00f3 con un ojo casi saltado de una pedrada, un muslo herido de un navajazo y los pies destrozados por los cascos de los caballos. La aparici\u00f3n de un coche tirado por seis mulas ante el cuartel para trasladar a Granada al pr\u00edncipe de la Paz, por orden real, evitando as\u00ed la apertura inmediata de la causa contra \u00e9l, desat\u00f3 nuevamente la furia e ira de los manifestantes que se concentraron ante el cuartel, matando a una mula, cortando los tirantes del coche y destroz\u00e1ndolo. Los amotinados manifestaron en el patio del cuartel que no permitir\u00edan que se sacase al odiado valido, pidiendo que se le encausara en Aranjuez o en Madrid.<\/p>\n<p>Nuevamente tuvo que intervenir Fernando para calmar a la enfurecida turba. Carlos IV, visto que se le iba a privar de su valido, sin consultar a la reina, incapaz de tomar decisi\u00f3n alguna y muy escaso de energ\u00eda, consult\u00f3 con los ministros, sobre la conducta que deb\u00eda tomar. Un\u00e1nimemente le aconsejaron abdicar en su hijo. A las siete de la noche del 19 de marzo, el rey convoc\u00f3 a todos los ministros y les ley\u00f3 su abdicaci\u00f3n del reino en favor de su hijo Fernando, pr\u00edncipe de Asturias. Godoy fue enviado preso al castillo de Villaviciosa. Comenzaba el reinado del infausto Fernando VII.<br \/>\nLa noticia de la abdicaci\u00f3n se conoci\u00f3 en Madrid a las once de la noche de ese mismo d\u00eda, pero no cundi\u00f3 demasiado debido a que era muy tarde y adem\u00e1s, s\u00e1bado. El d\u00eda siguiente, ya domingo, el Consejo de Castilla anunci\u00f3 la subida al trono de Fernando VII. El entusiasmo de la gente no tuvo l\u00edmites. El retrato del nuevo rey fue llevado por todas las calles hasta ser colocado en el Ayuntamiento. Seg\u00fan Mesonero Romanos: no hay que decir que todos los balcones se abrieron y atestaron de gente que con vivas y aclamaciones respond\u00edan a tal algazara, agitaban los pa\u00f1uelos y con las palmas de las manos, con panderos, clarines y tambores de Navidad, reproduc\u00edan hasta lo infinito, aquel estallido del entusiasmo popular. El j\u00fabilo en toda Espa\u00f1a fue enorme. En provincias, conocida la noticia, se repitieron las fiestas y las algaradas con que hab\u00eda comenzado en Madrid el nuevo reinado. En la mayor\u00eda de ciudades y pueblos se arrastraba el busto y el retrato de Godoy por las calles, se echaron las campanas al vuelo y se acababa con un solemne Te Deum en la catedral o en la iglesia mayor. Pero lo peor estaba por venir.<\/p>\n<p><strong>Abdicaciones de Bayona<\/strong><\/p>\n<div class=\"mceTemp\">\n<figure id=\"attachment_196422\" aria-describedby=\"caption-attachment-196422\" style=\"width: 388px\" class=\"wp-caption alignleft\"><a class=\"fancybox image\" href=\"http:\/\/b5p6y2g2.stackpathcdn.com\/wp-content\/uploads\/2015\/10\/bayona.jpg\"><img loading=\"lazy\" decoding=\"async\" class=\"wp-image-196422 size-full\" src=\"http:\/\/b5p6y2g2.stackpathcdn.com\/wp-content\/uploads\/2015\/10\/bayona.jpg\" alt=\"Abdicaci\u00f3n de Bayona\" width=\"388\" height=\"247\" \/><\/a><figcaption id=\"caption-attachment-196422\" class=\"wp-caption-text\">Abdicaci\u00f3n de Bayona<\/figcaption><\/figure>\n<p class=\"wp-caption-text\">\n<\/div>\n<p>A pesar de todo lo sucedido, la realidad era que el ej\u00e9rcito franc\u00e9s ten\u00eda desplegados en la Pen\u00ednsula m\u00e1s de 95.000 hombres. Napole\u00f3n aprovech\u00f3 los cambios producidos en el reino de Espa\u00f1a, para seguir implementando sus posibilidades, opciones y poder\u00edo. Su idea secreta era apoderarse del d\u00e9bil reinado de Fernando VII, \u2013 y de Espa\u00f1a con sus colonias \u2013 como lo hab\u00eda hecho en otras naciones europeas. El emperador nombr\u00f3 al mariscal Joachim Murat, el duque de Berg, cu\u00f1ado suyo (su esposa era Carolina Bonaparte), jefe de las tropas francesas en la Pen\u00ednsula, que lleg\u00f3 a Madrid el 23 de marzo, un d\u00eda antes que el rey Fernando. El mariscal franc\u00e9s empez\u00f3 sus maniobras diplom\u00e1ticas en su propio beneficio: consigui\u00f3 del ex rey Carlos un documento en que \u00e9ste declaraba nulo su decreto del 19 de marzo abdicando en favor de su hijo, con lo que ambos, padre e hijo, vieron debilitadas sus posiciones y consiguiendo una nueva discusi\u00f3n sobre la legitimidad del titular como rey de Espa\u00f1a. El general franc\u00e9s Jean Ren\u00e9 Savary, lleg\u00f3 a Madrid, como enviado especial de Napole\u00f3n, para convencer a Fernando en que se reuniera con \u00e9ste para asegurar el apoyo franc\u00e9s a la causa fernandina. El joven acudi\u00f3 a la cita, enga\u00f1ado, acompa\u00f1ado por Savary y \u201ctropas\u201d del general Murat, ignorando que el final del viaje acabar\u00eda en Francia. En Madrid, qued\u00f3 una Junta Suprema de Gobierno, presidida por el infante Antonio Pascual (hermano menor de Carlos IV) y algunos de los ministros de Fernando, con instrucciones poco precisas (fundamentalmente tener buenas relaciones con el ej\u00e9rcito ocupante) para cubrir el vac\u00edo de poder, que de poco vali\u00f3.<\/p>\n<p>A finales de abril, Napole\u00f3n ten\u00eda en su poder a casi todos los miembros de la familia real, a Godoy y al can\u00f3nigo Juan Esc\u00f3iquiz Morata (ambicioso e intrigante preceptor de Fernando, partidario abierto de Napole\u00f3n, que lleg\u00f3 incluso a convencerle para que escribiera una sumisa carta al emperador en la que solicitaba humildemente una mujer de su familia con la que casarse), empezando su presi\u00f3n sobre ellos, para de esta manera, dividirlos y ahond\u00e1ndolos a\u00fan m\u00e1s, de acuerdo con sus intereses. Pocos d\u00edas despu\u00e9s, Carlos IV, se reafirm\u00f3 en la nulidad de su abdicaci\u00f3n, resultado de la fuerza y de la violencia \u2013 seg\u00fan \u00e9l \u2013 cediendo sus derechos al emperador a cambio de asilo en Francia y unas rentas, argumentando que Napole\u00f3n era el \u00fanico que pod\u00eda poner paz en Espa\u00f1a. Al d\u00eda siguiente, el 6 de mayo, Fernando, que a\u00fan no conoc\u00eda la decisi\u00f3n paterna, tambi\u00e9n se someti\u00f3 a la voluntad napole\u00f3nica. El resultado fue que Napole\u00f3n se convirti\u00f3, en un santiam\u00e9n, en due\u00f1o y se\u00f1or de Espa\u00f1a. Pero en la Pen\u00ednsula, las fuerzas invasoras, comenzaron a tener las primeras escaramuzas, no con la Junta de Gobierno nombrado por el rey Fernando, sino con el pueblo llano, que ya se estaba dando cuenta de las verdaderas intenciones de los franceses.<\/p>\n<p><strong>El dos de mayo<\/strong><\/p>\n<p><a class=\"fancybox image\" href=\"http:\/\/b5p6y2g2.stackpathcdn.com\/wp-content\/uploads\/2015\/10\/dos.jpg\"><img loading=\"lazy\" decoding=\"async\" class=\"alignleft size-full wp-image-196423\" src=\"http:\/\/b5p6y2g2.stackpathcdn.com\/wp-content\/uploads\/2015\/10\/dos.jpg\" alt=\"\" width=\"269\" height=\"187\" \/><\/a>El d\u00eda uno de mayo, la tensi\u00f3n es ya palpable; por la ma\u00f1ana aparecen unos impresos titulados Carta de un oficial retirado en Toledo donde se propone el cambio de dinast\u00eda. Horas m\u00e1s tarde, Murat pasa revista a sus tropas en el madrile\u00f1o paseo del Prado, desde la puerta de Atocha hasta la de Recoletos, y al volver a su palacio del Almirantazgo- expropiado a Godoy y situado en la madrile\u00f1a plaza de la Marina, esquina a Bail\u00e9n \u2013 es alcanzado por varias piedras que le lanza la gente reunida en la Puerta del Sol. R\u00e1pidamente intervienen las autoridades y el suceso no va a m\u00e1s.<\/p>\n<p>El lunes, dos de mayo, amanece despejado, tras una noche lluviosa. A las siete de la ma\u00f1ana salen de las caballerizas reales dos carruajes hacia la puerta del Pr\u00edncipe del palacio Real. Murat ha dispuesto la salida para Francia de la reina de Etruria (**), con sus hijos y del infante Francisco de Paula. La de \u00e9ste, pretende retrasarla a la noche para ocultarla a la poblaci\u00f3n y evitar posibles alteraciones. La reina de Etruria no es muy querida por el pueblo a causa de las maniobras que ha hecho ante Murat para derogar la abdicaci\u00f3n de su padre, y la intermediaci\u00f3n por la liberaci\u00f3n de Godoy. El infante es el hijo peque\u00f1o de Carlos IV y junto a su t\u00edo Antonio, presidente de la Junta de Gobierno, formada tras la marcha de Fernando VII son los \u00faltimos miembros de la familia real que quedan en Madrid. A las ocho y media de la ma\u00f1ana la reina de Etruria sale por la puerta del Pr\u00edncipe y se monta en uno de los dos carruajes, junto a sus hijos, una aya y un mayordomo. Una vez todo dispuesto, parte hacia Francia ante la mirada de un peque\u00f1o grupo de gente que se ha reunido frente al palacio Real. El otro carruaje queda junto a la puerta a la espera de que monte el resto de la servidumbre que acompa\u00f1ar\u00e1 a la reina de Etruria o el peque\u00f1o infante, tal como teme la gente, que sigue acerc\u00e1ndose a palacio y que ya forma un n\u00famero significativo de personas. Entre \u00e9stas se encuentra Blas Molina, cerrajero de profesi\u00f3n, que al observar detenidamente el carruaje sospecha de la salida de los infantes exclamando en voz alta: \u00a1Traici\u00f3n! \u00a1Traici\u00f3n! \u00a1Nos han llevado al rey y se nos quieren llevar a todas las personas reales! \u00a1Mueran, mueran los franceses! Un grupo de los reunidos en la puerta, con Blas a la cabeza, se introduce en palacio y suben a las plantas nobles, donde se encuentran los infantes. Ante su presencia se calman los \u00e1nimos, y con la promesa de la salida del infante Francisco a un balc\u00f3n de palacio para tranquilizar al pueblo, se les convence para que se retiren.<\/p>\n<p>Por el balc\u00f3n a la derecha de la puerta del Pr\u00edncipe, aparece el pr\u00edncipe causando el delirio de la ya gran multitud que se ha congregado frente a la residencia real. Murat, desde su palacio, observa el tumulto y manda a uno de sus ayudantes a que se informe de lo que pasa. Al llegar, el franc\u00e9s sufre la ira del pueblo y si no es por la protecci\u00f3n de un oficial de las Guardias Walonas (***) hubiera peligrado su vida. Un correo que lleva \u00f3rdenes para el general franc\u00e9s Grouchy es acorralado, consiguiendo escapar en el \u00faltimo momento. Un soldado franc\u00e9s procedente del cercano cuartel de San Nicol\u00e1s, es asesinado. Estos acontecimientos alarman a Murat que toca generala poni\u00e9ndose en movimiento las tropas situadas en los diversos campamentos y acantonamientos franceses de Madrid, y en las afueras.<\/p>\n<p>El primer acto de la rebeli\u00f3n y que qued\u00f3 como simbolismo del nacionalismo revolucionario \u2013 el levantamiento del 2 de mayo \u2013 fue obra del bajo pueblo y alarm\u00f3 al Consejo de Castilla tanto como al general Murat. \u00c9ste, presion\u00f3 ostensiblemente sobre la Junta de Gobierno, para que autorizase la salida del infante Francisco de Paula (decimocuarto hijo de Carlos IV), hacia Francia, lo que llev\u00f3 a aqu\u00e9lla a convocar una reuni\u00f3n para hablar sobre el tema. Fueron llamados representantes del Consejo de Castilla, de Hacienda, de la Indias y \u00d3rdenes, adem\u00e1s de otras altas personalidades del reino. En la tensa reuni\u00f3n se plante\u00f3 la posibilidad una guerra para defender y hacer frente a la ocupaci\u00f3n francesa. En esa reuni\u00f3n se decidi\u00f3 crear otra Junta suplente por si Murat cumpl\u00eda sus amenazas de acabar con la que hab\u00eda nombrado Fernando VII.<\/p>\n<p>En la ma\u00f1ana del d\u00eda siguiente de esa segunda reuni\u00f3n \u2013 ya era el dos de mayo \u2013 comenz\u00f3 una agitaci\u00f3n en Madrid entre los que asistieron a la salida de palacio de los \u00faltimos miembros de la familia real. El intento de evitar que abandonasen la ciudad provoc\u00f3 un choque entre la poblaci\u00f3n madrile\u00f1a y una unidad militar francesa. El levantamiento popular se generaliz\u00f3 al ser p\u00fablico el n\u00famero de muertos y heridos producidos por la reacci\u00f3n francesa, al sofocar la revuelta. El pueblo ignor\u00f3 las recomendaciones reiteradas de calma por parte de las ya desprestigiadas autoridades espa\u00f1oles, produci\u00e9ndose asesinatos, fusilamientos en masa a causa de la dur\u00edsima represi\u00f3n que sigui\u00f3, ordenada por Murat. Se gener\u00f3 una sangrienta y desordenada lucha entre los madrile\u00f1os y las tropas francesas. Hubo actos heroicos como los protagonizados por los capitanes Luis Dao\u00edz y Pedro Velarde, aunque a costa de sus vidas. Francisco de Goya, plasm\u00f3 esas situaciones en cuadros como \u201cLa carga de los mamelucos\u201d y \u201cLos fusilamientos del dos de Mayo\u201d.<\/p>\n<p>Los madrile\u00f1os comenzaron as\u00ed un levantamiento popular espont\u00e1neo pero largamente larvado desde la entrada en el pa\u00eds de las tropas francesas, improvisando soluciones a las necesidades de la lucha callejera. Se constituyeron partidas de barrio comandadas por caudillos espont\u00e1neos; se busc\u00f3 el aprovisionamiento de armas, ya que en un principio las \u00fanicas de que dispusieron fueron navajas; se comprendi\u00f3 la necesidad de impedir la entrada en la ciudad de nuevas tropas francesas. Todo esto no fue suficiente y Murat pudo poner en pr\u00e1ctica una t\u00e1ctica tan sencilla como eficaz; cuando los madrile\u00f1os quisieron hacerse con las puertas que estaban cerca de la ciudad para impedir la llegada de las fuerzas francesas, acantonadas en sus afueras, el grueso de las tropas (unos 30.000 hombres) ya hab\u00eda penetrado, haciendo un movimiento conc\u00e9ntrico para dirigirse hacia el centro. No obstante, la gente sigui\u00f3 luchando durante toda la jornada utilizando cualquier objeto que fuera susceptible de servir de arma, como piedras, ramas de \u00e1rboles, tirachinas, todo tipo de barras, cubos de agua, macetas arrojadas desde los balcones, etc. As\u00ed, los acuchillamientos, degollamientos y detenciones se sucedieron en una jornada sangrienta. Mamelucos y lanceros napole\u00f3nicos extremaron su crueldad con la poblaci\u00f3n y varios cientos de madrile\u00f1os, hombres y mujeres, as\u00ed como soldados franceses, murieron en la refriega.<\/p>\n<p><a class=\"fancybox image\" href=\"http:\/\/b5p6y2g2.stackpathcdn.com\/wp-content\/uploads\/2015\/10\/dos-mayo.jpg\"><img loading=\"lazy\" decoding=\"async\" class=\"alignleft size-medium wp-image-196424\" src=\"http:\/\/b5p6y2g2.stackpathcdn.com\/wp-content\/uploads\/2015\/10\/dos-mayo-499x319.jpg\" alt=\"\" width=\"499\" height=\"319\" \/><\/a>Si bien la resistencia al avance franc\u00e9s fue mucho m\u00e1s eficaz de lo que Murat hab\u00eda previsto, especialmente en la puerta de Toledo, la puerta del Sol y en el Parque de Artiller\u00eda de Montele\u00f3n (actualmente existe un arco de entrada a dicho Parque de Artiller\u00eda integrado en el monumento a Dao\u00edz y Velarde, en la Plaza del dos de Mayo de Madrid), su operaci\u00f3n de cerco le permiti\u00f3 someter a Madrid bajo la jurisdicci\u00f3n militar y poner bajo sus \u00f3rdenes a la Junta de Gobierno. Poco a poco, los focos de resistencia popular fueron cayendo. Como un reguero de p\u00f3lvora corrieron las noticias de lo que estaba aconteciendo en Madrid. La gente estaba cansada de soportar a los franceses.<\/p>\n<p>El mismo d\u00eda que estall\u00f3 la revuelta en Madrid, en el pueblo de M\u00f3stoles, cercano a la capital, su alcalde ordinario por el Estado, Andr\u00e9s Torrej\u00f3n Garc\u00eda, junto a Sim\u00f3n Hern\u00e1ndez, alcalde ordinario por el Estado General, firm\u00f3 el conocido como Bando de Independencia, redactado por Juan P\u00e9rez Villamil, que alertaba sobre la masacre cometida en Madrid por las tropas napole\u00f3nicas y que llamaba al auxilio de la capital por parte de otras autoridades, incitando a la naci\u00f3n a armarse contra los invasores franceses. Tuvo una enorme repercusi\u00f3n, ya que en las siguientes semanas se fueron produciendo revueltas en bastantes provincias. Aparte, las tensiones producidas en Espa\u00f1a por el centralismo borb\u00f3nico y la marginaci\u00f3n de sectores de la poblaci\u00f3n en ciudades pobladas, ayudaron bastante en el desarrollo del estallido antifranc\u00e9s.<\/p>\n<p>La situaci\u00f3n de los defensores del Antiguo R\u00e9gimen fue indecisa. Se vieron obligados a decidir: apoyar el levantamiento, en contra de su filosof\u00eda, o bien, aceptar los planes de Napole\u00f3n.<br \/>\nLas abdicaciones de Bayona, por desgracia, hab\u00edan abierto a\u00fan m\u00e1s el camino del emperador que continuaba presionando a la Junta y al Consejo de Castilla para legalizar sus decisiones. Pero el diez de mayo, \u00e9ste organismo, desafortunadamente para el reino, acept\u00f3 a Murat como teniente general de la monarqu\u00eda, lo que implicaba que el general franc\u00e9s ejercer\u00eda el mando supremo en el ej\u00e9rcito espa\u00f1ol. Mientras tanto, Napole\u00f3n continuaba con su inmisericorde labor de zapa ofreciendo a su hermano, Jos\u00e9, el reino de Espa\u00f1a, dejando su trono italiano, que ostentaba en esos momentos. Murat recibi\u00f3 instrucciones concretas para preparar la llegada del nuevo rey, cosa que no le cost\u00f3 mucho trabajo debido al benepl\u00e1cito de las instituciones espa\u00f1olas, a las que les quedaban pocas horas de libertad, as\u00ed como a todo el pueblo espa\u00f1ol.<\/p>\n<p><strong>Conclusi\u00f3n<\/strong><\/p>\n<p>En el fondo, Napole\u00f3n y los franceses no comprendieron en absoluto el significado de este levantamiento popular. Los funcionarios franceses sab\u00edan que el patriotismo de las clases oficiales era dudoso y vacilante; pensaban que si los capitanes generales se somet\u00edan, el pueblo les seguir\u00eda. Cre\u00edan que el pueblo espa\u00f1ol estaba plagado de cobardes, como los \u00e1rabes \u2013 seg\u00fan dec\u00edan ellos. En cuanto a la tropa, Jos\u00e9 I, asegur\u00f3 a su hermano que seguir\u00eda al mejor postor. La nobleza, el clero y los militares se unieron al pueblo a tiempo y apaciguaron los des\u00f3rdenes, que iban en aumento d\u00eda tras d\u00eda. A medida que los ej\u00e9rcitos franceses avanzaban, en la zona cada vez m\u00e1s reducida controlada por los anti franceses, en el que hubo diversos gobiernos espa\u00f1oles (Junta, Regencia, Cortes), el gobierno efectivo y el esfuerzo b\u00e9lico de los a\u00f1os 1808-1814 estuvo en manos de las juntas que conced\u00edan pasaportes, hac\u00edan levas locales, exped\u00edan licencias a los boticarios, etc. Por encima de las juntas ciudadanas se hallaban las juntas provinciales, organismos controlados por propietarios locales, cl\u00e9rigos, oficiales y funcionarios que se hab\u00edan unido a la causa patri\u00f3tica.<\/p>\n<p>El Consejo de Castilla, pese a sus repetidos llamamientos a que era la \u00fanica autoridad legalmente constituida, estaba desacreditado por su sumisi\u00f3n a Murat por lo que las juntas provinciales trataban sus \u00f3rdenes despreciativamente. En septiembre de 1808, los delegados de las juntas provinciales se reunieron en Aranjuez \u2013 ya se hab\u00eda librado la decisiva batalla de Bail\u00e9n a favor de las tropas espa\u00f1olas \u2013 constituyendo la Junta Central. Pero esta Junta ten\u00eda mala fama. La formaban 35 personas presididas por Floridablanca que entre otras cosas pretend\u00eda que, al anciano presidente, se le llamara \u201cmajestad\u201d.<\/p>\n<p>Hab\u00eda empezado la Guerra de la Independencia y el Antiguo R\u00e9gimen hab\u00eda pasado a mejor vida\u2026 aparentemente.<\/p>\n<p><strong>(*)<\/strong>\u00a0La Guardia de Corps (1706-1814), estaba compuesta por gente escogida, recomendada por la nobleza y destinada a prestar servicio en la inmediaci\u00f3n del monarca y generalmente estaba constituida por tropas de Caballer\u00eda. Los soldados del cuerpo de Guardias de Corps ten\u00edan la categor\u00eda de oficiales; los cadetes eran capitanes; los exentos y ayudantes, tenientes coroneles; los tenientes eran generales y los capitanes, Grandes de Espa\u00f1a y Capitanes Generales del ej\u00e9rcito. Al principio, el efectivo total fue bastante reducido, pero m\u00e1s tarde se llegaron a constituir seis compa\u00f1\u00edas o brigadas: unas de italianos y otras de flamencos y espa\u00f1oles e incluso de americanos de noble estirpe hasta completar, al terminar el siglo XVII, unos mil hombres. Tan desproporcionado cuerpo para el prop\u00f3sito que deb\u00eda cumplir y las exageradas prerrogativas de que disfrutaba, sin que el verdadero prestigio ganado por brillantes acciones militares o las cualidades sobresalientes de sus individuos los distinguiesen de los dem\u00e1s cuerpos, propici\u00f3 su desaparici\u00f3n. Posteriormente, esa funci\u00f3n fue desempe\u00f1ada por el cuerpo de Guardias Alabarderos y el escuadr\u00f3n de la Escolta Real.<\/p>\n<p><strong>(**)<\/strong>\u00a0Mar\u00eda Luisa de Borb\u00f3n o Mar\u00eda Luisa de Espa\u00f1a (1782- 1824), era hija de Carlos IV, y por tanto hermana de Fernando VII. En el a\u00f1o 1801, Napole\u00f3n Bonaparte ocupa el territorio del ducado de Parma (que fue un antiguo estado italiano existente entre 1545 y 1860, a excepci\u00f3n de un corto periodo en el que pas\u00f3 a formar parte de Francia) e inmediatamente asigna a los duques de Parma el territorio del reino de Etruria, creado sobre el antiguo Gran Ducado de Toscana. La compensaci\u00f3n territorial se hace ya que la familia Borb\u00f3n de Espa\u00f1a, de la cual era miembro la duquesa, era aliada de la causa bonapartista en aquel momento. El reino de Etruria tiene una ef\u00edmera vida y en 1807 desaparece.<\/p>\n<p><strong>(***)<\/strong>\u00a0Las Guardias Walonas (1713-1815), fue un Cuerpo de Infanter\u00eda reclutado originalmente en los Pa\u00edses Bajos, fundamentalmente en la Valonia cat\u00f3lica. La Guardia valona o walona era un cuerpo escogido en el ej\u00e9rcito del rey, cuya creaci\u00f3n se remonta a la \u00e9poca en la que los Pa\u00edses Bajos formaban parte de la Monarqu\u00eda de los Habsburgo. Se reclutaban entre los hombres m\u00e1s aguerridos y de mayor estatura para ser empleados en misiones de especial riesgo, como encabezar un asalto o cubrir una retirada. Realizaban tambi\u00e9n labores de seguridad ciudadana. Estaba formada por flamencos o valones en n\u00famero de unos 4.000 hombres. Despu\u00e9s de la emancipaci\u00f3n de aquellos territorios, continu\u00f3 subsistiendo en Espa\u00f1a la Infanter\u00eda valona que, junto con la espa\u00f1ola, la irlandesa, la italiana y la suiza, constitu\u00edan los distintos regimientos de soldados profesionales en la Guardia Real y como unidades de refuerzo en tiempo de campa\u00f1a a la Caballer\u00eda e Infanter\u00eda del ej\u00e9rcito espa\u00f1ol.<\/p>\n","protected":false},"excerpt":{"rendered":"<p>Autor:\u00a0Jos\u00e9\u00a0Alberto Cepas Palanca Fuente: Alerta Digital, 30\/10\/2015 Ambiente:\u00a0Los finales del siglo XVIII y los inicios del XIX marcan el ocaso del Antiguo R\u00e9gimen (1808-1814). El a\u00f1o 1808 es la fecha com\u00fanmente aceptada en la historia peninsular para marcar el nacimiento de la Edad Contempor\u00e1nea. El Antiguo R\u00e9gimen se bas\u00f3 en una demograf\u00eda antigua, una natalidad &hellip; <a href=\"https:\/\/blogsaverroes.juntadeandalucia.es\/aldeacordoba\/?p=540\" class=\"more-link\">Continuar leyendo<span class=\"screen-reader-text\"> \u00abEl Antiguo R\u00e9gimen: ocaso y consecuencias.\u00bb<\/span><\/a><\/p>\n","protected":false},"author":168,"featured_media":0,"comment_status":"open","ping_status":"open","sticky":false,"template":"","format":"standard","meta":{"ngg_post_thumbnail":0,"footnotes":""},"categories":[224378,224397],"tags":[224423,224526,224579,224639,224787],"aioseo_notices":[],"_links":{"self":[{"href":"https:\/\/blogsaverroes.juntadeandalucia.es\/aldeacordoba\/index.php?rest_route=\/wp\/v2\/posts\/540"}],"collection":[{"href":"https:\/\/blogsaverroes.juntadeandalucia.es\/aldeacordoba\/index.php?rest_route=\/wp\/v2\/posts"}],"about":[{"href":"https:\/\/blogsaverroes.juntadeandalucia.es\/aldeacordoba\/index.php?rest_route=\/wp\/v2\/types\/post"}],"author":[{"embeddable":true,"href":"https:\/\/blogsaverroes.juntadeandalucia.es\/aldeacordoba\/index.php?rest_route=\/wp\/v2\/users\/168"}],"replies":[{"embeddable":true,"href":"https:\/\/blogsaverroes.juntadeandalucia.es\/aldeacordoba\/index.php?rest_route=%2Fwp%2Fv2%2Fcomments&post=540"}],"version-history":[{"count":0,"href":"https:\/\/blogsaverroes.juntadeandalucia.es\/aldeacordoba\/index.php?rest_route=\/wp\/v2\/posts\/540\/revisions"}],"wp:attachment":[{"href":"https:\/\/blogsaverroes.juntadeandalucia.es\/aldeacordoba\/index.php?rest_route=%2Fwp%2Fv2%2Fmedia&parent=540"}],"wp:term":[{"taxonomy":"category","embeddable":true,"href":"https:\/\/blogsaverroes.juntadeandalucia.es\/aldeacordoba\/index.php?rest_route=%2Fwp%2Fv2%2Fcategories&post=540"},{"taxonomy":"post_tag","embeddable":true,"href":"https:\/\/blogsaverroes.juntadeandalucia.es\/aldeacordoba\/index.php?rest_route=%2Fwp%2Fv2%2Ftags&post=540"}],"curies":[{"name":"wp","href":"https:\/\/api.w.org\/{rel}","templated":true}]}}