{"id":546,"date":"2018-09-28T05:48:17","date_gmt":"2018-09-28T04:48:17","guid":{"rendered":"https:\/\/jmoragahc.wordpress.com\/?p=546"},"modified":"2018-09-28T05:48:17","modified_gmt":"2018-09-28T04:48:17","slug":"del-brutalismo-del-mariscal-tito-al-valle-de-los-caidos-la-reivindicada-arquitectura-de-los-dictadores","status":"publish","type":"post","link":"https:\/\/blogsaverroes.juntadeandalucia.es\/aldeacordoba\/?p=546","title":{"rendered":"Del brutalismo del mariscal Tito al Valle de los Ca\u00eddos: la reivindicada arquitectura de los dictadores."},"content":{"rendered":"<figure style=\"width: 1960px\" class=\"wp-caption aligncenter\"><img loading=\"lazy\" decoding=\"async\" class=\"size-large\" src=\"https:\/\/ep01.epimg.net\/elpais\/imagenes\/2018\/08\/28\/icon\/1535440496_033555_1535440930_noticia_normal_recorte1.jpg\" width=\"1960\" height=\"1298\" \/><figcaption class=\"wp-caption-text\">Monumento brutalista al levantamiento del pueblo de Kordun y Banija construido durante la Segunda Guerra Mundial por el arquitecto Veliki Petrovac en Croacia.<\/figcaption><\/figure>\n<p><strong>Autor:<\/strong> <strong>Mario Su\u00e1rez<\/strong>,<\/p>\n<p><strong>Fuente:<\/strong> <a href=\"https:\/\/elpais.com\/elpais\/2018\/08\/28\/icon\/1535440496_033555.html\"><em>El Pa\u00eds<\/em><\/a>, 29\/08\/2018<\/p>\n<p style=\"text-align:justify\">Bogdan Bogdanovi\u0107 (Belgrado, 1922- Viena, 2010) probablemente fue uno de los arquitectos europeos m\u00e1s importantes del siglo XX. Pero pocos conocen su nombre. Ni sus obras. El\u00a0<a href=\"https:\/\/elpais.com\/diario\/1991\/09\/26\/internacional\/685836002_850215.html\" target=\"_blank\" rel=\"noopener noreferrer\">mariscal Tito,<\/a>\u00a0el dictador yugoslavo que estuvo en el poder desde el final de la Segunda Guerra Mundial hasta su muerte en 1980, le encarg\u00f3 la construcci\u00f3n de 20 monumentos conmemorativos contra el fascismo. Hoy, muchos de estos espacios est\u00e1n marginados, relegados por su vinculaci\u00f3n con la dictadura socialista.<\/p>\n<p style=\"text-align:justify\">El caso de Bogdanovi\u0107 no es el \u00fanico. Se podr\u00edan a\u00f1adir a la lista de arquitectos de la ex-Yugoslavia en el olvido por su relaci\u00f3n con un r\u00e9gimen dictatorial nombres como Juraj Neidhardt, Svetlana Kana Radevi\u0107, Edward Ravinikar, Vjenceslav Richter o Milica Steri\u0107. Todos ellos forman parte de una exposici\u00f3n en el MoMA (Museo de Arte Moderno) de Nueva York que habla de memoria y de justicia arquitect\u00f3nica,\u00a0<a href=\"https:\/\/www.moma.org\/calendar\/exhibitions\/3931\" target=\"_blank\" rel=\"noopener noreferrer\"><em>Concrete Utopia: Architecture in Yugoslavia, 1948-1980<\/em><\/a><em>.<\/em>Esta muestra abre el debate sobre los grandes y olvidados arquitectos que colaboraron en la difusi\u00f3n de las dictaduras europeas, como la de Franco o Hitler.<\/p>\n<section id=\"sumario_1|foto\" class=\"sumario_foto centro\"><a name=\"sumario_1\"><\/a><\/p>\n<div class=\"sumario__interior\">\n<figure class=\"foto foto_w980\">\n<p><figure style=\"width: 980px\" class=\"wp-caption aligncenter\"><img loading=\"lazy\" decoding=\"async\" src=\"https:\/\/ep01.epimg.net\/elpais\/imagenes\/2018\/08\/28\/icon\/1535440496_033555_1535441756_sumario_normal.jpg\" alt=\"La torre Avala TV, cerca de Belgrado. Destruida en 1999 y reconstruida en 2010. Sus arquitectos son Ugljes\u030ca Bogunovic\u0301 y Slobodan Janjic\u0301.\" width=\"980\" height=\"1225\" \/><figcaption class=\"wp-caption-text\">La torre Avala TV, cerca de Belgrado. Destruida en 1999 y reconstruida en 2010. Sus arquitectos son Ugljes\u030ca Bogunovic\u0301 y Slobodan Janjic\u0301.<\/figcaption><\/figure><figcaption class=\"foto-pie\"><\/figcaption><\/figure>\n<div class=\"sumario-texto\"><\/div>\n<\/div>\n<\/section>\n<p style=\"text-align:justify\">La exposici\u00f3n que acoge el MoMA habla, a trav\u00e9s de 400 dibujos, maquetas y fotograf\u00edas de la capacidad arquitect\u00f3nica de la \u00e9poca socialista, con ejemplos de brutalismo y experimentaci\u00f3n constructiva desconocida a\u00fan hoy, casi tres d\u00e9cadas despu\u00e9s desde la ca\u00edda de la Rep\u00fablica de Yugoslavia en 1992. \u201cLa muestra excede la visi\u00f3n de lo p\u00fablico, habla de este brutalismo pop, muy reivindicado hoy en redes sociales como Instagram. Pero tambi\u00e9n es una muestra pol\u00e9mica, porque estos edificios se construyeron para conmemorar victorias socialistas y, tras la ca\u00edda de la dictadura de Tito, se quedaron abandonados\u201d, cuenta Iv\u00e1n L\u00f3pez Munuera, comisario de exposiciones y cr\u00edtico de arte y arquitectura.<\/p>\n<section id=\"sumario_3|foto\" class=\"sumario_foto derecha\"><a name=\"sumario_3\"><\/a><\/p>\n<div class=\"sumario__interior\">\n<figure class=\"foto foto_w360\">\n<p><figure style=\"width: 360px\" class=\"wp-caption alignleft\"><img loading=\"lazy\" decoding=\"async\" src=\"https:\/\/ep01.epimg.net\/elpais\/imagenes\/2018\/08\/28\/icon\/1535440496_033555_1535442341_sumario_normal.jpg\" alt=\"Ilinden, conocido como Makedonium, es un monumento en Kru\u0161evo, Rep\u00fablica de Macedonia.\" width=\"360\" height=\"270\" \/><figcaption class=\"wp-caption-text\">Ilinden, conocido como Makedonium, es un monumento en Kru\u0161evo, Rep\u00fablica de Macedonia.<\/figcaption><\/figure><figcaption class=\"foto-pie\"><\/figcaption><\/figure>\n<\/div>\n<\/section>\n<p style=\"text-align:justify\">Si en las \u00faltimas tres d\u00e9cadas muchas de estas joyas arquitect\u00f3nicas fueron aniquiladas del patrimonio \u2013hoy recuperados por el fen\u00f3meno del\u00a0<a href=\"https:\/\/elpais.com\/elpais\/2017\/02\/06\/icon\/1486400544_544895.html\" target=\"_blank\" rel=\"noopener noreferrer\">brutalismo en Instagram<\/a>\u2013, lo mismo pas\u00f3 con esos arquitectos. Bogdanivi\u0107, por ejemplo, con la llegada del nacionalismo serbio de\u00a0<a href=\"https:\/\/elpais.com\/internacional\/2006\/03\/11\/actualidad\/1142031605_850215.html\" target=\"_blank\" rel=\"noopener noreferrer\">Slobodan Milo\u0161evi\u0107,<\/a>\u00a0vivi\u00f3 como disidente en su propio pa\u00eds. \u201cEsta muestra plantea cuestiones contempor\u00e1neas sobre memoria e historia, abre un debate sobre la integraci\u00f3n de los monumentos contempor\u00e1neos en el patrimonio. Es muy trasladable a lo que est\u00e1 pasando en Espa\u00f1a con el Valle de los Ca\u00eddos, sobre c\u00f3mo los monumentos pueden contener diferentes ideolog\u00edas\u201d, explica L\u00f3pez Munuera.<\/p>\n<p style=\"text-align:justify\">Yugoslavia, que en los a\u00f1os de dictadura socialista vivi\u00f3 en la llamada Tercera V\u00eda \u2013alejada de la Guerra Fr\u00eda\u2013 focaliz\u00f3 su modernizaci\u00f3n en la mejora de la vida cotidiana de los ciudadanos con grandes propuestas de urbanismo. Aqu\u00ed la arquitectura tom\u00f3 un rumbo pol\u00edtico que se materializ\u00f3 en grandes rascacielos, edificios con formas sorprendentes y magnos monumentos.<\/p>\n<p style=\"text-align:justify\">\u201cExisten ejemplos como la Biblioteca Nacional de Kosovo, que tiene referencias otomanas, brutalistas \u2013fue utilizada para los refugiados de Bosnia-Herzogovina y Croacia durante la guerra de Yugoslavia\u00ad\u2013 y que realmente hoy se entiende como un monumento a las relaciones entre las diferentes identidades, que incluso fue reivindicado por\u00a0<a href=\"https:\/\/elpais.com\/cultura\/2014\/01\/14\/actualidad\/1389727526_034092.html\" target=\"_blank\" rel=\"noopener noreferrer\">Susan Sontag\u201d,<\/a>\u00a0comenta el cr\u00edtico de arquitectura. \u201cAlgo parecido deber\u00eda hacerse con el\u00a0<a href=\"https:\/\/elpais.com\/elpais\/2018\/08\/24\/album\/1535106996_630014.html\" target=\"_blank\" rel=\"noopener noreferrer\">Valle de los Ca\u00eddos,<\/a>\u00a0no desmontarlo. Lo acertado es transformarlo en un lugar de discusi\u00f3n\u201d, a\u00f1ade.<\/p>\n<section id=\"sumario_2|foto\" class=\"sumario_foto centro\"><a name=\"sumario_2\"><\/a><\/p>\n<div class=\"sumario__interior\">\n<figure class=\"foto foto_w980\">\n<p><figure style=\"width: 980px\" class=\"wp-caption aligncenter\"><img loading=\"lazy\" decoding=\"async\" src=\"https:\/\/ep01.epimg.net\/elpais\/imagenes\/2018\/08\/28\/icon\/1535440496_033555_1535441918_sumario_normal.jpg\" alt=\"La Biblioteca Nacional de Kosovo, del arquitecto Andrija Mutnjakovic.\" width=\"980\" height=\"559\" \/><figcaption class=\"wp-caption-text\">La Biblioteca Nacional de Kosovo, del arquitecto Andrija Mutnjakovic.<\/figcaption><\/figure><figcaption class=\"foto-pie\"><\/figcaption><\/figure>\n<div class=\"sumario-texto\"><\/div>\n<\/div>\n<\/section>\n<p style=\"text-align:justify\">En Espa\u00f1a, tras la\u00a0<a href=\"https:\/\/elpais.com\/politica\/2018\/08\/24\/actualidad\/1535138882_847574.html\" target=\"_blank\" rel=\"noopener noreferrer\">decisi\u00f3n del gobierno<\/a>\u00a0de exhumar los restos de Franco de su mausoleo, comienza el debate de reivindicar la figura de arquitectos adscritos a la dictadura franquista, como Pedro Muguruza y Diego M\u00e9ndez \u2013arquitectos del Valle\u2013 o Francisco de As\u00eds Cabrero, entre otros. \u201cFueron una serie de arquitectos que, en edad temprana y antes de la Guerra Civil, experimentaron mucho, aunque luego se dejaron llevar por el falangismo\u201d, cuenta David Pallol, historiador y autor de\u00a0<em>Construyendo un imperio: Gu\u00eda de la Arquitectura franquista en el Madrid de la Posguerra<\/em>\u00a0(La Librer\u00eda).<\/p>\n<p style=\"text-align:justify\">El Palacio de La Prensa y el edificio Coliseum, de Pedro Muguruza y\u00a0<a href=\"https:\/\/elpais.com\/diario\/1978\/05\/02\/sociedad\/262908001_850215.html\" target=\"_blank\" rel=\"noopener noreferrer\">Casto Fern\u00e1ndez-Shaw,<\/a>\u00a0situado en el coraz\u00f3n de la Gran V\u00eda de Madrid; o la Casa Sindical \u2013actual Ministerio de Sanidad\u2013, de Francisco de As\u00eds Cabrero y Rafael Aburto, son ejemplos de buena arquitectura de vanguardia realizada por arquitectos adscritos al r\u00e9gimen. \u201cSiguieron las directrices de la Escuela de Chicago. Se fijaban mucho en Nueva York, aunque lo m\u00e1s interesante que hicieron durante el r\u00e9gimen fueron las viviendas sociales\u201d, a\u00f1ade Pallol. \u201cLa colonia de casas de la Virgen del Pilar (Avenida de Am\u00e9rica) fue una propuesta muy experimental, con nuevas t\u00e9cnicas de construcci\u00f3n que, al no representar al poder, se creaban con m\u00e1s audacia por estos arquitectos\u201d, remata el historiador.<\/p>\n<section id=\"sumario_5|foto\" class=\"sumario_foto centro\"><a name=\"sumario_5\"><\/a><\/p>\n<div class=\"sumario__interior\">\n<figure class=\"foto foto_w980\">\n<p><figure style=\"width: 980px\" class=\"wp-caption aligncenter\"><img loading=\"lazy\" decoding=\"async\" src=\"https:\/\/ep01.epimg.net\/elpais\/imagenes\/2018\/08\/28\/icon\/1535440496_033555_1535445438_sumario_normal.jpg\" alt=\"Palacio de la Prensa, del arquitecto falangista Pedro Muguruza, y el edificio Capitol, de los arquitectos Luis Mart\u00ednez-Feduchi y Vicente Eced y Eced.\" width=\"980\" height=\"654\" \/><figcaption class=\"wp-caption-text\">Palacio de la Prensa, del arquitecto falangista Pedro Muguruza, y el edificio Capitol, de los arquitectos Luis Mart\u00ednez-Feduchi y Vicente Eced y Eced.\u00a0GETTY IMAGES<\/figcaption><\/figure><figcaption class=\"foto-pie\"><\/figcaption><\/figure>\n<div class=\"sumario-texto\"><\/div>\n<\/div>\n<\/section>\n<p style=\"text-align:justify\">\u201cRespecto al Valle de los Ca\u00eddos, desde el punto de vista arquitect\u00f3nico, no vale nada, es plomizo, muy pesado, t\u00e9trico. No hay por d\u00f3nde cogerlo. Lo \u00fanico que tiene valor es lo paisaj\u00edstico. El propio Muguruza tuvo que luchar mucho contra Franco, porque el dictador ten\u00eda un concepto mucho m\u00e1s caduco de la arquitectura y quer\u00eda meter cruces por todos lados\u201d, explica Pallol.<\/p>\n<p style=\"text-align:justify\">La recuperaci\u00f3n y puesta en valor de estas construcciones realizadas en periodos dictatoriales en Europa tambi\u00e9n se cuestiona en Alemania con los restos arquitect\u00f3nicos de los nazis. El \u00faltimo ha sido el Campo Zeppelin levantado por el arquitecto del Tercer Reich\u00a0<a href=\"https:\/\/elpais.com\/diario\/2005\/03\/19\/babelia\/1111190779_850215.html\" target=\"_blank\" rel=\"noopener noreferrer\">Albert Speer,<\/a>\u00a0en N\u00fcremberg. Esta mole de 1934, inspirada en el Altar de P\u00e9rgado de origen hel\u00e9nico para ver los desfiles militares nazis, se cae a pedazos. Nadie se atreve a poner sobre una mesa los 70 millones de euros que costar\u00eda su restauraci\u00f3n.<\/p>\n<section id=\"sumario_4|foto\" class=\"sumario_foto centro\"><a name=\"sumario_4\"><\/a><\/p>\n<div class=\"sumario__interior\">\n<figure class=\"foto foto_w980\">\n<p><figure style=\"width: 980px\" class=\"wp-caption aligncenter\"><img loading=\"lazy\" decoding=\"async\" src=\"https:\/\/ep01.epimg.net\/elpais\/imagenes\/2018\/08\/28\/icon\/1535440496_033555_1535442518_sumario_normal.jpg\" alt=\"Campo Zeppelin levantado por el arquitecto del Tercer Reich Albert Speer, en N\u00fcremberg.\" width=\"980\" height=\"621\" \/><figcaption class=\"wp-caption-text\">Campo Zeppelin levantado por el arquitecto del Tercer Reich Albert Speer, en N\u00fcremberg.\u00a0ALAMY<\/figcaption><\/figure><figcaption class=\"foto-pie\"><\/figcaption><\/figure>\n<\/div>\n<\/section>\n<p style=\"text-align:justify\">\n","protected":false},"excerpt":{"rendered":"<p>Autor: Mario Su\u00e1rez, Fuente: El Pa\u00eds, 29\/08\/2018 Bogdan Bogdanovi\u0107 (Belgrado, 1922- Viena, 2010) probablemente fue uno de los arquitectos europeos m\u00e1s importantes del siglo XX. Pero pocos conocen su nombre. Ni sus obras. El\u00a0mariscal Tito,\u00a0el dictador yugoslavo que estuvo en el poder desde el final de la Segunda Guerra Mundial hasta su muerte en 1980, &hellip; <a href=\"https:\/\/blogsaverroes.juntadeandalucia.es\/aldeacordoba\/?p=546\" class=\"more-link\">Continuar leyendo<span class=\"screen-reader-text\"> \u00abDel brutalismo del mariscal Tito al Valle de los Ca\u00eddos: la reivindicada arquitectura de los dictadores.\u00bb<\/span><\/a><\/p>\n","protected":false},"author":168,"featured_media":0,"comment_status":"open","ping_status":"open","sticky":false,"template":"","format":"standard","meta":{"ngg_post_thumbnail":0,"footnotes":""},"categories":[224394,224399],"tags":[224432,224925,224958],"aioseo_notices":[],"_links":{"self":[{"href":"https:\/\/blogsaverroes.juntadeandalucia.es\/aldeacordoba\/index.php?rest_route=\/wp\/v2\/posts\/546"}],"collection":[{"href":"https:\/\/blogsaverroes.juntadeandalucia.es\/aldeacordoba\/index.php?rest_route=\/wp\/v2\/posts"}],"about":[{"href":"https:\/\/blogsaverroes.juntadeandalucia.es\/aldeacordoba\/index.php?rest_route=\/wp\/v2\/types\/post"}],"author":[{"embeddable":true,"href":"https:\/\/blogsaverroes.juntadeandalucia.es\/aldeacordoba\/index.php?rest_route=\/wp\/v2\/users\/168"}],"replies":[{"embeddable":true,"href":"https:\/\/blogsaverroes.juntadeandalucia.es\/aldeacordoba\/index.php?rest_route=%2Fwp%2Fv2%2Fcomments&post=546"}],"version-history":[{"count":0,"href":"https:\/\/blogsaverroes.juntadeandalucia.es\/aldeacordoba\/index.php?rest_route=\/wp\/v2\/posts\/546\/revisions"}],"wp:attachment":[{"href":"https:\/\/blogsaverroes.juntadeandalucia.es\/aldeacordoba\/index.php?rest_route=%2Fwp%2Fv2%2Fmedia&parent=546"}],"wp:term":[{"taxonomy":"category","embeddable":true,"href":"https:\/\/blogsaverroes.juntadeandalucia.es\/aldeacordoba\/index.php?rest_route=%2Fwp%2Fv2%2Fcategories&post=546"},{"taxonomy":"post_tag","embeddable":true,"href":"https:\/\/blogsaverroes.juntadeandalucia.es\/aldeacordoba\/index.php?rest_route=%2Fwp%2Fv2%2Ftags&post=546"}],"curies":[{"name":"wp","href":"https:\/\/api.w.org\/{rel}","templated":true}]}}