{"id":549,"date":"2018-10-02T05:55:32","date_gmt":"2018-10-02T04:55:32","guid":{"rendered":"https:\/\/jmoragahc.wordpress.com\/?p=549"},"modified":"2018-10-02T05:55:32","modified_gmt":"2018-10-02T04:55:32","slug":"la-forja-del-eje","status":"publish","type":"post","link":"https:\/\/blogsaverroes.juntadeandalucia.es\/aldeacordoba\/?p=549","title":{"rendered":"La forja del Eje."},"content":{"rendered":"<p><img loading=\"lazy\" decoding=\"async\" class=\"size-large aligncenter\" src=\"https:\/\/estaticos.muyhistoria.es\/media\/cache\/760x570_thumb\/uploads\/images\/article\/5b8e4b705cafe851a5164c35\/tratado-versalles-1919_0.jpg\" width=\"760\" height=\"570\" \/><\/p>\n<p><strong>Autor:<\/strong> <strong>Nacho Otero.<\/strong><\/p>\n<p>Fuente: <a href=\"https:\/\/www.muyhistoria.es\/contemporanea\/articulo\/la-forja-del-eje-741536051794\"><em>muyhistoria<\/em><\/a>.<\/p>\n<div id=\"paragraph_1\" class=\"article--paragraph\">\n<p style=\"text-align:justify\">C\u00f3mo tres pa\u00edses tan distantes y distintos como la n\u00f3rdica y severa\u00a0<a class=\"textlink\" title=\"Los protagonistas de la divisi\u00f3n de Alemania\" href=\"https:\/\/www.muyhistoria.es\/h-moderna\/articulo\/los-protagonistas-de-la-division-de-alemania\">Alemania<\/a>, la mediterr\u00e1nea y exuberante\u00a0<a class=\"textlink\" title=\"\u00bfCu\u00e1ndo naci\u00f3 el fascismo italiano?\" href=\"https:\/\/www.muyhistoria.es\/curiosidades\/preguntas-respuestas\/cuando-nacio-el-fascismo-italiano-611490183604\">Italia<\/a>\u00a0y el impenetrable y lejano\u00a0<a class=\"textlink\" title=\"Jap\u00f3n firma su rendici\u00f3n\" href=\"https:\/\/www.muyhistoria.es\/contemporanea\/articulo\/el-65-aniversario-del-fin-de-la-ii-g\">Jap\u00f3n<\/a>\u00a0\u2013bajo el liderazgo de un veterano de guerra austr\u00edaco de clase media, un buscavidas ex socialista de humilde extracci\u00f3n y un arist\u00f3crata de origen divino (la familia imperial nipona, seg\u00fan la tradici\u00f3n sinto\u00edsta, desciende de la diosa Amaterasu)\u2013 se convirtieron en aliados y amigos se explica por numerosos factores. El m\u00e1s obvio,\u00a0<strong>la confluencia de intereses ideol\u00f3gicos, en el umbral de una conflagraci\u00f3n a escala global, entre el nazismo germano, el fascismo italiano y el militarismo japon\u00e9s<\/strong>; asimismo, la necesidad de Hitler de recabar ayuda en \u00e1reas geoestrat\u00e9gicas que le hubiera costado controlar por s\u00ed solo, y la de sus socios de apoyarse en el poderoso\u00a0<a class=\"textlink\" title=\"\u00bfPor qu\u00e9 se dio el nombre de Tercer Reich?\" href=\"https:\/\/www.muyhistoria.es\/curiosidades\/preguntas-respuestas\/por-que-se-dio-el-nombre-de-tercer-reich-731495437804\">Tercer Reich<\/a>\u00a0para alcanzar sus propios objetivos. Por eso esta alianza prosper\u00f3, y no as\u00ed el Bloque Latino con que so\u00f1ara Mussolini: la mera similitud cultural no era argamasa suficientemente s\u00f3lida para un frente com\u00fan.<\/p>\n<p style=\"text-align:justify\">Pero en la aproximaci\u00f3n de las tres naciones, que se inici\u00f3 mucho antes del Pacto Tripartito de 1940,\u00a0<strong>pes\u00f3 adem\u00e1s un motivo de car\u00e1cter m\u00e1s emocional que pol\u00edtico, convenientemente agitado por sus respectivos dirigentes: un sentimiento solidario de humillaci\u00f3n y derrota<\/strong>.<\/p>\n<p style=\"text-align:justify\">El germen de este rencor nacionalista hay que buscarlo en el resultado de la anterior contienda mundial y, concretamente,\u00a0<strong>en las condiciones (e incumplimientos) del llamado Tratado de Versalles, que cerr\u00f3 \u2013en falso, como luego se ver\u00eda\u2013 las heridas de la Guerra del 14<\/strong>. Con raz\u00f3n o sin ella \u2013con m\u00e1s raz\u00f3n en unos casos que en otros\u2013, tanto Alemania como Italia y Jap\u00f3n se sent\u00edan \u201cparte damnificada\u201d por dicho acuerdo: a la primera, la gran perdedora de la\u00a0<a class=\"textlink\" title=\"\u00bfCu\u00e1ntos kil\u00f3metros de trincheras se excavaron en la I Guerra Mundial?\" href=\"https:\/\/www.muyhistoria.es\/curiosidades\/preguntas-respuestas\/icuantos-kilometros-de-trincheras-se-excavaron-en-la-i-guerra-mundial\">I Guerra Mundial<\/a>, se le impusieron en 1919-1920 sanciones draconianas y duras limitaciones (desarme absoluto, importantes concesiones territoriales, exorbitantes indemnizaciones) que hundieron su econom\u00eda durante la Rep\u00fablica de Weimar; a la segunda, pese a haber luchado en el bando ganador, se la ningune\u00f3 en el reparto del \u201cbot\u00edn\u201d incumpliendo las promesas de Francia e Inglaterra; al tercero, tambi\u00e9n alineado en aquella ocasi\u00f3n con los vencedores, se le vej\u00f3 desde la misma mesa de negociaciones, de la que fue apartado con excusas netamente racistas.<\/p>\n<p style=\"text-align:justify\">Ese fue el caldo de cultivo del ascenso de los fascismos europeos, que desde 1931 contaron con un sosias en Jap\u00f3n, el gobierno militar sustentado en el movimiento Kodoha (Facci\u00f3n del Camino Imperial). As\u00ed,\u00a0<strong>a partir de los a\u00f1os 30, se intensificaron los contactos entre los tres \u201cresentidos de Versalles\u201d que culminar\u00edan en la forja del Eje<\/strong>. No obstante, a diferencia de lo que ocurri\u00f3 con los\u00a0<a class=\"textlink\" title=\"La reacci\u00f3n de los aliados en la II Guerra Mundial\" href=\"https:\/\/www.muyhistoria.es\/contemporanea\/articulo\/la-reaccion-de-los-aliados-en-la-ii-guerra-mundial-821535018251\">aliados<\/a>, nunca lleg\u00f3 a haber una reuni\u00f3n conjunta de los tres l\u00edderes del Eje: la naturaleza sagrada del emperador Hirohito le imped\u00eda aparecer en p\u00fablico para mezclarse en asuntos mundanos, hasta el punto de que en los carteles propagand\u00edsticos que celebraban la amistad de Jap\u00f3n con Alemania e Italia su efigie era sustituida por la del primer ministro Fumimaro Konoe, pues otra cosa hubiera sido irreverente. Mussolini y Hitler, sin embargo, s\u00ed mantuvieron encuentros con bastante regularidad, encuentros que iban a empezar a propuesta del primero.<\/p>\n<\/div>\n<div id=\"paragraph_2\" class=\"article--paragraph\">\n<h2 style=\"text-align:justify\">Mussolini toma la iniciativa<\/h2>\n<p style=\"text-align:justify\">Porque, aunque ser\u00eda l\u00f3gico pensar lo contrario dada su posici\u00f3n jer\u00e1rquica en la historia, lo cierto es que\u00a0<strong>Hitler fue a rebufo del Duce en el progresivo acercamiento entre las Potencias del Eje<\/strong>; al principio, ya que luego le tomar\u00eda la delantera y tendr\u00eda literalmente que empujarle a involucrarse en el esfuerzo b\u00e9lico. De hecho, en honor a la verdad, el italiano hab\u00eda precedido al germano en casi todo:\u00a0<strong>fund\u00f3 los Fasci di Combattimento, germen del Partido Nacional Fascista, el 23 de marzo de 1919 en Mil\u00e1n<\/strong>\u00a0\u2013el NSDAP o\u00a0<a class=\"textlink\" title=\"El irresistible ascenso del Partido Nazi\" href=\"https:\/\/www.muyhistoria.es\/contemporanea\/articulo\/el-irresistible-ascenso-del-partido-nazi-421535112484\">Partido Nazi<\/a>\u00a0naci\u00f3 el 24 de febrero de 1920 en M\u00fanich;\u00a0<strong>dio el golpe que lo llev\u00f3 al poder a finales de 1922<\/strong>, mientras que a los nazis les cost\u00f3 m\u00e1s de una d\u00e9cada alcanzarlo (1933);\u00a0<strong>inici\u00f3 su escalada colonialista e imperialista \u2013Libia, Abisinia (Etiop\u00eda)\u2013 antes que su hom\u00f3logo (en 1934)<\/strong>&#8230; e incluso se le adelant\u00f3 en el uso de un t\u00edtulo de resonancias cl\u00e1sicas y pretensiones grandilocuentes. En efecto, Mussolini escogi\u00f3 para s\u00ed el ep\u00edteto latino Dux \u2013transformado en Duce\u2013, que significa general, caudillo, y eso estimul\u00f3 a Hitler a hacer lo propio con la palabra alemana\u00a0<a class=\"textlink\" title=\"\u00bfPor qu\u00e9 Adolf Hitler adopt\u00f3 el t\u00edtulo de 'F\u00fchrer'?\" href=\"https:\/\/www.muyhistoria.es\/curiosidades\/preguntas-respuestas\/por-que-adolf-hitler-adopto-el-titulo-de-fuhrer-581503672187\">F\u00fchrer<\/a>\u00a0(jefe, l\u00edder, gu\u00eda, conductor).<\/p>\n<\/div>\n","protected":false},"excerpt":{"rendered":"<p>Autor: Nacho Otero. Fuente: muyhistoria. C\u00f3mo tres pa\u00edses tan distantes y distintos como la n\u00f3rdica y severa\u00a0Alemania, la mediterr\u00e1nea y exuberante\u00a0Italia\u00a0y el impenetrable y lejano\u00a0Jap\u00f3n\u00a0\u2013bajo el liderazgo de un veterano de guerra austr\u00edaco de clase media, un buscavidas ex socialista de humilde extracci\u00f3n y un arist\u00f3crata de origen divino (la familia imperial nipona, seg\u00fan la &hellip; <a href=\"https:\/\/blogsaverroes.juntadeandalucia.es\/aldeacordoba\/?p=549\" class=\"more-link\">Continuar leyendo<span class=\"screen-reader-text\"> \u00abLa forja del Eje.\u00bb<\/span><\/a><\/p>\n","protected":false},"author":168,"featured_media":0,"comment_status":"open","ping_status":"open","sticky":false,"template":"","format":"standard","meta":{"ngg_post_thumbnail":0,"footnotes":""},"categories":[224390],"tags":[224416,224563,224668,224712,224785],"aioseo_notices":[],"_links":{"self":[{"href":"https:\/\/blogsaverroes.juntadeandalucia.es\/aldeacordoba\/index.php?rest_route=\/wp\/v2\/posts\/549"}],"collection":[{"href":"https:\/\/blogsaverroes.juntadeandalucia.es\/aldeacordoba\/index.php?rest_route=\/wp\/v2\/posts"}],"about":[{"href":"https:\/\/blogsaverroes.juntadeandalucia.es\/aldeacordoba\/index.php?rest_route=\/wp\/v2\/types\/post"}],"author":[{"embeddable":true,"href":"https:\/\/blogsaverroes.juntadeandalucia.es\/aldeacordoba\/index.php?rest_route=\/wp\/v2\/users\/168"}],"replies":[{"embeddable":true,"href":"https:\/\/blogsaverroes.juntadeandalucia.es\/aldeacordoba\/index.php?rest_route=%2Fwp%2Fv2%2Fcomments&post=549"}],"version-history":[{"count":0,"href":"https:\/\/blogsaverroes.juntadeandalucia.es\/aldeacordoba\/index.php?rest_route=\/wp\/v2\/posts\/549\/revisions"}],"wp:attachment":[{"href":"https:\/\/blogsaverroes.juntadeandalucia.es\/aldeacordoba\/index.php?rest_route=%2Fwp%2Fv2%2Fmedia&parent=549"}],"wp:term":[{"taxonomy":"category","embeddable":true,"href":"https:\/\/blogsaverroes.juntadeandalucia.es\/aldeacordoba\/index.php?rest_route=%2Fwp%2Fv2%2Fcategories&post=549"},{"taxonomy":"post_tag","embeddable":true,"href":"https:\/\/blogsaverroes.juntadeandalucia.es\/aldeacordoba\/index.php?rest_route=%2Fwp%2Fv2%2Ftags&post=549"}],"curies":[{"name":"wp","href":"https:\/\/api.w.org\/{rel}","templated":true}]}}