{"id":557,"date":"2018-10-05T07:19:28","date_gmt":"2018-10-05T06:19:28","guid":{"rendered":"https:\/\/jmoragahc.wordpress.com\/?p=557"},"modified":"2018-10-05T07:19:28","modified_gmt":"2018-10-05T06:19:28","slug":"la-conferencia-de-potsdam-el-reparto-del-mundo-entre-los-ganadores-de-la-guerra","status":"publish","type":"post","link":"https:\/\/blogsaverroes.juntadeandalucia.es\/aldeacordoba\/?p=557","title":{"rendered":"La conferencia de Potsdam: el reparto del mundo entre los ganadores de la guerra."},"content":{"rendered":"<p><img loading=\"lazy\" decoding=\"async\" class=\"size-large aligncenter\" src=\"http:\/\/www.laizquierdadiario.com\/local\/cache-vignettes\/L700xH562\/arton20418-d464a.jpg?1525577172\" width=\"700\" height=\"562\" \/><\/p>\n<p>Autora:\u00a0<a href=\"http:\/\/www.laizquierdadiario.com\/Gabriela-Liszt\">Gabriela Liszt<\/a>, 17\/07\/2018.<\/p>\n<p>Fuente: <a href=\"http:\/\/www.laizquierdadiario.com\/La-conferencia-de-Potsdam-el-reparto-del-mundo-entre-los-ganadores-de-la-guerra\">laizquierdadiario.com<\/a><\/p>\n<p style=\"text-align:justify\">La Conferencia de Teher\u00e1n se realiz\u00f3 entre noviembre y diciembre de 1943, entre Churchill (Gran Breta\u00f1a), Roosevelt (EEUU) y Stalin (URSS). Yalta en febrero de 1945, ya casi terminada la guerra. La conferencia de Potsdam se realiz\u00f3 en la ciudad del mismo nombre (cerca de Berl\u00edn, Alemania), entre el 17 de julio y el 2 de agosto de 1945.<\/p>\n<p style=\"text-align:justify\">La Uni\u00f3n Sovi\u00e9tica ya hab\u00eda derrotado al nazismo, primero en Stalingrado en febrero de 1943, y\u00a0<a href=\"http:\/\/www.laizquierdadiario.com\/Ganadores-y-perdedores-de-la-Segunda-Guerra-Mundial-15712\">luego de su entrada a Berl\u00edn<\/a>, por lo que tuvo que ser reconocida como ganadora por los imperialismos Aliados. EEUU a\u00fan no hab\u00eda entrado en la guerra, salvo en la zona del Pac\u00edfico. Reci\u00e9n har\u00eda su \u201centreda triunfal\u201d en\u00a0<a href=\"http:\/\/www.laizquierdadiario.com\/spip.php?page=movil-nota&amp;id_article=17690\">el \u201cD\u00eda D\u201d<\/a>. En el caso de Potsdam, asistieron Truman, que reemplaz\u00f3 a Roosevelt dado su fallecimiento; Churchill (acompa\u00f1ado por Clement Atllee del Partido Laborista) y Stalin.<\/p>\n<h3 class=\"spip\" style=\"text-align:justify\">El reparto del mundo luego de la Segunda Guerra<\/h3>\n<p style=\"text-align:justify\">All\u00ed acordaron, entre otros, c\u00f3mo administrar\u00edan Alemania, que se hab\u00eda rendido incondicionalmente nueve semanas antes, el 8 de mayo. El acuerdo establec\u00eda la divisi\u00f3n de Alemania en cuatro zonas de ocupaci\u00f3n (ya acordada en la conferencia de Yalta), y una divisi\u00f3n similar de Berl\u00edn y Viena, y un Consejo Supremo de Control dirigido por EEUU, Francia, Gran Breta\u00f1a y la URSS, los 4 ocupantes). Viena, Austria y Polonia tambi\u00e9n fueron divididas en una forma similar.<\/p>\n<p style=\"text-align:justify\">Las colonias hab\u00edan sido atra\u00eddas por EEUU, por ser la potencia en ascenso y permitir cierta libertad pol\u00edtica, pasando a ser semicolonias. EEUU se convert\u00eda en el dominador principal econ\u00f3mico, pol\u00edtica y militarmente del mundo y las excolonias (inglesas, francesas, etc,) en general pasaron su \u00f3rbita de influencia.<\/p>\n<p style=\"text-align:justify\">La Conferencia de Potsdam estudi\u00f3 los territorios que hab\u00edan de someterse a la tutela sovi\u00e9tica:<\/p>\n<p style=\"text-align:justify\">\n<ul style=\"text-align:justify\">\n<li>\u00a0Absorci\u00f3n de los pa\u00edses sat\u00e9lites (glacis).<\/li>\n<li>\u00a0Intervenci\u00f3n, por la fuerza, para liquidar reg\u00edmenes contrarios a su visi\u00f3n de la pol\u00edtica (consideraci\u00f3n muy especial al caso de Espa\u00f1a, Francia, Italia).<\/li>\n<li>\u00a0Estudio de los Mandatos de Siria y L\u00edbano.<\/li>\n<li>\u00a0Polonia y sus fronteras, a expensas del territorio alem\u00e1n.<\/li>\n<li>\u00a0Reparto de la Marina, de guerra y mercante, de los alemanes.<\/li>\n<li>\u00a0Estudio de las reparaciones a pagar por Alemania.<\/li>\n<li>\u00a0La ocupaci\u00f3n de los bienes alemanes en el extranjero.<\/li>\n<li>\u00a0El desmontaje de las f\u00e1bricas, evalu\u00e1ndolas en el concepto de reparaciones. Se calculaban \u00e9stas, de acuerdo con el criterio de Stalin en Yalta, en 20.000 millones de d\u00f3lares, repartidos as\u00ed: 50 por 100 para la URSS; 14 por 100 para el Reino Unido; 12,5 por 100 para Estados Unidos; 10 por 100 para Francia y el resto, sin especificar.<\/li>\n<li>\u00a0Austria. Los aliados eximen a Austria de reparaciones, pero queda sometida a la autoridad de una comisi\u00f3n aliada, con sede en Viena.<\/li>\n<li>\u00a0Ir\u00e1n. Las tropas brit\u00e1nicas y sovi\u00e9ticas, que ocupan Ir\u00e1n desde 1941, deben evacuarl inmediatamente. Pero Stalin, que quer\u00eda establecer una Rep\u00fablica Sovi\u00e9tica en el Azerbaij\u00e1n, no evacu\u00f3 el territorio hasta 1946.<\/li>\n<li>\u00a0Marruecos. Las tropas deben evacuar T\u00e1nger, incorporada desde 1940 al Marruecos espa\u00f1ol, y la zona volver\u00e1 a tener su estatuto internacional con la participaci\u00f3n de representantes norteamericanos y sovi\u00e9ticos.<\/li>\n<li>\u00a0La devoluci\u00f3n de todos los territorios europeos anexionados por la Alemania nazi desde 1938 y la separaci\u00f3n de Austria.<\/li>\n<li>\u00a0La declaraci\u00f3n de Potsdam subray\u00f3 los t\u00e9rminos de la rendici\u00f3n para Jap\u00f3n, pocos d\u00edas antes que EEUU tirara las bombas at\u00f3micas de Hiroshima y Nagasaki, luego de meses de bombardear Tokio y otras ciudades bajo la excusa de que el imperialismo japon\u00e9s no se hab\u00eda rendido formalmente. Por otro lado, fue un aviso a la URSS y el resto del mundo de qui\u00e9n ten\u00eda el poder militar.<\/li>\n<li>\u00a0Acuerdo para la reconstrucci\u00f3n. Los aliados estimaron sus p\u00e9rdidas en 200 mil millones de d\u00f3lares. Alemania fue obligada a pagar \u00fanicamente 20 mil millones en productos industriales y mano de obra. Sin embargo, la Guerra Fr\u00eda evit\u00f3 que se pagara esta deuda.\u201cBaja composici\u00f3n org\u00e1nica del capital, necesidades de reconstrucci\u00f3n asociadas a la \u2018tierra arrasada\u2019 dejada por la guerra, masas de hombres hambrientos dispuestos a trabajar por un pedazo de pan, derrotas de los procesos revolucionarios particularmente en los pa\u00edses centrales y clara hegemon\u00eda mundial norteamericana, fueron todos factores que reestablecieron el equilibrio capitalista desde su ruptura en 1914 y crearon condiciones para la obtenci\u00f3n de una alta tasa de ganancia para el capital. Sin embargo, las condiciones de la formaci\u00f3n de un \u2018pluscapital\u2019, es decir, de la acumulaci\u00f3n ampliada, nuevamente debieron ser sostenidas por una participaci\u00f3n sin precedentes de los Estados en la econom\u00eda. El Plan Marshall que data del a\u00f1o 1947 y constituy\u00f3 una enorme inyecci\u00f3n de capital por parte del Estado norteamericano sobre las destruidas econom\u00edas de Europa, junto con la previa creaci\u00f3n de organismos multilaterales tales como el FMI o el Banco Mundial, resultan sendos ejemplos de dicha participaci\u00f3n. Las pol\u00edticas keynesianas de est\u00edmulo de la demanda efectiva (gasto de consumo, gasto de inversi\u00f3n y gasto p\u00fablico) a trav\u00e9s de la inflaci\u00f3n del cr\u00e9dito, resultaron por vez primera verdaderamente exitosas en cuanto a garantizar mecanismos aceitados de producci\u00f3n y realizaci\u00f3n del plusvalor. Sin embargo, el \u201c\u00e9xito\u201d del \u201cc\u00edrculo virtuoso\u201d que apelando a mecanismos keynesianos caracteriz\u00f3 a los llamados \u201c30 a\u00f1os gloriosos\u201d del capital debe considerarse en el marco de dos aspectos fundamentales. El primero es que los mecanismos keynesianos que hab\u00edan arrojado resultados poco satisfactorios en los a\u00f1os \u201930, funcionaron de manera efectiva s\u00f3lo tras la destrucci\u00f3n de la guerra y las derrotas mencionadas. El segundo es que estos mecanismos, que fundamentalmente en los pa\u00edses centrales permitieron un boom de producci\u00f3n y consumo con fuertes ganancias y salarios en alza, hallaron su l\u00edmite ni bien hacia fines de la d\u00e9cada del \u201960, una composici\u00f3n org\u00e1nica creciente del capital volvi\u00f3 a poner en escena la ley de la ca\u00edda de la tasa media de ganancia que se puso de manifiesto a trav\u00e9s de la disminuci\u00f3n de la masa de ganancias del capital\u201d (Paula Bach,\u00a0<i>La Verdad Obrera<\/i>, 25 de septiembre del 2008).Es decir, la Guerra Fr\u00eda se bas\u00f3 en pactos ultrarreaccionarios que part\u00edan del reconocimiento de EEUU como potencia hegem\u00f3nica mundial (cedida por Gran Breta\u00f1a) y que Stalin dominar\u00eda el \u201csocialismo real\u201d en la tercera parte del mundo, pero sin tener injerencia (incluso ayudar) en la pol\u00edtica imperialista. En 1968, con el Mayo Franc\u00e9s, la primavera de Praga, Tlateloco, el inicio del Cordobazo, las masas luchar\u00edan por derribar estos pactos contrarrevolucionarios.<\/li>\n<\/ul>\n<p style=\"text-align:justify\">\n<p>&nbsp;<\/p>\n","protected":false},"excerpt":{"rendered":"<p>Autora:\u00a0Gabriela Liszt, 17\/07\/2018. Fuente: laizquierdadiario.com La Conferencia de Teher\u00e1n se realiz\u00f3 entre noviembre y diciembre de 1943, entre Churchill (Gran Breta\u00f1a), Roosevelt (EEUU) y Stalin (URSS). Yalta en febrero de 1945, ya casi terminada la guerra. La conferencia de Potsdam se realiz\u00f3 en la ciudad del mismo nombre (cerca de Berl\u00edn, Alemania), entre el 17 &hellip; <a href=\"https:\/\/blogsaverroes.juntadeandalucia.es\/aldeacordoba\/?p=557\" class=\"more-link\">Continuar leyendo<span class=\"screen-reader-text\"> \u00abLa conferencia de Potsdam: el reparto del mundo entre los ganadores de la guerra.\u00bb<\/span><\/a><\/p>\n","protected":false},"author":168,"featured_media":0,"comment_status":"open","ping_status":"open","sticky":false,"template":"","format":"standard","meta":{"ngg_post_thumbnail":0,"footnotes":""},"categories":[224390,224391],"tags":[224488,224503,224832,224914],"aioseo_notices":[],"_links":{"self":[{"href":"https:\/\/blogsaverroes.juntadeandalucia.es\/aldeacordoba\/index.php?rest_route=\/wp\/v2\/posts\/557"}],"collection":[{"href":"https:\/\/blogsaverroes.juntadeandalucia.es\/aldeacordoba\/index.php?rest_route=\/wp\/v2\/posts"}],"about":[{"href":"https:\/\/blogsaverroes.juntadeandalucia.es\/aldeacordoba\/index.php?rest_route=\/wp\/v2\/types\/post"}],"author":[{"embeddable":true,"href":"https:\/\/blogsaverroes.juntadeandalucia.es\/aldeacordoba\/index.php?rest_route=\/wp\/v2\/users\/168"}],"replies":[{"embeddable":true,"href":"https:\/\/blogsaverroes.juntadeandalucia.es\/aldeacordoba\/index.php?rest_route=%2Fwp%2Fv2%2Fcomments&post=557"}],"version-history":[{"count":0,"href":"https:\/\/blogsaverroes.juntadeandalucia.es\/aldeacordoba\/index.php?rest_route=\/wp\/v2\/posts\/557\/revisions"}],"wp:attachment":[{"href":"https:\/\/blogsaverroes.juntadeandalucia.es\/aldeacordoba\/index.php?rest_route=%2Fwp%2Fv2%2Fmedia&parent=557"}],"wp:term":[{"taxonomy":"category","embeddable":true,"href":"https:\/\/blogsaverroes.juntadeandalucia.es\/aldeacordoba\/index.php?rest_route=%2Fwp%2Fv2%2Fcategories&post=557"},{"taxonomy":"post_tag","embeddable":true,"href":"https:\/\/blogsaverroes.juntadeandalucia.es\/aldeacordoba\/index.php?rest_route=%2Fwp%2Fv2%2Ftags&post=557"}],"curies":[{"name":"wp","href":"https:\/\/api.w.org\/{rel}","templated":true}]}}