{"id":566,"date":"2018-10-12T07:55:23","date_gmt":"2018-10-12T06:55:23","guid":{"rendered":"https:\/\/jmoragahc.wordpress.com\/?p=566"},"modified":"2018-10-12T07:55:23","modified_gmt":"2018-10-12T06:55:23","slug":"la-primera-guerra-mundial-resumida-en-15-imagenes","status":"publish","type":"post","link":"https:\/\/blogsaverroes.juntadeandalucia.es\/aldeacordoba\/?p=566","title":{"rendered":"La Primera Guerra Mundial resumida en 15 im\u00e1genes."},"content":{"rendered":"<p><img loading=\"lazy\" decoding=\"async\" class=\"alignnone size-large\" src=\"https:\/\/ep01.epimg.net\/elpais\/imagenes\/2018\/09\/28\/album\/1538144748_022504_1538151694_noticia_normal.jpg\" width=\"1960\" height=\"983\" \/><\/p>\n<p><strong>Fuente:<\/strong> <a href=\"https:\/\/elpais.com\/elpais\/2018\/09\/28\/album\/1538144748_022504.html#foto_gal_1\"><em>El Pa\u00eds<\/em><\/a>, 28\/09\/2018<\/p>\n<p class=\"articulo-subtitulo\">La denominada Gran Guerra caus\u00f3 10 millones de muertos, trastoc\u00f3 el mapa de Europa, tumb\u00f3 tres imperios, contribuy\u00f3 a la revoluci\u00f3n sovi\u00e9tica y fue una causa latente de la Segunda Guerra Mundial. El 29 de septiembre de 1918, Bulgaria firm\u00f3 un armisticio con las potencias aliadas que desencadenar\u00eda el final de la Primera Guerra Mundial. Con motivo del centenario, repasamos en 15 im\u00e1genes las claves del conflicto<\/p>\n<aside id=\"compartir_superior\" class=\"compartir\">\n<div class=\"compartir__interior\">\n<div class=\"compartir-varios\"><\/div>\n<\/div>\n<\/aside>\n<div id=\"articulo-galeria\" class=\"articulo-galeria\">\n<div class=\"articulo-galeria__interior\">\n<div class=\"articulo-galeria-listado\">\n<figure class=\"foto foto_w980\"><span class=\"fondo_img\"><img loading=\"lazy\" decoding=\"async\" id=\"foto_gal_1\" class=\"horizontal aligncenter\" src=\"https:\/\/ep00.epimg.net\/elpais\/imagenes\/2018\/09\/28\/album\/1538144748_022504_1538153667_album_normal.jpg\" alt=\"Fotograf\u00eda tomada el 28 de junio de 1914 del terrorista serbio Gavrilo Princip (2\u00ba derecha) tras su arresto despu\u00e9s del asesinato del archiduque Francisco Fernando de Austria y su esposa en Sarajevo, uno de los episodios que desencadenar\u00eda el inicio de la Gran Guerra.\" width=\"980\" height=\"734\" \/><\/span><figcaption class=\"foto-pie\"><span class=\"foto-numero\">1.\u00a0<\/span><span class=\"foto-texto\">Fotograf\u00eda tomada el 28 de junio de 1914 del terrorista serbio Gavrilo Princip (2\u00ba derecha) tras su arresto despu\u00e9s del asesinato del archiduque Francisco Fernando de Austria y su esposa en Sarajevo, uno de los episodios que desencadenar\u00eda el inicio de la Gran Guerra.\u00a0<\/span><span class=\"foto-firma\"><span class=\"foto-firma\"><span class=\"foto-agencia\">AFP<\/span><\/span><\/span>&nbsp;<\/p>\n<\/figcaption><\/figure>\n<figure class=\"foto foto_w980\"><span class=\"fondo_img\"><img loading=\"lazy\" decoding=\"async\" id=\"foto_gal_2\" class=\"vertical\" src=\"https:\/\/ep00.epimg.net\/elpais\/imagenes\/2018\/09\/28\/album\/1538144748_022504_1538148404_album_normal.jpg\" alt=\"En esta foto de archivo tomada el 2 de agosto de 1914 y publicada por el Historial de P\u00e9ronne, Museo de la Primera Guerra Mundial, muestra un cartel que llama a la movilizaci\u00f3n de la poblaci\u00f3n civil en las paredes en Francia, al comienzo de la Primera Guerra Mundial.\" width=\"980\" height=\"1232\" \/><\/span><figcaption class=\"foto-pie\"><span class=\"foto-numero\">2.\u00a0<\/span><span class=\"foto-texto\">En esta foto de archivo tomada el 2 de agosto de 1914 y publicada por el Historial de P\u00e9ronne, Museo de la Primera Guerra Mundial, muestra un cartel que llama a la movilizaci\u00f3n de la poblaci\u00f3n civil en las paredes en Francia, al comienzo de la Primera Guerra Mundial.<\/span><span class=\"foto-firma\"><span class=\"foto-agencia\">AFP<\/span><\/span><\/figcaption><\/figure>\n<figure class=\"foto foto_w980\"><span class=\"fondo_img\"><img loading=\"lazy\" decoding=\"async\" id=\"foto_gal_3\" class=\"horizontal\" src=\"https:\/\/ep00.epimg.net\/elpais\/imagenes\/2018\/09\/28\/album\/1538144748_022504_1538153664_album_normal.jpg\" alt=\"En esta foto de archivo tomada en 1914, los taxis del Marne conducen en su camino hacia el frente.\" width=\"980\" height=\"653\" \/><\/span><figcaption class=\"foto-pie\"><span class=\"foto-numero\">3.\u00a0<\/span><span class=\"foto-texto\">En esta foto de archivo tomada en 1914, los taxis del Marne conducen en su camino hacia el frente.\u00a0<\/span><span class=\"foto-firma\"><span class=\"foto-agencia\">AFP<\/span><\/span><\/figcaption><\/figure>\n<figure class=\"foto foto_w980\"><span class=\"fondo_img\"><img loading=\"lazy\" decoding=\"async\" id=\"foto_gal_4\" class=\"vertical\" src=\"https:\/\/ep00.epimg.net\/elpais\/imagenes\/2018\/09\/28\/album\/1538144748_022504_1538148202_album_normal.jpg\" alt=\"Una foto de archivo tomada durante la Primera Guerra Mundial muestra a soldados franceses cuidando a compa\u00f1eros heridos, en una trinchera. \" width=\"980\" height=\"1387\" \/><\/span><figcaption class=\"foto-pie\"><span class=\"foto-numero\">4.\u00a0<\/span><span class=\"foto-texto\">Una foto de archivo tomada durante la Primera Guerra Mundial muestra a soldados franceses cuidando a compa\u00f1eros heridos, en una trinchera.\u00a0<\/span><span class=\"foto-firma\"><span class=\"foto-firma\"><span class=\"foto-agencia\">AFP<\/span><\/span><\/span>&nbsp;<\/p>\n<\/figcaption><\/figure>\n<figure class=\"foto foto_w980\"><span class=\"fondo_img\"><img loading=\"lazy\" decoding=\"async\" id=\"foto_gal_5\" class=\"horizontal\" src=\"https:\/\/ep00.epimg.net\/elpais\/imagenes\/2018\/09\/28\/album\/1538144748_022504_1538148201_album_normal.jpg\" alt=\"Una foto de archivo publicada por el Historial de Peronne, Museo de la Primera Guerra Mundial, muestra fuerzas de Triple Entente durante la operaci\u00f3n de los Dardanelos en la Primera Guerra Mundial. El 25 de abril de 1915, las tropas brit\u00e1nicas y francesas aterrizaron en la pen\u00ednsula de Gallipoli, en el estrecho de Dardanelos, en Turqu\u00eda, aliada de Turqu\u00eda. El imperio otomano cerr\u00f3 los estrechos al comienzo de la guerra, cortando a Rusia del Mediterr\u00e1neo. La campa\u00f1a aliada, presionada por Winston Churchill, apunta a atravesar los estrechos y m\u00e1s all\u00e1, atacar a Alemania y Austria desde el este y establecer un v\u00ednculo con Rusia.\" width=\"980\" height=\"558\" \/><\/span><figcaption class=\"foto-pie\"><span class=\"foto-numero\">5.\u00a0<\/span><span class=\"foto-texto\">Una foto de archivo publicada por el Historial de Peronne, Museo de la Primera Guerra Mundial, muestra fuerzas de Triple Entente durante la operaci\u00f3n de los Dardanelos en la Primera Guerra Mundial. El 25 de abril de 1915, las tropas brit\u00e1nicas y francesas aterrizaron en la pen\u00ednsula de Gallipoli, en el estrecho de Dardanelos, en Turqu\u00eda, aliada de Turqu\u00eda. El imperio otomano cerr\u00f3 los estrechos al comienzo de la guerra, cortando a Rusia del Mediterr\u00e1neo. La campa\u00f1a aliada, presionada por Winston Churchill, apunta a atravesar los estrechos y m\u00e1s all\u00e1, atacar a Alemania y Austria desde el este y establecer un v\u00ednculo con Rusia.\u00a0<\/span><span class=\"foto-firma\"><span class=\"foto-firma\"><span class=\"foto-autor\">STR<\/span>\u00a0<span class=\"foto-agencia\">AFP<\/span><\/span><\/span>&nbsp;<\/p>\n<\/figcaption><\/figure>\n<figure class=\"foto foto_w980\"><span class=\"fondo_img\"><img loading=\"lazy\" decoding=\"async\" id=\"foto_gal_6\" class=\"horizontal\" src=\"https:\/\/ep00.epimg.net\/elpais\/imagenes\/2018\/09\/28\/album\/1538144748_022504_1538148200_album_normal.jpg\" alt=\"Una foto de archivo tomada en 1916 muestra a soldados franceses entrando en ataque desde su trinchera durante la batalla de Verd\u00fan, en el este de Francia, durante la Primera Guerra Mundial. El 25 de febrero de 1916, las fuerzas alemanas lanzaron una ofensiva en Verd\u00fan, al este de Par\u00eds, para &quot;desangrar a Francia de blanco&quot; y obligar al pa\u00eds a la mesa de negociaciones. Las fuerzas alemanas avanzan pero est\u00e1n contenidas. Cuando terminan los combates en diciembre, las l\u00edneas de frente apenas han cambiado a pesar de las bajas asombrosas.\" width=\"980\" height=\"729\" \/><\/span><figcaption class=\"foto-pie\"><span class=\"foto-numero\">6.\u00a0<\/span><span class=\"foto-texto\">Una foto de archivo tomada en 1916 muestra a soldados franceses entrando en ataque desde su trinchera durante la batalla de Verd\u00fan, en el este de Francia, durante la Primera Guerra Mundial. El 25 de febrero de 1916, las fuerzas alemanas lanzaron una ofensiva en Verd\u00fan, al este de Par\u00eds, para \u00abdesangrar a Francia de blanco\u00bb y obligar al pa\u00eds a la mesa de negociaciones. Las fuerzas alemanas avanzan pero est\u00e1n contenidas. Cuando terminan los combates en diciembre, las l\u00edneas de frente apenas han cambiado a pesar de las bajas asombrosas.\u00a0<\/span><span class=\"foto-firma\"><span class=\"foto-firma\"><span class=\"foto-agencia\">AFP<\/span><\/span><\/span>&nbsp;<\/p>\n<\/figcaption><\/figure>\n<figure class=\"foto foto_w980\"><span class=\"fondo_img\"><img loading=\"lazy\" decoding=\"async\" id=\"foto_gal_7\" class=\"vertical\" src=\"https:\/\/ep00.epimg.net\/elpais\/imagenes\/2018\/09\/28\/album\/1538144748_022504_1538153663_album_normal.jpg\" alt=\"Una foto de archivo del 8 de octubre de 1916 muestra a un soldado franc\u00e9s y uno alem\u00e1n, muertos en una zanja despu\u00e9s de un duelo a muerte.\" width=\"980\" height=\"1115\" \/><\/span><figcaption class=\"foto-pie\"><span class=\"foto-numero\">7 .\u00a0<\/span><span class=\"foto-texto\">Una foto de archivo del 8 de octubre de 1916 muestra a un soldado franc\u00e9s y uno alem\u00e1n, muertos en una zanja despu\u00e9s de un duelo a muerte.\u00a0<\/span><span class=\"foto-firma\"><span class=\"foto-firma\"><span class=\"foto-autor\">STR<\/span>\u00a0<span class=\"foto-agencia\">AFP<\/span><\/span><\/span>&nbsp;<\/p>\n<\/figcaption><\/figure>\n<figure class=\"foto foto_w980\"><span class=\"fondo_img\"><img loading=\"lazy\" decoding=\"async\" id=\"foto_gal_8\" class=\"horizontal\" src=\"https:\/\/ep00.epimg.net\/elpais\/imagenes\/2018\/09\/28\/album\/1538144748_022504_1538153665_album_normal.jpg\" alt=\"Una foto de archivo, tomada el 1 de junio de 2016, muestra im\u00e1genes de archivo de los soldados de la Primera Guerra Mundial en el centro hist\u00f3rico dedicado a las batallas de la Primera Guerra Mundial del Somme en Thiepval, al este de Francia. La batalla de 141 d\u00edas del Somme es la m\u00e1s sangrienta de la guerra, con m\u00e1s de un mill\u00f3n de bajas, incluyendo alrededor de 400,000 muertos o desaparecidos. El 1 de julio de 1916 las fuerzas aliadas, principalmente brit\u00e1nicas, atacan a las tropas alemanas en el frente del r\u00edo Somme para aliviar la presi\u00f3n sobre el ejercito franc\u00e9s en el frente de Verd\u00fan.\" width=\"980\" height=\"618\" \/><\/span><figcaption class=\"foto-pie\"><span class=\"foto-numero\">8.\u00a0<\/span><span class=\"foto-texto\">Una foto de archivo, tomada el 1 de junio de 2016, muestra im\u00e1genes de archivo de los soldados de la Primera Guerra Mundial en el centro hist\u00f3rico dedicado a las batallas de la Primera Guerra Mundial del Somme en Thiepval, al este de Francia. La batalla de 141 d\u00edas del Somme es la m\u00e1s sangrienta de la guerra, con m\u00e1s de un mill\u00f3n de bajas, incluyendo alrededor de 400,000 muertos o desaparecidos. El 1 de julio de 1916 las fuerzas aliadas, principalmente brit\u00e1nicas, atacan a las tropas alemanas en el frente del r\u00edo Somme para aliviar la presi\u00f3n sobre el ejercito franc\u00e9s en el frente de Verd\u00fan.\u00a0<\/span><span class=\"foto-firma\"><span class=\"foto-firma\"><span class=\"foto-autor\">DENIS CHARLET<\/span>\u00a0<span class=\"foto-agencia\">AFP<\/span><\/span><\/span>&nbsp;<\/p>\n<\/figcaption><\/figure>\n<figure class=\"foto foto_w980\"><span class=\"fondo_img\"><img loading=\"lazy\" decoding=\"async\" id=\"foto_gal_9\" class=\"horizontal\" src=\"https:\/\/ep00.epimg.net\/elpais\/imagenes\/2018\/09\/28\/album\/1538144748_022504_1538148196_album_normal.jpg\" alt=\" Una foto sin fecha tomada durante la Primera Guerra Mundial muestra la mano de la v\u00edctima en un campo de batalla en el norte de Francia.  Las batallas m\u00e1s sangrientas y decisivas de la Primera Guerra Mundial se libraron en Europa, en el frente occidental atravesando los campos fangosos del norte de Francia y B\u00e9lgica. La l\u00ednea del frente se extend\u00eda a m\u00e1s de 700 kil\u00f3metros (435 millas), desde el Mar del Norte hasta las monta\u00f1as de los Vosgos, cerca de Suiza\" width=\"980\" height=\"643\" \/><\/span><figcaption class=\"foto-pie\"><span class=\"foto-numero\">9.\u00a0<\/span><span class=\"foto-texto\">Una foto sin fecha tomada durante la Primera Guerra Mundial muestra la mano de la v\u00edctima en un campo de batalla en el norte de Francia. Las batallas m\u00e1s sangrientas y decisivas de la Primera Guerra Mundial se libraron en Europa, en el frente occidental atravesando los campos fangosos del norte de Francia y B\u00e9lgica. La l\u00ednea del frente se extend\u00eda a m\u00e1s de 700 kil\u00f3metros (435 millas), desde el Mar del Norte hasta las monta\u00f1as de los Vosgos, cerca de Suiza\u00a0<\/span><span class=\"foto-firma\"><span class=\"foto-autor\">STF<\/span>\u00a0<span class=\"foto-agencia\">AFP<\/span><\/span><\/figcaption><\/figure>\n<figure class=\"foto foto_w980\"><span class=\"fondo_img\"><img loading=\"lazy\" decoding=\"async\" id=\"foto_gal_10\" class=\"horizontal\" src=\"https:\/\/ep00.epimg.net\/elpais\/imagenes\/2018\/09\/28\/album\/1538144748_022504_1538148199_album_normal.jpg\" alt=\"Tropas estadounidenses en el frente franc\u00e9s durante la Primera Guerra Mundial. En enero de 1917, Alemania, bajo la presi\u00f3n de un bloqueo mar\u00edtimo brit\u00e1nico, intensifica una campa\u00f1a de ataque a los buques mercantes brit\u00e1nicos con submarinos, con el objetivo de estrangular la isla. Impulsa a los Estados Unidos a entrar en el conflicto, enojado por el torpedeo de barcos neutrales en el Atl\u00e1ntico y buques que transportan ciudadanos estadounidenses. Washington declara la guerra a Alemania el 6 de abril y el 26 de junio llega el primer despliegue estadounidense al puerto franc\u00e9s de Saint-Nazaire.\" width=\"980\" height=\"525\" \/><\/span><figcaption class=\"foto-pie\"><span class=\"foto-numero\">10.\u00a0<\/span><span class=\"foto-texto\">Tropas estadounidenses en el frente franc\u00e9s durante la Primera Guerra Mundial. En enero de 1917, Alemania, bajo la presi\u00f3n de un bloqueo mar\u00edtimo brit\u00e1nico, intensifica una campa\u00f1a de ataque a los buques mercantes brit\u00e1nicos con submarinos, con el objetivo de estrangular la isla. Impulsa a los Estados Unidos a entrar en el conflicto, enojado por el torpedeo de barcos neutrales en el Atl\u00e1ntico y buques que transportan ciudadanos estadounidenses. Washington declara la guerra a Alemania el 6 de abril y el 26 de junio llega el primer despliegue estadounidense al puerto franc\u00e9s de Saint-Nazaire.\u00a0<\/span><span class=\"foto-firma\"><span class=\"foto-autor\">STR<\/span>\u00a0<span class=\"foto-agencia\">AFP<\/span><\/span><\/figcaption><\/figure>\n<figure class=\"foto foto_w980\"><span class=\"fondo_img\"><img loading=\"lazy\" decoding=\"async\" id=\"foto_gal_11\" class=\"horizontal\" src=\"https:\/\/ep00.epimg.net\/elpais\/imagenes\/2018\/09\/28\/album\/1538144748_022504_1538153661_album_normal.jpg\" alt=\"Junio 1917. Tarjeta postal publicada por el Historial de Peronne, Museo de la Primera Guerra Mundial, de John Joseph 'Black Jack' Pershing (Centro - derecha), el general del ej\u00e9rcito estadounidense que dirigi\u00f3 la Fuerza Expedicionaria Americana, recibido en Boulogne, en el norte de Francia, por el general franc\u00e9s Peltier, miembro de la misi\u00f3n militar francesa para ayudar a la instalaci\u00f3n del ej\u00e9rcito de los EE. UU en Francia\" width=\"980\" height=\"626\" \/><\/span><figcaption class=\"foto-pie\"><span class=\"foto-numero\">11.\u00a0<\/span><span class=\"foto-texto\">Junio 1917. Tarjeta postal publicada por el Historial de Peronne, Museo de la Primera Guerra Mundial, de John Joseph &#8216;Black Jack&#8217; Pershing (Centro &#8211; derecha), el general del ej\u00e9rcito estadounidense que dirigi\u00f3 la Fuerza Expedicionaria Americana, recibido en Boulogne, en el norte de Francia, por el general franc\u00e9s Peltier, miembro de la misi\u00f3n militar francesa para ayudar a la instalaci\u00f3n del ej\u00e9rcito de los EE. UU en Francia\u00a0<\/span><span class=\"foto-firma\"><span class=\"foto-firma\"><span class=\"foto-autor\">STR<\/span>\u00a0<span class=\"foto-agencia\">AFP<\/span><\/span><\/span>&nbsp;<\/p>\n<\/figcaption><\/figure>\n<figure class=\"foto foto_w980\"><span class=\"fondo_img\"><img loading=\"lazy\" decoding=\"async\" id=\"foto_gal_12\" class=\"horizontal\" src=\"https:\/\/ep00.epimg.net\/elpais\/imagenes\/2018\/09\/28\/album\/1538144748_022504_1538148197_album_normal.jpg\" alt=\"Una foto de archivo tomada en septiembre de 1918 durante la primera Guerra Mundial muestra a los artilleros estadounidenses golpeando a los soldados de las l\u00edneas alemanas cerca de Verd\u00fan.\" width=\"980\" height=\"756\" \/><\/span><figcaption class=\"foto-pie\"><span class=\"foto-numero\">12.\u00a0<\/span><span class=\"foto-texto\">Una foto de archivo tomada en septiembre de 1918 durante la primera Guerra Mundial muestra a los artilleros estadounidenses golpeando a los soldados de las l\u00edneas alemanas cerca de Verd\u00fan.\u00a0<\/span><span class=\"foto-firma\"><span class=\"foto-firma\"><span class=\"foto-agencia\">AFP<\/span><\/span><\/span>&nbsp;<\/p>\n<\/figcaption><\/figure>\n<figure class=\"foto foto_w980\"><span class=\"fondo_img\"><img loading=\"lazy\" decoding=\"async\" id=\"foto_gal_13\" class=\"horizontal\" src=\"https:\/\/ep00.epimg.net\/elpais\/imagenes\/2018\/09\/28\/album\/1538144748_022504_1538148198_album_normal.jpg\" alt=\"Una foto sin fecha publicada por la Biblioteca Internacional de Documentaci\u00f3n Contempor\u00e1nea (BDIC) muestra a un soldado franc\u00e9s sosteniendo un cr\u00e1neo humano en un campo de batalla durante la Primera Guerra Mundial. \" width=\"980\" height=\"683\" \/><\/span><figcaption class=\"foto-pie\"><span class=\"foto-numero\">13.\u00a0<\/span><span class=\"foto-texto\">Una foto sin fecha publicada por la Biblioteca Internacional de Documentaci\u00f3n Contempor\u00e1nea (BDIC) muestra a un soldado franc\u00e9s sosteniendo un cr\u00e1neo humano en un campo de batalla durante la Primera Guerra Mundial.\u00a0<\/span><span class=\"foto-firma\"><span class=\"foto-firma\"><span class=\"foto-autor\">STR<\/span>\u00a0<span class=\"foto-agencia\">AFP<\/span><\/span><\/span>&nbsp;<\/p>\n<\/figcaption><\/figure>\n<figure class=\"foto foto_w980\"><span class=\"fondo_img\"><img loading=\"lazy\" decoding=\"async\" id=\"foto_gal_14\" class=\"horizontal\" src=\"https:\/\/ep00.epimg.net\/elpais\/imagenes\/2018\/09\/28\/album\/1538144748_022504_1538153660_album_normal.jpg\" alt=\"En octubre de 1918, Lenin se dirige a sus partidarios en Mosc\u00fa durante el primer aniversario de la revoluci\u00f3n bolchevique. Entre 1914 y 1917, Rusia pierde m\u00e1s de dos millones de soldados y oficiales en el Frente Oriental, donde sus fuerzas mal equipadas son diezmadas. El conflicto se vuelve altamente impopular. \" width=\"980\" height=\"729\" \/><\/span><figcaption class=\"foto-pie\"><span class=\"foto-numero\">14.\u00a0<\/span><span class=\"foto-texto\">En octubre de 1918, Lenin se dirige a sus partidarios en Mosc\u00fa durante el primer aniversario de la revoluci\u00f3n bolchevique. Entre 1914 y 1917, Rusia pierde m\u00e1s de dos millones de soldados y oficiales en el Frente Oriental, donde sus fuerzas mal equipadas son diezmadas. El conflicto se vuelve altamente impopular.\u00a0<\/span><span class=\"foto-firma\"><span class=\"foto-firma\"><span class=\"foto-agencia\">AFP<\/span><\/span><\/span>&nbsp;<\/p>\n<\/figcaption><\/figure>\n<figure class=\"foto foto_w980\"><span class=\"fondo_img\"><img loading=\"lazy\" decoding=\"async\" id=\"foto_gal_15\" class=\"vertical\" src=\"https:\/\/ep00.epimg.net\/elpais\/imagenes\/2018\/09\/28\/album\/1538144748_022504_1538148203_album_normal.jpg\" alt=\"Esta foto de archivo tomada el 11 de noviembre de 1918, muestra en una foto de familia de los firmantes del tratado de armisticio entre los aliados y Alemania: el alem\u00e1n Matthias Erzberger, el conde Alfred von Oberndorff, el capit\u00e1n brit\u00e1nico Ernst Vanselow, el primer marinero almirante Rosslyn Wemyss, el representante brit\u00e1nico, el general franc\u00e9s Maxime Weygand, el jefe de personal de Foch, el mariscal Ferdinand Foch y el comandante supremo aliado, firmaron en el propio vag\u00f3n de ferrocarril de Ferdinand Foch en el Bosque de Compiegne el tratado que marc\u00f3 el final de la Primera Guerra Mundial en el frente occidental.\" width=\"980\" height=\"1149\" \/><\/span><figcaption class=\"foto-pie\"><span class=\"foto-numero\">15 .\u00a0<\/span><span class=\"foto-texto\">Esta foto de archivo tomada el 11 de noviembre de 1918, muestra en una foto de familia de los firmantes del tratado de armisticio entre los aliados y Alemania: el alem\u00e1n Matthias Erzberger, el conde Alfred von Oberndorff, el capit\u00e1n brit\u00e1nico Ernst Vanselow, el primer marinero almirante Rosslyn Wemyss, el representante brit\u00e1nico, el general franc\u00e9s Maxime Weygand, el jefe de personal de Foch, el mariscal Ferdinand Foch y el comandante supremo aliado, firmaron en el propio vag\u00f3n de ferrocarril de Ferdinand Foch en el Bosque de Compiegne el tratado que marc\u00f3 el final de la Primera Guerra Mundial en el frente occidental.\u00a0<\/span><span class=\"foto-firma\"><span class=\"foto-autor\">STR<\/span>\u00a0<span class=\"foto-agencia\">AFP<\/span><\/span><\/figcaption><\/figure>\n<\/div>\n<\/div>\n<\/div>\n","protected":false},"excerpt":{"rendered":"<p>Fuente: El Pa\u00eds, 28\/09\/2018 La denominada Gran Guerra caus\u00f3 10 millones de muertos, trastoc\u00f3 el mapa de Europa, tumb\u00f3 tres imperios, contribuy\u00f3 a la revoluci\u00f3n sovi\u00e9tica y fue una causa latente de la Segunda Guerra Mundial. El 29 de septiembre de 1918, Bulgaria firm\u00f3 un armisticio con las potencias aliadas que desencadenar\u00eda el final de &hellip; <a href=\"https:\/\/blogsaverroes.juntadeandalucia.es\/aldeacordoba\/?p=566\" class=\"more-link\">Continuar leyendo<span class=\"screen-reader-text\"> \u00abLa Primera Guerra Mundial resumida en 15 im\u00e1genes.\u00bb<\/span><\/a><\/p>\n","protected":false},"author":168,"featured_media":0,"comment_status":"open","ping_status":"open","sticky":false,"template":"","format":"standard","meta":{"ngg_post_thumbnail":0,"footnotes":""},"categories":[224385],"tags":[224677],"aioseo_notices":[],"_links":{"self":[{"href":"https:\/\/blogsaverroes.juntadeandalucia.es\/aldeacordoba\/index.php?rest_route=\/wp\/v2\/posts\/566"}],"collection":[{"href":"https:\/\/blogsaverroes.juntadeandalucia.es\/aldeacordoba\/index.php?rest_route=\/wp\/v2\/posts"}],"about":[{"href":"https:\/\/blogsaverroes.juntadeandalucia.es\/aldeacordoba\/index.php?rest_route=\/wp\/v2\/types\/post"}],"author":[{"embeddable":true,"href":"https:\/\/blogsaverroes.juntadeandalucia.es\/aldeacordoba\/index.php?rest_route=\/wp\/v2\/users\/168"}],"replies":[{"embeddable":true,"href":"https:\/\/blogsaverroes.juntadeandalucia.es\/aldeacordoba\/index.php?rest_route=%2Fwp%2Fv2%2Fcomments&post=566"}],"version-history":[{"count":0,"href":"https:\/\/blogsaverroes.juntadeandalucia.es\/aldeacordoba\/index.php?rest_route=\/wp\/v2\/posts\/566\/revisions"}],"wp:attachment":[{"href":"https:\/\/blogsaverroes.juntadeandalucia.es\/aldeacordoba\/index.php?rest_route=%2Fwp%2Fv2%2Fmedia&parent=566"}],"wp:term":[{"taxonomy":"category","embeddable":true,"href":"https:\/\/blogsaverroes.juntadeandalucia.es\/aldeacordoba\/index.php?rest_route=%2Fwp%2Fv2%2Fcategories&post=566"},{"taxonomy":"post_tag","embeddable":true,"href":"https:\/\/blogsaverroes.juntadeandalucia.es\/aldeacordoba\/index.php?rest_route=%2Fwp%2Fv2%2Ftags&post=566"}],"curies":[{"name":"wp","href":"https:\/\/api.w.org\/{rel}","templated":true}]}}