{"id":569,"date":"2018-10-16T08:19:33","date_gmt":"2018-10-16T07:19:33","guid":{"rendered":"https:\/\/jmoragahc.wordpress.com\/?p=569"},"modified":"2018-10-16T08:19:33","modified_gmt":"2018-10-16T07:19:33","slug":"los-espanoles-que-lucharon-por-hitler-en-las-ss","status":"publish","type":"post","link":"https:\/\/blogsaverroes.juntadeandalucia.es\/aldeacordoba\/?p=569","title":{"rendered":"Los espa\u00f1oles que lucharon por Hitler en las SS."},"content":{"rendered":"<p><a href=\"https:\/\/blogsaverroes.juntadeandalucia.es\/aldeacordoba\/files\/2018\/10\/espac3b1oles-nazis.jpg\"><img loading=\"lazy\" decoding=\"async\" class=\"size-large wp-image-570 aligncenter\" src=\"https:\/\/blogsaverroes.juntadeandalucia.es\/aldeacordoba\/files\/2018\/10\/espac3b1oles-nazis.jpg?w=736\" alt=\"\" width=\"736\" height=\"446\" srcset=\"https:\/\/blogsaverroes.juntadeandalucia.es\/aldeacordoba\/files\/2018\/10\/espac3b1oles-nazis.jpg 748w, https:\/\/blogsaverroes.juntadeandalucia.es\/aldeacordoba\/files\/2018\/10\/espac3b1oles-nazis-300x182.jpg 300w\" sizes=\"(max-width: 709px) 85vw, (max-width: 909px) 67vw, (max-width: 984px) 61vw, (max-width: 1362px) 45vw, 600px\" \/><\/a><\/p>\n<p><strong>Autor:<\/strong> <strong>Lorenzo Silva<\/strong>.<\/p>\n<p><strong>Fuente:<\/strong> <a href=\"https:\/\/www.xlsemanal.com\/conocer\/historia\/20111002\/conocer-historia-espanoles-1287.html\"><em>XLSemanal<\/em><\/a>.<\/p>\n<p style=\"text-align:justify\">La vosstrasse es hoy una calle discreta, con descampados y bloques de viviendas. En buena parte de su longitud se encuentra en obras. Ning\u00fan letrero oficial recuerda lo que la ocupaba antes, pero el viajero avisado sabe que hay gato encerrado, como en tantos otros lugares de esta zona c\u00e9ntrica de Berl\u00edn, donde hasta el a\u00f1o 1989 se alzaba el muro que divid\u00eda la ciudad.<\/p>\n<blockquote>\n<h4>Eran 200. Hab\u00eda falangistas, anticomunistas y antiguos hombres de la Legi\u00f3n Azul<\/h4>\n<\/blockquote>\n<p style=\"text-align:justify\">La \u00fanica indicaci\u00f3n nos la ofrece el restaurante chino Peking-Ente, en el n\u00famero 1, en la esquina con la Wilhelmstrasse, que ha colocado un llamativo cartel publicitario rojo a mitad de la calle. En su parte inferior hay un croquis que muestra lo que hab\u00eda en los terrenos donde ahora se alternan la nada y los apartamentos construidos en su d\u00eda para funcionarios de la extinta RDA. En el primer tramo de la calle, seg\u00fan el croquis, se hallaba la antigua Canciller\u00eda del Reich. A continuaci\u00f3n, la nueva, mucho m\u00e1s grande, que concibi\u00f3 Albert Speer para\u00a0<a href=\"http:\/\/xn--bnker%20de%20brandemburgo-xuc\/\" target=\"_blank\" rel=\"noopener noreferrer\">Adolf Hitler<\/a>. Tras ellas, en lo que hoy es descampado, estaban el patio y el b\u00fanker en el que a finales de abril de 1945 el F\u00fchrer se enfrentaba a su oscuro destino.<\/p>\n<figure id=\"attachment_49280\" aria-describedby=\"caption-attachment-49280\" style=\"width: 400px\" class=\"wp-caption aligncenter\"><img loading=\"lazy\" decoding=\"async\" class=\"wp-image-49280\" src=\"https:\/\/www.xlsemanal.com\/wp-content\/uploads\/sites\/3\/2011\/10\/conocer-historia-nazis-espa%C3%B1oles-ss-alemania-hitler-xlsemanal-6.jpg\" alt=\"conocer, historia, nazis, espa\u00f1oles, ss, alemania, hitler, xlsemanal\" width=\"400\" height=\"600\" \/><figcaption id=\"caption-attachment-49280\" class=\"wp-caption-text\">Un soldado espa\u00f1ol con uniforme de los Cazadores Alpinos (a\u00fan dentro de la Wehrmacht, las fuerzas armadas unificadas de los nazis) en 1944, con Espa\u00f1a ya neutral<\/figcaption><\/figure>\n<p style=\"text-align:justify\">En esos d\u00edas, seg\u00fan los libros de Historia (y, singularmente, el excelente y vibrante\u00a0<em>Berl\u00edn, 1945,<\/em>\u00a0de Antony Beevor), la defensa del sector gubernamental de la capital del\u00a0<strong>Reich<\/strong>\u00a0estaba en manos de algunos restos de unidades alemanas, un pu\u00f1ado de ni\u00f1os de las\u00a0<strong>Juventudes Hitlerianas<\/strong>\u00a0y de viejos de la milicia popular Volkssturm y un contingente de voluntarios franceses y escandinavos de las Waffen-SS, extranjeros repudiados por sus pa\u00edses que fueron quienes de hecho llevaron el peso de los combates.<\/p>\n<figure id=\"attachment_49281\" aria-describedby=\"caption-attachment-49281\" style=\"width: 613px\" class=\"wp-caption aligncenter\"><img loading=\"lazy\" decoding=\"async\" class=\"wp-image-49281\" src=\"https:\/\/www.xlsemanal.com\/wp-content\/uploads\/sites\/3\/2011\/10\/conocer-historia-nazis-espa%C3%B1oles-ss-alemania-hitler-xlsemanal-7.jpg\" alt=\"conocer, historia, nazis, espa\u00f1oles, ss, alemania, hitler, xlsemanal\" width=\"613\" height=\"416\" \/><figcaption id=\"caption-attachment-49281\" class=\"wp-caption-text\">Reverso de la postal, escrita en castellano por \u00e9l mismo soldado de la imagen de arriba, prueba de que era espa\u00f1ol<\/figcaption><\/figure>\n<p style=\"text-align:justify\">Mucho menos se suele mencionar, y por tanto saber, que entre esos\u00a0<a href=\"https:\/\/www.xlsemanal.com\/conocer\/historia\/20170613\/los-300-muertos-del-enfermero-z-auschwitz.html\" target=\"_blank\" rel=\"noopener noreferrer\">voluntarios de las SS<\/a>\u00a0hab\u00eda tambi\u00e9n un batall\u00f3n de letones y, lo que m\u00e1s nos interesa, una peque\u00f1a y extra\u00f1a unidad de espa\u00f1oles.<\/p>\n<blockquote>\n<h4>La mayor\u00eda muri\u00f3 en combate, a manos de sovi\u00e9ticos o en largos cautiverios tras ser apresados<\/h4>\n<\/blockquote>\n<p style=\"text-align:justify\">Cuando el 30 de abril de 1945, a eso de las 15.30,\u00a0<strong><a href=\"http:\/\/xlsemanal.elcorreo.com\/conocer\/20170206\/hitler-arte-degenerado.html\" target=\"_blank\" rel=\"noopener noreferrer\">Hitler\u00a0<\/a>acab\u00f3 con su vida en el b\u00fanker<\/strong>, a\u00fan hab\u00eda algunos de ellos luchando en las inmediaciones de la Vosstrasse. Cumpl\u00edan as\u00ed el juramento de fidelidad que le hab\u00edan prestado al F\u00fchrer. Al principio de la batalla eran, como mucho, un par de cientos.<\/p>\n<figure id=\"attachment_49275\" aria-describedby=\"caption-attachment-49275\" style=\"width: 400px\" class=\"wp-caption aligncenter\"><img loading=\"lazy\" decoding=\"async\" class=\"wp-image-49275\" src=\"https:\/\/www.xlsemanal.com\/wp-content\/uploads\/sites\/3\/2011\/10\/conocer-historia-nazis-espa%C3%B1oles-ss-alemania-hitler-xlsemanal-1.jpg\" alt=\"conocer, historia, nazis, espa\u00f1oles, ss, alemania, hitler, xlsemanal\" width=\"400\" height=\"625\" \/><figcaption id=\"caption-attachment-49275\" class=\"wp-caption-text\">Luis Garc\u00eda Valdajos naci\u00f3 en 1918 en Tordesillas (Valladolid), ingres\u00f3 en la Falange en 1936 y en la Divisi\u00f3n Azul en 1942. Rechaz\u00f3 volver de Alemania cuando lo orden\u00f3 Franco e ingres\u00f3 en las SS. Tras la guerra logr\u00f3 volver, de inc\u00f3gnito, a Espa\u00f1a. Preso por desertor, qued\u00f3 libre en 1947. Nunca m\u00e1s se supo de \u00e9l<\/figcaption><\/figure>\n<p style=\"text-align:justify\">Muy lejos del mill\u00f3n de bayonetas espa\u00f1olas que el d\u00eda de San Valent\u00edn de 1942 hab\u00eda prometido Franco para el caso de que los rusos llegaran a Berl\u00edn. Pero all\u00ed estaban. Por voluntad propia y contra las \u00f3rdenes del propio Franco. La mayor\u00eda muri\u00f3 bajo las balas sovi\u00e9ticas, en combate o al caer prisioneros. A unos pocos se les perdon\u00f3 la vida y sufrieron largo cautiverio en Rusia. Otros lograron escapar casi milagrosamente. Su historia es una de esas que, cuando las conoce alguien cuyo oficio es el de narrar, despiertan una fascinaci\u00f3n casi irresistible.<\/p>\n<figure id=\"attachment_49279\" aria-describedby=\"caption-attachment-49279\" style=\"width: 400px\" class=\"wp-caption aligncenter\"><img loading=\"lazy\" decoding=\"async\" class=\"wp-image-49279\" src=\"https:\/\/www.xlsemanal.com\/wp-content\/uploads\/sites\/3\/2011\/10\/conocer-historia-nazis-espa%C3%B1oles-ss-alemania-hitler-xlsemanal-5.jpg\" alt=\"conocer, historia, nazis, espa\u00f1oles, ss, alemania, hitler, xlsemanal\" width=\"400\" height=\"569\" \/><figcaption id=\"caption-attachment-49279\" class=\"wp-caption-text\">Fuerza Multicultural: Miembros de las SS, en junio de 1944. Al final de la guerra, la antigua fuerza de \u00e9lite del F\u00fchrer era ya casi una especie de legi\u00f3n extranjera integrada por anticomunistas y antisemitas de diversos pa\u00edses<\/figcaption><\/figure>\n<h5 style=\"text-align:justify\"><strong style=\"font-size:1.25em\">\u00bfQui\u00e9nes eran aquellos espa\u00f1oles y c\u00f3mo llegaron hasta all\u00ed?<\/strong><\/h5>\n<p style=\"text-align:justify\">La respuesta no es f\u00e1cil, ni cien por cien segura. Conservamos algunas fotos y documentos que atestiguan la presencia y el itinerario de algunos de ellos. El comandante Miguel Ezquerra, el jefe de la unidad, y el alf\u00e9rez Oca\u00f1a dejaron su testimonio en sendos libros. Pero en el m\u00e1s detallado, el de Ezquerra, se observan contradicciones entre sus dos ediciones (una portuguesa poco despu\u00e9s de la guerra y otra espa\u00f1ola muy posterior) y, aunque en su relato demuestra un conocimiento de la topograf\u00eda de la ciudad y del desarrollo de la batalla que hacen dif\u00edcil considerarlo un impostor, hay otros pasajes poco veros\u00edmiles o inexactos (como el de su condecoraci\u00f3n por Hitler entre el 29 y el 30 de abril, cuando ya el l\u00edder nazi se aprestaba a suicidarse, o la defensa del hotel Kaiserhof desde las plantas superiores cuando el edificio hab\u00eda sido derruido por un bombardeo a\u00e9reo en 1943).<\/p>\n<blockquote>\n<h4>Algunos soldados eran adictos a la guerra. No luchaban por dinero. No hab\u00eda provecho en unirse a quienes ya hab\u00edan perdido la partida<\/h4>\n<\/blockquote>\n<p style=\"text-align:justify\">Depurando la informaci\u00f3n disponible, con la ayuda de los historiadores que se han ocupado del asunto (como Carlos Caballero Jurado, que entrevist\u00f3 a algunos de los supervivientes), puede decirse que aquella unidad ten\u00eda una composici\u00f3n bastante heterog\u00e9nea. Algunos eran antiguos combatientes de la<strong>\u00a0Divisi\u00f3n Azul y la Legi\u00f3n Azul<\/strong>\u00a0que se hab\u00edan negado a volver cuando la \u00faltima fue repatriada en marzo de 1944 o que, tras regresar, y cuando ya Espa\u00f1a, por voluntad de un Franco deseoso de congraciarse con los victoriosos aliados, hab\u00eda adoptado el estatuto de potencia neutral, cruzaron ilegalmente la frontera para unirse a las tropas alemanas.<\/p>\n<figure id=\"attachment_49277\" aria-describedby=\"caption-attachment-49277\" style=\"width: 398px\" class=\"wp-caption aligncenter\"><img loading=\"lazy\" decoding=\"async\" class=\"wp-image-49277\" src=\"https:\/\/www.xlsemanal.com\/wp-content\/uploads\/sites\/3\/2011\/10\/conocer-historia-nazis-espa%C3%B1oles-ss-alemania-hitler-xlsemanal-3.jpg\" alt=\"conocer, historia, nazis, espa\u00f1oles, ss, alemania, hitler, xlsemanal\" width=\"398\" height=\"596\" \/><figcaption id=\"caption-attachment-49277\" class=\"wp-caption-text\">Ricardo Botet Moro, uno de los pocos espa\u00f1oles de los que se conserva una foto, con uniforme nazi. Al terminar la guerra, logr\u00f3 escapar de los sovi\u00e9ticos haci\u00e9ndose pasar por un trabajador desplazado. Desde all\u00ed huy\u00f3 a la zona aliada y en 1946 logr\u00f3 regresar a Espa\u00f1a, donde, al parecer, muri\u00f3 hace unos a\u00f1os<\/figcaption><\/figure>\n<p style=\"text-align:justify\">Otros eran j\u00f3venes, fervientes falangistas y anticomunistas que no hab\u00edan estado en la campa\u00f1a de Rusia, pero acompa\u00f1aron a estos veteranos en su aventura. Tampoco faltaron, al parecer, algunos de los 50.000 espa\u00f1oles que se calcula que a la saz\u00f3n trabajaban en la industria b\u00e9lica alemana y que se alistaron como soldados para eludir la muerte que los amenazaba en los bombardeos continuos sobre sus f\u00e1bricas. Incluso se dice que algunos de ellos eran antiguos combatientes republicanos, o\u00a0<em>rotspanier<\/em>, en la jerga nazi, a los que hay constancia de que Hitler lleg\u00f3 a pensar en reclutar de forma general.<\/p>\n<figure id=\"attachment_49276\" aria-describedby=\"caption-attachment-49276\" style=\"width: 403px\" class=\"wp-caption aligncenter\"><img loading=\"lazy\" decoding=\"async\" class=\"wp-image-49276\" src=\"https:\/\/www.xlsemanal.com\/wp-content\/uploads\/sites\/3\/2011\/10\/conocer-historia-nazis-espa%C3%B1oles-ss-alemania-hitler-xlsemanal-2.jpg\" alt=\"conocer, historia, nazis, espa\u00f1oles, ss, alemania, hitler, xlsemanal\" width=\"403\" height=\"594\" \/><figcaption id=\"caption-attachment-49276\" class=\"wp-caption-text\">Mito y verdad: Miguel Ezquerra, jefe de la unidad espa\u00f1ola de las SS en Berl\u00edn. Sobrevivi\u00f3. A\u00f1os despu\u00e9s de la guerra escribi\u00f3 una autobiograf\u00eda en la que algunos datos resultan, cuando menos, inexactos, lo cual no lo se\u00f1ala en ning\u00fan caso como un impostor<\/figcaption><\/figure>\n<p style=\"text-align:justify\">Con tan diferentes or\u00edgenes y extracciones, los vericuetos que siguieron aquellos espa\u00f1oles para acabar defendiendo el\u00a0<strong>Tercer Reich<\/strong>\u00a0en su batalla terminal fueron variopintos y, en alg\u00fan caso, casi incre\u00edbles. Muchos iniciaron su periplo en Versalles, en el todav\u00eda hoy existente Quartier de la Reine (en el 5 de la Rue Carnot), donde se reuni\u00f3 hacia mayo-junio de 1944 a aquellos voluntarios que los propios alemanes no ten\u00edan gran inter\u00e9s en hacer demasiado visibles, porque segu\u00edan comprando materias primas estrat\u00e9gicas a Franco. Luego marcharon a Stablack, en Prusia Oriental, donde se los instruy\u00f3, y desde all\u00ed se repartieron por diversos frentes. Unos acabaron en Yugoslavia luchando contra los partisanos de Tito; otros, en Italia; otros, en Ruman\u00eda tratando de parar a los rusos en los C\u00e1rpatos.<\/p>\n<blockquote>\n<h4>Los llamaron \u2018los irreductibles\u2019 o el Batall\u00f3n Fantasma. Se enfrentaron cuerpo a cuerpo a los tanques sovi\u00e9ticos en Berl\u00edn<\/h4>\n<\/blockquote>\n<p style=\"text-align:justify\">Los supervivientes de estos \u00faltimos, todav\u00eda encuadrados en la Wehrmacht o ej\u00e9rcito regular, acabaron compartiendo cuartel en Stockerau, cerca de Viena, con un contingente croata con el que mantuvieron p\u00e9simas relaciones. Eso fue lo que movi\u00f3 a muchos a acudir a la leva organizada por la divisi\u00f3n Wallonie, del belga L\u00e9on Degrelle, en la que constituyeron dos compa\u00f1\u00edas y se pusieron por primera vez el uniforme de las Waffen-SS. Con \u00e9l participaron en la dura batalla de Stargard, en Pomerania, a comienzos de 1945. Los que salieron vivos de ella constitu\u00edan la columna vertebral de la unidad espa\u00f1ola de las SS, que se form\u00f3 en marzo en Potsdam a las \u00f3rdenes de Ezquerra y que acudi\u00f3 a defender a la desesperada Berl\u00edn el 21 de abril de 1945.<\/p>\n<p style=\"text-align:justify\">Los llamaron \u201clos irreductibles\u201d o el Batall\u00f3n Fantasma. Gente a la que hoy nos cuesta comprender y que en medio de los escombros, junto a los ni\u00f1os feroces de las juventudes hitlerianas, se enfrentaron a cuerpo a los tanques sovi\u00e9ticos. Aunque no pocos, en cuanto vieron lo que hab\u00eda y pudieron, pusieron pies en polvorosa. No eran mercenarios, no hab\u00eda provecho en unirse a quienes a aquellas alturas hab\u00edan perdido notoriamente la partida:\u00a0<strong>algunos eran soldados cr\u00f3nicos, adictos a la guerra; a otros los mov\u00eda el fervor anticomunista<\/strong>; m\u00e1s de uno pod\u00eda alegar que lo llev\u00f3 all\u00ed el azar de los acontecimientos. En cualquier caso, se trata de un grupo de espa\u00f1oles en el hecho hist\u00f3rico central del siglo XX. Recorriendo esa hoy casi clandestina Vosstrasse que los vio pasar y morir (como la Potsdamerplatz, o la Moritzplatz, o la Friedrichstrasse), es ineludible, para este contador de historias, evocar y compartir su pasmosa peripecia.<\/p>\n<p style=\"text-align:justify\">\n","protected":false},"excerpt":{"rendered":"<p>Autor: Lorenzo Silva. Fuente: XLSemanal. La vosstrasse es hoy una calle discreta, con descampados y bloques de viviendas. En buena parte de su longitud se encuentra en obras. Ning\u00fan letrero oficial recuerda lo que la ocupaba antes, pero el viajero avisado sabe que hay gato encerrado, como en tantos otros lugares de esta zona c\u00e9ntrica &hellip; <a href=\"https:\/\/blogsaverroes.juntadeandalucia.es\/aldeacordoba\/?p=569\" class=\"more-link\">Continuar leyendo<span class=\"screen-reader-text\"> \u00abLos espa\u00f1oles que lucharon por Hitler en las SS.\u00bb<\/span><\/a><\/p>\n","protected":false},"author":168,"featured_media":0,"comment_status":"open","ping_status":"open","sticky":false,"template":"","format":"standard","meta":{"ngg_post_thumbnail":0,"footnotes":""},"categories":[224390],"tags":[224416,224580,224792],"aioseo_notices":[],"_links":{"self":[{"href":"https:\/\/blogsaverroes.juntadeandalucia.es\/aldeacordoba\/index.php?rest_route=\/wp\/v2\/posts\/569"}],"collection":[{"href":"https:\/\/blogsaverroes.juntadeandalucia.es\/aldeacordoba\/index.php?rest_route=\/wp\/v2\/posts"}],"about":[{"href":"https:\/\/blogsaverroes.juntadeandalucia.es\/aldeacordoba\/index.php?rest_route=\/wp\/v2\/types\/post"}],"author":[{"embeddable":true,"href":"https:\/\/blogsaverroes.juntadeandalucia.es\/aldeacordoba\/index.php?rest_route=\/wp\/v2\/users\/168"}],"replies":[{"embeddable":true,"href":"https:\/\/blogsaverroes.juntadeandalucia.es\/aldeacordoba\/index.php?rest_route=%2Fwp%2Fv2%2Fcomments&post=569"}],"version-history":[{"count":0,"href":"https:\/\/blogsaverroes.juntadeandalucia.es\/aldeacordoba\/index.php?rest_route=\/wp\/v2\/posts\/569\/revisions"}],"wp:attachment":[{"href":"https:\/\/blogsaverroes.juntadeandalucia.es\/aldeacordoba\/index.php?rest_route=%2Fwp%2Fv2%2Fmedia&parent=569"}],"wp:term":[{"taxonomy":"category","embeddable":true,"href":"https:\/\/blogsaverroes.juntadeandalucia.es\/aldeacordoba\/index.php?rest_route=%2Fwp%2Fv2%2Fcategories&post=569"},{"taxonomy":"post_tag","embeddable":true,"href":"https:\/\/blogsaverroes.juntadeandalucia.es\/aldeacordoba\/index.php?rest_route=%2Fwp%2Fv2%2Ftags&post=569"}],"curies":[{"name":"wp","href":"https:\/\/api.w.org\/{rel}","templated":true}]}}