{"id":584,"date":"2018-10-26T05:21:09","date_gmt":"2018-10-26T04:21:09","guid":{"rendered":"https:\/\/jmoragahc.wordpress.com\/?p=584"},"modified":"2018-10-26T05:21:09","modified_gmt":"2018-10-26T04:21:09","slug":"un-invento-espanol-poco-conocido-los-campos-de-concentracion","status":"publish","type":"post","link":"https:\/\/blogsaverroes.juntadeandalucia.es\/aldeacordoba\/?p=584","title":{"rendered":"Un invento espa\u00f1ol poco conocido: los campos de concentraci\u00f3n."},"content":{"rendered":"<figure style=\"width: 527px\" class=\"wp-caption aligncenter\"><img loading=\"lazy\" decoding=\"async\" class=\"size-large\" src=\"https:\/\/blogs.publico.es\/strambotic\/files\/2018\/10\/reconcetrado1-527x400.jpg\" width=\"527\" height=\"400\" \/><figcaption class=\"wp-caption-text\">M\u00e1s se perdi\u00f3 en Cuba\u2026 Imagen de Latin American Studies.<\/figcaption><\/figure>\n<p style=\"text-align:justify\">El primer campo de concentraci\u00f3n de la era moderna lo puso en marcha el general\u00a0<a href=\"http:\/\/es.wikipedia.org\/wiki\/Valeriano_Weyler\">Valeriano Weyler<\/a>\u00a0en Cuba en 1895, en v\u00edsperas de la guerra con EEUU que finalizar\u00eda con la p\u00e9rdida de las colonias de ultramar, en 1898. La idea del general era\u00a0<strong>\u201creconcentrar\u201d a los campesinos, con el fin de evitar que ayudaran al Ej\u00e9rcito Libertador<\/strong>, conocidos como \u201c<a href=\"http:\/\/es.wikipedia.org\/wiki\/Mambises\">mambises<\/a>\u201c.<span id=\"more-76203\"><\/span><\/p>\n<p style=\"text-align:justify\">La proclama que daba inicio a la reconcentraci\u00f3n dec\u00eda:<\/p>\n<p style=\"text-align:justify\"><em>1. Todos los habitantes de las zonas rurales o de las \u00e1reas exteriores a la l\u00ednea de ciudades fortificadas, ser\u00e1n concentrados dentro de las ciudades ocupadas por las tropas en el plazo de ocho d\u00edas. Todo aquel que desobedezca esta orden o que sea encontrado fuera de las zonas prescritas, ser\u00e1 considerado rebelde y juzgado como tal.<\/em><\/p>\n<p style=\"text-align:justify\"><em>2. Queda absolutamente prohibido, sin permiso de la autoridad militar del punto de partida, sacar productos alimenticios de las ciudades y trasladarlos a otras, por mar o por tierra. Los violadores de estas normas ser\u00e1n juzgados y condenados en calidad de colaboradores de los rebeldes.<\/em><\/p>\n<p style=\"text-align:justify\"><em>3. Se ordena a los propietarios de cabezas de ganado que las conduzcan a las ciudades o sus alrededores, donde pueden recibir la protecci\u00f3n adecuada.<\/em><\/p>\n<figure id=\"attachment_76209\" aria-describedby=\"caption-attachment-76209\" style=\"width: 600px\" class=\"wp-caption alignnone\"><img loading=\"lazy\" decoding=\"async\" class=\"wp-image-76209 size-large\" src=\"https:\/\/blogs.publico.es\/strambotic\/files\/2018\/10\/reconcentracion-weyler-600x383.jpg\" alt=\"\" width=\"600\" height=\"383\" \/><figcaption id=\"caption-attachment-76209\" class=\"wp-caption-text\">El general Weyler (izquierda) y algunos de los cubanos que sufrieron los campos de \u201creconcentraci\u00f3n\u201d.<\/figcaption><\/figure>\n<p style=\"text-align:justify\">Los cerca de 400.000 cubanos encerrados en estos campos hacia finales de<strong>\u00a01896 viv\u00edan en \u201ccondiciones higi\u00e9nicas deplorables\u201d<\/strong>\u00a0y carec\u00edan de una alimentaci\u00f3n suficiente. Adem\u00e1s, la privaci\u00f3n de libertad de los campesinos provoc\u00f3 una hambruna que cercen\u00f3 a un tercio de la poblaci\u00f3n de la isla.\u00a0<strong>La cifra de fallecidos en los campos entre 1895 y 1898 se estima entre 300.000 y 600.000<\/strong>, seg\u00fan el historiador\u00a0<a href=\"http:\/\/www.latinamericanstudies.org\/1895\/reconcentracion.htm\">Miguel Leal Cruz<\/a>.<\/p>\n<p style=\"text-align:justify\">Por los servicios prestados a la Corona espa\u00f1ola, el general\u00a0<strong>Valeriano Weyler<\/strong>ostenta desde hace d\u00e9cadas una placa en el Paseo del Pintor Rosales: \u201cModelo de lealtad constitucional\u201d, seg\u00fan\u00a0<a href=\"https:\/\/blogs.publico.es\/strambotic\/2015\/02\/killer-street\/\">puede leerse<\/a>\u00a0sin aparente iron\u00eda.<\/p>\n<p style=\"text-align:justify\"><img loading=\"lazy\" decoding=\"async\" class=\"alignnone size-full wp-image-76207\" src=\"https:\/\/blogs.publico.es\/strambotic\/files\/2018\/10\/valerianoweyler_01-1.jpg\" alt=\"\" width=\"600\" height=\"521\" \/><\/p>\n<p style=\"text-align:justify\">Tal fue el \u00e9xito de los campos de concentraci\u00f3n que los ingleses no tardaron en copiar la idea y aplicarla en su guerra\u00a0<strong>contra los boers en Sud\u00e1fric<\/strong><strong>a<\/strong>, aunque fueron los nazis los que llevaron la idea de concentrar -y aniquilar- civiles hasta el paroxismo durante la Segunda Guerra Mundial.<\/p>\n","protected":false},"excerpt":{"rendered":"<p>El primer campo de concentraci\u00f3n de la era moderna lo puso en marcha el general\u00a0Valeriano Weyler\u00a0en Cuba en 1895, en v\u00edsperas de la guerra con EEUU que finalizar\u00eda con la p\u00e9rdida de las colonias de ultramar, en 1898. La idea del general era\u00a0\u201creconcentrar\u201d a los campesinos, con el fin de evitar que ayudaran al Ej\u00e9rcito &hellip; <a href=\"https:\/\/blogsaverroes.juntadeandalucia.es\/aldeacordoba\/?p=584\" class=\"more-link\">Continuar leyendo<span class=\"screen-reader-text\"> \u00abUn invento espa\u00f1ol poco conocido: los campos de concentraci\u00f3n.\u00bb<\/span><\/a><\/p>\n","protected":false},"author":168,"featured_media":0,"comment_status":"open","ping_status":"open","sticky":false,"template":"","format":"standard","meta":{"ngg_post_thumbnail":0,"footnotes":""},"categories":[224383],"tags":[224401,224465,224494,224531,224619],"aioseo_notices":[],"_links":{"self":[{"href":"https:\/\/blogsaverroes.juntadeandalucia.es\/aldeacordoba\/index.php?rest_route=\/wp\/v2\/posts\/584"}],"collection":[{"href":"https:\/\/blogsaverroes.juntadeandalucia.es\/aldeacordoba\/index.php?rest_route=\/wp\/v2\/posts"}],"about":[{"href":"https:\/\/blogsaverroes.juntadeandalucia.es\/aldeacordoba\/index.php?rest_route=\/wp\/v2\/types\/post"}],"author":[{"embeddable":true,"href":"https:\/\/blogsaverroes.juntadeandalucia.es\/aldeacordoba\/index.php?rest_route=\/wp\/v2\/users\/168"}],"replies":[{"embeddable":true,"href":"https:\/\/blogsaverroes.juntadeandalucia.es\/aldeacordoba\/index.php?rest_route=%2Fwp%2Fv2%2Fcomments&post=584"}],"version-history":[{"count":0,"href":"https:\/\/blogsaverroes.juntadeandalucia.es\/aldeacordoba\/index.php?rest_route=\/wp\/v2\/posts\/584\/revisions"}],"wp:attachment":[{"href":"https:\/\/blogsaverroes.juntadeandalucia.es\/aldeacordoba\/index.php?rest_route=%2Fwp%2Fv2%2Fmedia&parent=584"}],"wp:term":[{"taxonomy":"category","embeddable":true,"href":"https:\/\/blogsaverroes.juntadeandalucia.es\/aldeacordoba\/index.php?rest_route=%2Fwp%2Fv2%2Fcategories&post=584"},{"taxonomy":"post_tag","embeddable":true,"href":"https:\/\/blogsaverroes.juntadeandalucia.es\/aldeacordoba\/index.php?rest_route=%2Fwp%2Fv2%2Ftags&post=584"}],"curies":[{"name":"wp","href":"https:\/\/api.w.org\/{rel}","templated":true}]}}