{"id":593,"date":"2018-11-18T10:53:45","date_gmt":"2018-11-18T09:53:45","guid":{"rendered":"https:\/\/jmoragahc.wordpress.com\/?p=593"},"modified":"2018-11-18T10:53:45","modified_gmt":"2018-11-18T09:53:45","slug":"la-creacion-de-la-sfio","status":"publish","type":"post","link":"https:\/\/blogsaverroes.juntadeandalucia.es\/aldeacordoba\/?p=593","title":{"rendered":"La creaci\u00f3n de la SFIO."},"content":{"rendered":"<p>&nbsp;<\/p>\n<figure style=\"width: 550px\" class=\"wp-caption aligncenter\"><img loading=\"lazy\" decoding=\"async\" class=\"size-large\" src=\"https:\/\/www.nuevatribuna.es\/media\/nuevatribuna\/images\/2018\/10\/05\/\/2018100513144125999.jpg\" width=\"550\" height=\"377\" \/><figcaption class=\"wp-caption-text\">Imagen tomada de la Biblioteca Nacional de Francia<\/figcaption><\/figure>\n<p><strong>Autor: Eduardo Montagut<\/strong><\/p>\n<p><strong>Fuente:<\/strong>\u00a0<a href=\"https:\/\/www.nuevatribuna.es\/articulo\/historia\/la-creacion-de-la-sfio\/20181005130706156241.html\"><em>Diario digital Nueva Tribuna<\/em><\/a>, 5\/10\/2018<\/p>\n<p style=\"text-align:justify\">El socialismo franc\u00e9s llegaba muy dividido al siglo XX, aunque estaba viviendo un proceso previo de unificaci\u00f3n de los distintos grupos. A 1905 llegaba el Partido Socialista Franc\u00e9s, que se hab\u00eda creado en 1902 por la fusi\u00f3n de la Federaci\u00f3n de Trabajadores Socialistas de Francia de\u00a0<strong>Paul Brousse<\/strong>, el Partido Obrero Socialista Revolucionario de\u00a0<strong>Jean Allemane<\/strong>, y un grupo de personalidades socialistas, entre las que destacaba, sin lugar a dudas,\u00a0<strong>Jean Jaur\u00e8s<\/strong>.<img loading=\"lazy\" decoding=\"async\" class=\"alignright\" src=\"https:\/\/www.nuevatribuna.es\/media\/nuevatribuna\/images\/2018\/10\/05\/\/2018100513121876791.png\" width=\"286\" height=\"286\" \/><\/p>\n<p style=\"text-align:justify\">La Federaci\u00f3n se hab\u00eda creado en 1879 en el Congreso de Marsella, bajo el liderazgo de\u00a0<strong>Jules Guesde<\/strong>, pero llam\u00e1ndose Federaci\u00f3n del Partido de los Trabajadores Franceses. En principio, defend\u00eda el colectivismo, pero en el Congreso de Le Havre (1880) adopt\u00f3 el marxismo, con las elaboraciones de Guesde y de\u00a0<strong>Paul Lafargue<\/strong>. Pero, muy pronto se vivi\u00f3 una clara divisi\u00f3n entre la fracci\u00f3n marxista de Guesde, y otra m\u00e1s posibilista de\u00a0<strong>Paul Brousse<\/strong>. En 1882 se producir\u00eda la escisi\u00f3n. Por un lado, Guesde y Lafargue fundaban el Partido Obrero Franc\u00e9s, y la mayor\u00eda posibilista o reformista adoptaba durante un tiempo el nombre de Partido Obrero Socialista Revolucionario, para muy pronto pasar a ser la Federaci\u00f3n de Trabajadores Socialistas de Francia. Pero la Federaci\u00f3n sufrir\u00eda una escisi\u00f3n, la liderada por\u00a0<strong>Allemane<\/strong>, mucho m\u00e1s radical y con un gran acento sindicalista.<\/p>\n<p style=\"text-align:justify\">A 1905 tambi\u00e9n llegaba el Partido Socialista de Francia, aunque antes se hab\u00eda llamado Unidad Socialista Revolucionaria, una organizaci\u00f3n pol\u00edtica nacida por el acuerdo de guesdistas y blanquistas, y la Alianza Comunista Revolucionaria. El Partido Socialista de Francia hab\u00eda nacido en 1902 cuando se unieron el Partido Obrero Franc\u00e9s de\u00a0<strong>Guesde<\/strong>, que ya hemos mencionado y el Partido Socialista Revolucionario de tendencia blanquista, y liderado por\u00a0<strong>\u00c9douard Vaillant<\/strong>.<\/p>\n<p style=\"text-align:justify\">La creaci\u00f3n de la SFIO, es decir, la\u00a0<em>Section Fran\u00e7aise de I\u2019Internationale Ouvri\u00e8re<\/em>\u00a0(Secci\u00f3n Francesa de la Internacional Obrera) en 1905, uniendo los partidos socialistas existentes, fue recibida con intensa alegr\u00eda por parte del PSOE. Por fin, Francia contaba con un \u00fanico Partido Socialista, como en los principales pa\u00edses occidentales.<\/p>\n<blockquote><p>Para que la clase obrera tuviera fuerza en su lucha contra el capitalismo se hac\u00eda indispensable que hubiera un \u00fanico partido socialista en cada pa\u00eds<\/p><\/blockquote>\n<p style=\"text-align:justify\"><em>El Socialista<\/em>\u00a0constituye una fuente que nos interesa no s\u00f3lo para ahondar en el momento fundacional de la SFIO, sino tambi\u00e9n porque nos permite ahondar en el conocimiento de las ideas del PSOE en ese momento. El peri\u00f3dico espa\u00f1ol informaba que esta fusi\u00f3n se hab\u00eda producido en el Congreso de Par\u00eds de los d\u00edas 23, 24 y 25 de abril, gracias al trabajo de una comisi\u00f3n compuesta por miembros de todas las \u201cfracciones\u201d. En el Congreso se hab\u00eda votado la organizaci\u00f3n por la que deb\u00eda de regirse, siguiendo lo dispuesto por el Congreso de \u00c1msterdam de la Segunda Internacional del a\u00f1o anterior. Como es sabido, en dicho Congreso se aprob\u00f3 una resoluci\u00f3n sobre la unidad. Para que la clase obrera tuviera fuerza en su lucha contra el capitalismo se hac\u00eda indispensable que hubiera un \u00fanico partido socialista en cada pa\u00eds, enfrente de los partidos burgueses, como hab\u00eda un \u00fanico proletariado. En consecuencia, todos los militantes, fracciones u organizaciones que se considerasen socialistas ten\u00edan el deber de trabajar para conseguir la unidad sobre la base de los principios establecidos por los Congresos internacionales. La Segunda Internacional y los Partidos de las naciones donde existiese tal unidad ten\u00edan el deber de ponerse a disposici\u00f3n para ayudar a que este acuerdo tuviese \u00e9xito.<\/p>\n<p style=\"text-align:justify\">Se informaba tambi\u00e9n que\u00a0<em>Le Socialiste<\/em>, hasta ahora \u00f3rgano del Partido Socialista de Francia, la fracci\u00f3n m\u00e1s numerosa, pasaba a ser el \u00f3rgano de la nueva organizaci\u00f3n pol\u00edtica. Tambi\u00e9n se informaba de la composici\u00f3n de la Comisi\u00f3n Administrativa del Consejo Nacional.<\/p>\n<hr \/>\n<p style=\"text-align:justify\"><em>Hemos consultado los n\u00fameros 965, 1001 y 1004 de El Socialista. Para ahondar en la compleja, pero, sin lugar a dudas, fascinante historia del socialismo franc\u00e9s previo a la creaci\u00f3n de la SFIO es imprescindible acudir al tomo correspondiente de la Historia General del Socialismo, que trata de la etapa hist\u00f3rica entre 1875 y 1914, que coordin\u00f3 en su d\u00eda Jacques Droz, y que en Espa\u00f1a public\u00f3 Destino libro.<\/em><\/p>\n","protected":false},"excerpt":{"rendered":"<p>&nbsp; Autor: Eduardo Montagut Fuente:\u00a0Diario digital Nueva Tribuna, 5\/10\/2018 El socialismo franc\u00e9s llegaba muy dividido al siglo XX, aunque estaba viviendo un proceso previo de unificaci\u00f3n de los distintos grupos. A 1905 llegaba el Partido Socialista Franc\u00e9s, que se hab\u00eda creado en 1902 por la fusi\u00f3n de la Federaci\u00f3n de Trabajadores Socialistas de Francia de\u00a0Paul &hellip; <a href=\"https:\/\/blogsaverroes.juntadeandalucia.es\/aldeacordoba\/?p=593\" class=\"more-link\">Continuar leyendo<span class=\"screen-reader-text\"> \u00abLa creaci\u00f3n de la SFIO.\u00bb<\/span><\/a><\/p>\n","protected":false},"author":168,"featured_media":0,"comment_status":"open","ping_status":"open","sticky":false,"template":"","format":"standard","meta":{"ngg_post_thumbnail":0,"footnotes":""},"categories":[224382],"tags":[224607,224664,224715,224897,224909],"aioseo_notices":[],"_links":{"self":[{"href":"https:\/\/blogsaverroes.juntadeandalucia.es\/aldeacordoba\/index.php?rest_route=\/wp\/v2\/posts\/593"}],"collection":[{"href":"https:\/\/blogsaverroes.juntadeandalucia.es\/aldeacordoba\/index.php?rest_route=\/wp\/v2\/posts"}],"about":[{"href":"https:\/\/blogsaverroes.juntadeandalucia.es\/aldeacordoba\/index.php?rest_route=\/wp\/v2\/types\/post"}],"author":[{"embeddable":true,"href":"https:\/\/blogsaverroes.juntadeandalucia.es\/aldeacordoba\/index.php?rest_route=\/wp\/v2\/users\/168"}],"replies":[{"embeddable":true,"href":"https:\/\/blogsaverroes.juntadeandalucia.es\/aldeacordoba\/index.php?rest_route=%2Fwp%2Fv2%2Fcomments&post=593"}],"version-history":[{"count":0,"href":"https:\/\/blogsaverroes.juntadeandalucia.es\/aldeacordoba\/index.php?rest_route=\/wp\/v2\/posts\/593\/revisions"}],"wp:attachment":[{"href":"https:\/\/blogsaverroes.juntadeandalucia.es\/aldeacordoba\/index.php?rest_route=%2Fwp%2Fv2%2Fmedia&parent=593"}],"wp:term":[{"taxonomy":"category","embeddable":true,"href":"https:\/\/blogsaverroes.juntadeandalucia.es\/aldeacordoba\/index.php?rest_route=%2Fwp%2Fv2%2Fcategories&post=593"},{"taxonomy":"post_tag","embeddable":true,"href":"https:\/\/blogsaverroes.juntadeandalucia.es\/aldeacordoba\/index.php?rest_route=%2Fwp%2Fv2%2Ftags&post=593"}],"curies":[{"name":"wp","href":"https:\/\/api.w.org\/{rel}","templated":true}]}}