{"id":599,"date":"2018-11-06T20:59:14","date_gmt":"2018-11-06T19:59:14","guid":{"rendered":"https:\/\/jmoragahc.wordpress.com\/?p=599"},"modified":"2018-11-06T20:59:14","modified_gmt":"2018-11-06T19:59:14","slug":"francisco-boix-el-espanol-que-fotografio-el-horror-nazi","status":"publish","type":"post","link":"https:\/\/blogsaverroes.juntadeandalucia.es\/aldeacordoba\/?p=599","title":{"rendered":"Francisco Boix, el espa\u00f1ol que fotografi\u00f3 el horror nazi."},"content":{"rendered":"<p><img loading=\"lazy\" decoding=\"async\" class=\"size-large aligncenter\" style=\"background-color:initial\" src=\"https:\/\/www.laaventuradelahistoria.es\/wp-content\/uploads\/2018\/10\/Boix-III-696x773.jpg\" width=\"696\" height=\"773\" \/><\/p>\n<p>Francisco Boix, tras la liberaci\u00f3n de Mauthausen.<strong>Autora:<\/strong>\u00a0<strong>Montserrat Llor<\/strong><\/p>\n<p><strong>Fuente:<\/strong> <a href=\"https:\/\/www.laaventuradelahistoria.es\/francisco-boix-mauthausen\"><em>La aventura de la Historia. <\/em><\/a>23\/10\/2018.<\/p>\n<p style=\"text-align:justify\">Tras la liberaci\u00f3n de<strong>\u00a0Mauthausen<\/strong>\u00a0(Austria), en mayo de 1945, el mundo tuvo noticia de las atrocidades cometidas por los nazis en el\u00a0<strong>campo de concentraci\u00f3n\u00a0<\/strong>gracias a la iniciativa y la\u00a0<strong>valent\u00eda de algunos deportados espa\u00f1oles<\/strong>, que arriesgaron sus vidas para sustraer del laboratorio fotogr\u00e1fico del complejo las im\u00e1genes que mostrar\u00edan la barbarie sufrida por los presos, esclavizados, torturados y asesinados por las SS.<\/p>\n<p style=\"text-align:justify\">Para ello, fue imprescindible la participaci\u00f3n de unos j\u00f3venes, todos espa\u00f1oles y menores de veinte a\u00f1os, bautizados como\u00a0<em>Poschacher<\/em>, apellido del propietario de una cantera privada de las inmediaciones del pueblo, que lograron sacar de Mauthausen y poner a buen recaudo las fotograf\u00edas conseguidas h\u00e1bilmente por<strong>Francisco Boix<\/strong>, en colaboraci\u00f3n con\u00a0<strong>Antonio Garc\u00eda<\/strong>.<\/p>\n<p style=\"text-align:justify\">Ambos trabajaban en el\u00a0<em>Erkennungsdienst<\/em>, el laboratorio fotogr\u00e1fico destinado oficialmente a los retratos de identificaci\u00f3n de los presos. All\u00ed revelaban, guardaban y clasificaban negativos y clich\u00e9s de fotos que los nazis tomaban del campo:\u00a0<strong>retratos, escenas cotidianas del trabajo de los presos, experimentos m\u00e9dicos, ejecuciones y, muy especialmente, las visitas de altos cargos<\/strong>. Este preciado material ser\u00eda aportado, tras la liberaci\u00f3n, por el propio Boix en los<strong>\u00a0juicios de Nuremberg y Dachau<\/strong>\u00a0como prueba de la crueldad nazi.<\/p>\n<figure id=\"attachment_1787\" class=\"wp-caption alignright\" style=\"text-align:justify\">\n<p><figure id=\"attachment_1787\" aria-describedby=\"caption-attachment-1787\" style=\"width: 229px\" class=\"wp-caption alignright\"><img loading=\"lazy\" decoding=\"async\" class=\"td-animation-stack-type0-2 wp-image-1787 size-medium\" src=\"https:\/\/www.laaventuradelahistoria.es\/wp-content\/uploads\/2018\/10\/Boix-portada-229x300.jpg\" alt=\"Portada del n\u00famero 140 de la revista &quot;La Aventura de la Historia&quot;.\" width=\"229\" height=\"300\" \/><figcaption id=\"caption-attachment-1787\" class=\"wp-caption-text\">Portada del n\u00famero 140 de la revista \u201cLa Aventura de la Historia\u201d.<\/figcaption><\/figure><figcaption class=\"wp-caption-text\"><\/figcaption><\/figure>\n<p style=\"text-align:justify\">En Mauthausen, Francisco Boix hab\u00eda sido un\u00a0<em>prominente<\/em>, al igual que otros espa\u00f1oles que desempe\u00f1aban trabajos especiales. Consigui\u00f3 un\u00a0<strong>trato directo y habitual con algunos SS<\/strong>\u00a0y, durante un tiempo, fue secretario del laboratorio. Pronto se dieron cuenta del valor hist\u00f3rico de las fotograf\u00edas que pasaban por sus manos, la prueba que permitir\u00eda documentar en el futuro los cr\u00edmenes cometidos en el campo de concentraci\u00f3n desde el a\u00f1o 1940. Idearon la forma de sacarlas de \u00e9l y, aunque en un principio fueron escondidas en diversos lugares por algunos presos, enseguida advirtieron el grave peligro de ser descubiertos. Por ello, Boix entr\u00f3 en contacto con un grupo de j\u00f3venes que, desde 1942 y hasta finales de 1944, trabajaron fuera del campo: los\u00a0<em>Poschacher<\/em>.<\/p>\n<p style=\"text-align:justify\">Fueron algunos integrantes de este comando, compuesto por unos\u00a0<strong>cuarenta chicos de entre 13 y 19 a\u00f1os<\/strong>, los que llevaron a cabo la tarea.<strong>\u00a0Jacinto Cort\u00e9s<\/strong>\u00a0y\u00a0<strong>Jes\u00fas Grau<\/strong>\u00a0sacaron las fotos fuera de los muros de Mauthausen y<strong>\u00a0Jos\u00e9 Alcubierre<\/strong>convenci\u00f3 a la austriaca\u00a0<strong>Anna Pointner<\/strong>\u00a0\u2013vecina del campo\u2013 para que las escondiera en su casa hasta la liberaci\u00f3n. Otros\u00a0<em>Poschacher<\/em>\u00a0colaboraron manteniendo absoluto silencio en un mundo en el que la\u00a0<strong>traici\u00f3n era recompensada por los nazis<\/strong>. Aquel mutismo y el apoyo de todos los compa\u00f1eros fueron armas decisivas para la misi\u00f3n.<\/p>\n<figure id=\"attachment_1786\" class=\"wp-caption aligncenter\" style=\"text-align:justify\">\n<p><figure id=\"attachment_1786\" aria-describedby=\"caption-attachment-1786\" style=\"width: 696px\" class=\"wp-caption aligncenter\"><img loading=\"lazy\" decoding=\"async\" class=\"td-animation-stack-type0-2 wp-image-1786 size-large\" src=\"https:\/\/www.laaventuradelahistoria.es\/wp-content\/uploads\/2018\/10\/Boix-IV-1024x768.jpg\" alt=\"Fotograma de &quot;El fot\u00f3grafo de Mauthausen&quot;.\" width=\"696\" height=\"522\" \/><figcaption id=\"caption-attachment-1786\" class=\"wp-caption-text\">Fotograma de \u201cEl fot\u00f3grafo de Mauthausen\u201d.<\/figcaption><\/figure><figcaption class=\"wp-caption-text\"><\/figcaption><\/figure>\n<p style=\"text-align:justify\">Francisco Boix, sobre cuya figura el viernes 26 de octubre se estrena la pel\u00edcula\u00a0<em>El fot\u00f3grafo de Mauthausen<\/em>(dirigida por\u00a0<strong>Mar Targarona<\/strong>\u00a0e interpretada por<strong>\u00a0Mario Casas<\/strong>), hab\u00eda nacido en Barcelona, en 1920, en una familia modesta cuyo padre era un sastre de ideas izquierdistas, amante de la fotograf\u00eda. Ten\u00eda 15 a\u00f1os cuando empez\u00f3 la Guerra Civil. Ya era aprendiz de fot\u00f3grafo y hab\u00eda llegado a trabajar al lado de<strong>\u00a0Gregorio L\u00f3pez Raimundo<\/strong>\u00a0y\u00a0<strong>Teresa P\u00e0mies<\/strong>\u00a0en la revista\u00a0<em>Juliol<\/em>, de las Juventudes Socialistas Unificadas de Catalunya, en las que milit\u00f3. Desde entonces, su figura ir\u00eda unida a una c\u00e1mara.<\/p>\n<p style=\"text-align:justify\">Con talento innato para los idiomas \u2013aprendi\u00f3 franc\u00e9s durante su exilio y, m\u00e1s tarde, alem\u00e1n en un\u00a0<em>Stalag<\/em>\u00a0al caer prisionero de las tropas del Reich\u2013 fue conducido a Mauthausen con otros\u00a0<strong>1.500 republicanos espa\u00f1oles<\/strong>y lleg\u00f3 al campo el 27 de enero de 1941.<\/p>\n<p style=\"text-align:justify\">Consigui\u00f3 trabajar en la tercera oficina del centro, el\u00a0<em>Erkennungsdienst<\/em>, o servicio de identificaci\u00f3n de los presos, donde se conservaban fotograf\u00edas de altos mandos y actividades comprometedoras que tomaban los SS para su archivo. Junto con otro catal\u00e1n destinado al laboratorio, Antonio Garc\u00eda Alonso \u2013llegar\u00eda despu\u00e9s un tercer espa\u00f1ol,<strong>\u00a0Jos\u00e9 Cereceda<\/strong>\u2013, lograron esconder un verdadero tesoro: copias que ellos mismos hac\u00edan de las fotograf\u00edas. En un primer momento, fueron sustra\u00eddas unas<em>\u00a0200 fotos en papel y 800 negativos<\/em>. Gracias a los\u00a0<em>Poschacher<\/em>\u00a0pudo esconderse el material.<\/p>\n<p style=\"text-align:justify\"><img loading=\"lazy\" decoding=\"async\" class=\"size-full wp-image-1783 td-animation-stack-type0-2 aligncenter\" src=\"https:\/\/www.laaventuradelahistoria.es\/wp-content\/uploads\/2018\/10\/Boix-I.jpg\" alt=\"Derribo del \u00e1guila nazi a la entrada del campo de Mauthausen, una de las instant\u00e1neas tomadas por Francisco Boix tras la liberaci\u00f3n del campo.\" width=\"737\" height=\"539\" \/><\/p>\n<p style=\"text-align:justify\">Ante la inminente derrota alemana,<strong>\u00a0recibi\u00f3 la orden de destruir los archivos y los negativos<\/strong>, algo que hizo s\u00f3lo parcialmente, pues efectu\u00f3 una exhaustiva selecci\u00f3n, salvando material hist\u00f3rico. Durante la liberaci\u00f3n,\u00a0<strong>logr\u00f3 hacerse con una Leica y tom\u00f3 numerosas fotos de aquel momento plet\u00f3rico<\/strong>: sus compa\u00f1eros liberados; la muerte de Franz Ziereis (comandante del campo); el derribo del \u00e1guila nazi en la entrada al campo, o la recogida del material de casa de Anna Pointner, entre otras. Se convirti\u00f3 as\u00ed en el reportero de la liberaci\u00f3n de Mauthausen.<\/p>\n<p style=\"text-align:justify\">Durante el Juicio de Nuremberg, Francisco Boix afirm\u00f3 que su tarea en el laboratorio fotogr\u00e1fico, dirigido por el suboficial SS\u00a0<strong>Paul Ricken<\/strong>, consisti\u00f3 en revelar las pel\u00edculas Leica de los fusilados. Mostr\u00f3 y document\u00f3 algunas de las fotos m\u00e1s significativas, que probaban que Kaltenbrunner hab\u00eda ido a Mauthausen y conoc\u00eda la existencia de los campos, visitas de altos mandos como\u00a0<strong>Himmler<\/strong>, detalles de la\u00a0<strong>cantera de Wienergraben<\/strong>, cad\u00e1veres lanzados desde lo alto de la cantera, el trabajo en las vagonetas, el ahorcamiento p\u00fablico del fugado Bonarewitz, jud\u00edos y otros presos colgados, etc\u00e9tera.<\/p>\n<figure id=\"attachment_1784\" class=\"wp-caption aligncenter\" style=\"text-align:justify\">\n<p><figure id=\"attachment_1784\" aria-describedby=\"caption-attachment-1784\" style=\"width: 696px\" class=\"wp-caption aligncenter\"><img loading=\"lazy\" decoding=\"async\" class=\"td-animation-stack-type0-2 wp-image-1784 size-large\" src=\"https:\/\/www.laaventuradelahistoria.es\/wp-content\/uploads\/2018\/10\/Boix-II-1024x547.jpg\" alt=\"Francisco Boix, declarando en los juicios de Nuremberg.\" width=\"696\" height=\"372\" \/><figcaption id=\"caption-attachment-1784\" class=\"wp-caption-text\">Francisco Boix, declarando en los juicios de Nuremberg.<\/figcaption><\/figure><figcaption class=\"wp-caption-text\"><\/figcaption><\/figure>\n<p style=\"text-align:justify\">Tras la liberaci\u00f3n de Mauthausen, se estableci\u00f3 en Par\u00eds. Su salud estaba quebrantada a consecuencia del campo y,<strong>\u00a0tras largas estancias hospitalarias, muri\u00f3 en 1951<\/strong>. Fue enterrado en el cementerio de Thiais, al sur de Par\u00eds.<\/p>\n","protected":false},"excerpt":{"rendered":"<p>Francisco Boix, tras la liberaci\u00f3n de Mauthausen.Autora:\u00a0Montserrat Llor Fuente: La aventura de la Historia. 23\/10\/2018. Tras la liberaci\u00f3n de\u00a0Mauthausen\u00a0(Austria), en mayo de 1945, el mundo tuvo noticia de las atrocidades cometidas por los nazis en el\u00a0campo de concentraci\u00f3n\u00a0gracias a la iniciativa y la\u00a0valent\u00eda de algunos deportados espa\u00f1oles, que arriesgaron sus vidas para sustraer del laboratorio &hellip; <a href=\"https:\/\/blogsaverroes.juntadeandalucia.es\/aldeacordoba\/?p=599\" class=\"more-link\">Continuar leyendo<span class=\"screen-reader-text\"> \u00abFrancisco Boix, el espa\u00f1ol que fotografi\u00f3 el horror nazi.\u00bb<\/span><\/a><\/p>\n","protected":false},"author":168,"featured_media":0,"comment_status":"open","ping_status":"open","sticky":false,"template":"","format":"standard","meta":{"ngg_post_thumbnail":0,"footnotes":""},"categories":[224390],"tags":[224465,224606,224683,224768],"aioseo_notices":[],"_links":{"self":[{"href":"https:\/\/blogsaverroes.juntadeandalucia.es\/aldeacordoba\/index.php?rest_route=\/wp\/v2\/posts\/599"}],"collection":[{"href":"https:\/\/blogsaverroes.juntadeandalucia.es\/aldeacordoba\/index.php?rest_route=\/wp\/v2\/posts"}],"about":[{"href":"https:\/\/blogsaverroes.juntadeandalucia.es\/aldeacordoba\/index.php?rest_route=\/wp\/v2\/types\/post"}],"author":[{"embeddable":true,"href":"https:\/\/blogsaverroes.juntadeandalucia.es\/aldeacordoba\/index.php?rest_route=\/wp\/v2\/users\/168"}],"replies":[{"embeddable":true,"href":"https:\/\/blogsaverroes.juntadeandalucia.es\/aldeacordoba\/index.php?rest_route=%2Fwp%2Fv2%2Fcomments&post=599"}],"version-history":[{"count":0,"href":"https:\/\/blogsaverroes.juntadeandalucia.es\/aldeacordoba\/index.php?rest_route=\/wp\/v2\/posts\/599\/revisions"}],"wp:attachment":[{"href":"https:\/\/blogsaverroes.juntadeandalucia.es\/aldeacordoba\/index.php?rest_route=%2Fwp%2Fv2%2Fmedia&parent=599"}],"wp:term":[{"taxonomy":"category","embeddable":true,"href":"https:\/\/blogsaverroes.juntadeandalucia.es\/aldeacordoba\/index.php?rest_route=%2Fwp%2Fv2%2Fcategories&post=599"},{"taxonomy":"post_tag","embeddable":true,"href":"https:\/\/blogsaverroes.juntadeandalucia.es\/aldeacordoba\/index.php?rest_route=%2Fwp%2Fv2%2Ftags&post=599"}],"curies":[{"name":"wp","href":"https:\/\/api.w.org\/{rel}","templated":true}]}}