{"id":605,"date":"2018-11-16T12:29:40","date_gmt":"2018-11-16T11:29:40","guid":{"rendered":"https:\/\/jmoragahc.wordpress.com\/?p=605"},"modified":"2018-11-16T12:29:40","modified_gmt":"2018-11-16T11:29:40","slug":"las-bases-del-programa-socialista-en-1888","status":"publish","type":"post","link":"https:\/\/blogsaverroes.juntadeandalucia.es\/aldeacordoba\/?p=605","title":{"rendered":"Las bases del programa socialista en 1888."},"content":{"rendered":"<p><img loading=\"lazy\" decoding=\"async\" class=\"size-large aligncenter\" src=\"https:\/\/www.nuevatribuna.es\/media\/nuevatribuna\/images\/2018\/10\/30\/2018103020131623599.jpg\" width=\"550\" height=\"309\" \/><\/p>\n<p><strong>Autor:\u00a0<a title=\"eduardo.montagut\" href=\"https:\/\/www.nuevatribuna.es\/author\/eduardo.montagut\" target=\"_blank\" rel=\"noopener noreferrer\">Eduardo Montagut<\/a>. <\/strong>30\/10\/2018<\/p>\n<p><strong>Fuente:<\/strong> <em>nuevatribuna.es. 30\/10\/2018<\/em><\/p>\n<p style=\"text-align:justify\">Adem\u00e1s de los objetivos y medios para alcanzarlos, que se debatieron y aprobaron en el primer Congreso que celebr\u00f3 el\u00a0<a href=\"https:\/\/www.nuevatribuna.es\/articulo\/historia\/poder-psoe-verano-1888\/20180819164127154923.html\" target=\"_blank\" rel=\"noopener noreferrer\">PSOE en el mes agosto de 1888<\/a>, el mismo\u00a0<a href=\"https:\/\/www.nuevatribuna.es\/articulo\/historia\/130-aniversario-fundacion-ugt\/20180730173900154416.html\" target=\"_blank\" rel=\"noopener noreferrer\">mes en el que se fund\u00f3 la UGT<\/a>, y que se plasmaron en un\u00a0<em>Manifiesto p\u00fablico<\/em><strong>,\u00a0<\/strong>se tomaron\u00a0<strong>tres grandes acuerdos que definir\u00e1n su posici\u00f3n y estrategia pol\u00edtica durante mucho tiempo.<\/strong><\/p>\n<p><img decoding=\"async\" class=\" aligncenter\" src=\"https:\/\/www.nuevatribuna.es\/media\/nuevatribuna\/images\/2018\/10\/30\/\/2018103020131647358.jpg\" alt=\"ugt\" \/><\/p>\n<blockquote><p>Sobre la estrategia pol\u00edtica en la Historia del PSOE sigue siendo imprescindible la consulta de la obra de Santos Juli\u00e1,\u00a0<em>Los socialistas en la pol\u00edtica espa\u00f1ola. 1879-1982,<\/em>\u00a0publicada en 1997 por Taurus<\/p><\/blockquote>\n<p style=\"text-align:justify\">El primer acuerdo ten\u00eda que ver con la actitud a seguir con los \u201cpartidos burgueses\u201d. Como el\u00a0<strong>PSOE\u00a0<\/strong>proclamaba la lucha de clases como medio para conseguir la emancipaci\u00f3n del proletariado se colocaba en una posici\u00f3n frontal frente a los partidos que defendiesen el r\u00e9gimen social existente. As\u00ed pues, todos los partidos burgueses, seg\u00fan el acuerdo, desde los m\u00e1s conservadores a los m\u00e1s progresistas o avanzados representaban a la \u201c<strong>clase<\/strong>\u00a0<strong>explotadora<\/strong>\u201d, porque defend\u00edan la esclavitud de los obreros, a trav\u00e9s del mantenimiento del sistema del salario, obligando a la lucha para conseguir la abolici\u00f3n de la propiedad privada transform\u00e1ndola en colectiva, \u201csocial o com\u00fan\u201d.<\/p>\n<p style=\"text-align:justify\">As\u00ed pues, se acordaba que la actitud del\u00a0<strong>Partido\u00a0<\/strong><strong>Socialista<\/strong>\u00a0con estas formaciones pol\u00edticas no pod\u00eda ser, en ning\u00fan caso, conciliadora, sino de enfrentamiento constante.<\/p>\n<p style=\"text-align:justify\">Con este acuerdo se sancionaba la estrategia pol\u00edtica del\u00a0<strong>Partido<\/strong>, claramente inspirada por\u00a0<a href=\"https:\/\/www.nuevatribuna.es\/articulo\/historia\/perfecto-orador-socialista\/20180226092815149041.html\" target=\"_blank\" rel=\"noopener noreferrer\"><strong>Pablo<\/strong>\u00a0<strong>Iglesias<\/strong><\/a>, no s\u00f3lo de combate contra los partidos din\u00e1sticos del turno de la\u00a0<strong>Restauraci\u00f3n<\/strong>\u00a0-conservadores y liberales-, sino tambi\u00e9n y, muy especialmente, contra los republicanos de todo cariz, desde el posibilismo conservador hasta el federalismo m\u00e1s progresista. Este asunto gener\u00f3 en el Partido algunas pol\u00e9micas importantes y disidencias, pero su l\u00ednea de acci\u00f3n no se separ\u00f3 ni un mil\u00edmetro de este acuerdo hasta\u00a0<strong>1909-1910<\/strong>\u00a0cuando las circunstancias derivadas de la\u00a0<strong>Semana<\/strong>\u00a0<strong>Tr\u00e1gica<\/strong>\u00a0marcaron, junto con otros factores, el acercamiento hacia los republicanos, aunque una parte sustancial del Partido mantendr\u00eda sus recelos, como se demostrar\u00eda en el per\u00edodo previo al establecimiento de la\u00a0<strong>Segunda<\/strong>\u00a0<strong>Rep\u00fablica<\/strong>. Los socialistas lucharon con denuedo para intentar demostrar a los obreros que los republicanos no les representaban, y que su lugar se encontraba formando parte de una organizaci\u00f3n pol\u00edtica plenamente obrera, la socialista. La propaganda pol\u00edtica para fomentar la conciencia de clase fue siempre una prioridad para el Partido Socialista.<\/p>\n<p style=\"text-align:justify\">El segundo acuerdo ten\u00eda que ver con la posici\u00f3n del\u00a0<strong>socialismo en las huelgas<\/strong>. Esta cuesti\u00f3n ten\u00eda que ver con el segundo objetivo del Partido. Si el primero era la emancipaci\u00f3n de los trabajadores a trav\u00e9s de la lucha de clases, el segundo se vinculaba con las mejoras de las condiciones laborales, salariales y de vida de los trabajadores mientras llegaba el final del capitalismo, y se derrocaba a la burgues\u00eda.<\/p>\n<p style=\"text-align:justify\">La huelga ser\u00eda el medio que ten\u00edan los trabajadores en el terreno econ\u00f3mico para combatir el \u201cdespotismo patronal\u201d y hacer menos precaria su situaci\u00f3n. Pero, adem\u00e1s, la huelga era un medio para fortalecer la conciencia de clase. Por otro lado, como los gobiernos sol\u00edan intervenir en el antagonismo entre el capital y el trabajo, las huelgas terminaban tomando un cariz pol\u00edtico, en la lucha de una clase contra la otra. Por eso, el PSOE deb\u00eda fomentar el movimiento de resistencia y apoyar con todas sus fuerzas las batallas que las organizaciones obreras librasen con los patronos. En todo caso, conviene recordar que la UGT, no fue, generalmente, partidaria de recurrir, como primer instrumento de lucha, a la huelga, si no se hab\u00edan agotado antes todos los medios de negociaci\u00f3n. Es m\u00e1s, la UGT aprobar\u00eda que sus \u00f3rganos centrales pod\u00edan desaprobar una huelga convocada por una\u00a0<strong>Sociedad<\/strong>\u00a0<strong>Obrera<\/strong>\u00a0o una Federaci\u00f3n si se consideraban que la organizaci\u00f3n pudiera correr un riesgo grave. Nunca se renunci\u00f3 a la huelga, pero los sindicalistas tuvieron siempre muy presentes las consecuencias de las mismas, especialmente, si no estaba clara la victoria.<\/p>\n<p style=\"text-align:justify\">El tercer acuerdo proclamaba la\u00a0<strong>vocaci\u00f3n<\/strong>\u00a0<strong>internacionalista<\/strong>\u00a0del\u00a0<strong>PSOE<\/strong>, quiz\u00e1s el asunto menos estudiado por la historiograf\u00eda. Para el a\u00f1o siguiente estaba convocado el Congreso en el que nacer\u00eda la Segunda Internacional, y el Partido quer\u00eda estar presente en ese acontecimiento porque era considerado como un deber, y cre\u00eda en el internacionalismo de la lucha. As\u00ed pues, se acord\u00f3 que estar\u00eda representado en el\u00a0<strong>Congreso<\/strong>\u00a0<strong>Internacional<\/strong>\u00a0de\u00a0<strong>Par\u00eds<\/strong>\u00a0con un delegado propio.<\/p>\n<p style=\"text-align:justify\">Sobre la estrategia pol\u00edtica en la Historia del PSOE sigue siendo imprescindible la consulta de la obra de Santos Juli\u00e1,\u00a0<em>Los socialistas en la pol\u00edtica espa\u00f1ola. 1879-1982,<\/em>publicada en 1997 por Taurus. Por su parte, los acuerdos pueden consultarse en el n\u00famero 132 de\u00a0<em><a href=\"https:\/\/www.nuevatribuna.es\/articulo\/historia\/inicios-socialista\/20170125171243136034.html\" target=\"_blank\" rel=\"noopener noreferrer\">El Socialista<\/a>.<\/em><\/p>\n","protected":false},"excerpt":{"rendered":"<p>Autor:\u00a0Eduardo Montagut. 30\/10\/2018 Fuente: nuevatribuna.es. 30\/10\/2018 Adem\u00e1s de los objetivos y medios para alcanzarlos, que se debatieron y aprobaron en el primer Congreso que celebr\u00f3 el\u00a0PSOE en el mes agosto de 1888, el mismo\u00a0mes en el que se fund\u00f3 la UGT, y que se plasmaron en un\u00a0Manifiesto p\u00fablico,\u00a0se tomaron\u00a0tres grandes acuerdos que definir\u00e1n su posici\u00f3n &hellip; <a href=\"https:\/\/blogsaverroes.juntadeandalucia.es\/aldeacordoba\/?p=605\" class=\"more-link\">Continuar leyendo<span class=\"screen-reader-text\"> \u00abLas bases del programa socialista en 1888.\u00bb<\/span><\/a><\/p>\n","protected":false},"author":168,"featured_media":0,"comment_status":"open","ping_status":"open","sticky":false,"template":"","format":"standard","meta":{"ngg_post_thumbnail":0,"footnotes":""},"categories":[224382,224397],"tags":[224664,224808,224908,224937],"aioseo_notices":[],"_links":{"self":[{"href":"https:\/\/blogsaverroes.juntadeandalucia.es\/aldeacordoba\/index.php?rest_route=\/wp\/v2\/posts\/605"}],"collection":[{"href":"https:\/\/blogsaverroes.juntadeandalucia.es\/aldeacordoba\/index.php?rest_route=\/wp\/v2\/posts"}],"about":[{"href":"https:\/\/blogsaverroes.juntadeandalucia.es\/aldeacordoba\/index.php?rest_route=\/wp\/v2\/types\/post"}],"author":[{"embeddable":true,"href":"https:\/\/blogsaverroes.juntadeandalucia.es\/aldeacordoba\/index.php?rest_route=\/wp\/v2\/users\/168"}],"replies":[{"embeddable":true,"href":"https:\/\/blogsaverroes.juntadeandalucia.es\/aldeacordoba\/index.php?rest_route=%2Fwp%2Fv2%2Fcomments&post=605"}],"version-history":[{"count":0,"href":"https:\/\/blogsaverroes.juntadeandalucia.es\/aldeacordoba\/index.php?rest_route=\/wp\/v2\/posts\/605\/revisions"}],"wp:attachment":[{"href":"https:\/\/blogsaverroes.juntadeandalucia.es\/aldeacordoba\/index.php?rest_route=%2Fwp%2Fv2%2Fmedia&parent=605"}],"wp:term":[{"taxonomy":"category","embeddable":true,"href":"https:\/\/blogsaverroes.juntadeandalucia.es\/aldeacordoba\/index.php?rest_route=%2Fwp%2Fv2%2Fcategories&post=605"},{"taxonomy":"post_tag","embeddable":true,"href":"https:\/\/blogsaverroes.juntadeandalucia.es\/aldeacordoba\/index.php?rest_route=%2Fwp%2Fv2%2Ftags&post=605"}],"curies":[{"name":"wp","href":"https:\/\/api.w.org\/{rel}","templated":true}]}}