{"id":611,"date":"2018-11-23T20:54:06","date_gmt":"2018-11-23T19:54:06","guid":{"rendered":"https:\/\/jmoragahc.wordpress.com\/?p=611"},"modified":"2018-11-23T20:54:06","modified_gmt":"2018-11-23T19:54:06","slug":"el-congreso-internacional-socialista-de-mujeres-de-marsella-de-1925","status":"publish","type":"post","link":"https:\/\/blogsaverroes.juntadeandalucia.es\/aldeacordoba\/?p=611","title":{"rendered":"El Congreso Internacional Socialista de Mujeres de Marsella de 1925."},"content":{"rendered":"<figure style=\"width: 550px\" class=\"wp-caption aligncenter\"><img loading=\"lazy\" decoding=\"async\" class=\"size-large\" src=\"https:\/\/www.nuevatribuna.es\/media\/nuevatribuna\/images\/2018\/11\/06\/2018110611303333801.jpg\" width=\"550\" height=\"412\" \/><figcaption class=\"wp-caption-text\">Sufragistas en Francia<\/figcaption><\/figure>\n<p><strong>Autor:<\/strong> <strong>Eduardo Montagut<\/strong>.<\/p>\n<p><strong>Fuente:<\/strong> <a href=\"https:\/\/www.nuevatribuna.es\/articulo\/historia\/congreso-internacional-socialista-mujeres-marsella-1925\/20181106105512157153.html\"><em>nuevatribuna.es<\/em><\/a>. 6\/11\/2018.<\/p>\n<p style=\"text-align:justify\">La d\u00e9cada de los a\u00f1os veinte puede ser calificada de fundamental en la Historia del\u00a0<a href=\"https:\/\/periodistas-es.com\/en-espanol-feminismo-no-es-lo-contrario-de-machismo-100281\" target=\"_blank\" rel=\"noopener noreferrer\">feminismo<\/a>\u00a0socialista, y tambi\u00e9n de la lucha, en general, por la reivindicaci\u00f3n de los derechos de la mujer. El<strong>\u00a0Congreso Internacional Socialista de Mujeres<\/strong>, que tuvo lugar de forma paralela al\u00a0<strong>Congreso de la Internacional de Marsella<\/strong>\u00a0del mes de agosto de 1925, constituye un momento clave por lo que all\u00ed se aprob\u00f3, y porque estimul\u00f3 a las organizaciones femeninas socialistas europeas en la lucha por la emancipaci\u00f3n de la mujer. Esta reuni\u00f3n se vio precedida en ese mismo a\u00f1o por una serie de reuniones de mujeres socialistas de distintos pa\u00edses: Suiza, Polonia,\u00a0<a href=\"https:\/\/www.nuevatribuna.es\/articulo\/historia\/lucha-voto-mujeres\/20160106192259124098.html\" target=\"_blank\" rel=\"noopener noreferrer\">Gran Breta\u00f1a<\/a>\u00a0y Holanda.<\/p>\n<p style=\"text-align:justify\">En el Congreso de Marsella estuvieron presentes un centenar de delegadas, destacando la presencia de la\u00a0<strong>diputada alemana Tony Sender, y M.P. Spack, senadora belga<\/strong>. Nutridas fueron las representaciones alemana y austriaca, dado el peso de sus respectivas socialdemocracias. Esta reuni\u00f3n destac\u00f3 por la aprobaci\u00f3n de una resoluci\u00f3n fundamental en la que se ped\u00eda la creaci\u00f3n de un\u00a0<strong>Comit\u00e9 Internacional de Mujeres<\/strong>, que tendr\u00eda que estar formado por representantes de las organizaciones femeninas, cuya misi\u00f3n ser\u00eda ayudar a la Ejecutiva de la Internacional, pero, adem\u00e1s, organizar Conferencias bianuales. Ese Comit\u00e9 deb\u00eda estar constituido de la misma forma que el Comit\u00e9 Internacional Ejecutivo de la Internacional Obrera y Socialista, y deb\u00eda reunirse, al menos, una vez al a\u00f1o. El trabajo administrativo de organizaci\u00f3n de las mujeres socialistas se asegurar\u00eda por el Secretariado Internacional de la Internacional Obrera y Socialista.<\/p>\n<p style=\"text-align:justify\">Pero la creaci\u00f3n de ese Comit\u00e9 se encontraba al final de una resoluci\u00f3n que comenzaba instando a los Partidos Socialistas a apoyar la organizaci\u00f3n de las mujeres en el movimiento obrero porque la realizaci\u00f3n del socialismo solamente se podr\u00eda realizar con la cooperaci\u00f3n de las masas para la reorganizaci\u00f3n de la sociedad, y esas masas estaban constituidas por hombres, pero tambi\u00e9n por mujeres.\u00a0<u>Los partidos socialistas deb\u00edan considerar que la emancipaci\u00f3n de las mujeres ten\u00eda que ser uno de sus objetivos fundamentales<\/u>. Y eso pasaba por luchar porque los hombres y las mujeres tuvieran los mismos derechos pol\u00edticos, especialmente el derecho al sufragio, tanto activo como pasivo. Pero tambi\u00e9n los partidos socialistas ten\u00edan que luchar por la igualdad jur\u00eddica, en el matrimonio, y por conseguir que no hubiera discriminaci\u00f3n en relaci\u00f3n con los hijos naturales, es decir, que desapareciese la ilegitimidad. Otras tareas fundamentales pasaban por la\u00a0<strong>libertad de la mujer en la actividad profesional<\/strong>, y por la\u00a0<a href=\"https:\/\/www.nuevatribuna.es\/opinion\/eduardo-montagut\/dia\/20170307114609137453.html\" target=\"_blank\" rel=\"noopener noreferrer\">igualdad laboral y salarial<\/a>.<\/p>\n<p style=\"text-align:justify\">El movimiento socialista deb\u00eda tener en consideraci\u00f3n en su pol\u00edtica las necesidades de las mujeres, tanto como las de los hombres, por eso los partidos deb\u00edan pedir a las organizaciones femeninas que trabajasen por estos objetivos porque el capitalismo hab\u00eda puesto a las mujeres en una posici\u00f3n de dependencia social y cultural, adem\u00e1s de que su posici\u00f3n econ\u00f3mica y pol\u00edtica era m\u00e1s d\u00e9bil que la del hombre.\u00a0<strong>La maternidad exig\u00eda una protecci\u00f3n especial<\/strong>, debi\u00e9ndose exigir todas las medidas necesarias para asegurar el bienestar de las madres y los ni\u00f1os.<\/p>\n<p style=\"text-align:justify\">No cabe duda que este acontecimiento es clave para que el socialismo europeo caminase ya claramente en favor de los derechos de la mujer, superando posturas ambiguas y paternalistas.<\/p>\n<hr \/>\n<p style=\"text-align:justify\">Como fuente hemos consultado los n\u00fameros de\u00a0<em>El Socialista<\/em>\u00a0del a\u00f1o 1925: 5135, 5164, 5165 y 5170.<\/p>\n","protected":false},"excerpt":{"rendered":"<p>Autor: Eduardo Montagut. Fuente: nuevatribuna.es. 6\/11\/2018. La d\u00e9cada de los a\u00f1os veinte puede ser calificada de fundamental en la Historia del\u00a0feminismo\u00a0socialista, y tambi\u00e9n de la lucha, en general, por la reivindicaci\u00f3n de los derechos de la mujer. El\u00a0Congreso Internacional Socialista de Mujeres, que tuvo lugar de forma paralela al\u00a0Congreso de la Internacional de Marsella\u00a0del mes &hellip; <a href=\"https:\/\/blogsaverroes.juntadeandalucia.es\/aldeacordoba\/?p=611\" class=\"more-link\">Continuar leyendo<span class=\"screen-reader-text\"> \u00abEl Congreso Internacional Socialista de Mujeres de Marsella de 1925.\u00bb<\/span><\/a><\/p>\n","protected":false},"author":168,"featured_media":0,"comment_status":"open","ping_status":"open","sticky":false,"template":"","format":"standard","meta":{"ngg_post_thumbnail":0,"footnotes":""},"categories":[224388,224389],"tags":[224509,224596,224919],"aioseo_notices":[],"_links":{"self":[{"href":"https:\/\/blogsaverroes.juntadeandalucia.es\/aldeacordoba\/index.php?rest_route=\/wp\/v2\/posts\/611"}],"collection":[{"href":"https:\/\/blogsaverroes.juntadeandalucia.es\/aldeacordoba\/index.php?rest_route=\/wp\/v2\/posts"}],"about":[{"href":"https:\/\/blogsaverroes.juntadeandalucia.es\/aldeacordoba\/index.php?rest_route=\/wp\/v2\/types\/post"}],"author":[{"embeddable":true,"href":"https:\/\/blogsaverroes.juntadeandalucia.es\/aldeacordoba\/index.php?rest_route=\/wp\/v2\/users\/168"}],"replies":[{"embeddable":true,"href":"https:\/\/blogsaverroes.juntadeandalucia.es\/aldeacordoba\/index.php?rest_route=%2Fwp%2Fv2%2Fcomments&post=611"}],"version-history":[{"count":0,"href":"https:\/\/blogsaverroes.juntadeandalucia.es\/aldeacordoba\/index.php?rest_route=\/wp\/v2\/posts\/611\/revisions"}],"wp:attachment":[{"href":"https:\/\/blogsaverroes.juntadeandalucia.es\/aldeacordoba\/index.php?rest_route=%2Fwp%2Fv2%2Fmedia&parent=611"}],"wp:term":[{"taxonomy":"category","embeddable":true,"href":"https:\/\/blogsaverroes.juntadeandalucia.es\/aldeacordoba\/index.php?rest_route=%2Fwp%2Fv2%2Fcategories&post=611"},{"taxonomy":"post_tag","embeddable":true,"href":"https:\/\/blogsaverroes.juntadeandalucia.es\/aldeacordoba\/index.php?rest_route=%2Fwp%2Fv2%2Ftags&post=611"}],"curies":[{"name":"wp","href":"https:\/\/api.w.org\/{rel}","templated":true}]}}