{"id":614,"date":"2018-11-27T06:27:45","date_gmt":"2018-11-27T05:27:45","guid":{"rendered":"https:\/\/jmoragahc.wordpress.com\/?p=614"},"modified":"2018-11-27T06:27:45","modified_gmt":"2018-11-27T05:27:45","slug":"la-guerra-en-tiempos-de-napoleon","status":"publish","type":"post","link":"https:\/\/blogsaverroes.juntadeandalucia.es\/aldeacordoba\/?p=614","title":{"rendered":"La guerra en tiempos de Napole\u00f3n."},"content":{"rendered":"<p><img decoding=\"async\" class=\"aligncenter\" src=\"https:\/\/www.nuevatribuna.es\/media\/nuevatribuna\/images\/2018\/11\/08\/2018110813370655000.jpg\" \/><\/p>\n<p>Autor: Eduardo Montagut.<\/p>\n<p>Fuente: <a href=\"https:\/\/www.nuevatribuna.es\/articulo\/historia\/guerra-tiempos-napoleon-historia-belica\/20181108133238157285.html\"><em>nuevatribuna.es<\/em><\/a>. 8\/11\/2018<\/p>\n<p style=\"text-align:justify\">Entre\u00a0<strong>1792 y 1815<\/strong>\u00a0la guerra fue constante en\u00a0<strong>Europa<\/strong>: entre Francia y las potencias europeas, aunque en distintas combinaciones.\u00a0<strong>Francia<\/strong>\u00a0se enfrent\u00f3 a otros estados pero, adem\u00e1s, abanderando los cambios revolucionarios, cuando sus ej\u00e9rcitos conquistaban un territorio, sus nuevas autoridades emprend\u00edan profundas reformas para abolir el\u00a0<strong>Antiguo<\/strong>\u00a0<strong>R\u00e9gimen<\/strong>.<\/p>\n<p style=\"text-align:justify\">Es importante destacar que los \u00e9xitos militares napole\u00f3nicos fueron tan importantes porque las batallas se libraban contra ej\u00e9rcitos del Antiguo R\u00e9gimen y porque Francia cont\u00f3 con la colaboraci\u00f3n en muchos pa\u00edses de personas y sectores sociales partidarios de las reformas napole\u00f3nicas: afrancesados, filojacobinos, ilustrados etc.. Las\u00a0<strong>\u00e9lites intelectuales europeas fueron afines a lo que pretend\u00eda Napole\u00f3n<\/strong>, aunque con el tiempo se produjo un divorcio en esta relaci\u00f3n ante la deriva tir\u00e1nica del emperador.<\/p>\n<p style=\"text-align:justify\"><a href=\"https:\/\/www.nuevatribuna.es\/articulo\/cultura---ocio\/guerrilla-pueblo-armas\/20151008102342121067.html\" target=\"_blank\" rel=\"noopener noreferrer\">Napole\u00f3n<\/a>\u00a0cont\u00f3 con un ej\u00e9rcito muy potente. Su n\u00facleo principal era\u00a0la\u00a0<em>Grande\u00a0Arm\u00e9e<\/em>, que en julio de 1812 lleg\u00f3 a contar con casi 600.000 soldados. En este ej\u00e9rcito fue muy importante la participaci\u00f3n de cuerpos de soldados extranjeros: italianos, alemanes y polacos destacaron en la colaboraci\u00f3n. Adem\u00e1s,\u00a0<a href=\"https:\/\/www.nuevatribuna.es\/articulo\/historia\/tratado-fontainebleau\/20180226150731149076.html\" target=\"_blank\" rel=\"noopener noreferrer\">Napole\u00f3n<\/a>\u00a0introdujo importantes cambios en la forma de hacer la guerra. El emperador cre\u00eda en la movilizaci\u00f3n de grandes formaciones militares a trav\u00e9s de grandes espacios, una gran velocidad para maniobrar y llevar a las formaciones al lugar necesario de la batalla con el fin de sorprender a los enemigos cuando estaban separados o separarlos cuando estaban reunidos. Por eso era importante moverse por la noche, produciendo la sorpresa al amanecer.<\/p>\n<p style=\"text-align:justify\"><strong>El ej\u00e9rcito deb\u00eda dividirse en tres l\u00edneas<\/strong>: la primera iniciaba el combate muy dispersada, apoyada por la caballer\u00eda y la artiller\u00eda; la segunda actuaba en masa, concentrando las fuerzas en los puntos donde la penetraci\u00f3n era m\u00e1s f\u00e1cil; y la tercera interven\u00eda para rematar el ataque en el momento decisivo.<\/p>\n<p style=\"text-align:justify\">La concentraci\u00f3n de las fuerzas en un punto es otro aspecto importante en la teor\u00eda de la guerra napole\u00f3nica porque provocar\u00eda la superioridad num\u00e9rica en un lugar fundamental de la batalla. No hab\u00eda que atender todos los puntos, sino concentrarse donde el enemigo parec\u00eda m\u00e1s d\u00e9bil y atacar con todas las fuerzas para abrir una brecha.<\/p>\n<p style=\"text-align:justify\">Por fin, estaba la t\u00e1ctica de las maniobras. Napole\u00f3n cre\u00eda en dos tipos de maniobras.<\/p>\n<p style=\"text-align:justify\">La lista de \u00e9xitos militares franceses es muy larga: Austerlitz contra austriacos y rusos en 1805; Jena, contra los prusianos (1806); Eylau y Friedland contra los rusos (1807); Wagram, contra austriacos (1809), etc..<\/p>\n<p style=\"text-align:justify\">El<strong>\u00a0conflicto con Gran Breta\u00f1a<\/strong>, siempre presente en las coaliciones contra Napole\u00f3n, obedec\u00eda m\u00e1s a causas econ\u00f3micas y de equilibrio internacional de poderes, que a cuestiones ideol\u00f3gicas, que animaban m\u00e1s a los reyes y emperadores absolutos europeos continentales. Tenemos que tener en cuenta que Napole\u00f3n intent\u00f3 desafiar el poder\u00edo comercial y mar\u00edtimo de Gran Breta\u00f1a. Para ello, decret\u00f3 el bloqueo continental el 21 de noviembre de 1806, que prohib\u00eda el comercio de cualquier pa\u00eds europeo con Gran Breta\u00f1a. El objetivo era hundir la econom\u00eda brit\u00e1nica y tambi\u00e9n se deseaba potenciar la industria francesa al hacerse con los mercados que tendr\u00edan que abandonar los brit\u00e1nicos. El bloqueo tuvo dos fases, con el a\u00f1o 1810 como punto de inflexi\u00f3n. En la primera se busc\u00f3 la aplicaci\u00f3n rigurosa del bloqueo pero\u00a0<strong>Napole\u00f3n<\/strong>\u00a0tuvo que aflojarlo porque comprob\u00f3 que tambi\u00e9n se resent\u00eda la econom\u00eda francesa, de ah\u00ed la segunda etapa. Por otro lado, la aplicaci\u00f3n del bloqueo present\u00f3 tres grandes problemas. En primer lugar, hab\u00eda que obligar a pa\u00edses neutrales a cumplirlo, de ah\u00ed que, hubiera que emprender empresas militares de gran envergadura como en\u00a0<strong>Italia<\/strong>\u00a0y la invasi\u00f3n de\u00a0<strong>Portugal<\/strong>. El problema que no ten\u00eda soluci\u00f3n lo representaban los\u00a0<strong>Estados<\/strong>\u00a0<strong>Unidos<\/strong>. El contrabando fue el segundo problema. En el\u00a0<strong>Mediterr\u00e1neo<\/strong>\u00a0y en el\u00a0<strong>B\u00e1ltico<\/strong>\u00a0se pudo m\u00e1s o menos controlar. Napole\u00f3n presion\u00f3 a la Hansa y vigil\u00f3 el\u00a0<strong>Elba<\/strong>, pero en el mar del Norte fracas\u00f3 claramente por el poder ingl\u00e9s en la zona. Por fin, el estallido de la guerra en Espa\u00f1a dio un claro respiro y salv\u00f3 al comercio brit\u00e1nico. Junto con la presencia del ej\u00e9rcito de\u00a0<strong>Wellington<\/strong>\u00a0llegaron los productos ingleses y hacerse con algunas materias primas. Adem\u00e1s penetr\u00f3 claramente en el comercio con las colonias espa\u00f1olas y portuguesas americanas. El c\u00e1ncer que supon\u00eda para Napole\u00f3n el conflicto espa\u00f1ol le oblig\u00f3 a retirar tropas en la\u00a0<strong>Confederaci\u00f3n<\/strong>\u00a0<strong>Germ\u00e1nica<\/strong>, disparando el contrabando en el mar B\u00e1ltico, ya mucho menos controlado. La guerra en Rusia remat\u00f3 finalmente el bloque continental.<\/p>\n","protected":false},"excerpt":{"rendered":"<p>Autor: Eduardo Montagut. Fuente: nuevatribuna.es. 8\/11\/2018 Entre\u00a01792 y 1815\u00a0la guerra fue constante en\u00a0Europa: entre Francia y las potencias europeas, aunque en distintas combinaciones.\u00a0Francia\u00a0se enfrent\u00f3 a otros estados pero, adem\u00e1s, abanderando los cambios revolucionarios, cuando sus ej\u00e9rcitos conquistaban un territorio, sus nuevas autoridades emprend\u00edan profundas reformas para abolir el\u00a0Antiguo\u00a0R\u00e9gimen. Es importante destacar que los \u00e9xitos militares &hellip; <a href=\"https:\/\/blogsaverroes.juntadeandalucia.es\/aldeacordoba\/?p=614\" class=\"more-link\">Continuar leyendo<span class=\"screen-reader-text\"> \u00abLa guerra en tiempos de Napole\u00f3n.\u00bb<\/span><\/a><\/p>\n","protected":false},"author":168,"featured_media":0,"comment_status":"open","ping_status":"open","sticky":false,"template":"","format":"standard","meta":{"ngg_post_thumbnail":0,"footnotes":""},"categories":[224380],"tags":[224646,224787],"aioseo_notices":[],"_links":{"self":[{"href":"https:\/\/blogsaverroes.juntadeandalucia.es\/aldeacordoba\/index.php?rest_route=\/wp\/v2\/posts\/614"}],"collection":[{"href":"https:\/\/blogsaverroes.juntadeandalucia.es\/aldeacordoba\/index.php?rest_route=\/wp\/v2\/posts"}],"about":[{"href":"https:\/\/blogsaverroes.juntadeandalucia.es\/aldeacordoba\/index.php?rest_route=\/wp\/v2\/types\/post"}],"author":[{"embeddable":true,"href":"https:\/\/blogsaverroes.juntadeandalucia.es\/aldeacordoba\/index.php?rest_route=\/wp\/v2\/users\/168"}],"replies":[{"embeddable":true,"href":"https:\/\/blogsaverroes.juntadeandalucia.es\/aldeacordoba\/index.php?rest_route=%2Fwp%2Fv2%2Fcomments&post=614"}],"version-history":[{"count":0,"href":"https:\/\/blogsaverroes.juntadeandalucia.es\/aldeacordoba\/index.php?rest_route=\/wp\/v2\/posts\/614\/revisions"}],"wp:attachment":[{"href":"https:\/\/blogsaverroes.juntadeandalucia.es\/aldeacordoba\/index.php?rest_route=%2Fwp%2Fv2%2Fmedia&parent=614"}],"wp:term":[{"taxonomy":"category","embeddable":true,"href":"https:\/\/blogsaverroes.juntadeandalucia.es\/aldeacordoba\/index.php?rest_route=%2Fwp%2Fv2%2Fcategories&post=614"},{"taxonomy":"post_tag","embeddable":true,"href":"https:\/\/blogsaverroes.juntadeandalucia.es\/aldeacordoba\/index.php?rest_route=%2Fwp%2Fv2%2Ftags&post=614"}],"curies":[{"name":"wp","href":"https:\/\/api.w.org\/{rel}","templated":true}]}}