{"id":617,"date":"2018-11-11T09:35:53","date_gmt":"2018-11-11T08:35:53","guid":{"rendered":"https:\/\/jmoragahc.wordpress.com\/?p=617"},"modified":"2018-11-11T09:35:53","modified_gmt":"2018-11-11T08:35:53","slug":"un-siglo-del-fin-de-la-gran-guerra-una-paz-que-avivo-el-nacionalismo","status":"publish","type":"post","link":"https:\/\/blogsaverroes.juntadeandalucia.es\/aldeacordoba\/?p=617","title":{"rendered":"Un siglo del fin de la Gran Guerra, una paz que aviv\u00f3 el nacionalismo."},"content":{"rendered":"<figure style=\"width: 1600px\" class=\"wp-caption aligncenter\"><img loading=\"lazy\" decoding=\"async\" class=\"size-large\" src=\"http:\/\/img2.rtve.es\/i\/?w=1600&amp;i=1541768801711.jpg\" width=\"1600\" height=\"900\" \/><figcaption class=\"wp-caption-text\">Soldados brit\u00e1nicos se refugian en una trinchera durante la Primera Guerra Mundial. EFE<\/figcaption><\/figure>\n<p><strong>Autor:<\/strong> <strong>Alberto Le\u00f3n<\/strong>. 10\/11\/2018.<\/p>\n<p><strong>Fuente:<\/strong> <a href=\"http:\/\/www.rtve.es\/noticias\/20181110\/siglo-del-fin-gran-guerra-paz-avivo-nacionalismo\/1835301.shtml\"><em>rtve.es<\/em><\/a><\/p>\n<p style=\"text-align:justify\">El\u00a0<strong>11 de noviembre de 1918, a las 11.00 horas<\/strong>, los representantes de Francia y Reino Unido por un bando y de Alemania por el otro, firmaban en un vag\u00f3n de tren en el\u00a0<strong>bosque de Compi\u00e8gne<\/strong>, en el norte de Francia, el\u00a0<strong>armisticio que pon\u00eda fin a la\u00a0<a href=\"http:\/\/www.rtve.es\/temas\/primera-guerra-mundial\/75690\/\">Primera Guerra Mundial<\/a><\/strong>.<\/p>\n<p style=\"text-align:justify\">El\u00a0<strong>ej\u00e9rcito alem\u00e1n estaba absolutamente agotado<\/strong>\u00a0y la entrada de los aliados en B\u00e9lgica en agosto puso al Reich contra las cuerdas. Los socialdem\u00f3cratas germanos se hicieron con el poder y forzaron un armisticio que se materializar\u00eda al a\u00f1o siguiente en el\u00a0<a href=\"http:\/\/www.rtve.es\/alacarta\/videos\/para-todos-la-2\/para-todos-2-debate-tratado-versalles\/1448312\/\"><strong>Tratado de Versalles<\/strong><\/a>.<\/p>\n<p style=\"text-align:justify\">Aquella paz, con unas cl\u00e1usulas dur\u00edsimas para Alemania, tuvo\u00a0<strong>unas consecuencias nefastas para Europa<\/strong>, con la desaparici\u00f3n de cuatro grandes imperios y una nueva configuraci\u00f3n territorial. En los a\u00f1os siguientes, el continente se vio inmerso\u00a0en una enorme crisis.<\/p>\n<p style=\"text-align:justify\">Todo ello provoc\u00f3 un fuerte\u00a0<strong>avance del nacionalismo y el nacimiento del nazismo<\/strong>. La soluci\u00f3n a la Primera Guerra Mundial fue, parad\u00f3jicamente, el germen de la Segunda.<\/p>\n<div class=\"section\">\n<h3><span class=\"ladillo\">Situaci\u00f3n complicada<\/span><\/h3>\n<p style=\"text-align:justify\">Un siglo despu\u00e9s del final de la\u00a0<a href=\"http:\/\/www.rtve.es\/noticias\/20140628\/cien-anos-bala-detono-guerra-mundial\/962561.shtml\">Gran Guerr<\/a>a, la Europa unida vive uno de sus momentos m\u00e1s complicados, coincidiendo precisamente con el\u00a0<strong>auge de los nacionalismos y de la ultraderecha<\/strong>\u00a0en pa\u00edses como Austria, Alemania, Francia o Hungr\u00eda.<\/p>\n<p style=\"text-align:justify\">La presi\u00f3n migratoria est\u00e1 propiciando el incremento de mensajes xen\u00f3fobos y radicales y algunos han querido ver un paralelismo entre aquella \u00e9poca y la actual.<\/p>\n<figure class=\"incluBox size_50 L\">\n<div class=\"mediaBox imageBox\">\n<figure style=\"width: 450px\" class=\"wp-caption aligncenter\"><img loading=\"lazy\" decoding=\"async\" class=\"r12x15\" src=\"https:\/\/img2.rtve.es\/im\/4832365\/?w=450\" alt=\"Firma del armisticio entre Francia y Alemania, en un vag\u00f3n de tren en el bosque de Compi\u00e8gne.\" width=\"450\" height=\"520\" \/><figcaption class=\"wp-caption-text\">Firma del armisticio entre Francia y Alemania Firma del armisticio entre Francia y Alemania, en un vag\u00f3n de tren en el bosque de Compi\u00e8gne.\u00a0EFE<\/figcaption><\/figure>\n<\/div><figcaption><b>\u00a0<\/b><\/figcaption><\/figure>\n<p style=\"text-align:justify\">El presidente franc\u00e9s,\u00a0<strong>Emmanuel Macron<\/strong>, ha sido una de las voces que ha comparado la situaci\u00f3n de la Europa actual con la que se vivi\u00f3 tras la Gran Guerra y, con el fin de ponerlo en evidencia, ha realizado un peregrinaje a alguno de los escenarios del conflicto, como\u00a0<strong>Morhange, Verdun, P\u00e9ronne o Ablain-Saint-Nazaire<\/strong>.<\/p>\n<p style=\"text-align:justify\">\u00abEl nacionalismo asciende, pide el cierre de fronteras, preconiza el rechazo del otro\u00bb, ha se\u00f1alado el dirigente galo, quien considera que\u00a0<strong>el mundo actual tiene rasgos del que surgi\u00f3 tras el Tratado de Versalles<\/strong>.<\/p>\n<p style=\"text-align:justify\">Sin embargo,\u00a0<strong>la comunidad de historiadores no ve comparable ambos escenarios<\/strong>, seg\u00fan han declarado algunas voces cualificadas a la agencia EFE. En opini\u00f3n de estos expertos, el ascenso del nacionalismo es m\u00e1s bien una consecuencia de los ciclos hist\u00f3ricos que fruto de una situaci\u00f3n internacional como la que se viv\u00eda a principios del siglo XX.<\/p>\n<div class=\"incluBox L\">\n<div class=\"mediaBox audioBox \">\n<p><span class=\"ima T H f16x9\"><img loading=\"lazy\" decoding=\"async\" class=\"aligncenter\" title=\"El balance estremecedor de la Gran Guerra\" src=\"http:\/\/img2.rtve.es\/a\/4831266?w=400&amp;preview=1541703800017.jpg\" alt=\" Reportajes 5 Continentes - El balance estremecedor de la Gran Guerra - 08\/11\/18 - Escuchar ahora\" width=\"512\" height=\"289\" \/><\/span><span class=\"ico play audio\"><a title=\"Audio: El balance estremecedor de la Gran Guerra\" href=\"http:\/\/www.rtve.es\/alacarta\/audios\/reportajes-5-continentes\/reportajes-5-continentes-balance-estremecedor-gran-guerra-08-11-18\/4831266\/\"><img decoding=\"async\" src=\"http:\/\/img.irtve.es\/css\/i\/blank.gif\" alt=\"reproducir audio\" \/><\/a>\u00a0<\/span><\/p>\n<div class=\"vjs-error-display\"><\/div>\n<\/div>\n<\/div>\n<\/div>\n<div class=\"section\">\n<h3><span class=\"ladillo\">Un mundo dividido en dos bloques<\/span><\/h3>\n<p style=\"text-align:justify\">Seg\u00fan se\u00f1ala a la agencia espa\u00f1ola la\u00a0<strong>profesora de la Universidad de la Sorbona\u00a0Isabelle Davion<\/strong>, \u00aben 1914 los ciudadanos sent\u00edan una amenaza exterior real, tanto en un bloque como en otro\u00bb.<\/p>\n<p style=\"text-align:justify\">Esta\u00a0<strong>experta en diplomacia y estrategia durante la Primera Guerra Mundial<\/strong>\u00a0considera que antes del conflicto el mundo se hab\u00eda divido en dos grandes bloques en base a alianzas defensivas\u00a0<strong>contra un enemigo com\u00fan<\/strong>, una situaci\u00f3n que no da en el momento actual, en el que \u00abel nacionalismo se articula como una forma de protecci\u00f3n de una situaci\u00f3n socioecon\u00f3mica, no como la defensa de una frontera\u00bb.<\/p>\n<p style=\"text-align:justify\">Davion cree que, a diferencia de lo que suced\u00eda antes de la Gran Guerra, con el paso de los a\u00f1os s<strong>e ha perdido \u00abel darwinismo, el sentimiento de superioridad del siglo XIX\u00bb<\/strong>.<\/p>\n<div class=\"incluBox L\">\n<div class=\"mediaBox videoBox \">\n<p>&nbsp;<\/p>\n<figure style=\"width: 504px\" class=\"wp-caption aligncenter\"><a href=\"http:\/\/rtve.es\/v\/2695776\"><img loading=\"lazy\" decoding=\"async\" title=\"100 a\u00f1os de la Gran Guerra\" src=\"http:\/\/img2.rtve.es\/v\/2695776?w=400&amp;preview=1407020063876.JPG\" alt=\"Informe Semanal - 100 a\u00f1os de la Gran Guerra - ver ahora \" width=\"504\" height=\"285\" \/><\/a><figcaption class=\"wp-caption-text\">Enlace a Informe Semanal &#8211; 100 a\u00f1os de la Gran Guerra<\/figcaption><\/figure>\n<\/div>\n<p style=\"text-align:justify\">Otro historiador,\u00a0<strong>Chirstophe Prochasson<\/strong>, de la Escuela de Altos Estudios de Ciencias Sociales de Par\u00eds, cree que \u00abcada \u00e9poca tiene sus propios nacionalismos\u00bb y que estos no son comparables.<\/p>\n<\/div>\n<p style=\"text-align:justify\">\u00abEl que vemos ahora florecer es una respuesta a la globalizaci\u00f3n que muchas capas de la poblaci\u00f3n sienten que les excluye\u00bb, asegura Prochasson a EFE.<\/p>\n<p style=\"text-align:justify\">El historiador franc\u00e9s opina que\u00a0 \u00abel\u00a0<strong>sentimiento nacional de la poblaci\u00f3n actual es inferior al de 1914<\/strong>\u00bb y que las diferencias entre los pueblos son \u00abm\u00e1s peque\u00f1as precisamente por el efecto de la globalizaci\u00f3n, que ha homogeneizado a las sociedades\u00bb.<\/p>\n<p style=\"text-align:justify\">Isabelle Davion a\u00f1ade que, en la actualidad,\u00a0<strong>la guerra es \u00abuna opci\u00f3n que la gente no se plantea\u00bb<\/strong>, mientras que en 1914 era \u00abuna fen\u00f3meno normal que se produc\u00eda de forma peri\u00f3dica en las relaciones internacionales\u00bb y que incluso se consideraba que los conflictos armados \u00aberan necesarios\u00bb.<\/p>\n<p style=\"text-align:justify\">Mensajes de alivio que no deben hacer bajar la guardia ante la fuerza disgregadora que supone el nacionalismo m\u00e1s radical, que en la \u00faltima d\u00e9cada ha logrado abrirse hueco en los Parlamentos de muchos pa\u00edses de la Uni\u00f3n Europea.<\/p>\n<\/div>\n","protected":false},"excerpt":{"rendered":"<p>Autor: Alberto Le\u00f3n. 10\/11\/2018. Fuente: rtve.es El\u00a011 de noviembre de 1918, a las 11.00 horas, los representantes de Francia y Reino Unido por un bando y de Alemania por el otro, firmaban en un vag\u00f3n de tren en el\u00a0bosque de Compi\u00e8gne, en el norte de Francia, el\u00a0armisticio que pon\u00eda fin a la\u00a0Primera Guerra Mundial. El\u00a0ej\u00e9rcito &hellip; <a href=\"https:\/\/blogsaverroes.juntadeandalucia.es\/aldeacordoba\/?p=617\" class=\"more-link\">Continuar leyendo<span class=\"screen-reader-text\"> \u00abUn siglo del fin de la Gran Guerra, una paz que aviv\u00f3 el nacionalismo.\u00bb<\/span><\/a><\/p>\n","protected":false},"author":168,"featured_media":0,"comment_status":"open","ping_status":"open","sticky":false,"template":"","format":"standard","meta":{"ngg_post_thumbnail":0,"footnotes":""},"categories":[224385],"tags":[224402,224481],"aioseo_notices":[],"_links":{"self":[{"href":"https:\/\/blogsaverroes.juntadeandalucia.es\/aldeacordoba\/index.php?rest_route=\/wp\/v2\/posts\/617"}],"collection":[{"href":"https:\/\/blogsaverroes.juntadeandalucia.es\/aldeacordoba\/index.php?rest_route=\/wp\/v2\/posts"}],"about":[{"href":"https:\/\/blogsaverroes.juntadeandalucia.es\/aldeacordoba\/index.php?rest_route=\/wp\/v2\/types\/post"}],"author":[{"embeddable":true,"href":"https:\/\/blogsaverroes.juntadeandalucia.es\/aldeacordoba\/index.php?rest_route=\/wp\/v2\/users\/168"}],"replies":[{"embeddable":true,"href":"https:\/\/blogsaverroes.juntadeandalucia.es\/aldeacordoba\/index.php?rest_route=%2Fwp%2Fv2%2Fcomments&post=617"}],"version-history":[{"count":0,"href":"https:\/\/blogsaverroes.juntadeandalucia.es\/aldeacordoba\/index.php?rest_route=\/wp\/v2\/posts\/617\/revisions"}],"wp:attachment":[{"href":"https:\/\/blogsaverroes.juntadeandalucia.es\/aldeacordoba\/index.php?rest_route=%2Fwp%2Fv2%2Fmedia&parent=617"}],"wp:term":[{"taxonomy":"category","embeddable":true,"href":"https:\/\/blogsaverroes.juntadeandalucia.es\/aldeacordoba\/index.php?rest_route=%2Fwp%2Fv2%2Fcategories&post=617"},{"taxonomy":"post_tag","embeddable":true,"href":"https:\/\/blogsaverroes.juntadeandalucia.es\/aldeacordoba\/index.php?rest_route=%2Fwp%2Fv2%2Ftags&post=617"}],"curies":[{"name":"wp","href":"https:\/\/api.w.org\/{rel}","templated":true}]}}