{"id":624,"date":"2018-11-13T10:22:45","date_gmt":"2018-11-13T09:22:45","guid":{"rendered":"https:\/\/jmoragahc.wordpress.com\/?p=624"},"modified":"2018-11-13T10:22:45","modified_gmt":"2018-11-13T09:22:45","slug":"primera-guerra-mundial-5-grandes-mitos-sobre-la-gran-guerra","status":"publish","type":"post","link":"https:\/\/blogsaverroes.juntadeandalucia.es\/aldeacordoba\/?p=624","title":{"rendered":"Primera Guerra Mundial: 5 grandes mitos sobre la Gran Guerra."},"content":{"rendered":"<figure style=\"width: 660px\" class=\"wp-caption alignnone\"><img loading=\"lazy\" decoding=\"async\" class=\"size-large\" src=\"https:\/\/ichef.bbci.co.uk\/news\/660\/cpsprodpb\/104DF\/production\/_104238766_gettyimages-566455379.jpg\" width=\"660\" height=\"371\" \/><figcaption class=\"wp-caption-text\">GETTY IMAGES Image caption La Primera Guerra Mundial tuvo lugar entre 1914 y 1918.<\/figcaption><\/figure>\n<p><strong>Autor:\u00a0Dan Snow.\u00a0<\/strong><\/p>\n<p><strong>Fuente:<\/strong> <em><a href=\"https:\/\/www.bbc.com\/mundo\/noticias-internacional-46147326\">bbc.com<\/a>.\u00a0<\/em>11\/11\/2018<\/p>\n<p class=\"story-body__introduction\" style=\"text-align:justify\">Ninguna guerra en la historia atrae m\u00e1s controversia y genera m\u00e1s mitos que la Primera Guerra Mundial.<\/p>\n<p style=\"text-align:justify\">Mucho de lo que pensamos que sabemos del conflicto que tuvo lugar entre 1914 y 1918 es errado.<\/p>\n<p style=\"text-align:justify\">Para los soldados que lucharon fue, en algunos aspectos,\u00a0<strong>mejor que enfrentamientos anteriores y, en otros, peor.<\/strong><\/p>\n<p style=\"text-align:justify\">Pero resaltarla como excepcionalmente horrible nos deja ciegos no s\u00f3lo a la realidad de ese conflicto sino tambi\u00e9n a la de la guerra en general.<\/p>\n<p style=\"text-align:justify\">Tambi\u00e9n nos puede llevar a no entender la experiencia de soldados y civiles atrapados en otros innumerables combates de ayer y hoy.<\/p>\n<h2 class=\"story-body__crosshead\" style=\"text-align:justify\">1. Fue la guerra m\u00e1s sangrienta en la historia hasta ese momento<\/h2>\n<div id=\"comp-pattern-library\" class=\"distinct-component-group container-parrot\" style=\"text-align:justify\">\n<aside class=\"parrot\" role=\"region\" aria-label=\"recomendaciones\">Cincuenta a\u00f1os antes de que estallara la Primera Guerra Mundial, el sur de China fue destrozado por un conflicto a\u00fan m\u00e1s sangriento.<\/aside>\n<\/div>\n<figure class=\"media-landscape has-caption full-width\" style=\"text-align:justify\">\n<figure style=\"width: 976px\" class=\"wp-caption aligncenter\"><img loading=\"lazy\" decoding=\"async\" class=\"responsive-image__img js-image-replace\" src=\"https:\/\/ichef.bbci.co.uk\/news\/624\/cpsprodpb\/5517\/production\/_104238712_gettyimages-1059198652.jpg\" alt=\"Primera Guerra Mundial\" width=\"976\" height=\"600\" \/><figcaption class=\"wp-caption-text\">Derechos de autor de la imagenGETTY IMAGES Image captionLas muertes tanto de soldados como de civiles alcanzaron cifras de millones durante la Primera Guerra Mundial.<\/figcaption><\/figure>\n<\/figure>\n<p style=\"text-align:justify\">Estimados conservadores del n\u00famero de muertos en los 14 a\u00f1os de la rebeli\u00f3n de Taiping empiezan entre los 20 y 30 millones de personas.<\/p>\n<p style=\"text-align:justify\">Unos 17 millones de soldados y civiles perdieron la vida en la Primera Guerra Mundial.<\/p>\n<h2 class=\"story-body__crosshead\" style=\"text-align:justify\">2. Nadie gan\u00f3<\/h2>\n<p style=\"text-align:justify\">Grandes extensiones de Europa quedaron en ruinas, millones murieron o fueron heridos. Los sobrevivientes vivieron con severos traumas mentales. Es raro hablar de victorias.<\/p>\n<p style=\"text-align:justify\">No obstante, en un obtuso sentido militar, Reino Unido y sus aliados lograron una victoria convincente.<\/p>\n<p style=\"text-align:justify\">Los buques de guerra alemanes fueron contenidos por la Armada Real brit\u00e1nica al punto que sus tripulaciones prefirieron amotinarse<strong>\u00a0en vez de lanzar un ataque suicida.<\/strong><\/p>\n<p style=\"text-align:justify\">El ej\u00e9rcito alem\u00e1n colaps\u00f3 tras una serie de poderosos golpes de los aliados que segaron sus supuestamente inexpugnables defensas.<\/p>\n<figure class=\"media-landscape has-caption full-width\" style=\"text-align:justify\">\n<figure style=\"width: 976px\" class=\"wp-caption aligncenter\"><img loading=\"lazy\" decoding=\"async\" class=\"responsive-image__img js-image-replace\" src=\"https:\/\/ichef.bbci.co.uk\/news\/624\/cpsprodpb\/13F77\/production\/_104238718_gettyimages-549724147.jpg\" alt=\"Primera Guerra Mundial.\" width=\"976\" height=\"650\" \/><figcaption class=\"wp-caption-text\">Derechos de autor de la imagenGETTY IMAGES Image captionMuchos de los sobrevivientes de la llamada Gran Guerra padecieron severos traumas mentales.<\/figcaption><\/figure>\n<\/figure>\n<p style=\"text-align:justify\">Para finales de septiembre de 1918, el emperador alem\u00e1n y su asesor militar Erich Ludendorff admitieron que no hab\u00eda ninguna esperanza de ganar y que Alemania deb\u00eda rogar por paz. El armisticio del 11 de noviembre fue esencialmente una rendici\u00f3n alemana.<\/p>\n<p style=\"text-align:justify\">A diferencia de Adolf Hitler en 1945, el gobierno alem\u00e1n no insisti\u00f3 en mantener una lucha in\u00fatil y sin sentido hasta que los aliados llegaran a Berl\u00edn, una decisi\u00f3n que\u00a0<strong>salv\u00f3 innumerables vidas\u00a0<\/strong>pero que sirvi\u00f3 luego para alegar que Alemania nunca perdi\u00f3 realmente.<\/p>\n<h2 class=\"story-body__crosshead\" style=\"text-align:justify\">3. El tratado de Versalles fue extremadamente duro<\/h2>\n<p style=\"text-align:justify\">El tratado de Versalles confisc\u00f3 10% del territorio de Alemania pero la dej\u00f3 como la naci\u00f3n m\u00e1s grande y rica de Europa central.<\/p>\n<p style=\"text-align:justify\">No hab\u00eda casi fuerzas de ocupaci\u00f3n, las reparaciones financieras fueron vinculadas a su habilidad de pagar y, en todo caso, en su mayor\u00eda no fueron reclamadas.<\/p>\n<p style=\"text-align:justify\">El tratado era marcadamente menos duro que los que le pusieron punto final a la Guerra franco-prusiana de 1870-71 y la Segunda Guerra Mundial.<\/p>\n<figure class=\"media-landscape has-caption full-width\" style=\"text-align:justify\">\n<figure style=\"width: 976px\" class=\"wp-caption aligncenter\"><img loading=\"lazy\" decoding=\"async\" class=\"responsive-image__img js-image-replace\" src=\"https:\/\/ichef.bbci.co.uk\/news\/624\/cpsprodpb\/8BC7\/production\/_104238753_gettyimages-549738341.jpg\" alt=\"Primera Guerra Mundial.\" width=\"976\" height=\"650\" \/><figcaption class=\"wp-caption-text\">Derechos de autor de la imagenGETTY IMAGES Image captionEl Tratado de Versalles (1919) fue firmado por m\u00e1s de 50 pa\u00edses.<\/figcaption><\/figure>\n<\/figure>\n<p style=\"text-align:justify\">Los alemanes victoriosos en el conflicto franco-prusiano anexaron grandes trozos de dos ricas provincias francesas, en las que se produc\u00eda el hierro franc\u00e9s. Adem\u00e1s, le pasaron a Par\u00eds una enorme cuenta de cobro para pagar inmediatamente.<\/p>\n<p style=\"text-align:justify\">Respecto al final de la II Guerra Mundial, Alemania fue ocupada, dividida, las maquinarias de sus f\u00e1bricas destrozadas o robadas y millones de\u00a0<strong>prisioneros fueron forzados a quedarse con sus captores<\/strong>\u00a0y trabajar como esclavos.<\/p>\n<p style=\"text-align:justify\">Alemania perdi\u00f3 todo el territorio que hab\u00eda ganado en la Primera Guerra Mundial y otro pedazo gigante.<\/p>\n<p style=\"text-align:justify\">Versalles no fue un tratado duro pero fue presentado como tal por Hitler, que buscaba crear una ola de sentimiento en contra del acuerdo que le impulsara hacia el poder.<\/p>\n<h2 class=\"story-body__crosshead\" style=\"text-align:justify\">4. Las t\u00e1cticas en el Frente Occidental no cambiaron a pesar de repetidos fracasos<\/h2>\n<p style=\"text-align:justify\">Nunca han cambiado las t\u00e1cticas y tecnolog\u00eda tan radicalmente en cuatro a\u00f1os de lucha.<\/p>\n<p style=\"text-align:justify\">Fue un momento de innovaci\u00f3n extraordinaria.<\/p>\n<p style=\"text-align:justify\">En 1914, los generales galopaban a caballo a trav\u00e9s de los campos de batalla mientras que hombres con prendas de pa\u00f1o se abalanzaban\u00a0<strong>contra el enemigo\u00a0<\/strong>sin las defensas necesarias. Ambas partes estaban armadas m\u00e1s que todo con rifles.<\/p>\n<figure class=\"media-landscape has-caption full-width\" style=\"text-align:justify\">\n<figure style=\"width: 976px\" class=\"wp-caption aligncenter\"><img loading=\"lazy\" decoding=\"async\" class=\"responsive-image__img js-image-replace\" src=\"https:\/\/ichef.bbci.co.uk\/news\/624\/cpsprodpb\/363B\/production\/_104238831_gettyimages-514866302.jpg\" alt=\"Primera Guerra Mundial.\" width=\"976\" height=\"549\" \/><figcaption class=\"wp-caption-text\">Derechos de autor de la imagenGETTY IMAGES Image captionLas armas de guerra estaban mucho m\u00e1s perfeccionadas hacia el final del conflicto.<\/figcaption><\/figure>\n<\/figure>\n<p style=\"text-align:justify\">Cuatro a\u00f1os m\u00e1s tarde, equipos de combate con cascos de acero avanzaban protegidos por cortinas de proyectiles de artiller\u00eda.<\/p>\n<p style=\"text-align:justify\">Estaban armados con lanzallamas, metralletas port\u00e1tiles y granadas que se disparaban con rifles.<\/p>\n<p style=\"text-align:justify\">Arriba, aviones, que en 1914 habr\u00edan sido inimaginablemente sofisticados, surcaban el cielo, algunos cargando radios experimentales y reportando en vivo.<\/p>\n<p style=\"text-align:justify\">Enormes piezas de artiller\u00eda<strong>\u00a0disparaban con precisi\u00f3n<\/strong>, pues usando tan s\u00f3lo fotos a\u00e9reas y matem\u00e1ticas lograban dar en el blanco con un s\u00f3lo tiro.<\/p>\n<p style=\"text-align:justify\">Los tanques hab\u00edan pasado de la mesa de dise\u00f1o al campo de batalla en s\u00f3lo dos a\u00f1os, cambiando la guerra para siempre.<\/p>\n<h2 class=\"story-body__crosshead\" style=\"text-align:justify\">5. Todo el mundo la odi\u00f3<\/h2>\n<p style=\"text-align:justify\">Como con cualquier guerra, depende de la suerte.<\/p>\n<p style=\"text-align:justify\">Puede ser que uno sea v\u00edctima de horrores inimaginables que lo dejan\u00a0<strong>mental y f\u00edsicamente incapacitado\u00a0<\/strong>de por vida, o que no le pase nada.<\/p>\n<figure class=\"media-landscape has-caption full-width\" style=\"text-align:justify\">\n<figure style=\"width: 976px\" class=\"wp-caption aligncenter\"><img loading=\"lazy\" decoding=\"async\" class=\"responsive-image__img js-image-replace\" src=\"https:\/\/ichef.bbci.co.uk\/news\/624\/cpsprodpb\/689F\/production\/_104238762_gettyimages-1035007742.jpg\" alt=\"Primera Guerra Mundial\" width=\"976\" height=\"549\" \/><figcaption class=\"wp-caption-text\">Derechos de autor de la imagenGETTY IMAGES Image captionDocenas de pa\u00edses se enfrentaron en esta sangrienta guerra.<\/figcaption><\/figure>\n<\/figure>\n<p style=\"text-align:justify\">Los soldados que tuvieron suerte en la Primera Guerra Mundial, no participaron en ninguna gran ofensiva y la mayor parte del tiempo estaban en mejores condiciones que en casa.<\/p>\n<p style=\"text-align:justify\">Los brit\u00e1nicos, por ejemplo, com\u00edan carne todos los d\u00edas -un lujo que no se repet\u00eda mucho en la vida civil-, ten\u00edan cigarrillos, t\u00e9 y ron, y una dieta diaria de m\u00e1s de 4.000 calor\u00edas.<\/p>\n<p style=\"text-align:justify\">Los \u00edndices de absentismo debido a enfermedades,\u00a0<strong>un bar\u00f3metro importante de la moral de las unidades,<\/strong>\u00a0se mantuvieron -notablemente- casi iguales que en tiempos de paz.<\/p>\n<p style=\"text-align:justify\">Muchos j\u00f3venes disfrutaron de los salarios garantizados, la intensa camarader\u00eda, la responsabilidad y una libertad sexual m\u00e1s grande que en tiempos de paz.<\/p>\n<p style=\"text-align:justify\"><strong class=\"parrot__title\">Quiz\u00e1s tambi\u00e9n te interese:<\/strong><\/p>\n<ul>\n<li class=\"parrot-item\" style=\"text-align:justify\"><a class=\"parrot-item__link\" href=\"https:\/\/www.bbc.com\/mundo\/noticias-40778124\">\u00abUn infierno de barro\u00bb: Passchendaele, la sangrienta batalla de la Primera Guerra Mundial en la que murieron 585.000 soldados para avanzar solo 8 kil\u00f3metros<\/a><\/li>\n<li class=\"parrot-item\" style=\"text-align:justify\"><a class=\"parrot-item__link\" href=\"https:\/\/www.bbc.com\/mundo\/noticias-46163148\">Las cartas que pusieron fin a la Primera Guerra Mundial<\/a><\/li>\n<\/ul>\n","protected":false},"excerpt":{"rendered":"<p>Autor:\u00a0Dan Snow.\u00a0 Fuente: bbc.com.\u00a011\/11\/2018 Ninguna guerra en la historia atrae m\u00e1s controversia y genera m\u00e1s mitos que la Primera Guerra Mundial. Mucho de lo que pensamos que sabemos del conflicto que tuvo lugar entre 1914 y 1918 es errado. Para los soldados que lucharon fue, en algunos aspectos,\u00a0mejor que enfrentamientos anteriores y, en otros, peor. &hellip; <a href=\"https:\/\/blogsaverroes.juntadeandalucia.es\/aldeacordoba\/?p=624\" class=\"more-link\">Continuar leyendo<span class=\"screen-reader-text\"> \u00abPrimera Guerra Mundial: 5 grandes mitos sobre la Gran Guerra.\u00bb<\/span><\/a><\/p>\n","protected":false},"author":168,"featured_media":0,"comment_status":"open","ping_status":"open","sticky":false,"template":"","format":"standard","meta":{"ngg_post_thumbnail":0,"footnotes":""},"categories":[224385],"tags":[224481,224677],"aioseo_notices":[],"_links":{"self":[{"href":"https:\/\/blogsaverroes.juntadeandalucia.es\/aldeacordoba\/index.php?rest_route=\/wp\/v2\/posts\/624"}],"collection":[{"href":"https:\/\/blogsaverroes.juntadeandalucia.es\/aldeacordoba\/index.php?rest_route=\/wp\/v2\/posts"}],"about":[{"href":"https:\/\/blogsaverroes.juntadeandalucia.es\/aldeacordoba\/index.php?rest_route=\/wp\/v2\/types\/post"}],"author":[{"embeddable":true,"href":"https:\/\/blogsaverroes.juntadeandalucia.es\/aldeacordoba\/index.php?rest_route=\/wp\/v2\/users\/168"}],"replies":[{"embeddable":true,"href":"https:\/\/blogsaverroes.juntadeandalucia.es\/aldeacordoba\/index.php?rest_route=%2Fwp%2Fv2%2Fcomments&post=624"}],"version-history":[{"count":0,"href":"https:\/\/blogsaverroes.juntadeandalucia.es\/aldeacordoba\/index.php?rest_route=\/wp\/v2\/posts\/624\/revisions"}],"wp:attachment":[{"href":"https:\/\/blogsaverroes.juntadeandalucia.es\/aldeacordoba\/index.php?rest_route=%2Fwp%2Fv2%2Fmedia&parent=624"}],"wp:term":[{"taxonomy":"category","embeddable":true,"href":"https:\/\/blogsaverroes.juntadeandalucia.es\/aldeacordoba\/index.php?rest_route=%2Fwp%2Fv2%2Fcategories&post=624"},{"taxonomy":"post_tag","embeddable":true,"href":"https:\/\/blogsaverroes.juntadeandalucia.es\/aldeacordoba\/index.php?rest_route=%2Fwp%2Fv2%2Ftags&post=624"}],"curies":[{"name":"wp","href":"https:\/\/api.w.org\/{rel}","templated":true}]}}