{"id":630,"date":"2018-11-25T13:23:52","date_gmt":"2018-11-25T12:23:52","guid":{"rendered":"https:\/\/jmoragahc.wordpress.com\/?p=630"},"modified":"2018-11-25T13:23:52","modified_gmt":"2018-11-25T12:23:52","slug":"todo-lo-que-murio-en-la-gran-guerra","status":"publish","type":"post","link":"https:\/\/blogsaverroes.juntadeandalucia.es\/aldeacordoba\/?p=630","title":{"rendered":"Todo lo que muri\u00f3 en la Gran Guerra."},"content":{"rendered":"<figure id=\"attachment_631\" aria-describedby=\"caption-attachment-631\" style=\"width: 660px\" class=\"wp-caption alignnone\"><img loading=\"lazy\" decoding=\"async\" class=\"alignnone size-full wp-image-631\" src=\"https:\/\/blogsaverroes.juntadeandalucia.es\/aldeacordoba\/files\/2018\/11\/15418747028952.jpg\" alt=\"Un ni\u00f1o herido toca el viol\u00edn vestido de militar en las calles de Belgrado durante el invierno de 1918. CORBIS\" width=\"660\" height=\"509\" srcset=\"https:\/\/blogsaverroes.juntadeandalucia.es\/aldeacordoba\/files\/2018\/11\/15418747028952.jpg 660w, https:\/\/blogsaverroes.juntadeandalucia.es\/aldeacordoba\/files\/2018\/11\/15418747028952-300x231.jpg 300w\" sizes=\"(max-width: 709px) 85vw, (max-width: 909px) 67vw, (max-width: 984px) 61vw, (max-width: 1362px) 45vw, 600px\" \/><figcaption id=\"caption-attachment-631\" class=\"wp-caption-text\">Un ni\u00f1o herido toca el viol\u00edn vestido de militar en las calles de Belgrado durante el invierno de 1918. CORBIS<\/figcaption><\/figure>\n<p><strong>Autor: Alberto Rojas.<\/strong><\/p>\n<p><strong>Fuente: <\/strong><a href=\"https:\/\/www.elmundo.es\/internacional\/2018\/11\/11\/5be7232d268e3e8d038b4571.html\" target=\"_blank\" rel=\"noopener noreferrer\"><em>El Mundo<\/em><\/a><strong>, <\/strong>11\/11\/2018.<\/p>\n<p style=\"text-align:justify\">Una sola bala,<strong>\u00a0la que dispar\u00f3 el nacionalista bosnio Gavlilo Princip contra el archiduque Francisco Fernando<\/strong>, heredero del imperio austroh\u00fangaro, en la esquina de la calle Franz Josef de Sarajevo, provoc\u00f3 que la historia descarrilara el 28 de junio de 1914. Un mes despu\u00e9s, entre v\u00edtores y fuegos de artificio,\u00a0<strong>se desat\u00f3 una pol\u00edtica de alianzas en la que unos pa\u00edses se declaraban la guerra a otros con los que jam\u00e1s hab\u00edan tenido un solo conflicto<\/strong>. Se abrieron banderines de enganche para que medio continente acabara con el otro medio. Millones de soldados de todas las clases sociales,\u00a0<strong>vestidos como si fueran a un carnaval\u00a0<\/strong>(los franceses, con unos rid\u00edculos pantalones rojos y los alemanes, con un casco coronado por un pincho) se apuntaron a la pesadilla pensando que ser\u00eda cosa de pocos d\u00edas.<\/p>\n<p style=\"text-align:justify\">Lo primero que muri\u00f3 en la Gran Guerra de 1914 fue el concepto de guerra en s\u00ed misma. El ej\u00e9rcito alem\u00e1n enfil\u00f3 hacia Par\u00eds y recorri\u00f3 cientos de kil\u00f3metros en pocos d\u00edas\u00a0<strong>hasta que alg\u00fan soldado cav\u00f3 la primera trinchera y mat\u00f3 al conflicto cl\u00e1sico del siglo XIX<\/strong>. Se acabaron de golpe las cargas a caballo y sable y nacieron artilugios mucho m\u00e1s abyectos: los gases venenosos, la ametralladora, el tanque, el bombardero, el lanzallamas, el zepel\u00edn. A partir de ese momento,\u00a0<strong>para avanzar unos metros se destinaron divisiones enteras con miles de muertos.<\/strong><\/p>\n<p style=\"text-align:justify\">Con la Gran Guerra se fueron por el sumidero de la Historia la Belle \u00c9poque, la paz armada, la era de la seguridad y todo aquello que parec\u00eda inamovible.\u00a0<strong>Cuatro imperios cayeron: zarista, otomano, alem\u00e1n y austroh\u00fangaro<\/strong>, as\u00ed como sus territorios coloniales y casas din\u00e1sticas, nada menos que los Habsburgo, Romanov, Hohenzollern y la Sublime Puerta.<\/p>\n<p style=\"text-align:justify\">Todas las alianzas se hicieron trizas: tres de los dirigentes de las principales potencias eran primos:\u00a0<strong>el zar Nicol\u00e1s II, el k\u00e1iser Guillermo II y el rey Jorge V de Inglaterra, de enorme parecido entre ellos, eran nietos de la reina Victoria<\/strong>. Una de las ficciones en las que viv\u00eda la realeza anterior a 1914 dec\u00eda que emparentar a las grandes dinast\u00edas europeas era una garant\u00eda para la paz y contra el republicanismo.\u00a0<strong>Murieron 16 millones de personas, ocho de ellos, civiles.<\/strong>\u00a0Cada nueva leva era mayor que la anterior. Hab\u00eda miles de muertos que reemplazar de golpe en batallas como Verd\u00fan (diez meses, la m\u00e1s larga), Arr\u00e1s, Gal\u00edpoli o el Somme (la m\u00e1s sangrienta, con un mill\u00f3n de muertos).<\/p>\n<aside class=\"summary-item\">\n<figure class=\"multimedia-item foto\" style=\"text-align:justify\">\n<div class=\"container-image\"><img decoding=\"async\" class=\"full-image\" src=\"https:\/\/e00-elmundo.uecdn.es\/assets\/multimedia\/imagenes\/2018\/11\/10\/15418748148420.jpg\" alt=\"\" \/><\/div><figcaption class=\"caption\">Operarias en la f\u00e1brica de armamento de Vickers Ltd.\u00a0CORBIS<\/figcaption><\/figure>\n<\/aside>\n<p style=\"text-align:justify\">La guerra, como una enfermedad b\u00edblica, tumb\u00f3 a todos los gobiernos en l\u00ednea recta desde Alemania hasta Jap\u00f3n y\u00a0<strong>se extendi\u00f3 por todos los confines del mundo<\/strong>. Las potencias enviaron armamento y soldados a sus colonias africanas y asi\u00e1ticas. Las tropas alemanas se rindieron en Namibia en septiembre de 1915 mientras el conflicto avanzaba en Camer\u00fan, Togo, Tanzania, Kenia, el Congo y Gab\u00f3n,\u00a0<strong>con la movilizaci\u00f3n de cientos de miles de hombres procedentes de ej\u00e9rcitos tribales<\/strong>, algunos armados tan s\u00f3lo de una lanza y un escudo. En Rusia engras\u00f3 la revoluci\u00f3n bolchevique, un cataclismo ideol\u00f3gico en el siglo XX.<\/p>\n<p style=\"text-align:justify\">Cinco continentes participaron en la matanza. Adem\u00e1s de Europa, donde prendi\u00f3 la mecha,\u00a0<strong>el conflicto salt\u00f3 a las colonias<\/strong>. Australia y Nueva Zelanda enviaron a sus j\u00f3venes a luchar por el imperio brit\u00e1nico, mientras que EEUU entr\u00f3 en la contienda despu\u00e9s de que un submarino alem\u00e1n hundiera el RMS Lusitania en mayo de 1915. En 1918, los grandes imperios hab\u00edan perdido el 60% de su Producto Interior Bruto, se hab\u00edan llenado de tullidos en sus calles y se encontraban exhaustos, sin moral ni recursos.\u00a0<strong>Las primeras en pedir un alto el fuego fueron las potencias centrales.<\/strong><\/p>\n<p style=\"text-align:justify\">A las 11 de la ma\u00f1ana y 11 minutos del d\u00eda 11 del mes 11 de 1918, los silbatos sonaron en todos los frentes de batalla y se detuvieron las ofensivas y los bombardeos. Se hab\u00eda firmado el armisticio que pon\u00eda fin a cuatro a\u00f1os de la mayor carnicer\u00eda creada por el ser humano hasta la fecha,<strong>\u00a0pero la paz que se ofrec\u00eda conten\u00eda bombas de acci\u00f3n retardada que iban a provocar conflictos a\u00fan peores por todo el planeta<\/strong>. En diversos parques y castillos se firmaron los tratados de paz de Versalles (con Alemania), Saint Germain (con Austria), Trianon (con Hungr\u00eda), S\u00e8vres (con Turqu\u00eda) y Neuilly (con Bulgaria)\u00a0<strong>en los que se impusieron sanciones dur\u00edsimas, reparaciones imposibles y responsabilidades inasumibles<\/strong>.<\/p>\n<aside class=\"summary-item\">\n<figure class=\"multimedia-item foto\">\n<div class=\"container-image\"><img decoding=\"async\" class=\"full-image aligncenter\" src=\"https:\/\/e00-elmundo.uecdn.es\/assets\/multimedia\/imagenes\/2018\/11\/10\/15418748832220.jpg\" alt=\"\" \/><\/div><figcaption class=\"caption\">Tropas alemanas avanzan por la Champa\u00f1a, en Francia.\u00a0CORBIS<\/figcaption><\/figure>\n<\/aside>\n<p style=\"text-align:justify\">La delegaci\u00f3n alemana reci\u00e9n llegada a Par\u00eds<strong>\u00a0fue recibida por una turba borracha de odio que les despoj\u00f3 de todo su equipaje, les insult\u00f3, zarande\u00f3 y escupi\u00f3<\/strong>\u00a0hasta la llegada de su hotel. Cuando tuvo que firmar la humillante rendici\u00f3n, la pluma que les cedi\u00f3 el vengativo presidente galo Clemenceau no ten\u00eda tinta. El enviado alem\u00e1n se esforz\u00f3 por hacer un garabato legible ante la mirada glacial de todos los presentes en el sal\u00f3n de los espejos de Versalles.\u00a0<strong>\u00abBueno, esto es el final\u00bb, dijo Clemenceau cuando al fin pudieron firmar los alemanes con otra pluma prestada por el propio l\u00edder franc\u00e9s<\/strong>. El historiador Arthur J. Toynbee, presente en la sala, mascull\u00f3 en voz baja:\u00a0<strong>\u00abNo, esto es s\u00f3lo el principio\u00bb<\/strong>. El revanchismo, el antisemitismo y el nacionalismo ya se incubaban en aquella encerrona. Muchos millones de muertos despu\u00e9s, otra bala, la que dispar\u00f3 Adolf Hitler contra s\u00ed mismo con una pistola Walther PPK, la favorita de James Bond,\u00a0<strong>termin\u00f3 con el ciclo de violencia que abri\u00f3 la de Princip en Sarajevo.<\/strong><\/p>\n<aside class=\"apoyos\">\n<h3 class=\"list-header\">La factura del carnicer\u00eda<\/h3>\n<ul>\n<li style=\"text-align:justify\"><strong>16.000.000 MUERTOS.<\/strong>\u00a0M\u00e1s de nueve millones de combatientes y siete millones de civiles perdieron la vida durante el conflicto -el 1% del total de la poblaci\u00f3n mundial de la \u00e9poca-. El \u00faltimo de ellos fue el soldado estadounidense Henry Nicholas Gunther, fallecido oficialmente a las 10:59, segundos antes del armisticio, bajo fuego alem\u00e1n. Adem\u00e1s, murieron ocho millones de equinos.<\/li>\n<li style=\"text-align:justify\"><strong>85.000 FALLECIDOS POR EL GAS MOSTAZA.<\/strong>\u00a0El conflicto de 1914 inaugur\u00f3 la guerra qu\u00edmica. Ambos bandos usaron el gas mostaza como arma para atemorizar y cegar al enemigo. Hasta un mill\u00f3n de soldados quedaron afectados por este humo venenoso. Uno de ellos fue el cabo austriaco Adolf Hitler, que casi se qued\u00f3 ciego.<\/li>\n<li style=\"text-align:justify\"><strong>20.000.000 HERIDOS Y MUTILADOS<\/strong>. La mecanizaci\u00f3n del conflicto provoc\u00f3 terribles heridas a los soldados. La ciencia militar comenz\u00f3 a determinar que era m\u00e1s costoso para la econom\u00eda y la moral del enemigo herir y no matar. Desde entonces, se fabrican balas m\u00e1s peque\u00f1as para llenar los hospitales, no los cementerios.<\/li>\n<li style=\"text-align:justify\"><strong>40.000 KIL\u00d3METROS DE TRINCHERAS.<\/strong>\u00a0La guerra de posiciones defini\u00f3 este conflicto, en el que se excavaron 40.000 kil\u00f3metros de trincheras, la mayor\u00eda entre Francia, Alemania y B\u00e9lgica. Muchas de ellas estaban en el frente y otras serv\u00edan para alimentar de armamento o soldados a las primeras. Esa longitud, sin contar con los t\u00faneles, permitir\u00eda dar la vuelta al mundo.<\/li>\n<li style=\"text-align:justify\"><strong>1.500.000 MUERTOS EN EL PRIMER GENOCIDIO.<\/strong>\u00a0Una de las consecuencias de la Primera Guerra Mundial fue la matanza de la minor\u00eda armenia por parte del imperio otomano, en lo que se considera el primer genocidio planificado, masivo y sistem\u00e1tico de la Historia.<\/li>\n<li style=\"text-align:justify\"><strong>24.000.000 PROYECTILES LANZADOS EN VERD\u00daN.<\/strong>\u00a0Hasta 1.200 bocas de ca\u00f1\u00f3n lanzaron 50 bombas por metro cuadrado durante los primeros siete meses de batalla alimentados por un cami\u00f3n de municiones cada 14 segundos. Se destruyeron nueve pueblos y se cre\u00f3 una tierra de nadie que hoy sigue despoblada y llena de bombas sin explotar.<\/li>\n<li style=\"text-align:justify\"><strong>0 OBJETIVOS MILITARES CONSEGUIDOS<\/strong>. Ninguno de los contendientes de la Gran Guerra pudo considerarse ganador de un enfrentamiento en el que ninguno cumpli\u00f3 con sus objetivos estrat\u00e9gicos iniciales fijados en 1914.<\/li>\n<\/ul>\n<\/aside>\n","protected":false},"excerpt":{"rendered":"<p>Autor: Alberto Rojas. Fuente: El Mundo, 11\/11\/2018. Una sola bala,\u00a0la que dispar\u00f3 el nacionalista bosnio Gavlilo Princip contra el archiduque Francisco Fernando, heredero del imperio austroh\u00fangaro, en la esquina de la calle Franz Josef de Sarajevo, provoc\u00f3 que la historia descarrilara el 28 de junio de 1914. Un mes despu\u00e9s, entre v\u00edtores y fuegos de &hellip; <a href=\"https:\/\/blogsaverroes.juntadeandalucia.es\/aldeacordoba\/?p=630\" class=\"more-link\">Continuar leyendo<span class=\"screen-reader-text\"> \u00abTodo lo que muri\u00f3 en la Gran Guerra.\u00bb<\/span><\/a><\/p>\n","protected":false},"author":168,"featured_media":0,"comment_status":"open","ping_status":"open","sticky":false,"template":"","format":"standard","meta":{"ngg_post_thumbnail":0,"footnotes":""},"categories":[224385,3],"tags":[224415,224419,224607,224629,224677,224694,224883],"aioseo_notices":[],"_links":{"self":[{"href":"https:\/\/blogsaverroes.juntadeandalucia.es\/aldeacordoba\/index.php?rest_route=\/wp\/v2\/posts\/630"}],"collection":[{"href":"https:\/\/blogsaverroes.juntadeandalucia.es\/aldeacordoba\/index.php?rest_route=\/wp\/v2\/posts"}],"about":[{"href":"https:\/\/blogsaverroes.juntadeandalucia.es\/aldeacordoba\/index.php?rest_route=\/wp\/v2\/types\/post"}],"author":[{"embeddable":true,"href":"https:\/\/blogsaverroes.juntadeandalucia.es\/aldeacordoba\/index.php?rest_route=\/wp\/v2\/users\/168"}],"replies":[{"embeddable":true,"href":"https:\/\/blogsaverroes.juntadeandalucia.es\/aldeacordoba\/index.php?rest_route=%2Fwp%2Fv2%2Fcomments&post=630"}],"version-history":[{"count":0,"href":"https:\/\/blogsaverroes.juntadeandalucia.es\/aldeacordoba\/index.php?rest_route=\/wp\/v2\/posts\/630\/revisions"}],"wp:attachment":[{"href":"https:\/\/blogsaverroes.juntadeandalucia.es\/aldeacordoba\/index.php?rest_route=%2Fwp%2Fv2%2Fmedia&parent=630"}],"wp:term":[{"taxonomy":"category","embeddable":true,"href":"https:\/\/blogsaverroes.juntadeandalucia.es\/aldeacordoba\/index.php?rest_route=%2Fwp%2Fv2%2Fcategories&post=630"},{"taxonomy":"post_tag","embeddable":true,"href":"https:\/\/blogsaverroes.juntadeandalucia.es\/aldeacordoba\/index.php?rest_route=%2Fwp%2Fv2%2Ftags&post=630"}],"curies":[{"name":"wp","href":"https:\/\/api.w.org\/{rel}","templated":true}]}}