{"id":636,"date":"2018-12-02T11:09:34","date_gmt":"2018-12-02T10:09:34","guid":{"rendered":"https:\/\/jmoragahc.wordpress.com\/?p=636"},"modified":"2018-12-02T11:09:34","modified_gmt":"2018-12-02T10:09:34","slug":"las-reformas-de-las-cortes-de-cadiz","status":"publish","type":"post","link":"https:\/\/blogsaverroes.juntadeandalucia.es\/aldeacordoba\/?p=636","title":{"rendered":"Las reformas de las Cortes de C\u00e1diz"},"content":{"rendered":"<p>&nbsp;<\/p>\n<p><strong>Autor:<\/strong> <strong>Eduardo Montagut<\/strong>.<\/p>\n<p><strong>Fuente:<\/strong> <a href=\"https:\/\/www.nuevatribuna.es\/articulo\/historia\/reformas-cortescadiz-historia-politica-lapepa\/20181122132808157709.html\" target=\"_blank\" rel=\"noopener noreferrer\"><em>Nueva Tribuna<\/em><\/a>. 22\/11\/2018.<\/p>\n<p><img loading=\"lazy\" decoding=\"async\" class=\" size-full wp-image-637 aligncenter\" src=\"https:\/\/blogsaverroes.juntadeandalucia.es\/aldeacordoba\/files\/2018\/11\/2018112213312565964.jpg\" alt=\"2018112213312565964\" width=\"550\" height=\"309\" srcset=\"https:\/\/blogsaverroes.juntadeandalucia.es\/aldeacordoba\/files\/2018\/11\/2018112213312565964.jpg 550w, https:\/\/blogsaverroes.juntadeandalucia.es\/aldeacordoba\/files\/2018\/11\/2018112213312565964-300x169.jpg 300w\" sizes=\"(max-width: 550px) 85vw, 550px\" \/><\/p>\n<p style=\"text-align:justify\">Las\u00a0<strong>Cortes<\/strong>\u00a0de\u00a0<strong>C\u00e1diz<\/strong>, adem\u00e1s de la\u00a0<strong>Constituci\u00f3n<\/strong>\u00a0de\u00a0<strong>1812<\/strong>, y de proclamar la soberan\u00eda nacional, aprobaron una serie de disposiciones legales de car\u00e1cter pol\u00edtico, administrativo, econ\u00f3mico y social que supusieron una ruptura total con las estructuras del\u00a0<a href=\"https:\/\/www.nuevatribuna.es\/articulo\/historia\/antiguo-regimen-historia-politica-revolucionfrancesa\/20181023101619156774.html\" target=\"_blank\" rel=\"noopener noreferrer\">Antiguo R\u00e9gimen<\/a>. Son menos conocidas que el texto constitucional, pero de profunda significaci\u00f3n para el futuro.<\/p>\n<p style=\"text-align:justify\">En primer lugar, se plante\u00f3 una desamortizaci\u00f3n de gran calado, aunque ya\u00a0<strong>Godoy<\/strong>\u00a0hab\u00eda decretado una primera, algo m\u00e1s t\u00edmida. Ahora se aplicar\u00eda a las propiedades de los afrancesados por considerarlos traidores, de las disueltas\u00a0<a href=\"https:\/\/www.nuevatribuna.es\/articulo\/historia\/cortes-cadiz-y-constitucion-1812\/20161206095202134522.html\" target=\"_blank\" rel=\"noopener noreferrer\">\u00d3rdenes Militares<\/a>, de los jesuitas, de una parte de los conventos, y la mitad de las tierras de los concejos, los propios y bald\u00edos. Su prop\u00f3sito inicial era el de intentar sanear los problemas hacend\u00edsticos del\u00a0<strong>Estado<\/strong>, una caracter\u00edstica que definir\u00eda claramente el sentido de las futuras desamortizaciones, sin ning\u00fan contenido de\u00a0<strong>reforma<\/strong>\u00a0<strong>agraria<\/strong>. Tambi\u00e9n se abolieron los privilegios de la\u00a0<strong>Mesta<\/strong>, y se permiti\u00f3 el cercamiento de las tierras.<\/p>\n<p style=\"text-align:justify\">Se estableci\u00f3 el fin de la vinculaci\u00f3n de la tierra en relaci\u00f3n con los\u00a0<strong>mayorazgos<\/strong>. Adem\u00e1s, se suprimi\u00f3 el r\u00e9gimen se\u00f1orial. Se abolieron los\u00a0<strong>derechos<\/strong>\u00a0<strong>feudales<\/strong>\u00a0y los\u00a0<strong>se\u00f1or\u00edos<\/strong>\u00a0<strong>jurisdiccionales<\/strong>\u00a0(1811), es decir, la dependencia personal de los campesinos. Los se\u00f1ores no podr\u00edan administrar justicia ni percibir rentas, aunque conservaron casi todos sus bienes porque sus posesiones ser\u00edan convertidas en propiedades privadas. El\u00a0<a href=\"https:\/\/www.nuevatribuna.es\/articulo\/historia\/estado-liberal-iglesia-espana\/20170516080856139843.html\" target=\"_blank\" rel=\"noopener noreferrer\">nuevo Estado liberal<\/a>\u00a0se sustentaba en la\u00a0<strong>igualdad<\/strong>\u00a0<strong>legal<\/strong>\u00a0de los\u00a0<strong>ciudadanos<\/strong>, por lo que no pod\u00eda mantenerse la jurisdicci\u00f3n se\u00f1orial. Otra cuesti\u00f3n muy distinta era desposeer a la nobleza de sus propiedades, algo que explicar\u00eda la relativa facilidad con la que el anta\u00f1o estamento privilegiado se adaptar\u00eda al nuevo orden liberal frente a lo que ocurri\u00f3 con la Iglesia.<\/p>\n<p style=\"text-align:justify\">Se decret\u00f3 la\u00a0<strong>libertad<\/strong>\u00a0de\u00a0<strong>trabajo<\/strong>\u00a0y de\u00a0<strong>contratos<\/strong>. Supon\u00eda abolir los\u00a0<strong>gremios<\/strong>\u00a0(1813). Se trataba de una clara aplicaci\u00f3n de los principios del liberalismo econ\u00f3mico. Es importante destacar que esta libertad de contrataci\u00f3n y de empresa ten\u00eda su contrapartida: el final de la cobertura laboral y ante los riesgos de la vida que ofrec\u00edan los gremios hacia sus miembros, una consecuencia social de gran envergadura, y que con el tiempo se agravar\u00eda ante el hecho de que la Iglesia no pudo seguir ejerciendo con amplitud su labor social de anta\u00f1o, y el nuevo\u00a0<strong>Estado<\/strong>\u00a0<strong>liberal<\/strong>\u00a0carec\u00eda de medios y voluntad para atender a desfavorecidos, enfermos, ancianos y marginados, que constituyeron un porcentaje muy elevado de la poblaci\u00f3n espa\u00f1ola.<\/p>\n<p style=\"text-align:justify\">Por fin, se suprimi\u00f3 el\u00a0<a href=\"https:\/\/www.nuevatribuna.es\/articulo\/historia\/inquisicion-espanola-sexo-tortura\/20171016124231144386.html\" target=\"_blank\" rel=\"noopener noreferrer\">Santo Oficio de la Inquisici\u00f3n<\/a>, algo fundamental desde la ideolog\u00eda liberal por considerar que se trataba de una instituci\u00f3n que atentaba contra la libertad de pensamiento y hab\u00eda imposibilitado el desarrollo de la ciencia en Espa\u00f1a desde hac\u00eda m\u00e1s de dos siglos. En este sentido, y siempre dentro de la l\u00f3gica liberal, es importante destacar la labor de las Cortes a favor de la libertad de expresi\u00f3n, o de imprenta, como era concebida en ese momento. Se aboli\u00f3 la censura sobre los escritos pol\u00edticos.<\/p>\n<p style=\"text-align:justify\">Las Cortes intentaron establecer un nuevo modelo de organizaci\u00f3n territorial distinto al del\u00a0<strong>Antiguo<\/strong>\u00a0<strong>R\u00e9gimen<\/strong>, eliminando reinos, provincias e intendencias del pasado m\u00e1s remoto o m\u00e1s cercano del despotismo ilustrado. Los\u00a0<strong>diputados<\/strong>\u00a0<strong>liberales<\/strong>\u00a0buscaban un modelo provincial de uniformidad territorial y de centralizaci\u00f3n, en l\u00ednea con la idea de la igualdad ante la ley, y sin concebir ninguna particularidad territorial, marcando el sello profundamente centralizador del\u00a0<strong>liberalismo<\/strong>\u00a0<strong>espa\u00f1ol<\/strong>\u00a0durante todo el siglo XIX.<\/p>\n<p style=\"text-align:justify\">Pero, al igual que la\u00a0<strong>Constituci\u00f3n<\/strong>, estas medidas apenas pudieron aplicarse a causa de la guerra y de la restauraci\u00f3n posterior del absolutismo. A\u00fan as\u00ed, esta legislaci\u00f3n fue el referente de las futuras leyes y reformas que los liberales desarrollaron en el reinado de\u00a0<strong>Isabel<\/strong>\u00a0<strong>II<\/strong>, iniciando el peculiar proceso de\u00a0<strong>Revoluci\u00f3n<\/strong>\u00a0<strong>liberal<\/strong>\u00a0en\u00a0<strong>Espa\u00f1a<\/strong>.<\/p>\n","protected":false},"excerpt":{"rendered":"<p>&nbsp; Autor: Eduardo Montagut. Fuente: Nueva Tribuna. 22\/11\/2018. Las\u00a0Cortes\u00a0de\u00a0C\u00e1diz, adem\u00e1s de la\u00a0Constituci\u00f3n\u00a0de\u00a01812, y de proclamar la soberan\u00eda nacional, aprobaron una serie de disposiciones legales de car\u00e1cter pol\u00edtico, administrativo, econ\u00f3mico y social que supusieron una ruptura total con las estructuras del\u00a0Antiguo R\u00e9gimen. Son menos conocidas que el texto constitucional, pero de profunda significaci\u00f3n para el futuro. &hellip; <a href=\"https:\/\/blogsaverroes.juntadeandalucia.es\/aldeacordoba\/?p=636\" class=\"more-link\">Continuar leyendo<span class=\"screen-reader-text\"> \u00abLas reformas de las Cortes de C\u00e1diz\u00bb<\/span><\/a><\/p>\n","protected":false},"author":168,"featured_media":0,"comment_status":"open","ping_status":"open","sticky":false,"template":"","format":"standard","meta":{"ngg_post_thumbnail":0,"footnotes":""},"categories":[224381,224397,3],"tags":[224517,224639,224740],"aioseo_notices":[],"_links":{"self":[{"href":"https:\/\/blogsaverroes.juntadeandalucia.es\/aldeacordoba\/index.php?rest_route=\/wp\/v2\/posts\/636"}],"collection":[{"href":"https:\/\/blogsaverroes.juntadeandalucia.es\/aldeacordoba\/index.php?rest_route=\/wp\/v2\/posts"}],"about":[{"href":"https:\/\/blogsaverroes.juntadeandalucia.es\/aldeacordoba\/index.php?rest_route=\/wp\/v2\/types\/post"}],"author":[{"embeddable":true,"href":"https:\/\/blogsaverroes.juntadeandalucia.es\/aldeacordoba\/index.php?rest_route=\/wp\/v2\/users\/168"}],"replies":[{"embeddable":true,"href":"https:\/\/blogsaverroes.juntadeandalucia.es\/aldeacordoba\/index.php?rest_route=%2Fwp%2Fv2%2Fcomments&post=636"}],"version-history":[{"count":0,"href":"https:\/\/blogsaverroes.juntadeandalucia.es\/aldeacordoba\/index.php?rest_route=\/wp\/v2\/posts\/636\/revisions"}],"wp:attachment":[{"href":"https:\/\/blogsaverroes.juntadeandalucia.es\/aldeacordoba\/index.php?rest_route=%2Fwp%2Fv2%2Fmedia&parent=636"}],"wp:term":[{"taxonomy":"category","embeddable":true,"href":"https:\/\/blogsaverroes.juntadeandalucia.es\/aldeacordoba\/index.php?rest_route=%2Fwp%2Fv2%2Fcategories&post=636"},{"taxonomy":"post_tag","embeddable":true,"href":"https:\/\/blogsaverroes.juntadeandalucia.es\/aldeacordoba\/index.php?rest_route=%2Fwp%2Fv2%2Ftags&post=636"}],"curies":[{"name":"wp","href":"https:\/\/api.w.org\/{rel}","templated":true}]}}