{"id":648,"date":"2018-12-11T11:06:26","date_gmt":"2018-12-11T10:06:26","guid":{"rendered":"https:\/\/jmoragahc.wordpress.com\/?p=648"},"modified":"2018-12-11T11:06:26","modified_gmt":"2018-12-11T10:06:26","slug":"fernando-vii-el-deseado","status":"publish","type":"post","link":"https:\/\/blogsaverroes.juntadeandalucia.es\/aldeacordoba\/?p=648","title":{"rendered":"Fernando VII, \u00bfel deseado?"},"content":{"rendered":"<p><img loading=\"lazy\" decoding=\"async\" class=\"alignnone size-full wp-image-649\" src=\"https:\/\/blogsaverroes.juntadeandalucia.es\/aldeacordoba\/files\/2018\/12\/retrato-fernando-vii-kqwd-u5070770558212e-624x385rc_1.jpg\" alt=\"retrato-fernando-vii-kqwd-u5070770558212e-624x385rc_1\" width=\"624\" height=\"385\" srcset=\"https:\/\/blogsaverroes.juntadeandalucia.es\/aldeacordoba\/files\/2018\/12\/retrato-fernando-vii-kqwd-u5070770558212e-624x385rc_1.jpg 624w, https:\/\/blogsaverroes.juntadeandalucia.es\/aldeacordoba\/files\/2018\/12\/retrato-fernando-vii-kqwd-u5070770558212e-624x385rc_1-300x185.jpg 300w\" sizes=\"(max-width: 709px) 85vw, (max-width: 909px) 67vw, (max-width: 984px) 61vw, (max-width: 1362px) 45vw, 600px\" \/><\/p>\n<p><strong>Fuente:<\/strong> <a href=\"http:\/\/www.historiadeiberiavieja.com\/secciones\/historia-contemporanea\/fernando-vii-deseado\" target=\"_blank\" rel=\"noopener noreferrer\">Historia de la Iberia vieja<\/a>. 26\/XI\/2018<\/p>\n<p style=\"text-align:justify\">n 1814, tras la derrota de los ej\u00e9rcitos franceses y la expulsi\u00f3n de Jos\u00e9 Bonaparte, Napole\u00f3n acab\u00f3 reconociendo a Fernando VII como rey, liber\u00e1ndole y devolvi\u00e9ndole el trono mediante el Tratado de Valen\u00e7ay. Nada m\u00e1s poner un pie en Espa\u00f1a, entrando por el camino de Valencia, recibe de la mano de un grupo de diputados afectos a su persona el llamado\u00a0<a href=\"http:\/\/www.historiadeiberiavieja.com\/secciones\/personajes\/autoritarismo-define-faceta-gobernante-fernando-vii\"><strong>Manifiesto de los Persas,<\/strong>\u00a0una aut\u00e9ntica declaraci\u00f3n a favor de la restauraci\u00f3n del r\u00e9gimen absolutista.<\/a><\/p>\n<p style=\"text-align:justify\">Lo firmaban 69 diputados en total y lo hab\u00edan mandado a imprimir, adem\u00e1s, para que fuera \u201cconocido por todos por medio de la prensa\u201d. El t\u00edtulo completo del documento era Representaci\u00f3n y manifiesto que algunos diputados a las Cortes Ordinarias firmaron en los mayores apuros de su opresi\u00f3n en Madrid, para que la Magestad del Se\u00f1or D. Fernando el VII a la entrada en Espa\u00f1a de vuelta de su cautividad, se penetrase del estado de la naci\u00f3n, del deseo de sus provincias, y del remedio que cre\u00edan oportuno; todo fue presentado \u00e1 S.M. en Valencia por uno de dichos diputados, y se imprime en cumplimiento de real orden.<\/p>\n<p style=\"text-align:justify\">As\u00ed pues, El Deseado pas\u00f3 a cumplir los deseos de sus partidarios de restaurar el r\u00e9gimen absolutista, perseguir a los liberales e instaurar un gobierno caracterizado por la mano de hierro. Fue exactamente lo mismo que hicieron el resto de monarqu\u00edas europeas tras la ca\u00edda del Imperio napole\u00f3nico, ni m\u00e1s ni menos: esforzarse por legitimarse en la tradici\u00f3n, combatiendo los principios revolucionarios que hab\u00edan acabado desembocando en la Revoluci\u00f3n Francesa, el asesinato de la familia real francesa y la posterior instauraci\u00f3n del Imperio \u2013que hab\u00eda puesto la soberan\u00eda nacional en manos de la voluntad general de los s\u00fabditos, en contraposici\u00f3n a la soberan\u00eda por derecho divino.<\/p>\n<p style=\"text-align:justify\">Para llevar a cabo esta tarea, Fernando VII instaur\u00f3 un r\u00e9gimen de represi\u00f3n y persecuci\u00f3n tan feroz, que fue necesaria la creaci\u00f3n de la Polic\u00eda, cuerpo de seguridad que ha llegado hasta nuestros d\u00edas. Las funciones que Fernando VII dio a la reci\u00e9n creada \u201cPolic\u00eda General del Reino\u201d por aquella \u00e9poca quedaron reflejadas en el decreto publicado el 13 de enero de 1824:<\/p>\n<blockquote>\n<p style=\"text-align:justify\">\u201cDebe hacerme conocer la opini\u00f3n y las necesidades de mis pueblos, e indicarme los medios para reprimir el esp\u00edritu de sedici\u00f3n, de extirpar los elementos de la discordia y de obstruir todos los manantiales de la prosperidad\u201d, aunque tambi\u00e9n hab\u00eda otras m\u00e1s cotidianas, como \u201cimpedir que se coloquen tiestos, cajas u otros objetos de esta clase en ventanas, azoteas o tejados donde puedan caerse y da\u00f1ar a los que por ellas transiten\u201d.<\/p>\n<\/blockquote>\n<p style=\"text-align:justify\">Tras el breve par\u00e9ntesis del Trienio Liberal (1820-1823), en el que Fernando VII simul\u00f3 someterse a un nuevo r\u00e9gimen constitucional, dio comienzo lo que la historia bautiz\u00f3 como la D\u00e9cada Ominosa (1823- 1833), el \u00faltimo periodo de su reinado, en el que actu\u00f3 con m\u00e1s dureza si cabe, llevado por el enfado y los deseos de venganza. Ya le hab\u00edan quitado la varita del poder dos veces, y no estaba dispuesto a dejar que sucediera una tercera vez.<\/p>\n<p style=\"text-align:justify\">Cerr\u00f3 peri\u00f3dicos y universidades, erradic\u00f3 cualquier atisbo de liberalismo, prohibi\u00f3 las sociedades secretas tanto en Espa\u00f1a como en Am\u00e9rica, y se produjeron levantamientos absolutistas. Fue durante este periodo cuando empez\u00f3 a desmembrarse el Imperio Espa\u00f1ol, con la p\u00e9rdida de la pr\u00e1ctica totalidad de las colonias americanas. Hoy, parece que lo \u00fanico que hizo este rey por sus s\u00fabditos fue enga\u00f1arles, imponerles un r\u00e9gimen absolutista y actuar \u00fanicamente a favor de sus intereses personales. En general, el perfil de este monarca se ha pintado con una paleta de colores peyorativos: chaquetero, corrupto, dictatorial, traicionero y vengativo.<\/p>\n<p style=\"text-align:justify\">Algunos, incluso, han llegado a afirmar que, de todos los reyes y reinas que ha tenido la Corona espa\u00f1ola, Fernando VII fue el que menos satisfizo a los espa\u00f1oles durante su regencia. Pero, \u00bfes cierto? \u00bfHizo alguna aportaci\u00f3n beneficiosa? Pasados los a\u00f1os, y con las gafas de la distancia, si le someti\u00e9ramos a una especie de juicio moderno, \u00bfcu\u00e1l ser\u00eda el veredicto? \u00bfCulpable o inocente?<\/p>\n<p style=\"text-align:justify\">Es verdad que, como rey de Espa\u00f1a, quiz\u00e1 no supo estar a la altura de un pueblo que derram\u00f3 sangre por \u00e9l, luchando en el frente de batalla para que\u00a0<a href=\"http:\/\/www.historiadeiberiavieja.com\/secciones\/personajes\/autoritarismo-define-faceta-gobernante-fernando-vii\"><strong>\u201cEl Deseado\u201d, como as\u00ed le llamaban,<\/strong><\/a>volviera a coger las riendas del poder tras la ocupaci\u00f3n napole\u00f3nica; pero no es menos cierto que a este monarca le toc\u00f3 enfrentarse con un enemigo in\u00e9dito: el terror gabacho hab\u00eda degollado a la monarqu\u00eda francesa. Las cabezas de Luis XVI y Mar\u00eda Antonieta sobre el cesto lanzaban un mensaje muy claro: un d\u00eda, tu propio pueblo, instigado por los afrancesados, te puede mandar al cadalso en nombre de palabras tan gloriosas como \u201cigualdad, libertad y fraternidad\u201d.<\/p>\n","protected":false},"excerpt":{"rendered":"<p>Fuente: Historia de la Iberia vieja. 26\/XI\/2018 n 1814, tras la derrota de los ej\u00e9rcitos franceses y la expulsi\u00f3n de Jos\u00e9 Bonaparte, Napole\u00f3n acab\u00f3 reconociendo a Fernando VII como rey, liber\u00e1ndole y devolvi\u00e9ndole el trono mediante el Tratado de Valen\u00e7ay. Nada m\u00e1s poner un pie en Espa\u00f1a, entrando por el camino de Valencia, recibe de &hellip; <a href=\"https:\/\/blogsaverroes.juntadeandalucia.es\/aldeacordoba\/?p=648\" class=\"more-link\">Continuar leyendo<span class=\"screen-reader-text\"> \u00abFernando VII, \u00bfel deseado?\u00bb<\/span><\/a><\/p>\n","protected":false},"author":168,"featured_media":0,"comment_status":"open","ping_status":"open","sticky":false,"template":"","format":"standard","meta":{"ngg_post_thumbnail":0,"footnotes":""},"categories":[224378,224381,224397,3],"tags":[224600,224639],"aioseo_notices":[],"_links":{"self":[{"href":"https:\/\/blogsaverroes.juntadeandalucia.es\/aldeacordoba\/index.php?rest_route=\/wp\/v2\/posts\/648"}],"collection":[{"href":"https:\/\/blogsaverroes.juntadeandalucia.es\/aldeacordoba\/index.php?rest_route=\/wp\/v2\/posts"}],"about":[{"href":"https:\/\/blogsaverroes.juntadeandalucia.es\/aldeacordoba\/index.php?rest_route=\/wp\/v2\/types\/post"}],"author":[{"embeddable":true,"href":"https:\/\/blogsaverroes.juntadeandalucia.es\/aldeacordoba\/index.php?rest_route=\/wp\/v2\/users\/168"}],"replies":[{"embeddable":true,"href":"https:\/\/blogsaverroes.juntadeandalucia.es\/aldeacordoba\/index.php?rest_route=%2Fwp%2Fv2%2Fcomments&post=648"}],"version-history":[{"count":0,"href":"https:\/\/blogsaverroes.juntadeandalucia.es\/aldeacordoba\/index.php?rest_route=\/wp\/v2\/posts\/648\/revisions"}],"wp:attachment":[{"href":"https:\/\/blogsaverroes.juntadeandalucia.es\/aldeacordoba\/index.php?rest_route=%2Fwp%2Fv2%2Fmedia&parent=648"}],"wp:term":[{"taxonomy":"category","embeddable":true,"href":"https:\/\/blogsaverroes.juntadeandalucia.es\/aldeacordoba\/index.php?rest_route=%2Fwp%2Fv2%2Fcategories&post=648"},{"taxonomy":"post_tag","embeddable":true,"href":"https:\/\/blogsaverroes.juntadeandalucia.es\/aldeacordoba\/index.php?rest_route=%2Fwp%2Fv2%2Ftags&post=648"}],"curies":[{"name":"wp","href":"https:\/\/api.w.org\/{rel}","templated":true}]}}