{"id":654,"date":"2019-01-18T08:41:05","date_gmt":"2019-01-18T07:41:05","guid":{"rendered":"https:\/\/jmoragahc.wordpress.com\/?p=654"},"modified":"2019-01-18T08:41:05","modified_gmt":"2019-01-18T07:41:05","slug":"ricardo-mella-el-anarquista-condenado-al-destierro-a-quien-durruti-leia-en-el-frente","status":"publish","type":"post","link":"https:\/\/blogsaverroes.juntadeandalucia.es\/aldeacordoba\/?p=654","title":{"rendered":"Ricardo Mella, el anarquista condenado al destierro a quien Durruti le\u00eda en el frente."},"content":{"rendered":"<figure id=\"attachment_655\" aria-describedby=\"caption-attachment-655\" style=\"width: 660px\" class=\"wp-caption alignnone\"><img loading=\"lazy\" decoding=\"async\" class=\"alignnone size-full wp-image-655\" src=\"https:\/\/blogsaverroes.juntadeandalucia.es\/aldeacordoba\/files\/2018\/12\/5c116100d5c23.jpg\" alt=\"5c116100d5c23\" width=\"660\" height=\"340\" srcset=\"https:\/\/blogsaverroes.juntadeandalucia.es\/aldeacordoba\/files\/2018\/12\/5c116100d5c23.jpg 660w, https:\/\/blogsaverroes.juntadeandalucia.es\/aldeacordoba\/files\/2018\/12\/5c116100d5c23-300x155.jpg 300w\" sizes=\"(max-width: 709px) 85vw, (max-width: 909px) 67vw, (max-width: 984px) 61vw, (max-width: 1362px) 45vw, 600px\" \/><figcaption id=\"caption-attachment-655\" class=\"wp-caption-text\">El pensador anarquista y activista libertario Ricardo Mella Cea<\/figcaption><\/figure>\n<p><strong>Autor: HENRIQUE MARI\u00d1O.<\/strong><\/p>\n<p><strong>Fuente:<\/strong> <em><a href=\"https:\/\/www.publico.es\/politica\/ricardo-mella-anarquista.html\" target=\"_blank\" rel=\"noopener noreferrer\">P\u00fablico<\/a><\/em>, 13\/12\/2018<\/p>\n<p id=\"m1303-1302-1304\" style=\"text-align:justify\">Quiz\u00e1s en su tierra lo recuerden por haber facilitado los desplazamientos de sus paisanos y en los ateneos por haber sido un libertario rebelde de formas exquisitas, pero la figura de\u00a0<b>Ricardo Mella Cea<\/b>\u00a0termin\u00f3 difumin\u00e1ndose durante el franquismo, hasta que su curr\u00edculo se vio reducido a la direcci\u00f3n de la Compa\u00f1\u00eda An\u00f3nima de Tranv\u00edas El\u00e9ctricos de Vigo. \u201cLa represi\u00f3n que instaur\u00f3 la guerra civil y la posterior dictadura desfigur\u00f3 su trayectoria y provoc\u00f3 que fuese m\u00e1s recordado como gerente de esa empresa, buena persona y l\u00facido escritor que como organizador, agitador y revolucionario\u201d, explica la fil\u00f3loga\u00a0<b>Iria Presa<\/b>, quien no ha cejado en su empe\u00f1o de reivindicar a uno de los te\u00f3ricos patrios del anarquismo hasta dedicarle su particular homenaje: una\u00a0<a title=\"Ricardo Mella\" href=\"https:\/\/www.ricardomellacea.info\/\" target=\"_blank\" rel=\"noopener noreferrer\">web<\/a>\u00a0que nace con la vocaci\u00f3n de reivindicar su legado y de recopilar su obra, dispersa en libros y colaboraciones de prensa.<\/p>\n<p id=\"m1308-1-1309\" style=\"text-align:justify\">\n\u201cEs considerado, con raz\u00f3n, como el m\u00e1s profundo, el m\u00e1s penetrante, el m\u00e1s l\u00facido de los pensadores anarquistas espa\u00f1oles. Sus escritos, todos concisos, cortos en dimensi\u00f3n, lo equiparan a los mejores te\u00f3ricos del anarquismo internacional\u201d, bendijo la ministra republicana\u00a0<b>Federica Montseny<\/b>. Sin embargo, Iria prefiere citar a otros autores que alabaron sus soflamas, como Jos\u00e9 Nakens, quien lo consider\u00f3 \u201cel \u00e1crata que m\u00e1s vale de este pa\u00eds\u201d, recuerda la investigadora viguesa, cuyo rescate tambi\u00e9n ha sacado a la luz algunos pasajes ocultos de otros gallegos ilustres, como el poeta vanguardista Manoel Antonio (<i>Fomos ficando s\u00f3s \/ o Mar o barco e mais n\u00f3s<\/i>), l\u00e9ase su expediente en la extinta Escuela de N\u00e1utica de Vigo.<\/p>\n<p id=\"m1313-2-1314\" style=\"text-align:justify\">\nPresa ha tirado de cabos e hilos, revelando con cada arrastre las vidas singulares de\u00a0<b>Alianza, Esperanza, Alba, Flora, Luz, Alicia y Urania<\/b>, defensora de los derechos de las mujeres y de los valores de la Segunda Rep\u00fablica, lo que le vali\u00f3 una condena a muerte, conmutada por una pena de treinta a\u00f1os de c\u00e1rcel. Su marido fue fusilado, ella encerrada en una prisi\u00f3n guipuzcoana y sus cuatro hijos, cuando volvieron a verla casi una d\u00e9cada m\u00e1s tarde, s\u00f3lo pudieron disfrutar de su calor durante un mes, el tiempo que medi\u00f3 entre la cadena y la muerte. Urania era feminista e hija de Ricardo y sobre ella tambi\u00e9n ha escrito la fil\u00f3loga graduada en la Universidade de Vigo, quien hoy presenta la web en la Fundaci\u00f3n Cu\u00f1a Novas de Pontevedra y ma\u00f1ana har\u00e1 lo propio en la Escuela de Artes y Oficios de su ciudad, donde estar\u00e1n presentes el abogado Jos\u00e9 \u00c1ngel Maquieira y el profesor Gonzalo Navaza, respectivamente.<\/p>\n<div id=\"m1563-7-1564\" class=\"captioned-image image-article article-multimedia-info\">\n<div class=\"description-image\"><\/div>\n<div class=\"image\">\n<div id=\"m1567-1566-1568\" class=\"image\"><img decoding=\"async\" class=\"ImagenInlineClick kalooga_15255\" src=\"https:\/\/www.publico.es\/files\/article_main\/\/files\/crop\/uploads\/2018\/12\/13\/5c12411c594d0.r_1544700193570.0-0-660-340.jpg\" alt=\"Detalle de un retrato de Ricardo Mella pintado por Nicanor Pardo. \/ ARCHIVO DE LA FAMILIA MELLA\" \/><\/p>\n<div class=\"kalooga_SVG kalooga_richbutton\">\n<div class=\"kalooga_post\"><\/div>\n<\/div>\n<\/div>\n<\/div>\n<div class=\"description-overlay-image\">\n<p id=\"m1573-1-1574\" class=\"agency\">Detalle de un retrato de Ricardo Mella pintado por Nicanor Pardo. \/ ARCHIVO DE LA FAMILIA MELLA<\/p>\n<\/div>\n<\/div>\n<p id=\"m1318-3-1319\" style=\"text-align:justify\">\n\u201cHemos decidido regalarle a Ricardo por su cumplea\u00f1os un espacio donde se recojan sus escritos y se recupere el ideal anarquista que promulg\u00f3. El homenaje no consiste en ponerle su nombre a una calle \u2014un atentado topon\u00edmico\u2014 ni a un instituto; no si antes no se le explica al alumnado qui\u00e9n era Mella y qu\u00e9 era para \u00e9l la anarqu\u00eda. El verdadero homenaje reside en leerlo y en practicar sus conceptos. Para eso es necesario editar sus textos e incluir su figura e ideal en los libros de texto\u201d, defiende Presa, secretaria general del\u00a0<b>Comando RM<\/b>, un \u201cgrupo de afinidad y acci\u00f3n libertaria\u201d que se ha propuesto divulgar su vida y su obra en una p\u00e1gina que permite descargar sus escritos originales. Y, de paso, ejercer de buz\u00f3n de toda la documentaci\u00f3n \u201cperdida por el mundo\u201d para, una vez recopilada, ponerla a disposici\u00f3n de los estudiosos y lectores.<\/p>\n<p id=\"m1328-5-1329\" style=\"text-align:justify\">\nIntelectual pol\u00edglota e hijo de un sombrerero, Ricardo Mella (1861\u200b-1925) trabaj\u00f3 de joven en una agencia mar\u00edtima y, tras sacarse una oposici\u00f3n, ejerci\u00f3 como top\u00f3grafo en varias localidades y lleg\u00f3 a ser el director de la Compa\u00f1\u00eda de Tranv\u00edas de Vigo. \u00c1vido lector cuando ni\u00f1o, fue un adulto propagandista: de aquellos textos federalistas que le brindaba su padre a sus posteriores manifiestos anarquistas. No s\u00f3lo escribi\u00f3 en numerosos peri\u00f3dicos y semanarios, sino que tambi\u00e9n los fund\u00f3 y los dirigi\u00f3. La lista es ingente, aunque sus cabeceras (<i>La Anarqu\u00eda, El Despertar, La Solidaridad, El Progreso, La Protesta, El Corsario, La Idea Libre\u2026<\/i>) son se\u00f1ales que conducen a su ideario: republicano, federalista y defensor de la clase obrera. Su firma no s\u00f3lo fue solicitada por peri\u00f3dicos de Madrid o Barcelona, sino tambi\u00e9n por publicaciones extranjeras \u2014de Par\u00eds a Nueva York, pasando por Roma o Buenos Aires\u2014, de las que se val\u00eda para expeler su ardor revolucionario.<\/p>\n<p id=\"m1333-6-1334\" style=\"text-align:justify\">\nSu denuncia de un presunto desfalco cometido en el Banco de Espa\u00f1a motiv\u00f3 que el marqu\u00e9s Jos\u00e9 Elduayen, pol\u00edtico canovista y exdirector de la instituci\u00f3n, se querellase contra \u00e9l por injurias, lo que le acarre\u00f3 en 1883 una pena de destierro y una multa. Cuando toma la decisi\u00f3n de refugiarse en Madrid, pisa el acelerador \u00e1crata.\u00a0<b>Juan Serrano Oteiza<\/b>, director de\u00a0<i>La Revista Social<\/i>, motiva su giro ideol\u00f3gico del federalismo al anarquismo, alimentado por las doctrinas de Proudhon y Spencer, sin perder nunca de vista el credo de Pi i Margall. Empapado por los contenidos de la citada publicaci\u00f3n, la relaci\u00f3n con su responsable \u2014a quien hab\u00eda conocido durante el congreso de la Federaci\u00f3n de Trabajadores de la Regi\u00f3n Espa\u00f1ola, celebrado en Sevilla, cuando contaba con poco m\u00e1s de veinte a\u00f1os\u2014 se estrecha tras contraer matrimonio con su hija\u00a0<b>Esperanza<\/b>.<\/p>\n<div id=\"m1323-4-1324\" class=\"html\"><a href=\"https:\/\/www.publico.es\/politica\/ricardo-mella-anarquista.html#\" target=\"_blank\" rel=\"noopener noreferrer\"><img loading=\"lazy\" decoding=\"async\" src=\"http:\/\/www.publico.es\/uploads\/2018\/12\/12\/original_5c11616625775.jpg\" alt=\"\" width=\"660\" height=\"987\" \/><\/a><\/div>\n<p id=\"m1338-7-1339\" style=\"text-align:justify\">\nTras dos d\u00e9cadas de febril escritura, echa el freno, quiz\u00e1s desenga\u00f1ado, esc\u00e9ptico o deprimido ante las divisiones o luchas intestinas del movimiento. Sin embargo, la Semana Tr\u00e1gica de Barcelona espolea al pensador, quien se hab\u00eda volcado en el estudio y la meditaci\u00f3n, mas sin dejar de prestar su pluma en alguna contada ocasi\u00f3n. Su\u00a0<i>reentr\u00e9<\/i>\u00a0necesitaba de una nueva cabecera, que no duda en fundar con la ayuda de su seguidor\u00a0<b>Eleuterio Quintanilla<\/b>: el semanario\u00a0<i>Acci\u00f3n Libertaria<\/i>, al que sucedi\u00f3\u00a0<i>El Libertario<\/i>\u00a0hasta que volvi\u00f3 a recuperar su nombre original. Ah\u00ed \u00abest\u00e1 lo mejor que Ricardo Mella escribi\u00f3 con su pluma\u00bb, en palabras de su disc\u00edpulo Pedro Sierra, quien a\u00f1os despu\u00e9s de su muerte le dedicar\u00eda una semblanza en\u00a0<i>Solidaridad Obrera<\/i>, el \u00f3rgano del movimiento libertario espa\u00f1ol en Francia. En ella, reflexionaba sobre su exilio interior, que le hab\u00eda llevado a perfilar sus tesis intelectuales, a madurar sus ideas y a pulir su estilo, anta\u00f1o sencillo y claro. \u00abHasta su \u00faltimo folleto,\u00a0<i>Doctrina y Combate<\/i>, sus razonamientos siguen siendo v\u00e1lidos, mientras que su estilo resulta \u00e1gil, claro, directo y con una gran dosis de retranca\u00bb, a\u00f1ade Presa.<\/p>\n<p id=\"m1343-8-1344\" style=\"text-align:justify\">\nNo dej\u00f3 de ser \u00abprofundamente libertario\u00bb, aunque cuando se olvid\u00f3 de darle cuerda al reloj ya habitaba en \u00abuna suerte de escepticismo filos\u00f3fico con gran fondo idealista\u00bb. O, dicho de otro modo, \u00abhab\u00eda evolucionado hacia una comprensi\u00f3n de las ideas por encima de todos los dogmas\u00bb, escrib\u00eda Sierra, quien ya en 1956 consideraba un deber publicar la obra completa del pensador, dispersa entre libros y colaboraciones en prensa. El mismo objetivo que persigue hoy Iria, quien profundiz\u00f3 en su figura gracias al fallecido\u00a0<b>Xos\u00e9 Reigosa<\/b>, bisnieto de Ricardo y activista enrolado en plataformas como\u00a0<i>Galiza non se vende<\/i>. \u201cEs el ide\u00f3logo del anarcosindicalismo espa\u00f1ol, que cuaj\u00f3 en diferentes pupilos, como Jos\u00e9 Villaverde Velo, el mayor impulsor de su ideario y de su obra, faro del anarcosindicalismo gallego y protagonista de\u00a0<i>El l\u00e1piz del carpintero<\/i>, de\u00a0<b>Manuel Rivas<\/b>\u201d, afirma la secretaria general del Comando RM, quien derrocha an\u00e9cdotas, desde \u201c<b>Durruti<\/b>leyendo sus escritos en el frente\u201d hasta \u201clas peleas cara a cara con Pablo Iglesias\u201d, pasando por \u201caquel texto que no fue galardonado en un concurso anarquista porque era demasiado revolucionario\u201d.<\/p>\n<p id=\"m1353-10-1354\" style=\"text-align:justify\">\nEl Palacio de Bellas Artes de Barcelona acoge en 1889 el Segundo Certamen Socialista. El tema propuesto por Uni\u00f3n Local de Resistencia de Sabadell, premiado con cincuenta y cinco pesetas, es el\u00a0<i>Deber del trabajador en la actualidad<\/i>. El jurado no escatima en elogios, pero le niega la gloria: \u201cEl trabajo n\u00famero 31 es bell\u00edsimo en la forma y en su fondo [&#8230;], mas el car\u00e1cter excitante del escrito le convierte m\u00e1s en un manifiesto revolucionario que en exposici\u00f3n de procedimientos que integren el deber del trabajador [&#8230;]; y as\u00ed juzgado, sin dejar de reconocer sus bonitas cualidades [&#8230;], se le concede el acc\u00e9sit de la publicaci\u00f3n\u201d. Huelga decir que el t\u00edtulo era\u00a0<i>Organizaci\u00f3n, agitaci\u00f3n, revoluci\u00f3n<\/i>. \u201cM\u00e1s all\u00e1 de ser top\u00f3grafo, publicista y pensador anarquista, fue un gallego rebelde, inadaptado y contestatario\u201d, escribe Presa en su blog,\u00a0<i>Epifan\u00edas libertarias<\/i>.<\/p>\n<div id=\"m1348-9-1349\" class=\"html\"><a href=\"https:\/\/www.publico.es\/politica\/ricardo-mella-anarquista.html#\" target=\"_blank\" rel=\"noopener noreferrer\"><img loading=\"lazy\" decoding=\"async\" src=\"http:\/\/www.publico.es\/uploads\/2018\/12\/12\/original_5c1161f8c09b8.jpg\" alt=\"\" width=\"660\" height=\"713\" \/><\/a><\/div>\n<p id=\"m1358-11-1359\" style=\"text-align:justify\">\nLa fil\u00f3loga gallega, aficionada a bucear en hemerotecas y archivos hist\u00f3ricos, pretende traducir los contenidos de la web al castellano y al ingl\u00e9s para difundir la palabra de Mella\u00a0<i>urbe et orbi<\/i>. Aunque aspira a ser un trabajo colectivo, abierto a los hallazgos de otros investigadores, su incansable labor ya permite consultar sus primeros art\u00edculos, publicados en 1880 en\u00a0<i>El Estudiante<\/i>\u00a0de Pontevedra, algunas rarezas y los dos vol\u00famenes que abarcan parte de la producci\u00f3n del intelectual vigu\u00e9s,\u00a0<i>Ideario<\/i>\u00a0y\u00a0<i>Ensayos y conferencias<\/i>. El proyecto de editar sus obras completas fue desbaratado por el golpe de 1936, si bien algunos libros han sido reeditados gracias al esfuerzo de sus incondicionales\u00a0<b>Jos\u00e9 Villaverde<\/b>\u00a0\u2014responsable de la publicaci\u00f3n en 1926 de la primera antolog\u00eda\u2014 y Eleuterio Quintanilla y Pedro Sierra \u2014quienes posibilitaron la edici\u00f3n de la segunda en 1934\u2014. \u201cSin embargo, el estudio de su pericia vital y la compilaci\u00f3n de su trabajo contin\u00faan pendientes. Lo ideal ser\u00eda crear una Biblioteca Ricardo Mella que albergase sus peri\u00f3dicos y folletos, as\u00ed como un lugar de referencia del autor, del anarquismo y de los movimientos sociales\u201d, apunta Iria Presa, quien ha dejado escrito que \u201cMella fue la voz del pueblo y el pueblo tiene su voz en Mella\u201d.<\/p>\n<p id=\"m1363-12-1364\" style=\"text-align:justify\">\nEl pensador vigu\u00e9s llev\u00f3 a su terreno algunas teor\u00edas anarquistas. \u201cLos que quieran conocer a fondo estas doctrinas habr\u00e1n de estudiar la forma original en que las interpretaba, principalmente en lo que se refiere al concepto que ten\u00eda de los l\u00edmites de la libertad individual, que le llev\u00f3 a defender durante muchos a\u00f1os el colectivismo por oposici\u00f3n al comunismo, guardando en esto gran afinidad con Tucker\u201d, recomendaba\u00a0<b>Pedro Sierra<\/b>\u00a0en\u00a0<i>Homenaje a Ricardo Mella<\/i>, publicado en la revista\u00a0<i>Solidaridad Obrera<\/i>, editada en Par\u00eds. Una obra que, a su juicio, conserva el \u201cvalor de perennidad\u201d, es \u201crica en ideas y contenido\u201d, abarca diversas tem\u00e1ticas y est\u00e1 escrita \u201ccon pluma de art\u00edfice\u201d, por lo que \u201csu brillante labor\u201d deber\u00eda ser plasmada en su conjunto para honrar su memoria \u201csin profanar as\u00ed nada su esp\u00edritu iconoclasta\u201d.<\/p>\n<p id=\"m1368-13-1369\" style=\"text-align:justify\">\nLa secretaria general del Comando RM coincide en la conclusi\u00f3n de su admirador, consciente del silencio al que fue sometido dentro y fuera de nuestras fronteras, as\u00ed como a su blanqueamiento por la dictadura, que lo despoj\u00f3 de una ideolog\u00eda que empap\u00f3 su pluma en el tintero libertario. \u201cAparte de su base doctrinal y te\u00f3rica desde un punto de vista organizativo y t\u00e1ctico, ejerci\u00f3 un activismo que no han permitido que pasase a la historia\u201d, concluye Iria. \u201cAs\u00ed, mientras en M\u00e9xico lo consideraban un pensador de sal\u00f3n, el r\u00e9gimen franquista diluy\u00f3 su figura para que trascendiese como un gerente de tranv\u00edas dem\u00f3crata, no como un agitador que convocaba asambleas revolucionarias. Y esa faceta se perdi\u00f3, pero no puede olvidarse\u201d.<\/p>\n<p>&nbsp;<\/p>\n","protected":false},"excerpt":{"rendered":"<p>Autor: HENRIQUE MARI\u00d1O. Fuente: P\u00fablico, 13\/12\/2018 Quiz\u00e1s en su tierra lo recuerden por haber facilitado los desplazamientos de sus paisanos y en los ateneos por haber sido un libertario rebelde de formas exquisitas, pero la figura de\u00a0Ricardo Mella Cea\u00a0termin\u00f3 difumin\u00e1ndose durante el franquismo, hasta que su curr\u00edculo se vio reducido a la direcci\u00f3n de la &hellip; <a href=\"https:\/\/blogsaverroes.juntadeandalucia.es\/aldeacordoba\/?p=654\" class=\"more-link\">Continuar leyendo<span class=\"screen-reader-text\"> \u00abRicardo Mella, el anarquista condenado al destierro a quien Durruti le\u00eda en el frente.\u00bb<\/span><\/a><\/p>\n","protected":false},"author":168,"featured_media":0,"comment_status":"open","ping_status":"open","sticky":false,"template":"","format":"standard","meta":{"ngg_post_thumbnail":0,"footnotes":""},"categories":[224382,224397,3],"tags":[224421,224659,224898],"aioseo_notices":[],"_links":{"self":[{"href":"https:\/\/blogsaverroes.juntadeandalucia.es\/aldeacordoba\/index.php?rest_route=\/wp\/v2\/posts\/654"}],"collection":[{"href":"https:\/\/blogsaverroes.juntadeandalucia.es\/aldeacordoba\/index.php?rest_route=\/wp\/v2\/posts"}],"about":[{"href":"https:\/\/blogsaverroes.juntadeandalucia.es\/aldeacordoba\/index.php?rest_route=\/wp\/v2\/types\/post"}],"author":[{"embeddable":true,"href":"https:\/\/blogsaverroes.juntadeandalucia.es\/aldeacordoba\/index.php?rest_route=\/wp\/v2\/users\/168"}],"replies":[{"embeddable":true,"href":"https:\/\/blogsaverroes.juntadeandalucia.es\/aldeacordoba\/index.php?rest_route=%2Fwp%2Fv2%2Fcomments&post=654"}],"version-history":[{"count":0,"href":"https:\/\/blogsaverroes.juntadeandalucia.es\/aldeacordoba\/index.php?rest_route=\/wp\/v2\/posts\/654\/revisions"}],"wp:attachment":[{"href":"https:\/\/blogsaverroes.juntadeandalucia.es\/aldeacordoba\/index.php?rest_route=%2Fwp%2Fv2%2Fmedia&parent=654"}],"wp:term":[{"taxonomy":"category","embeddable":true,"href":"https:\/\/blogsaverroes.juntadeandalucia.es\/aldeacordoba\/index.php?rest_route=%2Fwp%2Fv2%2Fcategories&post=654"},{"taxonomy":"post_tag","embeddable":true,"href":"https:\/\/blogsaverroes.juntadeandalucia.es\/aldeacordoba\/index.php?rest_route=%2Fwp%2Fv2%2Ftags&post=654"}],"curies":[{"name":"wp","href":"https:\/\/api.w.org\/{rel}","templated":true}]}}