{"id":662,"date":"2018-12-25T09:38:04","date_gmt":"2018-12-25T08:38:04","guid":{"rendered":"https:\/\/jmoragahc.wordpress.com\/?p=662"},"modified":"2018-12-25T09:38:04","modified_gmt":"2018-12-25T08:38:04","slug":"quien-era-leopoldo-ii-el-rey-belga-que-fue-dueno-de-un-trozo-de-africa-en-el-que-se-cometieron-los-peores-abusos","status":"publish","type":"post","link":"https:\/\/blogsaverroes.juntadeandalucia.es\/aldeacordoba\/?p=662","title":{"rendered":"Qui\u00e9n era Leopoldo II, el rey belga que fue \u00abdue\u00f1o\u00bb de un trozo de \u00c1frica en el que se cometieron los peores abusos."},"content":{"rendered":"<figure id=\"attachment_663\" aria-describedby=\"caption-attachment-663\" style=\"width: 660px\" class=\"wp-caption alignnone\"><img loading=\"lazy\" decoding=\"async\" class=\"alignnone size-full wp-image-663\" src=\"https:\/\/blogsaverroes.juntadeandalucia.es\/aldeacordoba\/files\/2018\/12\/104919226_gettyimages-152240383.jpg\" alt=\"104919226_gettyimages-152240383\" width=\"660\" height=\"371\" srcset=\"https:\/\/blogsaverroes.juntadeandalucia.es\/aldeacordoba\/files\/2018\/12\/104919226_gettyimages-152240383.jpg 660w, https:\/\/blogsaverroes.juntadeandalucia.es\/aldeacordoba\/files\/2018\/12\/104919226_gettyimages-152240383-300x169.jpg 300w\" sizes=\"(max-width: 709px) 85vw, (max-width: 909px) 67vw, (max-width: 984px) 61vw, (max-width: 1362px) 45vw, 600px\" \/><figcaption id=\"caption-attachment-663\" class=\"wp-caption-text\">Leopoldo II se declaraba \u00abpropietario\u00bb del Congo.<\/figcaption><\/figure>\n<p><strong>Autor-Fuente: <\/strong><a href=\"https:\/\/www.bbc.com\/mundo\/noticias-internacional-46651813\" target=\"_blank\" rel=\"noopener noreferrer\"><em>BBC.<\/em><\/a> 22\/12\/2018<\/p>\n<p class=\"story-body__introduction\" style=\"text-align:justify\">Si el pr\u00f3ximo domingo 30 de diciembre se logran celebrar las elecciones presidenciales previstas en la Rep\u00fablica Democr\u00e1tica de Congo (RDC) y despu\u00e9s todo sale bien, ese pa\u00eds vivir\u00e1 su primera transici\u00f3n democr\u00e1tica del poder en su historia.<\/p>\n<p style=\"text-align:justify\">No ser\u00e1 un logro menor. Desde que se independiz\u00f3 de B\u00e9lgica en 1960, todos los cambios en el poder en ese pa\u00eds se dieron por la v\u00eda violenta.<\/p>\n<p style=\"text-align:justify\">El primer presidente del pa\u00eds, Joseph Kasa-Vubu, fue derrocado en un golpe de Estado en 1965 por el general Mobutu Sese Seko, quien gobern\u00f3 hasta 1997, cuando fue desplazado del poder por Laurent-D\u00e9sir\u00e9 Kabila.<\/p>\n<p style=\"text-align:justify\"><strong>Este muri\u00f3 asesinado en 2001 a manos de uno de sus guardaespaldas<\/strong>\u00a0y fue sustituido en la presidencia por su hijo Joseph Kabila, quien deb\u00eda entregar el poder a un nuevo mandatario que deb\u00eda ser elegido en 2016 en unos comicios que fueron postergados hasta ahora.<\/p>\n<p style=\"text-align:justify\">Pero si esta parte de la historia de la RDC parece rocambolesca y traum\u00e1tica, m\u00e1s a\u00fan lo fue su creaci\u00f3n como pa\u00eds y su pasado colonial cuando estuvo bajo el mando del rey belga Leopoldo II.<\/p>\n<p style=\"text-align:justify\">\u00abDe los europeos que luchaban para hacerse con el control de \u00c1frica a finales del siglo XIX, se puede decir que<strong>\u00a0el rey belga Leopoldo II dej\u00f3\u00a0<\/strong><strong>el<\/strong><strong>\u00a0mayor y m\u00e1s horrible legado de todos<\/strong>\u00ab, escribi\u00f3 en 2004 Mark Dummet, excorresponsal de la BBC en Kinshasa, en una nota sobre el monarca.<\/p>\n<p style=\"text-align:justify\">\u00abMientras las grandes potencias compet\u00edan por conseguir territorios en otros lugares, el rey de uno de los pa\u00edses m\u00e1s peque\u00f1os de Europa esculpi\u00f3 su propia colonia privada de 100 kil\u00f3metros cuadrados en la selva tropical centroafricana\u00bb, agreg\u00f3 Dummet.<\/p>\n<p style=\"text-align:justify\">Leopoldo II\u00a0<strong>extendi\u00f3 sus dominios hasta controlar un territorio equivalente a 60 veces el tama\u00f1o de B\u00e9lgica<\/strong>.<\/p>\n<p style=\"text-align:justify\">Pero no ser\u00eda tanto el tama\u00f1o de esas posesiones sino lo que all\u00ed ocurrir\u00eda y las condiciones en las que sucedi\u00f3 lo que marcar\u00eda su legado.<\/p>\n<h2 class=\"story-body__crosshead\">Colonia privada<\/h2>\n<p style=\"text-align:justify\">Leopoldo II, quien rein\u00f3 en B\u00e9lgica entre 1865 y 1909, busc\u00f3 convertir su peque\u00f1o pa\u00eds en una potencia imperial para lo cual lider\u00f3 los esfuerzos para desarrollar la cuenca del r\u00edo Congo.<\/p>\n<figure id=\"attachment_665\" aria-describedby=\"caption-attachment-665\" style=\"width: 624px\" class=\"wp-caption alignnone\"><img loading=\"lazy\" decoding=\"async\" class=\"alignnone size-full wp-image-665\" src=\"https:\/\/blogsaverroes.juntadeandalucia.es\/aldeacordoba\/files\/2018\/12\/104919230_gettyimages-515298688.jpg\" alt=\"104919230_gettyimages-515298688\" width=\"624\" height=\"351\" srcset=\"https:\/\/blogsaverroes.juntadeandalucia.es\/aldeacordoba\/files\/2018\/12\/104919230_gettyimages-515298688.jpg 624w, https:\/\/blogsaverroes.juntadeandalucia.es\/aldeacordoba\/files\/2018\/12\/104919230_gettyimages-515298688-300x169.jpg 300w\" sizes=\"(max-width: 709px) 85vw, (max-width: 909px) 67vw, (max-width: 984px) 61vw, (max-width: 1362px) 45vw, 600px\" \/><figcaption id=\"caption-attachment-665\" class=\"wp-caption-text\">.Derechos de autor de la imagenGETTY IMAGES.\u00a0Image caption.\u00a0Poco antes de morir, Leopoldo II entreg\u00f3 a B\u00e9lgica la administraci\u00f3n de los territorios en el Congo<\/figcaption><\/figure>\n<figure class=\"media-landscape has-caption full-width\"><span class=\"image-and-copyright-container\">\u00a0<\/span><\/figure>\n<p style=\"text-align:justify\">Argumentando su deseo de llevar a los nativos africanos los beneficios del cristianismo, de la civilizaci\u00f3n occidental y del comercio, el monarca convenci\u00f3 a las potencias euroasi\u00e1ticas de permitirle tomar el control de esa extensa regi\u00f3n a trav\u00e9s de una organizaci\u00f3n que llam\u00f3 Asociaci\u00f3n Internacional Africana y que en 1885 transform\u00f3 en el Estado Libre del Congo.<\/p>\n<p style=\"text-align:justify\">Esta instituci\u00f3n privada no estaba vinculada con el estado belga sino que\u00a0<strong>depend\u00eda directamente del monarca, quien se presentaba como su \u00abpropietario\u00bb<\/strong>. Era la \u00fanica colonia privada del mundo.<\/p>\n<p style=\"text-align:justify\">Pero detr\u00e1s del discurso filantr\u00f3pico de Leopoldo II hab\u00eda un gran inter\u00e9s en hacerse con las grandes riquezas del territorio.<\/p>\n<p style=\"text-align:justify\">Primero, del marfil, que era inmensamente apreciado en la \u00e9poca previa a la creaci\u00f3n del pl\u00e1stico por ser un material que pod\u00eda ser utilizado para crear infinidad de piezas, desde estatuillas hasta teclas de piano pasando por piezas de joyer\u00eda y dientes falsos.<\/p>\n<p style=\"text-align:justify\">De all\u00ed surgi\u00f3 la mayor parte de la riqueza obtenida por el monarca durante los primeros a\u00f1os del Estado Libre del Congo. Los abusos y las extremas condiciones a las que eran sometidos los nativos africanos all\u00ed para obtener este preciado material fueron retratados por el escritor brit\u00e1nico de origen polaco Joseph Conrad en su novela \u00abEl coraz\u00f3n en las tinieblas\u00bb.<\/p>\n<h2 class=\"story-body__crosshead\">Manos mutiladas<\/h2>\n<p style=\"text-align:justify\">Gradualmente,\u00a0<strong>el inter\u00e9s por el marfil fue desplazado por la fiebre del caucho<\/strong>, cuando en la d\u00e9cada de 1890 su uso se dispar\u00f3 para producir ruedas de bicicletas y de autos, para recubrir cables as\u00ed como para fabricar cintas de transporte para automatizar el trabajo en las f\u00e1bricas.<\/p>\n<figure id=\"attachment_666\" aria-describedby=\"caption-attachment-666\" style=\"width: 304px\" class=\"wp-caption alignright\"><img loading=\"lazy\" decoding=\"async\" class=\"alignnone size-full wp-image-666\" src=\"https:\/\/blogsaverroes.juntadeandalucia.es\/aldeacordoba\/files\/2018\/12\/104913509_gettyimages-116051110.jpg\" alt=\"104913509_gettyimages-116051110\" width=\"304\" height=\"405\" srcset=\"https:\/\/blogsaverroes.juntadeandalucia.es\/aldeacordoba\/files\/2018\/12\/104913509_gettyimages-116051110.jpg 304w, https:\/\/blogsaverroes.juntadeandalucia.es\/aldeacordoba\/files\/2018\/12\/104913509_gettyimages-116051110-225x300.jpg 225w\" sizes=\"(max-width: 304px) 85vw, 304px\" \/><figcaption id=\"caption-attachment-666\" class=\"wp-caption-text\">Derechos de autor de la imagenGETTY IMAGES Image captionA inicios del siglo XX crecieron las cr\u00edticas hacia lo que ocurr\u00eda en el Estado Libre del Congo.<\/figcaption><\/figure>\n<p>El negocio del caucho ten\u00eda sus complejidades, pues la materia prima se extrae de un \u00e1rbol que tarda muchos a\u00f1os en crecer, por lo cual quienes controlaran territorios con abundancia de estos \u00e1rboles ten\u00edan una fortuna entre sus manos. Y el Estado Libre del Congo ten\u00eda muchos de ellos.<\/p>\n<p>Tambi\u00e9n abundan los relatos sobre la crudeza con la que se explotaba este material en los territorios controlados por Leopoldo II.<\/p>\n<p>\u00ab\u00c9l convirti\u00f3 su &#8216;Estado Libre del Congo&#8217; en un campo de trabajo masivo,\u00a0<strong>hizo una fortuna para s<\/strong><strong>\u00ed<\/strong><strong>mismo con la recolecci\u00f3n del caucho y contribuy\u00f3 en gran medida a la muerte de quiz\u00e1 unos 10 millones de inocentes<\/strong>\u00ab, se\u00f1al\u00f3 Dummet.<\/p>\n<p style=\"text-align:justify\">La cifra de las posibles v\u00edctimas es controvertida.<\/p>\n<p style=\"text-align:justify\">En 1998, el historiador estadounidense Adam Hochschild public\u00f3 un libro en el que Leopoldo II quedaba se\u00f1alado como el responsable de una suerte de holocausto africano, que superar\u00eda en cantidad de v\u00edctimas al n\u00famero de jud\u00edos muertos a manos de la Alemania nazi.<\/p>\n<p style=\"text-align:justify\">En B\u00e9lgica, algunos expertos rechazaron las conclusiones del pol\u00e9mico texto. \u00abOcurrieron cosas terribles, pero Hochschild est\u00e1 exagerando.\u00a0<strong>Es absurdo decir que murieron tantos millones<\/strong>\u00ab, le dijo entonces Jean Stengers, un historiador especializado en la \u00e9poca de Leopoldo II, al diario brit\u00e1nico\u00a0<i>The Guardian<\/i>.<\/p>\n<p style=\"text-align:justify\">Stengers reconoci\u00f3 que la poblaci\u00f3n del Congo merm\u00f3 de forma dram\u00e1tica durante los 30 a\u00f1os siguientes a la toma de control de ese territorio por parte de Leopoldo II, pero advirti\u00f3 que era imposible saber cu\u00e1ntas v\u00edctimas hubo pues nadie sab\u00eda cu\u00e1ntas personas habitaban all\u00ed en ese momento.<\/p>\n<figure id=\"attachment_667\" aria-describedby=\"caption-attachment-667\" style=\"width: 624px\" class=\"wp-caption alignnone\"><img loading=\"lazy\" decoding=\"async\" class=\"alignnone size-full wp-image-667\" src=\"https:\/\/blogsaverroes.juntadeandalucia.es\/aldeacordoba\/files\/2018\/12\/104913511_gettyimages-526532196.jpg\" alt=\"104913511_gettyimages-526532196\" width=\"624\" height=\"351\" srcset=\"https:\/\/blogsaverroes.juntadeandalucia.es\/aldeacordoba\/files\/2018\/12\/104913511_gettyimages-526532196.jpg 624w, https:\/\/blogsaverroes.juntadeandalucia.es\/aldeacordoba\/files\/2018\/12\/104913511_gettyimages-526532196-300x169.jpg 300w\" sizes=\"(max-width: 709px) 85vw, (max-width: 909px) 67vw, (max-width: 984px) 61vw, (max-width: 1362px) 45vw, 600px\" \/><figcaption id=\"caption-attachment-667\" class=\"wp-caption-text\">Derechos de autor de la imagenGETTY IMAGES Image captionEn los jardines del Palacio Real de Laeken, Leopoldo II orden\u00f3 construir este invernadero para celebrar la adquisici\u00f3n del Congo.<\/figcaption><\/figure>\n<figure class=\"media-landscape has-caption full-width\"><\/figure>\n<p style=\"text-align:justify\">En lo que s\u00ed hay coincidencia entre los estudiosos fue en los m\u00e9todos brutales utilizados por los representantes de Leopoldo II para obligar a la poblaci\u00f3n nativa a explotar el caucho.<\/p>\n<p style=\"text-align:justify\"><strong>El Estado Libre del Congo estaba controlado por un ej\u00e9rcito privado de unos 19.000 hombres<\/strong>\u00a0conocido como Fuerza P\u00fablica.<\/p>\n<p style=\"text-align:justify\">Miembros de esta organizaci\u00f3n aterrorizaban a las poblaciones nativas para obligarlas a trabajar.<\/p>\n<p style=\"text-align:justify\">El m\u00e9todo era el siguiente: entraban en una aldea por la fuerza,\u00a0<strong>tomaban a las mujeres y a las ni\u00f1as como rehenes y ordenaban a los hombres adentrarse en la selva para recolectar una cuota determinada de caucho<\/strong>.<\/p>\n<p style=\"text-align:justify\">Mientras los hombres cumpl\u00edan con la tarea impuesta para salvar a sus esposas e hijas, estas mor\u00edan de hambre o eran sometidas a abusos sexuales.<\/p>\n<p style=\"text-align:justify\">Adem\u00e1s, quienes no fueran capaces de completar la cuota que les hab\u00eda sido impuesta\u00a0<strong>estaban amenazados con la amputaci\u00f3n de una de sus manos o de las de alguno de sus hijos<\/strong>.<\/p>\n<p style=\"text-align:justify\">Este castigo tambi\u00e9n era una pr\u00e1ctica habitual por otros motivos. Los miembros de la Fuerza P\u00fablica ten\u00edan que demostrar que no \u00abmalgastaban\u00bb las balas de las que dispon\u00edan, pues estas deb\u00edan ahorrarse para ser usadas en caso de un mot\u00edn.<\/p>\n<figure id=\"attachment_668\" aria-describedby=\"caption-attachment-668\" style=\"width: 624px\" class=\"wp-caption aligncenter\"><img loading=\"lazy\" decoding=\"async\" class=\"alignnone size-full wp-image-668\" src=\"https:\/\/blogsaverroes.juntadeandalucia.es\/aldeacordoba\/files\/2018\/12\/104919304_gettyimages-3134835.jpg\" alt=\"104919304_gettyimages-3134835\" width=\"624\" height=\"624\" srcset=\"https:\/\/blogsaverroes.juntadeandalucia.es\/aldeacordoba\/files\/2018\/12\/104919304_gettyimages-3134835.jpg 624w, https:\/\/blogsaverroes.juntadeandalucia.es\/aldeacordoba\/files\/2018\/12\/104919304_gettyimages-3134835-300x300.jpg 300w, https:\/\/blogsaverroes.juntadeandalucia.es\/aldeacordoba\/files\/2018\/12\/104919304_gettyimages-3134835-150x150.jpg 150w\" sizes=\"(max-width: 709px) 85vw, (max-width: 909px) 67vw, (max-width: 984px) 61vw, (max-width: 1362px) 45vw, 600px\" \/><figcaption id=\"caption-attachment-668\" class=\"wp-caption-text\">Derechos de autor de la imagenGETTY IMAGES Image captionAunque rigi\u00f3 sobre el destino de millones de personas en Congo, Leopoldo II nunca visit\u00f3 ese territorio.<\/figcaption><\/figure>\n<figure class=\"media-landscape has-caption full-width\"><\/figure>\n<p style=\"text-align:justify\">Entonces, por cada bala gastada se les exig\u00eda que presentaran la mano cortada a uno de los rebeldes muertos. Como resultado,\u00a0<strong>cuando los soldados regresaban de una expedici\u00f3n para sofocar una revuelta tra\u00edan consigo cestas repletas de manos cortadas.<\/strong><\/p>\n<p style=\"text-align:justify\">Pero esta medida de \u00abahorro\u00bb tambi\u00e9n se prestaba a otros adicionales abusos. As\u00ed, cuando un soldado erraba el tiro o cuando simplemente usaba sus balas para jugar al tiro al blanco, en ocasiones le cortaba la mano a un nativo para poder justificarse ante su oficial a cargo.<\/p>\n<p style=\"text-align:justify\">La bi\u00f3grafa brit\u00e1nica de Leopoldo II, Barbara Emerson, asegura que el monarca se sinti\u00f3 consternado cuando escuch\u00f3 sobre los terribles abusos que ocurr\u00edan en sus dominios africanos -los cuales, por cierto, nunca conoci\u00f3 personalmente. \u00abEstos horrores deben terminar o me retirar\u00e9 del Congo. No ser\u00e9 salpicado de sangre y lodo\u00bb, le habr\u00eda escrito a su secretario de Estado.<\/p>\n<p style=\"text-align:justify\">Sin embargo, tambi\u00e9n se refiere que coment\u00f3:\u00a0<strong>\u00abCortar las manos. Es algo idiota. Yo les cortar\u00eda todo lo dem\u00e1s, pero no las manos.<\/strong>\u00a0Eso es lo \u00fanico que necesito en el Congo\u00bb.<\/p>\n<h2 class=\"story-body__crosshead\" style=\"text-align:justify\">Un legado pol\u00e9mico<\/h2>\n<p style=\"text-align:justify\">Durante la primera d\u00e9cada del siglo XX se fueron acumulando las cr\u00edticas en contra de los abusos que se comet\u00edan en el Estado Libre del Congo.<\/p>\n<p style=\"text-align:justify\">\u00abRobo legalizado y ejecutado con el uso de la violencia\u00bb, afirm\u00f3 Dummet que era la forma como se describ\u00eda en aquella \u00e9poca lo que ocurr\u00eda en \u00c1frica bajo Leopoldo II.<\/p>\n<p><img loading=\"lazy\" decoding=\"async\" class=\"alignnone size-full wp-image-669\" src=\"https:\/\/blogsaverroes.juntadeandalucia.es\/aldeacordoba\/files\/2018\/12\/104919308_gettyimages-461786572.jpg\" alt=\"104919308_gettyimages-461786572\" width=\"624\" height=\"351\" srcset=\"https:\/\/blogsaverroes.juntadeandalucia.es\/aldeacordoba\/files\/2018\/12\/104919308_gettyimages-461786572.jpg 624w, https:\/\/blogsaverroes.juntadeandalucia.es\/aldeacordoba\/files\/2018\/12\/104919308_gettyimages-461786572-300x169.jpg 300w\" sizes=\"(max-width: 709px) 85vw, (max-width: 909px) 67vw, (max-width: 984px) 61vw, (max-width: 1362px) 45vw, 600px\" \/><\/p>\n<p style=\"text-align:justify\">Algunos historiadores se\u00f1alan que esas cr\u00edticas eran, en parte, impulsadas por otras potencias coloniales europeas que buscaban desviar la atenci\u00f3n de sus propios abusos.<\/p>\n<p style=\"text-align:justify\">En todo caso,\u00a0<strong>la presi\u00f3n ejercida sobre el monarca deriv\u00f3 en la decisi\u00f3n de este de transferir en 1908 su \u00abpropiedad\u00bb en \u00c1frica a B\u00e9lgica<\/strong>, con lo cual el Estado Libre del Congo se convirti\u00f3 en el Congo Belga.<\/p>\n<p style=\"text-align:justify\">Leopoldo II muri\u00f3 poco despu\u00e9s, pero dentro de los proyectos que hab\u00eda dejado en marcha estaba la construcci\u00f3n del Museo Real de \u00c1frica, en las afueras de Bruselas, que se convirti\u00f3 en el primer museo de Congo en el mundo.<\/p>\n<p style=\"text-align:justify\">Pensado, en parte, como un instrumento de propaganda sobre el proyecto colonial, esta instituci\u00f3n fue reabierta a inicios de este mes luego de pasar cinco a\u00f1os cerrada en labores de adaptaci\u00f3n de su colecci\u00f3n a los nuevos tiempos.<\/p>\n<p style=\"text-align:justify\">Guido Gryseels, director general del museo, explic\u00f3 en una entrevista concedida al diario\u00a0<i>The New York Times<\/i>\u00a0que parte del trabajo que hicieron tiene que ver con los esfuerzos para cambiar la visi\u00f3n positiva del colonialismo que ofrec\u00eda la instituci\u00f3n.<\/p>\n<p style=\"text-align:justify\"><strong>\u00abGeneraciones enteras de belgas vinieron ac\u00e1 y recibieron el mensaje de que el colonialismo era algo bueno<\/strong>, de que trajimos civilizaci\u00f3n, bienestar y cultura al Congo\u00bb, se\u00f1al\u00f3.<\/p>\n<p style=\"text-align:justify\">Para combatir esa narrativa, el museo reorganiz\u00f3 la colecci\u00f3n y coloc\u00f3 informaci\u00f3n que destaca los problemas causados por el colonialismo.<\/p>\n<figure id=\"attachment_670\" aria-describedby=\"caption-attachment-670\" style=\"width: 624px\" class=\"wp-caption alignnone\"><img loading=\"lazy\" decoding=\"async\" class=\"alignnone size-full wp-image-670\" src=\"https:\/\/blogsaverroes.juntadeandalucia.es\/aldeacordoba\/files\/2018\/12\/104919312_gettyimages-1068712646.jpg\" alt=\"104919312_gettyimages-1068712646\" width=\"624\" height=\"351\" srcset=\"https:\/\/blogsaverroes.juntadeandalucia.es\/aldeacordoba\/files\/2018\/12\/104919312_gettyimages-1068712646.jpg 624w, https:\/\/blogsaverroes.juntadeandalucia.es\/aldeacordoba\/files\/2018\/12\/104919312_gettyimages-1068712646-300x169.jpg 300w\" sizes=\"(max-width: 709px) 85vw, (max-width: 909px) 67vw, (max-width: 984px) 61vw, (max-width: 1362px) 45vw, 600px\" \/><figcaption id=\"caption-attachment-670\" class=\"wp-caption-text\">Derechos de autor de la imagenGETTY IMAGES Image captionEl Museo de \u00c1frica, a las afueras de Bruselas, es parte del controvertido legado de Leopoldo II.<\/figcaption><\/figure>\n<figure class=\"media-landscape has-caption full-width\"><\/figure>\n<p>Pero \u00bfy qu\u00e9 hay del legado de Leopoldo II?<\/p>\n<p style=\"text-align:justify\">Mark Dummet, excorresponsal de la BBC en Kinshasa, se\u00f1al\u00f3 que el pa\u00eds nunca se hab\u00eda recuperado realmente de aquella experiencia colonial.<\/p>\n<p style=\"text-align:justify\"><strong>\u00abLos soldados del Congo nunca se alejaron del rol que les atribuy\u00f3 Leopoldo como una fuer<\/strong><strong>z<\/strong><strong>a para ejercer la coerci\u00f3n, atormentar y violar a la poblaci\u00f3n civil desarmada\u00bb<\/strong>, apunt\u00f3 en su texto de 2004.<\/p>\n<p style=\"text-align:justify\">Sin embargo, aquellos abusos al parecer s\u00ed tuvieron una consecuencia positiva aunque no buscada.<\/p>\n<p style=\"text-align:justify\">Seg\u00fan Dummet, la campa\u00f1a para revelar lo que hab\u00eda ocurrido en el Estado Libre del Congo, liderada por el diplom\u00e1tico Roger Casement, se convirti\u00f3 en el primer movimiento masivo moderno en defensa de los derechos humanos.<\/p>\n<p style=\"text-align:justify\">\u00abLa aparici\u00f3n de sucesores como Amnist\u00eda Internacional, Human Rights Watch o la organizaci\u00f3n con sede en Kinshasa Voix de San Voix (&#8216;La voz de los que no tiene voz&#8217;) significa que en la actual Rep\u00fablica Democr\u00e1tica de Congo los abusos no pueden ocultarse por mucho tiempo\u00bb, apunt\u00f3 Dummet.<\/p>\n","protected":false},"excerpt":{"rendered":"<p>Autor-Fuente: BBC. 22\/12\/2018 Si el pr\u00f3ximo domingo 30 de diciembre se logran celebrar las elecciones presidenciales previstas en la Rep\u00fablica Democr\u00e1tica de Congo (RDC) y despu\u00e9s todo sale bien, ese pa\u00eds vivir\u00e1 su primera transici\u00f3n democr\u00e1tica del poder en su historia. No ser\u00e1 un logro menor. Desde que se independiz\u00f3 de B\u00e9lgica en 1960, todos &hellip; <a href=\"https:\/\/blogsaverroes.juntadeandalucia.es\/aldeacordoba\/?p=662\" class=\"more-link\">Continuar leyendo<span class=\"screen-reader-text\"> \u00abQui\u00e9n era Leopoldo II, el rey belga que fue \u00abdue\u00f1o\u00bb de un trozo de \u00c1frica en el que se cometieron los peores abusos.\u00bb<\/span><\/a><\/p>\n","protected":false},"author":168,"featured_media":0,"comment_status":"open","ping_status":"open","sticky":false,"template":"","format":"standard","meta":{"ngg_post_thumbnail":0,"footnotes":""},"categories":[224383,224392,3],"tags":[224494,224507,224620,224735],"aioseo_notices":[],"_links":{"self":[{"href":"https:\/\/blogsaverroes.juntadeandalucia.es\/aldeacordoba\/index.php?rest_route=\/wp\/v2\/posts\/662"}],"collection":[{"href":"https:\/\/blogsaverroes.juntadeandalucia.es\/aldeacordoba\/index.php?rest_route=\/wp\/v2\/posts"}],"about":[{"href":"https:\/\/blogsaverroes.juntadeandalucia.es\/aldeacordoba\/index.php?rest_route=\/wp\/v2\/types\/post"}],"author":[{"embeddable":true,"href":"https:\/\/blogsaverroes.juntadeandalucia.es\/aldeacordoba\/index.php?rest_route=\/wp\/v2\/users\/168"}],"replies":[{"embeddable":true,"href":"https:\/\/blogsaverroes.juntadeandalucia.es\/aldeacordoba\/index.php?rest_route=%2Fwp%2Fv2%2Fcomments&post=662"}],"version-history":[{"count":0,"href":"https:\/\/blogsaverroes.juntadeandalucia.es\/aldeacordoba\/index.php?rest_route=\/wp\/v2\/posts\/662\/revisions"}],"wp:attachment":[{"href":"https:\/\/blogsaverroes.juntadeandalucia.es\/aldeacordoba\/index.php?rest_route=%2Fwp%2Fv2%2Fmedia&parent=662"}],"wp:term":[{"taxonomy":"category","embeddable":true,"href":"https:\/\/blogsaverroes.juntadeandalucia.es\/aldeacordoba\/index.php?rest_route=%2Fwp%2Fv2%2Fcategories&post=662"},{"taxonomy":"post_tag","embeddable":true,"href":"https:\/\/blogsaverroes.juntadeandalucia.es\/aldeacordoba\/index.php?rest_route=%2Fwp%2Fv2%2Ftags&post=662"}],"curies":[{"name":"wp","href":"https:\/\/api.w.org\/{rel}","templated":true}]}}