{"id":676,"date":"2019-01-03T08:58:20","date_gmt":"2019-01-03T07:58:20","guid":{"rendered":"https:\/\/jmoragahc.wordpress.com\/?p=676"},"modified":"2019-01-03T08:58:20","modified_gmt":"2019-01-03T07:58:20","slug":"revolucion-cubana-3-exitos-y-3-fracasos-del-movimiento-que-inicio-fidel-castro-hace-60-anos","status":"publish","type":"post","link":"https:\/\/blogsaverroes.juntadeandalucia.es\/aldeacordoba\/?p=676","title":{"rendered":"Revoluci\u00f3n cubana: 3 \u00e9xitos y 3 fracasos del movimiento que inici\u00f3 Fidel Castro hace 60 a\u00f1os."},"content":{"rendered":"<figure id=\"attachment_677\" aria-describedby=\"caption-attachment-677\" style=\"width: 660px\" class=\"wp-caption alignnone\"><img loading=\"lazy\" decoding=\"async\" class=\"alignnone size-full wp-image-677\" src=\"https:\/\/blogsaverroes.juntadeandalucia.es\/aldeacordoba\/files\/2019\/01\/104901866_gettyimages-566464313.jpg\" alt=\"104901866_gettyimages-566464313\" width=\"660\" height=\"371\" srcset=\"https:\/\/blogsaverroes.juntadeandalucia.es\/aldeacordoba\/files\/2019\/01\/104901866_gettyimages-566464313.jpg 660w, https:\/\/blogsaverroes.juntadeandalucia.es\/aldeacordoba\/files\/2019\/01\/104901866_gettyimages-566464313-300x169.jpg 300w\" sizes=\"(max-width: 709px) 85vw, (max-width: 909px) 67vw, (max-width: 984px) 61vw, (max-width: 1362px) 45vw, 600px\" \/><figcaption id=\"caption-attachment-677\" class=\"wp-caption-text\">La revoluci\u00f3n cubana comenz\u00f3 el 1 de enero de 1959 tras la huida del entonces gobernante de facto, Fulgencio Batista.<\/figcaption><\/figure>\n<p><strong>Autor: Lioman Lima<\/strong><\/p>\n<p><strong>Fuente:<\/strong> <a href=\"https:\/\/www.bbc.com\/mundo\/noticias-america-latina-46642092?ocid=socialflow_facebook\" target=\"_blank\" rel=\"noopener noreferrer\"><em>BBC<\/em><\/a>. 01\/01\/2019.<\/p>\n<p class=\"story-body__introduction\" style=\"text-align:justify\">Cuando la Revoluci\u00f3n cubana comenz\u00f3, todav\u00eda Dwight Eisenhower era presidente de Estados Unidos, Adolfo L\u00f3pez Mateos gobernaba M\u00e9xico y la Uni\u00f3n Sovi\u00e9tica era la segunda potencia del mundo.<\/p>\n<p style=\"text-align:justify\">Sesenta a\u00f1os despu\u00e9s, Eisenhower, L\u00f3pez Mateo y la URSS son apenas recuerdos en libros de historia, pero el proceso que inici\u00f3 Fidel Castro en la mayor isla del Caribe, todav\u00eda sigue dando de qu\u00e9 hablar y sembrando simpat\u00edas y detractores a lo largo del mundo.<\/p>\n<p style=\"text-align:justify\">No habr\u00e1 grandes celebraciones en la isla por este aniversario cerrado en el que, por primera vez en d\u00e9cadas, no gobierna alguien de apellido Castro un 1 de enero.<\/p>\n<p style=\"text-align:justify\">Para los admiradores de la Revoluci\u00f3n cubana, la fecha marca una jornada simb\u00f3lica: por m\u00e1s de medio siglo\u00a0<strong>Cuba ha sido el s\u00edmbolo de la resistencia ante Estados Unidos<\/strong>, el icono de la soberan\u00eda pol\u00edtica latinoamericana y la esperanza de un modelo alternativo para el ca\u00f3tico orden mundial.<\/p>\n<p style=\"text-align:justify\">Para sus detractores, la fecha marca un a\u00f1o m\u00e1s de perpetuaci\u00f3n en el poder de un grupo que, en su criterio, ha coartado las libertades y los derechos de un pueblo y lo han sumido en la pobreza, la crisis y \u00abuno de los mayores exilios de la historia\u00bb.<\/p>\n<div id=\"comp-pattern-library\" class=\"distinct-component-group container-parrot\" style=\"text-align:justify\">\n<aside class=\"parrot\" role=\"region\" aria-label=\"recomendaciones\">Entretanto, en las calles, el cubano com\u00fan llega al nuevo cumplea\u00f1os de la Revoluci\u00f3n con una falta generalizada de pan, los artistas siguen en vilo por lo que pasar\u00e1 con un decreto que consideran que limita su libertad de creaci\u00f3n y muchos se preguntan qu\u00e9 traer\u00e1 finalmente el texto de una nueva Constituci\u00f3n que debe aprobarse en febrero.<\/aside>\n<\/div>\n<p style=\"text-align:justify\">En BBC Mundo repasamos 3 grandes logros y 3 grandes fracasos de ese movimiento pol\u00edtico que ha marcado la historia de Cuba -y de Am\u00e9rica Latina- en los \u00faltimos 60 a\u00f1os.<\/p>\n<figure class=\"media-landscape no-caption body-width\" style=\"text-align:justify\"><span class=\"image-and-copyright-container\"><img loading=\"lazy\" decoding=\"async\" class=\"responsive-image__img js-image-replace\" src=\"https:\/\/ichef.bbci.co.uk\/news\/624\/cpsprodpb\/085D\/production\/_99514120_line976.jpg\" alt=\"l\u00ednea\" width=\"464\" height=\"2\" data-highest-encountered-width=\"624\" \/><\/span><\/figure>\n<h2 style=\"text-align:justify\"><strong>L<\/strong><strong>ogros<\/strong><\/h2>\n<figure class=\"media-landscape no-caption body-width\" style=\"text-align:justify\"><span class=\"image-and-copyright-container\"><img loading=\"lazy\" decoding=\"async\" class=\"responsive-image__img js-image-replace\" src=\"https:\/\/ichef.bbci.co.uk\/news\/624\/cpsprodpb\/085D\/production\/_99514120_line976.jpg\" alt=\"l\u00ednea\" width=\"464\" height=\"2\" data-highest-encountered-width=\"624\" \/><\/span><\/figure>\n<h2 class=\"story-body__crosshead\" style=\"text-align:justify\">Salud<\/h2>\n<p style=\"text-align:justify\">A trav\u00e9s de los a\u00f1os, uno de los elogios m\u00e1s reiterativos que consigue la isla en casi cualquier escenario es su sistema de salud, p\u00fablico y universal, que la ubica como un referente frente a la mayor\u00eda de naciones de Latinoam\u00e9rica.<\/p>\n<p style=\"text-align:justify\">\u00ab<strong>Los \u00e9xitos de Cuba en materia de salud son reconocidos mundialmente<\/strong>\u00a0y dan cuenta de un nivel de compromiso consecuente y sistem\u00e1tico con el desarrollo de la salud por parte de las m\u00e1s altas autoridades de ese pa\u00eds desde 1959&#8243;, se\u00f1ala la Organizaci\u00f3n Mundial de la Salud a BBC Mundo.<\/p>\n<p style=\"text-align:justify\">Esa instituci\u00f3n destaca, entre otros, la colaboraci\u00f3n m\u00e9dica de la isla en otras naciones, la baja mortalidad infantil y el hecho de que, recientemente, se convirti\u00f3 en el primer lugar del mundo en eliminar la transmisi\u00f3n materno-infantil del VIH\/Sida y la s\u00edfilis cong\u00e9nita.<\/p>\n<figure class=\"media-landscape has-caption full-width\" style=\"text-align:justify\"><span class=\"image-and-copyright-container\"><img loading=\"lazy\" decoding=\"async\" class=\"responsive-image__img js-image-replace\" src=\"https:\/\/ichef.bbci.co.uk\/news\/624\/cpsprodpb\/1531A\/production\/_104901868_gettyimages-1069161850.jpg\" alt=\"revoluci\u00f3n\" width=\"976\" height=\"549\" data-highest-encountered-width=\"624\" \/><\/span><\/figure>\n<p style=\"text-align:justify\"><span class=\"image-and-copyright-container\"><span class=\"off-screen\">Derechos de autor de la imagen<\/span><span class=\"story-image-copyright\">AFP\u00a0<\/span><\/span><span class=\"off-screen\">Image caption\u00a0<\/span><span class=\"media-caption__text\">Cuba tambi\u00e9n ha creado institutos de investigaci\u00f3n cient\u00edfica que son referentes internacionales, como el Centro de Ingenier\u00eda Gen\u00e9tica y Biotecnolog\u00eda.<\/span><\/p>\n<p style=\"text-align:justify\">Es importante se\u00f1alar que ya antes de la Revoluci\u00f3n, en 1957, Cuba ocupaba el primer lugar de la regi\u00f3n con menor mortalidad infantil y con mayor n\u00famero de m\u00e9dicos y camas en los hospitales por habitantes, cifras que todav\u00eda ostenta.<\/p>\n<p style=\"text-align:justify\">En las \u00faltimas dos d\u00e9cadas el servicio m\u00e9dico en Cuba se ha deteriorado dada la falta de medicinas, equipos m\u00e9dicos y las deficiencias estructurales severas en varias instituciones hospitalarias.<\/p>\n<p style=\"text-align:justify\"><strong>El gobierno cubano<\/strong><strong>\u00a0lo<\/strong><strong>\u00a0atribuye a las sanciones<\/strong><strong>\u00a0econ\u00f3micas impuestas por<\/strong><strong>\u00a0el gobierno de Estados Unidos por casi 60 a\u00f1os<\/strong>.<\/p>\n<p style=\"text-align:justify\">\u00abM\u00e1s all\u00e1 de las cr\u00edticas que puedan hac\u00e9rsele,\u00a0<strong>la revoluci\u00f3n hizo posible la salud para miles personas y eso es un hecho<\/strong>\u00ab, asegura a BBC Mundo el polit\u00f3logo cubano Carlos Alzugaray.<\/p>\n<h2 class=\"story-body__crosshead\" style=\"text-align:justify\">Educaci\u00f3n<\/h2>\n<p style=\"text-align:justify\">60 a\u00f1os despu\u00e9s del triunfo de Fidel Castro,\u00a0<strong>el pa\u00eds<\/strong><strong>\u00a0ha erradicado pr\u00e1cticamente el analfabetismo, cuenta con un sistema de educaci\u00f3n p\u00fablico\u00a0<\/strong><strong>que abarca<\/strong><strong>todas las ense\u00f1anzas y ha creado modelos educativos que se han utilizado en el resto de Latin<\/strong><strong>oa<\/strong><strong>m\u00e9rica.<\/strong><\/p>\n<figure class=\"media-landscape has-caption full-width\" style=\"text-align:justify\"><span class=\"image-and-copyright-container\"><img loading=\"lazy\" decoding=\"async\" class=\"responsive-image__img js-image-replace\" src=\"https:\/\/ichef.bbci.co.uk\/news\/624\/cpsprodpb\/1E82\/production\/_104901870_gettyimages-1064141364.jpg\" alt=\"revoluci\u00f3n\" width=\"976\" height=\"549\" data-highest-encountered-width=\"624\" \/><span class=\"off-screen\">Derechos de autor de la imagen<\/span><span class=\"story-image-copyright\">AFP<\/span><\/span><figcaption class=\"media-caption\"><span class=\"off-screen\">Image caption\u00a0<\/span><span class=\"media-caption__text\">En Cuba la educaci\u00f3n, la salud y el deporte son derechos de la poblaci\u00f3n.<\/span><\/figcaption><\/figure>\n<p style=\"text-align:justify\">\u00abAntes de la revoluci\u00f3n, si bien el analfabetismo en la ciudad era del 11%, en el campo era del 40%. Eso es algo que con la revoluci\u00f3n se solucion\u00f3. Se elimin\u00f3 adem\u00e1s la educaci\u00f3n privada y se hizo accesible para toda la poblaci\u00f3n\u00bb, cuenta Mesa-Lago a BBC Mundo.<\/p>\n<p style=\"text-align:justify\">Mark Brenner, especialista en Cuba de la\u00a0<i>American University<\/i>, se\u00f1ala que el modelo educativo de la isla es un referente en la regi\u00f3n y ha logrado formar por generaciones a una de las poblaciones m\u00e1s preparadas acad\u00e9micamente de Am\u00e9rica Latina.<\/p>\n<p style=\"text-align:justify\">Sin embargo Sebasti\u00e1n Arcos, director del Instituto de Estudios Cubanos de la Universidad Internacional de Florida, cuestiona que el acceso a ciertos niveles de ense\u00f1anza se limita a la condici\u00f3n de \u00abser revolucionario\u00bb y recuerda casos de expulsiones de estudiantes por expresar criterios contrarios a los del gobierno o- hace unas d\u00e9cadas- por ser homosexuales o tener el pelo largo.<\/p>\n<p style=\"text-align:justify\">\u00abEs un pa\u00eds donde las escuelas se utilizan para adoctrinar a la gente desde muy j\u00f3venes y\u00a0<strong>donde se ponen los valores comunistas por encima de l<\/strong><strong>os valores de la<\/strong><strong>\u00a0ense\u00f1anza<\/strong>\u00ab, le dice a BBC Mundo.<\/p>\n<h2 class=\"story-body__crosshead\" style=\"text-align:justify\">Seguridad<\/h2>\n<p style=\"text-align:justify\">Un hecho que para muchos escapa en la cotidianidad de la isla es que, seg\u00fan varios organismos internacionales -e, incluso, seg\u00fan ha reconocido en decenas de alertas de viajes el Departamento de Estado de EE.UU.-\u00a0<strong>Cuba es uno de los pa\u00edses m\u00e1s seguros de Latinoam\u00e9rica y el Caribe<\/strong>.<\/p>\n<p style=\"text-align:justify\">Estad\u00edsticas de la Oficina de Naciones Unidas contra la Droga y el Crimen muestran que la tasa de homicidios en la isla entre 2012 y 2016 fue de 4,99 por cada 100.000 habitantes, lo que la convierte en el segundo pa\u00eds m\u00e1s seguro de la regi\u00f3n, solo superado por Chile.<\/p>\n<figure class=\"media-landscape has-caption full-width\" style=\"text-align:justify\"><span class=\"image-and-copyright-container\"><img loading=\"lazy\" decoding=\"async\" class=\"responsive-image__img js-image-replace\" src=\"https:\/\/ichef.bbci.co.uk\/news\/624\/cpsprodpb\/6CA2\/production\/_104901872_gettyimages-845346680.jpg\" alt=\"revoluci\u00f3n\" width=\"976\" height=\"549\" data-highest-encountered-width=\"624\" \/><span class=\"off-screen\">Derechos de autor de la imagen\u00a0<\/span><span class=\"story-image-copyright\">AFP<\/span><\/span><figcaption class=\"media-caption\"><span class=\"off-screen\">Image caption\u00a0<\/span><span class=\"media-caption__text\">En Cuba es muy com\u00fan ver polic\u00edas patrullando calles o cuidando esquinas. En La Habana hay un sistema de c\u00e1maras de vigilancia en varios barrios.<\/span><\/figcaption><\/figure>\n<p style=\"text-align:justify\">El portal Data World, que compila datos oficiales, la ubic\u00f3 por a\u00f1os como el lugar m\u00e1s seguro para visitar por estadounidenses, en comparaci\u00f3n con otros destinos tur\u00edsticos populares cercanos a EE.UU.<\/p>\n<p style=\"text-align:justify\">Arcos, aunque reconoce los altos niveles de seguridad en la isla, considera que estos se deben al \u00absistema represivo, de vigilancia y control\u00bb que ha establecido el gobierno cubano.<\/p>\n<p style=\"text-align:justify\">\u00abEs un estado policiaco, dedicado a la seguridad y al control de las personas. Han creado mecanismos para que la gente tenga miedo y han llegado a hacer que casi todos los cubanos sientan que son vigilados o que alguien les escucha cuando hablan por tel\u00e9fono\u00bb, sostiene.<\/p>\n<figure class=\"media-landscape no-caption body-width\" style=\"text-align:justify\"><span class=\"image-and-copyright-container\"><img loading=\"lazy\" decoding=\"async\" class=\"responsive-image__img js-image-replace\" src=\"https:\/\/ichef.bbci.co.uk\/news\/624\/cpsprodpb\/085D\/production\/_99514120_line976.jpg\" alt=\"l\u00ednea\" width=\"464\" height=\"2\" data-highest-encountered-width=\"624\" \/><\/span><\/figure>\n<h2 style=\"text-align:justify\"><strong>F<\/strong><strong>racasos<\/strong><\/h2>\n<figure class=\"media-landscape no-caption body-width\" style=\"text-align:justify\"><span class=\"image-and-copyright-container\"><img loading=\"lazy\" decoding=\"async\" class=\"responsive-image__img js-image-replace\" src=\"https:\/\/ichef.bbci.co.uk\/news\/624\/cpsprodpb\/085D\/production\/_99514120_line976.jpg\" alt=\"l\u00ednea\" width=\"464\" height=\"2\" data-highest-encountered-width=\"624\" \/><\/span><\/figure>\n<p style=\"text-align:justify\"><strong>E<\/strong><strong>conom\u00eda<\/strong><\/p>\n<p style=\"text-align:justify\">Casi todos los expertos consultados por BBC Mundo coinciden en calificar a la econom\u00eda como el mayor fiasco del proceso iniciado por Fidel Castro en 1959.<\/p>\n<p style=\"text-align:justify\">\u00abYo dir\u00eda que es la gran falencia o lo que qued\u00f3 pendiente de esos 60 a\u00f1os y es que<strong>\u00a0todav\u00eda no se ha alcanzado esa sociedad pr\u00f3spera y sostenible que se plante\u00f3 alguna vez<\/strong>, lo que significa que todav\u00eda haya muchos asuntos pendientes en materia de vivienda, en materia de alcanzar niveles de vida aceptables para todo el mundo\u00bb, opina Alzugaray.<\/p>\n<p style=\"text-align:justify\">El economista cubano Mauricio De Miranda Parrondo, profesor de la Universidad Javeriana de Cali, considera que un error fundamental en este sentido fue \u00abel desconocimiento de las leyes de la econom\u00eda\u00bb por parte del gobierno.<\/p>\n<p style=\"text-align:justify\">\u00abLa direcci\u00f3n cubana pec\u00f3 de excesivo idealismo y de voluntarismo en la conducci\u00f3n de la econom\u00eda.\u00a0<strong>Siempre se prioriz\u00f3 la raz\u00f3n pol\u00edtica y el mantenimiento del poder sobre la raz\u00f3n econ\u00f3mica<\/strong>, explica a BBC Mundo.<\/p>\n<figure class=\"media-landscape has-caption full-width\" style=\"text-align:justify\"><span class=\"image-and-copyright-container\"><img loading=\"lazy\" decoding=\"async\" class=\"responsive-image__img js-image-replace\" src=\"https:\/\/ichef.bbci.co.uk\/news\/624\/cpsprodpb\/142B4\/production\/_104821628_gettyimages-159365706.jpg\" alt=\"cuba\" width=\"976\" height=\"549\" data-highest-encountered-width=\"624\" \/><span class=\"off-screen\">Derechos de autor de la imagen\u00a0<\/span><span class=\"story-image-copyright\">GETTY IMAGES<\/span><\/span><figcaption class=\"media-caption\"><span class=\"off-screen\">Image caption\u00a0<\/span><span class=\"media-caption__text\">ara sus cr\u00edticos, la revoluci\u00f3n cubana no ha logrado ofrecer la sociedad que prometi\u00f3.<\/span><\/figcaption><\/figure>\n<p style=\"text-align:justify\">Mesa-Lago, destaca, no obstante, que\u00a0<strong>pese a la crisis econ\u00f3mica sostenida que vive, Cuba ha logrado continuar creciendo (aunque sea en n\u00fameros muy peque\u00f1os)<\/strong>\u00a0y que realiz\u00f3 una transformaci\u00f3n econ\u00f3mica en la que pas\u00f3 de ser una econom\u00eda dependiente del az\u00facar a otra dependiente de los servicios.<\/p>\n<p style=\"text-align:justify\">\u00abPero no ha logrado un cambio estructural que permita tener ese crecimiento econ\u00f3mico sostenido del que han estado hablando desde decenios y que le permita recuperar los est\u00e1ndares de vida que ten\u00eda cuando todav\u00eda viv\u00eda del dinero de la Uni\u00f3n Sovi\u00e9tica\u00bb, comenta.<\/p>\n<h2 class=\"story-body__crosshead\" style=\"text-align:justify\">Derechos humanos<\/h2>\n<p style=\"text-align:justify\">Es uno de los temas m\u00e1s peliagudos y de los que m\u00e1s controversia generan entre quienes apoyan o critican la Revoluci\u00f3n cubana.<\/p>\n<p style=\"text-align:justify\">A trav\u00e9s de los a\u00f1os, organizamos internacionales y cr\u00edticos del gobierno han denunciado lo que consideran\u00a0<strong>violaciones sistem\u00e1ticas de los derechos humanos\u00a0<\/strong>en la isla, que van desde la falta de libertad de prensa hasta el encarcelamiento o la persecuci\u00f3n de opositores pol\u00edticos, algo que el gobierno y sus seguidores niegan.<\/p>\n<p style=\"text-align:justify\">En septiembre pasado, en su informe anual, el secretario general de Naciones Unidas incluy\u00f3 nuevamente a Cuba entre los pa\u00edses que toman \u00abrepresalias vergonzosas\u00bb contra quienes defienden los derechos humanos.<\/p>\n<figure class=\"media-landscape has-caption full-width\" style=\"text-align:justify\"><span class=\"image-and-copyright-container\"><img loading=\"lazy\" decoding=\"async\" class=\"responsive-image__img js-image-replace\" src=\"https:\/\/ichef.bbci.co.uk\/news\/624\/cpsprodpb\/9C91\/production\/_104918004_gettyimages-460244696.jpg\" alt=\"revoluci\u00f3n\" width=\"976\" height=\"549\" data-highest-encountered-width=\"624\" \/><span class=\"off-screen\">Derechos de autor de la imagen<\/span><span class=\"story-image-copyright\">AFP<\/span><\/span><figcaption class=\"media-caption\"><span class=\"off-screen\">Image caption<\/span><span class=\"media-caption__text\">Un grupo de mujeres opositaras, llamadas Damas de Blanco (una de ellas, en el centro de la foto), aseguran ser v\u00edctimas frecuentes de represi\u00f3n por parte de la polic\u00eda de Cuba.<\/span><\/figcaption><\/figure>\n<p style=\"text-align:justify\">Otras organizaciones, como Amnist\u00eda Internacional o Human Right Watch tambi\u00e9n publican peri\u00f3dicamente informes en los que cuestionan el estado de los derechos humanos en la isla.<\/p>\n<p style=\"text-align:justify\">\u00ab<strong>Por 60 a\u00f1os se han dedicado a callar, a encerrar u obligar a salir del pa\u00eds a todo el que piense diferente<\/strong>\u00ab, opina Arcos.<\/p>\n<p style=\"text-align:justify\">El gobierno cubano asegura, por su parte, que pocas naciones del mundo respetan los derechos humanos como ellos y tilda a los opositores de ser \u00abmercenarios\u00bb al servicio de Estados Unidos.<\/p>\n<p style=\"text-align:justify\">Brenner considera que al hablar de derechos humanos en la isla se debe tener en cuenta \u00ablas fuertes presiones\u00bb que ha vivido por parte de Washington, que, en su criterio, llevaron al gobierno de La Habana a sobreestimar la amenaza y a que varios derechos sucumbieran ante la aspiraci\u00f3n de mantener a flote el sistema.<\/p>\n<p style=\"text-align:justify\">\u00abLa Declaraci\u00f3n Universal de los Derechos Humanos tiene tres componentes: derechos pol\u00edticos, sociales y econ\u00f3micos. Y\u00a0<strong>el gobierno cubano han enfatizado en los derechos sociales y econ\u00f3micos<\/strong>, pero se han dado de lado los derechos pol\u00edticos,\u00bb sostiene.<\/p>\n<h2 class=\"story-body__crosshead\" style=\"text-align:justify\">\u00abEl hombre nuevo\u00bb<\/h2>\n<p style=\"text-align:justify\">En el paradigma del \u00abhombre nuevo\u00bb, el ideal de Ernesto \u00abChe\u00bb Guevara de crear un nuevo sistema de relaciones humanas, muchos cr\u00edticos ven el resumen de una serie de fiascos de todo tipo que han impactado en las esencias del cubano de a pie y que han llevado a algunos a notar una falta de compromiso con el pa\u00eds y su futuro.<\/p>\n<figure class=\"media-landscape has-caption full-width\" style=\"text-align:justify\"><span class=\"image-and-copyright-container\"><img loading=\"lazy\" decoding=\"async\" class=\"responsive-image__img js-image-replace\" src=\"https:\/\/ichef.bbci.co.uk\/news\/624\/cpsprodpb\/D34B\/production\/_104919045_gettyimages-696388944.jpg\" alt=\"revoluci\u00f3n\" width=\"976\" height=\"549\" data-highest-encountered-width=\"624\" \/><span class=\"off-screen\">Derechos de autor de la imagen\u00a0<\/span><span class=\"story-image-copyright\">AFP<\/span><\/span><figcaption class=\"media-caption\"><span class=\"off-screen\">Image caption\u00a0<\/span><span class=\"media-caption__text\">Los cr\u00edticos de la revoluci\u00f3n se\u00f1alan que no fue capaz de crear una sociedad que comprometa a sus j\u00f3venes con el futuro de la isla.<\/span><\/figcaption><\/figure>\n<p style=\"text-align:justify\">\u00ab\u00bfCu\u00e1l es el resultado 60 a\u00f1os despu\u00e9s? \u00bf<strong>Un pa\u00eds del que se calcula que han emigrado m\u00e1s de 3 millones de personas<\/strong>, que est\u00e1 devastado, con las familias separadas, con una econom\u00eda que no funciona, con j\u00f3venes que solo quieren irse a otro lugar? \u00bfCu\u00e1l ha sido el impacto en el ser humano? Pues algo catastr\u00f3fico\u00bb, opina Arcos.<\/p>\n<p style=\"text-align:justify\">Alzugaray, por su parte, si bien reconoce que del \u00abhombre nuevo\u00bb no queda nada, considera que, pese a todo,\u00a0<strong>a\u00fan<\/strong><strong>\u00a0existen notables niveles de apoyo hacia la revoluci\u00f3n<\/strong>.<\/p>\n<p style=\"text-align:justify\">\u00abNo la apoyan igual que hace 60 a\u00f1os, porque l\u00f3gicamente ha pasado el tiempo y se han presentado muchas dificultades y la gente se ha sacrificado mucho, pero yo dir\u00eda que las cuotas de participaci\u00f3n son altas\u00bb, comenta.<\/p>\n<p style=\"text-align:justify\">En criterio de Brenner, su percepci\u00f3n tras m\u00e1s de 44 a\u00f1os viajando a la isla, es que la gente all\u00ed \u00abest\u00e1 muy decepcionada\u00bb de no tener la oportunidad de colmar sus aspiraciones personales en su propio pa\u00eds.<\/p>\n<figure class=\"media-landscape has-caption full-width\" style=\"text-align:justify\"><span class=\"image-and-copyright-container\"><img loading=\"lazy\" decoding=\"async\" class=\"responsive-image__img js-image-replace\" src=\"https:\/\/ichef.bbci.co.uk\/news\/624\/cpsprodpb\/EAB1\/production\/_104918006_gettyimages-542338086.jpg\" alt=\"revoluci\u00f3n\" width=\"976\" height=\"549\" data-highest-encountered-width=\"624\" \/><span class=\"off-screen\">Derechos de autor de la imagen\u00a0<\/span><span class=\"story-image-copyright\">GETTY IMAGES<\/span><\/span><figcaption class=\"media-caption\"><span class=\"off-screen\">Image caption\u00a0<\/span><span class=\"media-caption__text\">Para muchos cubanos, emigrar es una aspiraci\u00f3n.<\/span><\/figcaption><\/figure>\n<p style=\"text-align:justify\">\u00abSon personas con una gran capacidad y una gran preparaci\u00f3n, pero no tienen oportunidad de ejercerlas en empleos que los hagan sentir satisfechos. Tienen una tremenda creatividad, pero muy pocos espacios donde puedan ponerla en pr\u00e1ctica\u00bb, se\u00f1ala.<\/p>\n<p style=\"text-align:justify\">El experto considera que se trata de una realidad \u00abmuy complicada\u00bb, porque el nuevo presidente \u00ab<strong>no parece capaz de producir algo dram\u00e1ticamente diferente y<\/strong>\u00a0no veo que haya planes tampoco de hacerlo\u00bb.<\/p>\n<p style=\"text-align:justify\">\u00ab<strong>Creo que es un punto muy cr\u00edtico en la historia de la revoluci\u00f3n<\/strong>: hay un liderazgo nuevo, pero no hay un plan nuevo para alcanzar, al menos parcialmente, lo que aspiran a alcanzar o para ofrecerle a la gente algo mejor de lo que han tenido hasta ahora\u00bb, sostiene.<\/p>\n","protected":false},"excerpt":{"rendered":"<p>Autor: Lioman Lima Fuente: BBC. 01\/01\/2019. Cuando la Revoluci\u00f3n cubana comenz\u00f3, todav\u00eda Dwight Eisenhower era presidente de Estados Unidos, Adolfo L\u00f3pez Mateos gobernaba M\u00e9xico y la Uni\u00f3n Sovi\u00e9tica era la segunda potencia del mundo. Sesenta a\u00f1os despu\u00e9s, Eisenhower, L\u00f3pez Mateo y la URSS son apenas recuerdos en libros de historia, pero el proceso que inici\u00f3 &hellip; <a href=\"https:\/\/blogsaverroes.juntadeandalucia.es\/aldeacordoba\/?p=676\" class=\"more-link\">Continuar leyendo<span class=\"screen-reader-text\"> \u00abRevoluci\u00f3n cubana: 3 \u00e9xitos y 3 fracasos del movimiento que inici\u00f3 Fidel Castro hace 60 a\u00f1os.\u00bb<\/span><\/a><\/p>\n","protected":false},"author":168,"featured_media":0,"comment_status":"open","ping_status":"open","sticky":false,"template":"","format":"standard","meta":{"ngg_post_thumbnail":0,"footnotes":""},"categories":[224391,224392,224394,3],"tags":[224531,224867],"aioseo_notices":[],"_links":{"self":[{"href":"https:\/\/blogsaverroes.juntadeandalucia.es\/aldeacordoba\/index.php?rest_route=\/wp\/v2\/posts\/676"}],"collection":[{"href":"https:\/\/blogsaverroes.juntadeandalucia.es\/aldeacordoba\/index.php?rest_route=\/wp\/v2\/posts"}],"about":[{"href":"https:\/\/blogsaverroes.juntadeandalucia.es\/aldeacordoba\/index.php?rest_route=\/wp\/v2\/types\/post"}],"author":[{"embeddable":true,"href":"https:\/\/blogsaverroes.juntadeandalucia.es\/aldeacordoba\/index.php?rest_route=\/wp\/v2\/users\/168"}],"replies":[{"embeddable":true,"href":"https:\/\/blogsaverroes.juntadeandalucia.es\/aldeacordoba\/index.php?rest_route=%2Fwp%2Fv2%2Fcomments&post=676"}],"version-history":[{"count":0,"href":"https:\/\/blogsaverroes.juntadeandalucia.es\/aldeacordoba\/index.php?rest_route=\/wp\/v2\/posts\/676\/revisions"}],"wp:attachment":[{"href":"https:\/\/blogsaverroes.juntadeandalucia.es\/aldeacordoba\/index.php?rest_route=%2Fwp%2Fv2%2Fmedia&parent=676"}],"wp:term":[{"taxonomy":"category","embeddable":true,"href":"https:\/\/blogsaverroes.juntadeandalucia.es\/aldeacordoba\/index.php?rest_route=%2Fwp%2Fv2%2Fcategories&post=676"},{"taxonomy":"post_tag","embeddable":true,"href":"https:\/\/blogsaverroes.juntadeandalucia.es\/aldeacordoba\/index.php?rest_route=%2Fwp%2Fv2%2Ftags&post=676"}],"curies":[{"name":"wp","href":"https:\/\/api.w.org\/{rel}","templated":true}]}}