{"id":690,"date":"2019-01-22T08:21:19","date_gmt":"2019-01-22T07:21:19","guid":{"rendered":"https:\/\/jmoragahc.wordpress.com\/?p=690"},"modified":"2019-01-22T08:21:19","modified_gmt":"2019-01-22T07:21:19","slug":"rosa-luxemburgo-mujer-marxista-pacifista","status":"publish","type":"post","link":"https:\/\/blogsaverroes.juntadeandalucia.es\/aldeacordoba\/?p=690","title":{"rendered":"Rosa Luxemburgo: mujer, marxista, pacifista."},"content":{"rendered":"<p><img loading=\"lazy\" decoding=\"async\" class=\"alignnone size-full wp-image-691\" src=\"https:\/\/blogsaverroes.juntadeandalucia.es\/aldeacordoba\/files\/2019\/01\/1547209310_525215_1547211492_noticia_normal_recorte1.jpg\" alt=\"1547209310_525215_1547211492_noticia_normal_recorte1\" width=\"1960\" height=\"1198\" srcset=\"https:\/\/blogsaverroes.juntadeandalucia.es\/aldeacordoba\/files\/2019\/01\/1547209310_525215_1547211492_noticia_normal_recorte1.jpg 1600w, https:\/\/blogsaverroes.juntadeandalucia.es\/aldeacordoba\/files\/2019\/01\/1547209310_525215_1547211492_noticia_normal_recorte1-300x183.jpg 300w, https:\/\/blogsaverroes.juntadeandalucia.es\/aldeacordoba\/files\/2019\/01\/1547209310_525215_1547211492_noticia_normal_recorte1-1024x626.jpg 1024w, https:\/\/blogsaverroes.juntadeandalucia.es\/aldeacordoba\/files\/2019\/01\/1547209310_525215_1547211492_noticia_normal_recorte1-768x469.jpg 768w, https:\/\/blogsaverroes.juntadeandalucia.es\/aldeacordoba\/files\/2019\/01\/1547209310_525215_1547211492_noticia_normal_recorte1-1536x939.jpg 1536w, https:\/\/blogsaverroes.juntadeandalucia.es\/aldeacordoba\/files\/2019\/01\/1547209310_525215_1547211492_noticia_normal_recorte1-1200x733.jpg 1200w\" sizes=\"(max-width: 709px) 85vw, (max-width: 909px) 67vw, (max-width: 1362px) 62vw, 840px\" \/><\/p>\n<p><strong>Autor:<\/strong> <strong>Joaqu\u00edn Estefan\u00eda<\/strong>.<\/p>\n<p><strong>Fuente:<\/strong>\u00a0<a href=\"https:\/\/elpais.com\/cultura\/2019\/01\/11\/actualidad\/1547209310_525215.html?id_externo_rsoc=FB_CC&amp;fbclid=IwAR2x0_3lhUM5onH6krmWZv86fKcK5F48ACTvtjYkJ7Tkg7yBywE7YrNiGPM\" target=\"_blank\" rel=\"noopener noreferrer\"><em>El Pa\u00eds<\/em><\/a>, 13\/01\/2019<\/p>\n<p style=\"text-align:justify\">En el hotel Eden de Berl\u00edn, el soldado Runge le destroza el cr\u00e1neo y la cara a culatazos; otro militar, tambi\u00e9n al servicio del capit\u00e1n Pabst, la remata de un tiro en la nuca. Atan su cad\u00e1ver a unos sacos con piedras para que pese y no flote, y es arrojado a uno de los canales del r\u00edo Spree, cerca del puente Cornelio. No aparecer\u00e1 hasta dos semanas despu\u00e9s. El Gobierno del socialdem\u00f3crata Friedrich Ebert acababa as\u00ed con la vida de\u00a0<a href=\"https:\/\/elpais.com\/tag\/rosa_luxemburgo\/a\/\">Rosa Luxemburgo (RL)<\/a>, la m\u00e1s importante dirigente marxista de la historia, antigua militante del Partido Socialdem\u00f3crata de Alemania (SPD), la l\u00edder m\u00e1s significativa de la Liga Espartaquista y fundadora del Partido Comunista de Alemania.<\/p>\n<p style=\"text-align:justify\">Unos minutos antes, los mismos personajes hab\u00edan asesinado al principal compa\u00f1ero de RL en su larga marcha. Karl Liebknecht, el \u00fanico parlamentario que en primera instancia (a\u00f1o 1914) vot\u00f3 en el Reichstag (Parlamento) en contra de los cr\u00e9ditos de guerra para financiar la presencia de Alemania en la Primera Guerra Mundial, iba a ser trasladado a la c\u00e1rcel desde el mismo hotel, pero antes de abandonar el local donde hab\u00eda sido interrogado le dan dos culatazos que lo dejan aturdido y se desmaya; arrastrado hasta un autom\u00f3vil, es trasladado al Tiergarten, el gran parque berlin\u00e9s, donde\u00a0<a href=\"https:\/\/elpais.com\/diario\/2001\/01\/15\/ultima\/979513201_850215.html\">es rematado a sangre fr\u00eda con disparos de pistola<\/a>\u00a0y abandonado en el suelo hasta que alguien lo encuentra. \u201cIntento de fuga\u201d, dir\u00e1 la nota oficial; la de Luxemburgo rezar\u00e1: \u201cLinchada por las masas\u201d.<\/p>\n<p style=\"text-align:justify\">Era la noche del 15 de enero de 1919. Este martes se cumplir\u00e1 el centenario de la detenci\u00f3n y asesinato de los principales l\u00edderes de la\u00a0<a href=\"https:\/\/elpais.com\/diario\/1998\/11\/16\/cultura\/911170809_850215.html\">Liga Espartaquista<\/a>\u00a0e iconos hist\u00f3ricos de\u00a0<a href=\"https:\/\/elpais.com\/diario\/2005\/06\/18\/babelia\/1119050229_850215.html\">la revoluci\u00f3n alemana de 1918-1919<\/a>, que estalla inmediatamente despu\u00e9s de que el Ej\u00e9rcito germano fuese derrotado y humillado en la Gran Guerra. RL hab\u00eda pasado los cuatro a\u00f1os largos de la guerra en prisi\u00f3n, despu\u00e9s de que en un mitin, en Fr\u00e1ncfort, hubiera pedido a los soldados, con su arrolladora oratoria, que se negasen a combatir, hermanos contra hermanos, y a los trabajadores de su pa\u00eds, que iniciasen una huelga general que se deb\u00eda contagiar a los trabajadores de los otros pa\u00edses en el bando contrario, para que todos confluyesen bajo la misma bandera m\u00e1s all\u00e1 de las patrias. Sale de la c\u00e1rcel a principios de noviembre de 1918 y se une a la oleada revolucionaria que inunda las calles de las principales ciudades y, sobre todo, de Berl\u00edn. Dos a\u00f1os antes, en otro mitin, el 1 de mayo de 1916, en medio de la conflagraci\u00f3n, Liebknecht finaliza su arenga al grito de \u201c\u00a1Abajo la guerra, abajo el Gobierno!\u201d. Tambi\u00e9n es detenido y pasa en prisi\u00f3n dos a\u00f1os y medio. Sale el 23 de octubre de 1918.<\/p>\n<p style=\"text-align:justify\">A partir de ese momento, a los dos dirigentes espartaquistas les quedaban apenas dos meses de vida, y dedican sus fuerzas a publicar un peri\u00f3dico (<em>La Bandera Roja<\/em>) y a fundar el Partido Comunista de Alemania (KPD). Se convierten en objeto del desprecio y del odio de sus antiguos compa\u00f1eros de la socialdemocracia, que gobernaban en Alemania desde unas semanas antes. Odio mortal.\u00a0<a href=\"https:\/\/elpais.com\/tag\/sebastian_haffner\/a\">El historiador Sebastian Haffner<\/a>\u00a0(<em>La revoluci\u00f3n alemana de 1918-1919<\/em>; Historia In\u00e9\u00addita) escribe que el asesinato de RL y de Liebknecht se plane\u00f3, como tarde, a principios de diciembre de 1918 y se ejecut\u00f3 de forma sistem\u00e1tica. Aparecieron carteles en los postes de las calles que dec\u00edan: \u201c\u00a1Obreros, ciudadanos! \u00a1A la patria se le acerca el final! \u00a1Salvadla! Se encuentra amenazada y no desde fuera, sino desde el interior, por la Liga Espartaquista. \u00a1Matad a sus l\u00edderes! \u00a1Matad a Liebknecht! \u00a1Entonces tendr\u00e9is paz, trabajo y pan!\u201d. Firmado: \u201cLos soldados del frente\u201d. A pesar de las generalizadas amenazas, ninguno de los dos abandon\u00f3 Berl\u00edn ni llevaba guardaespaldas; simplemente cambiaban de domicilio.<\/p>\n<p style=\"text-align:justify\">\u00bfQui\u00e9nes fueron los autores intelectuales del asesinato? El protagonista material fue el capit\u00e1n Pabst (quien d\u00e9cadas m\u00e1s tarde, en 1962, protegido por la prescripci\u00f3n del delito, habl\u00f3 abiertamente de lo sucedido) y su escuadr\u00f3n de la muerte, pero \u2014seg\u00fan el historiador Haffner\u2014 no actuaron como simples ejecutores que obedec\u00edan con indiferencia una orden, sino como autores voluntarios y convencidos de lo que hac\u00edan. La prensa burguesa y socialdem\u00f3crata difundi\u00f3 sin pudor sucesivas incitaciones al asesinato, mientras que los responsables socialdem\u00f3cratas \u2014Ebert, Noske, Scheidemann\u2026\u2014 miraban hacia otro lado y permanec\u00edan callados.<\/p>\n<p style=\"text-align:justify\">Cuando RL y \u00adLiebknecht salen de la c\u00e1rcel, los frentes alemanes de la guerra se van desmoronando y se extiende la desmoralizaci\u00f3n en las trincheras. El k\u00e1iser Guillermo II se refugia en Holanda. El mismo d\u00eda en que RL es liberada,\u00a0<a href=\"https:\/\/elpais.com\/diario\/2009\/01\/04\/domingo\/1231044757_850215.html\">el socialdem\u00f3crata Scheidemann proclama la rep\u00fablica alemana<\/a>\u00a0desde un balc\u00f3n del Reichstag. Ebert ocupa la presidencia, forma un Consejo de Ministros socialdem\u00f3cratas moderados y pide al pueblo que abandone las calles y vuelva a la normalidad. El ala mayoritaria del SPD quer\u00eda la rep\u00fablica y las libertades, mientras que los espartaquistas pretend\u00edan la revoluci\u00f3n proletaria, como indican las proclamas: \u201cHa pasado la hora de los manifiestos varios, de las resoluciones plat\u00f3nicas y las palabras tonantes. Para la Internacional ha sonado la hora de la acci\u00f3n\u201d. Ambas facciones, reformistas y revolucionarios, luchar\u00e1n encarnizadamente en las calles de Berl\u00edn, a veces edificio por edificio. El Gobierno de Ebert conf\u00eda la represi\u00f3n de los insurrectos al socialdem\u00f3crata moderado Noske, que organiza una fuerza militar en la que permite la integraci\u00f3n de los oficiales del antiguo Ej\u00e9rcito mon\u00e1rquico. El 13 de enero hab\u00eda sido sofocada la insurrecci\u00f3n espartaquista. Dos d\u00edas despu\u00e9s, acaban violentamente con la vida de sus principales l\u00edderes.<a name=\"sumario_3\"><\/a><\/p>\n<section id=\"sumario_3|foto\" class=\"sumario_foto derecha\">\n<div class=\"sumario__interior\">\n<figure class=\"foto foto_w360\">\n<p><figure style=\"width: 360px\" class=\"wp-caption alignright\"><img loading=\"lazy\" decoding=\"async\" class=\" alignright\" src=\"https:\/\/ep01.epimg.net\/cultura\/imagenes\/2019\/01\/11\/actualidad\/1547209310_525215_1547211819_sumario_normal.jpg\" alt=\"Retrato de Rosa Luxemburgo.\" width=\"360\" height=\"543\" \/><figcaption class=\"wp-caption-text\"><span class=\"foto-texto\">Retrato de Rosa Luxemburgo.<\/span>\u00a0<span class=\"foto-firma\"><span class=\"foto-autor\">ROSA LUXEMBURG STIFTUNG<\/span><\/span><\/figcaption><\/figure><figcaption class=\"foto-pie\"><\/figcaption><\/figure>\n<\/div>\n<\/section>\n<p style=\"text-align:justify\">RL no lleg\u00f3 a cumplir los 50 a\u00f1os. Nacida en la Polonia rusa en el a\u00f1o 1871 en el seno de una familia jud\u00eda, pronto se dio cuenta de que la lucha por su ideario marxista ser\u00eda muy reducida si se quedaba en su pa\u00eds y que para tener influencia deb\u00eda traspasar la frontera de Alemania, donde exist\u00eda el Partido Socialdem\u00f3crata (SPD) m\u00e1s fuerte del mundo. Para ser ciudadana alemana legal, firm\u00f3 un matrimonio de conveniencia con un socialista alem\u00e1n, lo que le dio derecho a la nacionalidad de ese pa\u00eds. A partir de ese momento, Alemania fue su principal campo de acci\u00f3n. En el seno de la socialdemocracia y de la Segunda Internacional, aun\u00f3 teor\u00eda (multitud de art\u00edculos y libros muy importantes) y praxis (intervenci\u00f3n en congresos, debates con muchos de los popes del marxismo \u2014su amigo Franz Mehring la defini\u00f3 como \u201cla mejor cabeza despu\u00e9s de Marx\u201d\u2014, clases en la escuela de formaci\u00f3n del partido\u2026). En cambio, no ten\u00eda dotes organizativas. Su presencia f\u00edsica era una mezcla de fuerza y de ternura, de decisi\u00f3n y de prudencia, dicen sus bi\u00f3grafos. Un dirigente jud\u00edo la describe del siguiente modo: \u201cRosa era peque\u00f1a, con una cabeza grande y rasgos t\u00edpicamente jud\u00edos, con una gran nariz, un andar dif\u00edcil, a veces irregular debido a una ligera cojera. La primera impresi\u00f3n era poco favorable, pero bastaba pasar un momento con ella para comprobar qu\u00e9 vida y qu\u00e9 energ\u00eda hab\u00eda en esa mujer, qu\u00e9 gran inteligencia pose\u00eda, cu\u00e1l era su nivel intelectual\u201d.<\/p>\n<p style=\"text-align:justify\">De su vasta producci\u00f3n te\u00f3rica destacan los temas que forman parte de su legado y que constituyen lo que, una vez muerta Rosa, se denomin\u00f3 \u201cluxemburguismo\u201d, una escuela marxista de caracter\u00edsticas propias: su pacifismo, su lucha contra el revisionismo y la defensa de la democracia en el seno de la revoluci\u00f3n. Sus posiciones, a veces intransigentes, le hicieron polemizar con\u00a0<a href=\"https:\/\/elpais.com\/cultura\/2019\/01\/11\/actualidad\/1547209310_525215.html#despiece\">las figuras m\u00e1s relevantes del socialismo marxista<\/a>, como Lenin, Trotski, Bernstein, Kautsky\u2026<\/p>\n<section id=\"sumario_4|html\" class=\"sumario_html izquierda\"><a name=\"sumario_4\"><\/a><\/p>\n<div class=\"sumario__interior\">\n<div class=\"sumario-texto\">\n<blockquote>\n<p class=\"texto_grande\" style=\"text-align:justify\">Recomendaba preparar a las masas para aprovechar las crisis nacionales e internacionales y asaltar el poder<\/p>\n<\/blockquote>\n<p>&nbsp;<\/p>\n<\/div>\n<\/div>\n<\/section>\n<p style=\"text-align:justify\">Reivindic\u00e1ndose del mejor marxismo (aunque tambi\u00e9n polemiz\u00f3 con algunas de las ideas del Marx economista en el libro\u00a0<em>La acumulaci\u00f3n de capital<\/em>), argument\u00f3 en favor del internacionalismo como forma de pensar y de vivir. El Manifiesto comunista terminaba con la c\u00e9lebre f\u00f3rmula de \u201c\u00a1Proletarios de todos los pa\u00edses, un\u00edos!\u201d, y RL y Liebknecht la hicieron suya relacion\u00e1ndola con la Gran Guerra. Los partidos socialdem\u00f3cratas hab\u00edan defendido tradicionalmente que en caso de conflicto b\u00e9lico entre potencias capitalistas, los trabajadores se negar\u00edan a combatir y llamar\u00edan a la huelga general (la \u201chuelga de masas\u201d en la terminolog\u00eda luxemburguista). Pero en el momento decisivo, el SPD, el partido m\u00e1s grande y m\u00e1s influyente de la Segunda Internacional (m\u00e1s de un mill\u00f3n de afiliados), vot\u00f3 a favor de los empr\u00e9stitos de guerra, y el resto de los partidos socialistas sigui\u00f3 sus pasos. Cada uno de ellos se puso detr\u00e1s de sus Gobiernos. Prevaleci\u00f3 la patria sobre la clase social.<\/p>\n<p style=\"text-align:justify\">Ya a principios del siglo XX, en un congreso de la Internacional en Par\u00eds, RL present\u00f3 una ponencia de convicciones profundamente antimilitaristas, las que mantendr\u00eda hasta el final de sus d\u00edas. En ella se defend\u00eda que los ataques armados entre potencias imperialistas devendr\u00edan en formidables coyunturas revolucionarias. Diecisiete a\u00f1os despu\u00e9s, la revoluci\u00f3n bolchevique fue un testimonio irrefutable de esta tesis. RL recomendaba no solo una cr\u00edtica abierta al imperialismo, sino que se preparase a las masas con vistas a aprovechar las crisis internacionales y las eventuales crisis nacionales generadas por aquellas para asaltar el poder. Consideraba imprescindible intensificar la acci\u00f3n de todos los partidos socialistas contra el militarismo.<\/p>\n<p style=\"text-align:justify\">Siete a\u00f1os despu\u00e9s, en otro congreso de la Internacional, RL presenta una enmienda firmada conjuntamente con Lenin y M\u00e1rtov (que luego ser\u00eda el l\u00edder menchevique) que sostiene que, si existe la amenaza de que la guerra estalle, es obligaci\u00f3n de la clase trabajadora y de los representantes parlamentarios, con la ayuda de la Internacional como poder coordinador, hacer todos los esfuerzos por evitar los enfrentamientos violentos; en el caso de que a pesar de ello se multiplicase el conflicto armado, era su obligaci\u00f3n intervenir a fin de ponerle fin enseguida y aprovechar la crisis creada por la guerra para agitar los estratos m\u00e1s profundos del pueblo para \u201cprecipitar la ca\u00edda de la dominaci\u00f3n capitalista\u201d. Estas palabras supon\u00edan una llamada a la insurrecci\u00f3n, que fue lo que hicieron los espartaquistas en 1919, con la participaci\u00f3n de RL.<\/p>\n<p style=\"text-align:justify\">Esa Rosa Luxemburgo, asesinada por los soldados prusianos, m\u00e1s que posiblemente con la complicidad activa o pasiva de sus antiguos compa\u00f1eros socialdem\u00f3cratas, fue despedida en su entierro por su amiga Clara Zetkin (otra espartaquista) con las siguientes palabras: \u201cEn Rosa Luxemburgo, la idea socialista fue una pasi\u00f3n dominante y poderosa del coraz\u00f3n y del cerebro; una pasi\u00f3n verdaderamente creativa que ard\u00eda incesantemente. (\u2026) Rosa fue la afilada espada, la llama viviente de la revoluci\u00f3n\u201d.<\/p>\n<section id=\"sumario_2|despiece\" class=\"sumario_despiece centro\"><a name=\"sumario_2\"><\/a><\/p>\n<div class=\"sumario__interior\">\n<header class=\"sumario-encabezado\">\n<h4 class=\"sumario-titulo\"><span class=\"sin_enlace\">LENIN, STALIN Y LOS MARXISMOS<\/span><\/h4>\n<\/header>\n<div class=\"sumario-texto\">\n<p class=\"sumario-autor\">J. E.<\/p>\n<p style=\"text-align:justify\"><a name=\"despiece\"><\/a>El n\u00facleo de aliados pol\u00edticos de Rosa Luxemburgo fue siempre muy peque\u00f1o. Todo lo contrario que el de sus adversarios, entre los que se encontraron muchos de los dirigentes del ala derecha de la socialdemocracia y los sindicalistas burocratizados, a los que atac\u00f3 sin piedad. Pero ambos n\u00facleos fueron blancos m\u00f3viles: depend\u00edan de los momentos y de los temas. Lenin, Trotski, Kautsky, Jaur\u00e8s, etc\u00e9tera, fueron algunos de los marxistas legendarios que compartieron y disintieron del ideario y la pr\u00e1ctica pol\u00edtica de la alemana. Un ejemplo de ello fue la relaci\u00f3n con Lenin, el l\u00edder sovi\u00e9tico; ambos se admiraron y pactaron, pero tambi\u00e9n se criticaron.<\/p>\n<p style=\"text-align:justify\">En 1918, apenas unos meses despu\u00e9s del triunfo de la revoluci\u00f3n bolchevique, RL publica un folleto titulado\u00a0<em>La revoluci\u00f3n rusa<\/em>\u00a0que reivindica los acontecimientos de Leningrado y Mosc\u00fa, pero que critica algunos aspectos que pueden torcer su futuro, sobre todo los relacionados con el terror revolucionario (que protagonizar\u00eda en buena parte un amigo polaco de RL, que dirigir\u00eda la Cheka y la sede de la Lubianka, el sangriento F\u00e9lix Dzerzhinski) y la supresi\u00f3n de la democracia.<\/p>\n<p style=\"text-align:justify\">En el folleto citado, RL escribe que s\u00f3lo la libertad de los que apoyan al Gobierno, s\u00f3lo la libertad para los miembros de un partido, \u201cno es libertad en absoluto. La libertad es siempre libertad para el que piensa de manera diferente\u201d. Cre\u00eda que el socialismo s\u00f3lo puede ser resultado del desarrollo de la sociedad que lo construye, y para ello se requiere la m\u00e1s amplia libertad entre el pueblo (lo que no quiere decir que no sea necesario el control pol\u00edtico). Si se sofoca la vida pol\u00edtica, la par\u00e1lisis acabar\u00e1 afectando a la vida de los s\u00f3viets; sin elecciones generales, sin libertad de prensa y de reuni\u00f3n, sin la libre confrontaci\u00f3n de las opiniones, la vida de cualquier instituci\u00f3n pol\u00edtica perecer\u00e1, se convertir\u00e1 en una vida aparente en la que la burocracia ser\u00e1 el \u00fanico elemento vivo.<\/p>\n<p style=\"text-align:justify\">En su libro sobre la revoluci\u00f3n rusa, la revolucionaria RL acierta premonitoriamente con lo que iba a suceder en la Uni\u00f3n Sovi\u00e9tica, sobre todo a partir del momento en que se inicia el futuro estalinista. Algunas decenas de dirigentes del Partido, animados por una energ\u00eda inagotable y por un idealismo sin l\u00edmites, dirigir\u00e1n y gobernar\u00e1n; el poder real se encontrar\u00e1 en manos de unos pocos de ellos, dotados de una inteligencia singular. La aristocracia obrera ser\u00e1 invitada de cuando en cuando a asistir a las reuniones para aplaudir los discursos de los dirigentes y votar por unanimidad las resoluciones propuestas; en el fondo ser\u00e1 un gobierno de camarillas, una dictadura en verdad, pero no la dictadura del proletariado, sino una dictadura de un pu\u00f1ado de pol\u00edticos. En muchos casos la realidad super\u00f3 a los pron\u00f3sticos luxemburguistas.<\/p>\n<p style=\"text-align:justify\">A pesar de este severo cuestionamiento, reivindica el papel hist\u00f3rico del partido de Lenin, siempre en contraposici\u00f3n con sus camaradas alemanes: \u201cPor eso los bolcheviques representaron todo el honor y la capacidad revolucionaria de la que carec\u00eda la socialdemocracia occidental. Su insurrecci\u00f3n de octubre no s\u00f3lo salv\u00f3 la revoluci\u00f3n rusa; tambi\u00e9n salv\u00f3 el honor del socialismo internacional\u201d.<\/p>\n<p style=\"text-align:justify\">Con esta idea de la democracia se explica que Stalin no subiese nunca a Rosa Luxemburgo al altar de la iconograf\u00eda m\u00e1xima del socialismo. Fue una heterodoxa hasta el final de su vida.<\/p>\n<\/div>\n<\/div>\n<\/section>\n","protected":false},"excerpt":{"rendered":"<p>Autor: Joaqu\u00edn Estefan\u00eda. Fuente:\u00a0El Pa\u00eds, 13\/01\/2019 En el hotel Eden de Berl\u00edn, el soldado Runge le destroza el cr\u00e1neo y la cara a culatazos; otro militar, tambi\u00e9n al servicio del capit\u00e1n Pabst, la remata de un tiro en la nuca. Atan su cad\u00e1ver a unos sacos con piedras para que pese y no flote, y &hellip; <a href=\"https:\/\/blogsaverroes.juntadeandalucia.es\/aldeacordoba\/?p=690\" class=\"more-link\">Continuar leyendo<span class=\"screen-reader-text\"> \u00abRosa Luxemburgo: mujer, marxista, pacifista.\u00bb<\/span><\/a><\/p>\n","protected":false},"author":168,"featured_media":0,"comment_status":"open","ping_status":"open","sticky":false,"template":"","format":"standard","meta":{"ngg_post_thumbnail":0,"footnotes":""},"categories":[224382,224388,3],"tags":[224415,224743,224777,224881,224906],"aioseo_notices":[],"_links":{"self":[{"href":"https:\/\/blogsaverroes.juntadeandalucia.es\/aldeacordoba\/index.php?rest_route=\/wp\/v2\/posts\/690"}],"collection":[{"href":"https:\/\/blogsaverroes.juntadeandalucia.es\/aldeacordoba\/index.php?rest_route=\/wp\/v2\/posts"}],"about":[{"href":"https:\/\/blogsaverroes.juntadeandalucia.es\/aldeacordoba\/index.php?rest_route=\/wp\/v2\/types\/post"}],"author":[{"embeddable":true,"href":"https:\/\/blogsaverroes.juntadeandalucia.es\/aldeacordoba\/index.php?rest_route=\/wp\/v2\/users\/168"}],"replies":[{"embeddable":true,"href":"https:\/\/blogsaverroes.juntadeandalucia.es\/aldeacordoba\/index.php?rest_route=%2Fwp%2Fv2%2Fcomments&post=690"}],"version-history":[{"count":0,"href":"https:\/\/blogsaverroes.juntadeandalucia.es\/aldeacordoba\/index.php?rest_route=\/wp\/v2\/posts\/690\/revisions"}],"wp:attachment":[{"href":"https:\/\/blogsaverroes.juntadeandalucia.es\/aldeacordoba\/index.php?rest_route=%2Fwp%2Fv2%2Fmedia&parent=690"}],"wp:term":[{"taxonomy":"category","embeddable":true,"href":"https:\/\/blogsaverroes.juntadeandalucia.es\/aldeacordoba\/index.php?rest_route=%2Fwp%2Fv2%2Fcategories&post=690"},{"taxonomy":"post_tag","embeddable":true,"href":"https:\/\/blogsaverroes.juntadeandalucia.es\/aldeacordoba\/index.php?rest_route=%2Fwp%2Fv2%2Ftags&post=690"}],"curies":[{"name":"wp","href":"https:\/\/api.w.org\/{rel}","templated":true}]}}