{"id":721,"date":"2019-02-26T08:58:15","date_gmt":"2019-02-26T07:58:15","guid":{"rendered":"https:\/\/jmoragahc.wordpress.com\/?p=721"},"modified":"2019-02-26T08:58:15","modified_gmt":"2019-02-26T07:58:15","slug":"la-guerra-de-corea-el-conflicto-olvidado-que-nunca-acabo","status":"publish","type":"post","link":"https:\/\/blogsaverroes.juntadeandalucia.es\/aldeacordoba\/?p=721","title":{"rendered":"La Guerra de Corea, el conflicto olvidado que nunca acab\u00f3."},"content":{"rendered":"<p><img loading=\"lazy\" decoding=\"async\" class=\"  wp-image-722 aligncenter\" src=\"https:\/\/blogsaverroes.juntadeandalucia.es\/aldeacordoba\/files\/2019\/02\/800px-koreanwarmontage-300x300-1.jpg\" alt=\"800px-koreanwarmontage-300x300\" width=\"398\" height=\"398\" srcset=\"https:\/\/blogsaverroes.juntadeandalucia.es\/aldeacordoba\/files\/2019\/02\/800px-koreanwarmontage-300x300-1.jpg 300w, https:\/\/blogsaverroes.juntadeandalucia.es\/aldeacordoba\/files\/2019\/02\/800px-koreanwarmontage-300x300-1-150x150.jpg 150w\" sizes=\"(max-width: 398px) 85vw, 398px\" \/><\/p>\n<p><strong>Autor:<\/strong> <strong>Dave Meler<\/strong>.<\/p>\n<p><strong>Fuente:<\/strong>\u00a0<a href=\"http:\/\/queaprendemoshoy.com\/la-guerra-de-corea-el-conflicto-olvidado-que-nunca-acabo\/\" target=\"_blank\" rel=\"noopener noreferrer\"><em>queaprendemoshoy.com<\/em><\/a>, 15\/03\/2018<\/p>\n<p>&nbsp;<\/p>\n<p class=\"p1\" style=\"text-align:justify\">El conflicto entre las fuerzas capitalistas y las fuerzas comunistas, durante la Guerra de Corea, escenific\u00f3 a la perfecci\u00f3n la rivalidad sovi\u00e9tico-estadounidense durante la Guerra Fr\u00eda y seg\u00fan muchos historiadores, perfil\u00f3 el escenario pol\u00edtico que vivimos hoy en d\u00eda.<\/p>\n<blockquote><p><em><strong>Sab\u00edas que\u2026<\/strong>\u00a0la Guerra de Corea a menudo ha sido llamada la \u201cGuerra olvidada\u201d en los Estados Unidos, ya que la cobertura del conflicto fue censurada y su memoria ha quedado ensombrecida por conflictos como la Segunda Guerra Mundial o la Guerra de Vietnam.<\/em><\/p><\/blockquote>\n<h5 class=\"p1\" style=\"text-align:justify\"><u>EL DETONANTE LA GUERRA DE COREA<\/u><\/h5>\n<p class=\"p1\" style=\"text-align:justify\">El conflicto militar no podr\u00eda entenderse adecuadamente sin considerar su contexto hist\u00f3rico. La pen\u00ednsula de Corea, hab\u00eda sido colonia japonesa desde 1910 hasta 1945, y fue ocupada por los Estados Unidos y la Uni\u00f3n Sovi\u00e9tica al final de la Segunda Guerra Mundial. Cuando se propuso dividir temporalmente el pa\u00eds a lo largo del paralelo 38 para repartir la esfera de influencia en la pen\u00ednsula.<\/p>\n<p class=\"p1\" style=\"text-align:justify\">\u00a0\u201c<em>Una Corea dividida fue algo sin precedentes<\/em>\u201c.<\/p>\n<p class=\"p1\" style=\"text-align:justify\"><u>Charles K. Armstrong<\/u>,\u00a0<em>profesor de historia coreana en la Univ. de Columbia<\/em>.<\/p>\n<p class=\"p1\" style=\"text-align:justify\">En 1948, la administraci\u00f3n sure\u00f1a anticomunista respaldada por los Estados Unidos, con sede en Se\u00fal, se declar\u00f3 a s\u00ed misma como la Rep\u00fablica de Corea. Y poco despu\u00e9s, la administraci\u00f3n del norte comunista respaldada por los sovi\u00e9ticos, con sede en Pyongyang, se declar\u00f3 la Rep\u00fablica Popular Democr\u00e1tica de Corea. La inestabilidad fue constante, las escaramuzas fronterizas frecuentes y ambos bandos rechazaban la legitimidad del otro. Hasta que e<strong>n el 25 de Junio de 1950 las fuerzas comunistas del norte cruzaron el paralelo 38 con la intenci\u00f3n de ocupar el resto de la pen\u00ednsula e implantar una rep\u00fablica comunista \u00fanica.<\/strong><\/p>\n<h5 class=\"p1\" style=\"text-align:justify\"><u>BANDOS CONFRONTADOS<\/u><\/h5>\n<p class=\"p1\" style=\"text-align:justify\"><strong>La guerra enfrent\u00f3 b\u00e1sicamente a Corea del Sur y los Estados Unidos, bajo los auspicios de las Naciones Unidas, contra Corea del Norte y China.<\/strong>\u00a0Aunque otras naciones, en menor medida, tambi\u00e9n aportaron tropas. La Uni\u00f3n Sovi\u00e9tica fue el apoyo principal de Corea del Norte al comienzo de la guerra, aportando armas, tanques y asesoramiento estrat\u00e9gico. Pero, pronto, China emergi\u00f3 como su aliado principal, enviando soldados para luchar en Corea, asegur\u00e1ndose as\u00ed de mantener el conflicto lejos de su frontera.<\/p>\n<p class=\"p1\" style=\"text-align:justify\">\u201c<em>En cierto sentido, esta fue la primera y \u00fanica guerra entre China y Estados Unidos, hasta ahora<\/em>\u201c<\/p>\n<p class=\"p1\" style=\"text-align:justify\"><u>Bruce Cumings<\/u>,\u00a0<em>Profesor de Historia en la Univ. de Chicago<\/em>.<\/p>\n<h5 class=\"p1\" style=\"text-align:justify\"><u>EFECTOS DEVASTADORES<\/u><\/h5>\n<p><a href=\"http:\/\/queaprendemoshoy.com\/la-guerra-de-corea-el-conflicto-olvidado-que-nunca-acabo\/800px-koreanwarmontage\/\" rel=\"attachment wp-att-184867\"><img loading=\"lazy\" decoding=\"async\" class=\"wp-image-184867 lazyloaded\" src=\"http:\/\/s3-eu-west-1.amazonaws.com\/mm.queaprendemoshoy.com\/wp-content\/uploads\/2018\/03\/800px-koreanwarmontage.jpg\" alt=\"\" width=\"400\" height=\"605\" \/><\/a><\/p>\n<p class=\"p1\" style=\"text-align:justify\">\u201c<em>Corea del Norte fue arrasada. Hoy en d\u00eda los norcoreanos consideran el bombardeo estadounidense como un Holocausto<\/em>\u201c.<\/p>\n<p class=\"p1\" style=\"text-align:justify\"><u>Prof. Asmtrong<\/u><\/p>\n<h5 class=\"p1\" style=\"text-align:justify\"><u>EL FIN DEL CONFLICTO<\/u><\/h5>\n<p class=\"p1\" style=\"text-align:justify\"><strong>T\u00e9cnicamente, la Guerra de Corea no termin\u00f3 nunca.<\/strong>\u00a0La lucha armada lleg\u00f3 a su fin en 1953, cuando Corea del Norte, China y los Estados Unidos firmaron un armisticio. Y la creaci\u00f3n de una zona desmilitarizada de 4km de ancho a lo largo del paralelo 38. Pero\u00a0<strong>Corea del Sur nunca acept\u00f3 el armisticio, y nunca se ha firmado un tratado de paz formal<\/strong>.\u00a0Ni Corea del Norte ni Corea del Sur hab\u00edan logrado su objetivo: la destrucci\u00f3n del r\u00e9gimen opuesto y la reunificaci\u00f3n de la pen\u00ednsula dividida.<\/p>\n<p class=\"p1\" style=\"text-align:justify\"><strong>Sus generales siguen luchando en una guerra que para ellos nunca a acabado<\/strong>. Desde 1953 ambas Coreas han convivido en una situaci\u00f3n inc\u00f3moda bajo la supervisi\u00f3n de m\u00e1s de 20,000 soldados estadounidenses y fuerzas de la ONU.<\/p>\n","protected":false},"excerpt":{"rendered":"<p>Autor: Dave Meler. Fuente:\u00a0queaprendemoshoy.com, 15\/03\/2018 &nbsp; El conflicto entre las fuerzas capitalistas y las fuerzas comunistas, durante la Guerra de Corea, escenific\u00f3 a la perfecci\u00f3n la rivalidad sovi\u00e9tico-estadounidense durante la Guerra Fr\u00eda y seg\u00fan muchos historiadores, perfil\u00f3 el escenario pol\u00edtico que vivimos hoy en d\u00eda. Sab\u00edas que\u2026\u00a0la Guerra de Corea a menudo ha sido llamada &hellip; <a href=\"https:\/\/blogsaverroes.juntadeandalucia.es\/aldeacordoba\/?p=721\" class=\"more-link\">Continuar leyendo<span class=\"screen-reader-text\"> \u00abLa Guerra de Corea, el conflicto olvidado que nunca acab\u00f3.\u00bb<\/span><\/a><\/p>\n","protected":false},"author":168,"featured_media":0,"comment_status":"open","ping_status":"open","sticky":false,"template":"","format":"standard","meta":{"ngg_post_thumbnail":0,"footnotes":""},"categories":[224391,224392,3],"tags":[224487,224515,224559,224638,224643],"aioseo_notices":[],"_links":{"self":[{"href":"https:\/\/blogsaverroes.juntadeandalucia.es\/aldeacordoba\/index.php?rest_route=\/wp\/v2\/posts\/721"}],"collection":[{"href":"https:\/\/blogsaverroes.juntadeandalucia.es\/aldeacordoba\/index.php?rest_route=\/wp\/v2\/posts"}],"about":[{"href":"https:\/\/blogsaverroes.juntadeandalucia.es\/aldeacordoba\/index.php?rest_route=\/wp\/v2\/types\/post"}],"author":[{"embeddable":true,"href":"https:\/\/blogsaverroes.juntadeandalucia.es\/aldeacordoba\/index.php?rest_route=\/wp\/v2\/users\/168"}],"replies":[{"embeddable":true,"href":"https:\/\/blogsaverroes.juntadeandalucia.es\/aldeacordoba\/index.php?rest_route=%2Fwp%2Fv2%2Fcomments&post=721"}],"version-history":[{"count":0,"href":"https:\/\/blogsaverroes.juntadeandalucia.es\/aldeacordoba\/index.php?rest_route=\/wp\/v2\/posts\/721\/revisions"}],"wp:attachment":[{"href":"https:\/\/blogsaverroes.juntadeandalucia.es\/aldeacordoba\/index.php?rest_route=%2Fwp%2Fv2%2Fmedia&parent=721"}],"wp:term":[{"taxonomy":"category","embeddable":true,"href":"https:\/\/blogsaverroes.juntadeandalucia.es\/aldeacordoba\/index.php?rest_route=%2Fwp%2Fv2%2Fcategories&post=721"},{"taxonomy":"post_tag","embeddable":true,"href":"https:\/\/blogsaverroes.juntadeandalucia.es\/aldeacordoba\/index.php?rest_route=%2Fwp%2Fv2%2Ftags&post=721"}],"curies":[{"name":"wp","href":"https:\/\/api.w.org\/{rel}","templated":true}]}}