{"id":724,"date":"2019-03-01T08:44:43","date_gmt":"2019-03-01T07:44:43","guid":{"rendered":"https:\/\/jmoragahc.wordpress.com\/?p=724"},"modified":"2019-03-01T08:44:43","modified_gmt":"2019-03-01T07:44:43","slug":"mi-abuelo-era-nazi-por-eso-tengo-claro-por-que-necesitamos-a-la-union-europea","status":"publish","type":"post","link":"https:\/\/blogsaverroes.juntadeandalucia.es\/aldeacordoba\/?p=724","title":{"rendered":"Mi abuelo era nazi: por eso tengo claro por qu\u00e9 necesitamos a la Uni\u00f3n Europea"},"content":{"rendered":"<figure id=\"attachment_725\" aria-describedby=\"caption-attachment-725\" style=\"width: 643px\" class=\"wp-caption alignnone\"><img loading=\"lazy\" decoding=\"async\" class=\"alignnone size-full wp-image-725\" src=\"https:\/\/blogsaverroes.juntadeandalucia.es\/aldeacordoba\/files\/2019\/02\/adolf-hitler-nazi-munich-alemania_ediima20190222_0734_19.jpg\" alt=\"adolf-hitler-nazi-munich-alemania_ediima20190222_0734_19\" width=\"643\" height=\"445\" srcset=\"https:\/\/blogsaverroes.juntadeandalucia.es\/aldeacordoba\/files\/2019\/02\/adolf-hitler-nazi-munich-alemania_ediima20190222_0734_19.jpg 643w, https:\/\/blogsaverroes.juntadeandalucia.es\/aldeacordoba\/files\/2019\/02\/adolf-hitler-nazi-munich-alemania_ediima20190222_0734_19-300x208.jpg 300w\" sizes=\"(max-width: 709px) 85vw, (max-width: 909px) 67vw, (max-width: 984px) 61vw, (max-width: 1362px) 45vw, 600px\" \/><figcaption id=\"caption-attachment-725\" class=\"wp-caption-text\">Adolf Hitler en 1931, a la salida de la sede del partido Nazi en Munich (Alemania).\u00a0<span class=\"font\">FLICKR<\/span><\/figcaption><\/figure>\n<p><strong>Autor: Matthias Bergmann<\/strong><br \/>\n<strong>Fuente:<\/strong> <em><a href=\"https:\/\/www.eldiario.es\/theguardian\/abuelo-claro-necesitamos-Union-Europea_0_870713647.html\" target=\"_blank\" rel=\"noopener noreferrer\">eldiario.es<\/a><\/em>, 23\/02\/2019<\/p>\n<p class=\"mce\" style=\"text-align:justify\">Hasta el d\u00eda de su muerte, a principios de los noventa, mi abuelo fue un nazi convencido. La mayor\u00eda de sus hermanos mayores murieron de golpe una noche de la Primera Guerra Mundial, durante la batalla de Hartmannsweilerkopf y \u00e9l pas\u00f3 la mayor parte de los a\u00f1os veinte sin empleo, en una Alemania de entreguerras terriblemente traumatizada y caracterizada por los delirios de grandeza y el odio hacia los extranjeros, los jud\u00edos y la democracia.<\/p>\n<p class=\"mce\" style=\"text-align:justify\">Mi abuelo se afili\u00f3 muy pronto al partido nazi. En 1940 se ofreci\u00f3 voluntario para luchar y lleg\u00f3 a sargento mayor de la Wehrmacht. En el frente oriental dirigi\u00f3 una unidad de lucha contra la insurgencia y particip\u00f3 en la toma de Kiev. Creemos que particip\u00f3 en la masacre de Babi Yar de septiembre de 1941, durante la que m\u00e1s de 33.000 jud\u00edos de Kiev fueron asesinados a tiros.<\/p>\n<p class=\"mce\" style=\"text-align:justify\">Mi abuelo siempre despotric\u00f3 contra los jud\u00edos, los franceses y la p\u00e9rfida Albion. Nunca volvi\u00f3 a salir de Alemania. Se pon\u00eda muy nervioso cada vez que estaba cerca de la frontera.<\/p>\n<p class=\"mce\" style=\"text-align:justify\">Por el otro lado, mi abuelo materno fue un maestro de Duisburg. Cuando le toc\u00f3 ir a la guerra dej\u00f3 en casa su c\u00e1mara, su biblioteca, su esposa, sus dos hijos y toda esperanza de sobrevivir. Pas\u00f3 tres a\u00f1os en el frente oriental. Sobrevivi\u00f3, pero nunca volvi\u00f3 a interpretar m\u00fasica ni a sacar fotos. Era un hombre roto. Mi abuela pas\u00f3 en Duisburg toda la guerra. En tres ocasiones, su casa recibi\u00f3 el impacto directo de las bombas. Hasta que falleci\u00f3, el sonido de una sirena le hac\u00eda entrar en p\u00e1nico.<\/p>\n<p class=\"mce\" style=\"text-align:justify\">Mi padre naci\u00f3 en 1944. Creci\u00f3 en un hogar nazi de posguerra pero comenz\u00f3 pronto a leer y se uni\u00f3 a los Boy Scouts. Descubri\u00f3 los derechos civiles y las ideas de la democracia y se convirti\u00f3 en un socialdem\u00f3crata ac\u00e9rrimo, al que exasperaba cualquier cosa m\u00ednimamente de derechas. Mi madre naci\u00f3 en 1947 y le conoci\u00f3 en 1968 en la universidad. En una Alemania Occidental todav\u00eda marcada por la gran cantidad de nazis no arrepentidos, la participaci\u00f3n en protestas antinazis fue la experiencia pol\u00edtica definitoria de la pareja. Construyeron un hogar compuesto por cinco ni\u00f1os, lleno de m\u00fasica, libros, arte y el claro entendimiento de que ser alem\u00e1n ven\u00eda con la responsabilidad de ser prudentes con la pol\u00edtica.<\/p>\n<p class=\"mce\" style=\"text-align:justify\">Durante mi infancia\u00a0fui evacuado\u00a0cuatro veces por bombas de la Segunda Guerra Mundial que no llegaron a estallar. De adulto, me volvi\u00f3 a ocurrir en otras dos ocasiones. En nuestros a\u00f1os escolares visit\u00e1bamos Verdun [donde tuvo lugar una de las batallas m\u00e1s terribles de la Primera Guerra Mundial] y el campo de concentraci\u00f3n de Bergen-Belsen. Adem\u00e1s de Goethe, Schiller y Mann, le\u00edamos &#8216;<a class=\"mce\" href=\"https:\/\/www.eldiario.es\/zonacritica\/ventana-Ana-Frank_6_785031495.html\">El diario de Ana Frank&#8217;<\/a>\u00a0y &#8216;El Sistema de los Campos de Concentraci\u00f3n alemanes&#8217;, de Eugen Kogon. Algunas veces pens\u00e1bamos que nuestros maestros exageraban con su insistencia sobre el Tercer Reich.<\/p>\n<p class=\"mce\" style=\"text-align:justify\">En 1989 mis padres nos despertaron a todos para ver la retransmisi\u00f3n de la ca\u00edda del Muro de Berl\u00edn. Sentados frente a la tele, tomamos nuestra primera copa de champ\u00e1n y vimos llorar a nuestros padres. Ese era el d\u00eda en que la Segunda Guerra Mundial terminaba de verdad, me dijo mi padre. Y que nuestros amigos europeos lo hab\u00edan hecho posible.<\/p>\n<p class=\"mce\" style=\"text-align:justify\">Tanto a mi como a mis cuatro hermanos nos enviaron al extranjero en muchas ocasiones. Aprendimos idiomas y siempre nos animaban a\u00a0viajar por todas partes. Mi mejor amiga es una jud\u00eda de Manhattan que vive en Noruega. Cada vez que voy a verla disfruto pensando en mi abuelo revolvi\u00e9ndose en su tumba.<\/p>\n<p class=\"mce\" style=\"text-align:justify\">Una Europa unida es nuestro legado. La Uni\u00f3n Europea no es un proyecto econ\u00f3mico sino la\u00a0<a class=\"mce\" href=\"https:\/\/www.theguardian.com\/politics\/2016\/feb\/23\/the-eus-part-in-70-years-of-peace-in-europe\">defensora de la paz y la prosperidad en el continente<\/a>. Si bien es cierto que la OTAN se encarg\u00f3 de asegurar que no hubiera conflictos en Europa Occidental, ha sido la UE, tambi\u00e9n en sus formas pasadas, la que ha construido la paz. Y lo ha hecho integrando, en una pac\u00edfica alianza de culturas, a naciones ligadas por unos valores y futuro en com\u00fan.<\/p>\n<h3 style=\"text-align:justify\">Un pa\u00eds marcado por la identidad nacional<\/h3>\n<p class=\"mce\" style=\"text-align:justify\">La imagen de mi padre jugando con mi sobrino me hace pensar en las tres generaciones consecutivas de alemanes que, por primera vez, han vivido una paz ininterrumpida. Nunca hab\u00eda pasado algo as\u00ed. Quien quiera que haga peligrar esa estabilidad se va encontrar con una resistencia.<\/p>\n<p class=\"mce\" style=\"text-align:justify\">La diferencia m\u00e1s notable entre las experiencias formativas de mi abuelo y mi padre reside en la narraci\u00f3n en torno a sus identidades nacionales. Para el primero, fue un relato de nacionalismo revanchista y autocompasivo, basado en el mito de la\u00a0<span class=\"mce\">\u00ab<\/span>pu\u00f1alada trapera\u00bb, que absolv\u00eda de responsabilidad por sus actos a los dirigentes y a toda la naci\u00f3n. La narraci\u00f3n con la que creci\u00f3 mi padre fue de un realismo que hab\u00eda costado conseguir, basada en el reconocimiento de los cr\u00edmenes y en la aceptaci\u00f3n de la responsabilidad, con el liberalismo y la democracia como n\u00facleo de la identidad.<\/p>\n<p class=\"mce\" style=\"text-align:justify\">Esa identidad nacional moderna no es un complejo de culpabilidad sino el entendimiento de que identificarse como alem\u00e1n requiere reconocer nuestra historia en su integridad. Identificarse\u00a0sacando pecho\u00a0con las victorias en el Mundial de F\u00fatbol no sirve si no somos tambi\u00e9n cuidadosos en tener presente nuestro belicismo hist\u00f3rico. Asimismo, sentir responsabilidad por esos cr\u00edmenes s\u00f3lo tiene sentido cuando se combina con una orgullosa identificaci\u00f3n con logros como el de la participaci\u00f3n de Alemania en la\u00a0<a class=\"mce\" href=\"https:\/\/europa.eu\/european-union\/about-eu\/history_es\">formaci\u00f3n de la Uni\u00f3n Europea<\/a>.<\/p>\n<p class=\"mce\" style=\"text-align:justify\">La UE de hoy es la culminaci\u00f3n de d\u00e9cadas de paz y de integraci\u00f3n pol\u00edtica. Lejos de ser perfecta, sigue siendo la \u00fanica forma de integraci\u00f3n internacional y democr\u00e1tica exitosa. En un mundo globalizado, otorga un grado incomparable de libertad y estabilidad a sus ciudadanos y refuerza a los Estados naci\u00f3n con el respaldo econ\u00f3mico y pol\u00edtico de sus miembros.<\/p>\n<p class=\"mce\" style=\"text-align:justify\">En los \u00faltimos a\u00f1os, una ola de partidos de extrema derecha ha irrumpido en la pol\u00edtica de los Estados miembro, desde los Dem\u00f3cratas Suecos hasta la AfD de Alemania o el Frente Nacional de Francia. Ahora es cuando empiezo a pensar que el inter\u00e9s de nuestros profesores en hablarnos del Tercer Reich tal vez no era tan exagerado.<\/p>\n<p class=\"mce\" style=\"text-align:justify\">Combinada con d\u00e9cadas de una ret\u00f3rica antieuropea a la que casi nadie hizo frente, esta oleada de la extrema derecha ha sido determinante en el Brexit del Reino Unido. Un debate del Brexit no fundamentado en hechos (por no decir\u00a0contrario a los hechos), con los extremistas\u00a0aumentando\u00a0y los moderados sin lograr nada, representa un aterrador paralelismo con la infructuosa lucha que libr\u00f3 la Rep\u00fablica de Weimar contra el extremismo.<\/p>\n<p class=\"mce\" style=\"text-align:justify\">No es la \u00fanica lecci\u00f3n. El\u00a0<a class=\"mce\" href=\"https:\/\/www.eldiario.es\/internacional\/Brexit-rompe-tradicionales-politica-britanicos_0_870013862.html\">Brexit\u00a0<\/a>tambi\u00e9n exige de la Uni\u00f3n Europea que se proteja a s\u00ed misma y a los Estados miembro de los riesgos que puedan correr sus instituciones y procesos pol\u00edticos. Poner en peligro los logros pol\u00edticos fundamentales\u00a0por satisfacer\u00a0intereses econ\u00f3micos ser\u00eda el colmo de la irresponsabilidad pol\u00edtica.<\/p>\n<p class=\"mce\" style=\"text-align:justify\">La \u00fanica forma de construir un futuro europeo com\u00fan, que reconozca nuestro pasado fracturado y marque nuestro camino colectivo, es mediante un proceso conjunto, basado en normas y responsabilidades. Dejar la Uni\u00f3n Europea significa dejar atr\u00e1s ese proceso conjunto y una identidad construida en torno a la consolidaci\u00f3n de la paz. Es triste. A\u00fan peor que eso, es aterrador.<\/p>\n<p class=\"mce\" style=\"text-align:justify\">Traducido por Francisco de Z\u00e1rate<\/p>\n","protected":false},"excerpt":{"rendered":"<p>Autor: Matthias Bergmann Fuente: eldiario.es, 23\/02\/2019 Hasta el d\u00eda de su muerte, a principios de los noventa, mi abuelo fue un nazi convencido. La mayor\u00eda de sus hermanos mayores murieron de golpe una noche de la Primera Guerra Mundial, durante la batalla de Hartmannsweilerkopf y \u00e9l pas\u00f3 la mayor parte de los a\u00f1os veinte sin &hellip; <a href=\"https:\/\/blogsaverroes.juntadeandalucia.es\/aldeacordoba\/?p=724\" class=\"more-link\">Continuar leyendo<span class=\"screen-reader-text\"> \u00abMi abuelo era nazi: por eso tengo claro por qu\u00e9 necesitamos a la Uni\u00f3n Europea\u00bb<\/span><\/a><\/p>\n","protected":false},"author":168,"featured_media":0,"comment_status":"open","ping_status":"open","sticky":false,"template":"","format":"standard","meta":{"ngg_post_thumbnail":0,"footnotes":""},"categories":[224390,224392],"tags":[224416,224832,224939],"aioseo_notices":[],"_links":{"self":[{"href":"https:\/\/blogsaverroes.juntadeandalucia.es\/aldeacordoba\/index.php?rest_route=\/wp\/v2\/posts\/724"}],"collection":[{"href":"https:\/\/blogsaverroes.juntadeandalucia.es\/aldeacordoba\/index.php?rest_route=\/wp\/v2\/posts"}],"about":[{"href":"https:\/\/blogsaverroes.juntadeandalucia.es\/aldeacordoba\/index.php?rest_route=\/wp\/v2\/types\/post"}],"author":[{"embeddable":true,"href":"https:\/\/blogsaverroes.juntadeandalucia.es\/aldeacordoba\/index.php?rest_route=\/wp\/v2\/users\/168"}],"replies":[{"embeddable":true,"href":"https:\/\/blogsaverroes.juntadeandalucia.es\/aldeacordoba\/index.php?rest_route=%2Fwp%2Fv2%2Fcomments&post=724"}],"version-history":[{"count":0,"href":"https:\/\/blogsaverroes.juntadeandalucia.es\/aldeacordoba\/index.php?rest_route=\/wp\/v2\/posts\/724\/revisions"}],"wp:attachment":[{"href":"https:\/\/blogsaverroes.juntadeandalucia.es\/aldeacordoba\/index.php?rest_route=%2Fwp%2Fv2%2Fmedia&parent=724"}],"wp:term":[{"taxonomy":"category","embeddable":true,"href":"https:\/\/blogsaverroes.juntadeandalucia.es\/aldeacordoba\/index.php?rest_route=%2Fwp%2Fv2%2Fcategories&post=724"},{"taxonomy":"post_tag","embeddable":true,"href":"https:\/\/blogsaverroes.juntadeandalucia.es\/aldeacordoba\/index.php?rest_route=%2Fwp%2Fv2%2Ftags&post=724"}],"curies":[{"name":"wp","href":"https:\/\/api.w.org\/{rel}","templated":true}]}}