{"id":733,"date":"2019-03-12T09:58:00","date_gmt":"2019-03-12T08:58:00","guid":{"rendered":"https:\/\/jmoragahc.wordpress.com\/?p=733"},"modified":"2019-03-12T09:58:00","modified_gmt":"2019-03-12T08:58:00","slug":"dia-internacional-de-la-mujer-que-paso-el-8-de-marzo-de-1857","status":"publish","type":"post","link":"https:\/\/blogsaverroes.juntadeandalucia.es\/aldeacordoba\/?p=733","title":{"rendered":"D\u00eda Internacional de la Mujer: \u00bfQu\u00e9 pas\u00f3 el 8 de marzo de 1857?."},"content":{"rendered":"<figure id=\"attachment_734\" aria-describedby=\"caption-attachment-734\" style=\"width: 1200px\" class=\"wp-caption aligncenter\"><img loading=\"lazy\" decoding=\"async\" class=\" size-full wp-image-734 aligncenter\" src=\"https:\/\/blogsaverroes.juntadeandalucia.es\/aldeacordoba\/files\/2019\/03\/dia-internacional-mujer-1551973815916.jpg\" alt=\"dia-internacional-mujer-1551973815916\" width=\"1200\" height=\"676\" srcset=\"https:\/\/blogsaverroes.juntadeandalucia.es\/aldeacordoba\/files\/2019\/03\/dia-internacional-mujer-1551973815916.jpg 1200w, https:\/\/blogsaverroes.juntadeandalucia.es\/aldeacordoba\/files\/2019\/03\/dia-internacional-mujer-1551973815916-300x169.jpg 300w, https:\/\/blogsaverroes.juntadeandalucia.es\/aldeacordoba\/files\/2019\/03\/dia-internacional-mujer-1551973815916-1024x577.jpg 1024w, https:\/\/blogsaverroes.juntadeandalucia.es\/aldeacordoba\/files\/2019\/03\/dia-internacional-mujer-1551973815916-768x433.jpg 768w\" sizes=\"(max-width: 709px) 85vw, (max-width: 909px) 67vw, (max-width: 1362px) 62vw, 840px\" \/><figcaption id=\"caption-attachment-734\" class=\"wp-caption-text\">Dos integrantes de un piquete durante la huelga de las camiseras de Nueva York de 1909, precedente del D\u00eda Internacional de la Mujer. \/\u00a0<span class=\"author\">ARCHIVO<\/span><\/figcaption><\/figure>\n<p><strong>Fuente:<\/strong> <a href=\"https:\/\/www.elperiodico.com\/es\/sociedad\/20190307\/dia-internacional-de-la-mujer-6672998?utm_source=twitter&amp;utm_medium=social\" target=\"_blank\" rel=\"noopener noreferrer\"><em>El Peri\u00f3dico<\/em><\/a>, 7\/03\/2019<\/p>\n<blockquote><p>El incendio de una f\u00e1brica de camisas de Nueva York en el que murieron 146 personas marc\u00f3 la lucha por los derechos de la mujer.<\/p><\/blockquote>\n<p style=\"text-align:justify\">El\u00a0<strong>D\u00eda Internacional de la Mujer\u00a0<\/strong>del 8 de marzo fue declarado por la ONU en 1975. Dos a\u00f1os m\u00e1s tarde se convirti\u00f3 en el D\u00eda Internacional de la Mujer y la Paz Internacional. En Estados Unidos se celebra oficialmente tan solo desde 1994, a pesar de que es en aquel pa\u00eds donde se encuentran los or\u00edgenes de la conmemoraci\u00f3n. \u00bfPor qu\u00e9 se eligi\u00f3 ese d\u00eda?<\/p>\n<p style=\"text-align:justify\">La explicaci\u00f3n m\u00e1s veros\u00edmil se remonta a mediados del siglo XIX,\u00a0en\u00a0plena revoluci\u00f3n industrial. El\u00a0<strong>8 de marzo de 1857<\/strong>, miles de trabajadoras textiles decidieron\u00a0salir a las calles de\u00a0Nueva York con el lema &#8216;Pan y rosas&#8217; para\u00a0<strong>protestar\u00a0<\/strong>por las m\u00edseras condiciones laborales y reivindicar un\u00a0<strong>recorte del horario<\/strong>\u00a0y el\u00a0<strong>fin del trabajo infantil<\/strong>.<\/p>\n<p style=\"text-align:justify\">Fue una de las primeras manifestaciones para\u00a0<strong>luchar por sus derechos<\/strong>, y distintos movimientos,\u00a0sucesos y movilizaciones (como la huelga de las camiseras de 1909) se sucedieron a partir de entonces. El\u00a0episodio tambi\u00e9n sirvi\u00f3 de referencia para fijar la fecha del\u00a0<a title=\"D\u00eda Internacional de la Mujer, en la Wikipedia\" href=\"https:\/\/es.wikipedia.org\/wiki\/D%C3%ADa_Internacional_de_la_Mujer\" target=\"_blank\" rel=\"noopener noreferrer\">D\u00eda Internacional de la Mujer en el 8 de marzo<\/a>, jornada reivindicativa a la que\u00a0<strong>Google\u00a0<\/strong>dedica hoy un &#8216;doodle&#8217;.<\/p>\n<div class=\"ep-media\">\n<div class=\"thumb\">\n<figure style=\"width: 660px\" class=\"wp-caption aligncenter\"><img loading=\"lazy\" decoding=\"async\" class=\"loading aligncenter\" src=\"https:\/\/estaticos.elperiodico.com\/resources\/jpg\/4\/9\/1552051578794.jpg\" alt=\"Doodle de Google dedicado al D\u00eda Internacional de la Mujer\" width=\"660\" height=\"272\" \/><figcaption class=\"wp-caption-text\">&#8216;Doodle&#8217; de Google dedicado al D\u00eda Internacional de la Mujer.\u00a0<\/figcaption><\/figure>\n<\/div>\n<div class=\"txt\">\n<p class=\"subtitle\">\n<\/div>\n<\/div>\n<p>El cap\u00edtulo\u00a0m\u00e1s cruento\u00a0de la lucha por los derechos de la mujer se produjo, sin embargo, el\u00a0<strong>25 de marzo de 1911<\/strong>, cuando se\u00a0<strong>incendi\u00f3 la\u00a0f\u00e1brica de camisas Triangle Shirtwaist\u00a0<\/strong>de\u00a0Nueva York. Un total de 123 mujeres y 23 hombres murieron. La mayor\u00eda eran j\u00f3venes inmigrantes de entre 14 y 23 a\u00f1os.<\/p>\n<p>Seg\u00fan el informe de los bomberos, una colilla mal apagada tirada en un cubo de restos de tela que no se hab\u00eda vaciado en dos meses fue el origen del<strong>\u00a0incendio<\/strong>. Las trabajadoras y sus compa\u00f1eros no pudieron escapar porque los responsables de la f\u00e1brica hab\u00edan<strong>\u00a0cerrado todas las puertas\u00a0<\/strong>de escaleras y de las salidas, una pr\u00e1ctica habitual entonces para evitar robos.<\/p>\n<div class=\"ep-media\">\n<div class=\"thumb\">\n<figure style=\"width: 660px\" class=\"wp-caption alignnone\"><img loading=\"lazy\" decoding=\"async\" class=\"loading\" src=\"https:\/\/estaticos.elperiodico.com\/resources\/jpg\/4\/0\/1520440783804.jpg\" alt=\"Trabajadoras textiles de Nueva York, durante una huelga en 1910, precedente del D\u00eda Internacional de la Mujer\" width=\"660\" height=\"371\" \/><figcaption class=\"wp-caption-text\">Trabajadoras textiles de Nueva York, durante una huelga en 1910.\u00a0<\/figcaption><\/figure>\n<\/div>\n<div class=\"txt\">\n<p class=\"subtitle\">\n<\/div>\n<\/div>\n<p style=\"text-align:justify\">El desastre industrial, el m\u00e1s mort\u00edfero\u00a0de la historia de la ciudad,\u00a0supuso la introducci\u00f3n de nuevas normas de seguridad y salud laboral en EEUU.<\/p>\n<h3 style=\"text-align:justify\">Precedentes del D\u00eda Internacional de la Mujer<\/h3>\n<p style=\"text-align:justify\">Antes de esta fecha, en EEUU, Nueva York y Chicago ya hab\u00edan acogido el 28 de febrero de 1909\u00a0un acto que bautizaron con el nombre de &#8216;D\u00eda de la Mujer&#8217;, organizado por destacadas mujeres socialistas como\u00a0<strong>Corinne Brown y Gertrude Breslau-Hunt<\/strong>.<\/p>\n<p style=\"text-align:justify\">En Europa, fue en 1910 cuando durante la 2\u00aa\u00a0Conferencia Internacional de Mujeres Socialistas, celebrada en\u00a0<strong>Copenhague<\/strong>\u00a0(Dinamarca) con la asistencia de m\u00e1s de 100 mujeres procedentes de 17 pa\u00edses, se decidi\u00f3\u00a0proclamar el D\u00eda Internacional de la Mujer Trabajadora.<\/p>\n<div>[youtube https:\/\/www.youtube.com\/watch?v=9DrZPOfF68s]<\/div>\n<p style=\"text-align:justify\">Detr\u00e1s de esta iniciativa estaban defensoras de los derechos de las mujeres\u00a0como<strong>\u00a0Clara Zetkin\u00a0<\/strong>y\u00a0<strong>Rosa Luxemburgo<\/strong>. No fijaron una fecha concreta, pero s\u00ed el mes: marzo.<\/p>\n<h3 style=\"text-align:justify\">Derecho a votar<\/h3>\n<p style=\"text-align:justify\">Como consecuencia de esa cumbre de Copenhague, el mes de\u00a0marzo de 1911 se celebr\u00f3 por primera vez el D\u00eda de la Mujer en\u00a0<strong>Alemania, Austria, Dinamarca y Suiza<\/strong>. Se organizaron m\u00edtines en los que las mujeres reclamaron el derecho a votar, a ocupar cargos p\u00fablicos, a trabajar, a la formaci\u00f3n profesional y a la no discriminaci\u00f3n laboral.<\/p>\n<p style=\"text-align:justify\">Coincidiendo con la<strong>\u00a0primera guerra mundial<\/strong>, la fecha se aprovech\u00f3 en toda Europa para protestar por las consecuencias de la guerra.<\/p>\n<h3 style=\"text-align:justify\">El color morado<\/h3>\n<p style=\"text-align:justify\">La celebraci\u00f3n se fue ampliando progresivamente a m\u00e1s pa\u00edses.\u00a0<strong>Rusia<\/strong>\u00a0adopt\u00f3 el D\u00eda de la Mujer tras la\u00a0Revoluci\u00f3n comunista de 1917. Le siguieron muchos pa\u00edses. En<strong>\u00a0China<\/strong>\u00a0se conmemora desde\u00a01922, mientras que en\u00a0<strong>Espa\u00f1a\u00a0<\/strong>se celebr\u00f3 por primera vez en\u00a01936.<\/p>\n<p style=\"text-align:justify\">El color morado\u00a0es el color representativo del D\u00eda de la Mujer, y el que adoptan las mujeres o los edificios como signo de la reivindicaci\u00f3n. Fue el color que en\u00a01908 utilizaban las\u00a0<a href=\"https:\/\/www.elperiodico.com\/es\/internacional\/20180206\/cien-anos-de-la-victoria-de-las-guerreras-sufragistas-por-el-voto-femenino-6604508\">sufragistas inglesas<\/a>. En los 60 y los 70 las mujeres socialistas escogieron este color como s\u00edmbolo de la lucha feminista y posteriormente se le asoci\u00f3 a la jornada que se celebra cada 8 de marzo.<\/p>\n","protected":false},"excerpt":{"rendered":"<p>Fuente: El Peri\u00f3dico, 7\/03\/2019 El incendio de una f\u00e1brica de camisas de Nueva York en el que murieron 146 personas marc\u00f3 la lucha por los derechos de la mujer. El\u00a0D\u00eda Internacional de la Mujer\u00a0del 8 de marzo fue declarado por la ONU en 1975. Dos a\u00f1os m\u00e1s tarde se convirti\u00f3 en el D\u00eda Internacional de &hellip; <a href=\"https:\/\/blogsaverroes.juntadeandalucia.es\/aldeacordoba\/?p=733\" class=\"more-link\">Continuar leyendo<span class=\"screen-reader-text\"> \u00abD\u00eda Internacional de la Mujer: \u00bfQu\u00e9 pas\u00f3 el 8 de marzo de 1857?.\u00bb<\/span><\/a><\/p>\n","protected":false},"author":168,"featured_media":0,"comment_status":"open","ping_status":"open","sticky":false,"template":"","format":"standard","meta":{"ngg_post_thumbnail":0,"footnotes":""},"categories":[224382,224384],"tags":[224406,224535,224596],"aioseo_notices":[],"_links":{"self":[{"href":"https:\/\/blogsaverroes.juntadeandalucia.es\/aldeacordoba\/index.php?rest_route=\/wp\/v2\/posts\/733"}],"collection":[{"href":"https:\/\/blogsaverroes.juntadeandalucia.es\/aldeacordoba\/index.php?rest_route=\/wp\/v2\/posts"}],"about":[{"href":"https:\/\/blogsaverroes.juntadeandalucia.es\/aldeacordoba\/index.php?rest_route=\/wp\/v2\/types\/post"}],"author":[{"embeddable":true,"href":"https:\/\/blogsaverroes.juntadeandalucia.es\/aldeacordoba\/index.php?rest_route=\/wp\/v2\/users\/168"}],"replies":[{"embeddable":true,"href":"https:\/\/blogsaverroes.juntadeandalucia.es\/aldeacordoba\/index.php?rest_route=%2Fwp%2Fv2%2Fcomments&post=733"}],"version-history":[{"count":0,"href":"https:\/\/blogsaverroes.juntadeandalucia.es\/aldeacordoba\/index.php?rest_route=\/wp\/v2\/posts\/733\/revisions"}],"wp:attachment":[{"href":"https:\/\/blogsaverroes.juntadeandalucia.es\/aldeacordoba\/index.php?rest_route=%2Fwp%2Fv2%2Fmedia&parent=733"}],"wp:term":[{"taxonomy":"category","embeddable":true,"href":"https:\/\/blogsaverroes.juntadeandalucia.es\/aldeacordoba\/index.php?rest_route=%2Fwp%2Fv2%2Fcategories&post=733"},{"taxonomy":"post_tag","embeddable":true,"href":"https:\/\/blogsaverroes.juntadeandalucia.es\/aldeacordoba\/index.php?rest_route=%2Fwp%2Fv2%2Ftags&post=733"}],"curies":[{"name":"wp","href":"https:\/\/api.w.org\/{rel}","templated":true}]}}