{"id":739,"date":"2020-02-28T08:52:00","date_gmt":"2020-02-28T07:52:00","guid":{"rendered":"https:\/\/jmoragahc.wordpress.com\/?p=739"},"modified":"2020-02-28T08:52:00","modified_gmt":"2020-02-28T07:52:00","slug":"franco-creo-300-campos-de-concentracion-en-espana-un-50-mas-de-lo-calculado-hasta-ahora","status":"publish","type":"post","link":"https:\/\/blogsaverroes.juntadeandalucia.es\/aldeacordoba\/?p=739","title":{"rendered":"Franco cre\u00f3 300 campos de concentraci\u00f3n en Espa\u00f1a, un 50% m\u00e1s de lo calculado hasta ahora"},"content":{"rendered":"\n<div class=\"wp-block-group\"><div class=\"wp-block-group__inner-container is-layout-flow wp-block-group-is-layout-flow\">\n<div class=\"wp-block-group\"><div class=\"wp-block-group__inner-container is-layout-flow wp-block-group-is-layout-flow\">\n<figure class=\"wp-block-image size-large\"><img decoding=\"async\" src=\"https:\/\/www.eldiario.es\/fotos\/concentracion-Santander-Biblioteca-Nacional-Espana_EDIIMA20190311_0716_21.jpg\" alt=\"\" \/><figcaption>Los prisioneros abarrotan el campo de concentraci\u00f3n habilitado en la plaza de toros de Santander\u00a0BIBLIOTECA NACIONAL DE ESPA\u00d1A<\/figcaption><\/figure>\n\n\n\n<p><strong>Autora<\/strong>: Bel\u00e9n Remacha<\/p>\n\n\n\n<p><strong>Fuente<\/strong>: <a href=\"https:\/\/www.eldiario.es\/sociedad\/Franco-campos-concentracion-Espana-calculado_0_876663097.html\"><em>eldiario.es 11\/03\/2019<\/em><\/a><\/p>\n<\/div><\/div>\n<\/div><\/div>\n\n\n\n<div class=\"wp-block-group is-layout-flow wp-block-group-is-layout-flow\"><div class=\"wp-block-group__inner-container\"><\/div><\/div>\n\n\n\n<p class=\"has-text-align-justify\">Franco cre\u00f3 en Espa\u00f1a un centenar m\u00e1s de campos de concentraci\u00f3n de los que se cre\u00eda hasta ahora. Una investigaci\u00f3n del periodista Carlos Hern\u00e1ndez plasmada en su libro&nbsp;<em>Los campos de concentraci\u00f3n de Franco<\/em>&nbsp;documenta 296 en total, a partir sobre todo de la apertura de nuevos archivos municipales y militares. Por&nbsp;los campos pasaron entre 700.000 y un mill\u00f3n de espa\u00f1oles que sufrieron \u00abel hambre, las torturas, las enfermedades y la muerte\u00bb, la mayor\u00eda de ellos adem\u00e1s fueron trabajadores forzosos en batallones de esclavos. Estuvieron abiertos desde horas despu\u00e9s de la sublevaci\u00f3n militar hasta bien entrada la dictadura.<\/p>\n\n\n\n<p>El&nbsp;estudio anterior m\u00e1s completo,&nbsp;<a href=\"https:\/\/www.casadellibro.com\/libro-cautivos-campos-de-concentracion-en-la-espana-franquista-1936-1-947\/9788484326328\/1016641\">de Javier Rodrig<\/a>o, hab\u00eda documentado hasta 188 campos de concentraci\u00f3n en todo el pa\u00eds. Tambi\u00e9n en torno a 10.000 v\u00edctimas mortales entre los asesinados y los fallecidos a consecuencia de las condiciones vividas ah\u00ed, pero Hern\u00e1ndez cree que \u00abesa cifra se queda corta con estos nuevos datos. Es imposible documentar todos los asesinatos y muertes porque no dejaban registro, pero en solo 15 campos que han podido ser investigados en esto ya calculamos entre 6.000 y 7.000. No es una proporci\u00f3n exacta porque entre esos 15 estaban algunos de los m\u00e1s letales, pero nos hacemos una idea de que hay muchas m\u00e1s v\u00edctimas\u00bb.<\/p>\n\n\n\n<figure class=\"wp-block-image size-large\"><img loading=\"lazy\" decoding=\"async\" width=\"951\" height=\"550\" src=\"https:\/\/blogsaverroes.juntadeandalucia.es\/aldeacordoba\/files\/2020\/02\/image-3.png?w=951\" alt=\"\" class=\"wp-image-1009\" srcset=\"https:\/\/blogsaverroes.juntadeandalucia.es\/aldeacordoba\/files\/2020\/02\/image-3.png 951w, https:\/\/blogsaverroes.juntadeandalucia.es\/aldeacordoba\/files\/2020\/02\/image-3-300x174.png 300w, https:\/\/blogsaverroes.juntadeandalucia.es\/aldeacordoba\/files\/2020\/02\/image-3-768x444.png 768w\" sizes=\"(max-width: 709px) 85vw, (max-width: 909px) 67vw, (max-width: 1362px) 62vw, 840px\" \/><figcaption><em>Mapa elaborado por Ana Ordaz<\/em><\/figcaption><\/figure>\n\n\n\n<p class=\"has-text-align-justify\">La comunidad aut\u00f3noma que m\u00e1s campos alberg\u00f3 fue Andaluc\u00eda, pero hubo por todo el territorio: el primero fue el de la ciudad de Zelu\u00e1n, en el antiguo Protectorado de Marruecos, abierto el 19 de julio de 1936, y el \u00faltimo fue cerrado en Fuerteventura a finales de los a\u00f1os 60. El 30% eran \u00ablo que imaginamos est\u00e9ticamente como campos de concentraci\u00f3n, es decir, terrenos al aire libre con barracones rodeados de alambradas. El 70% se habilitaron en plazas de toros, conventos, f\u00e1bricas o campos deportivos, hoy muchos reutilizados\u00bb, explica Hern\u00e1ndez. Ninguno de los presos hab\u00eda sido juzgado ni acusado formalmente ni siquiera por tribunales franquistas, y pasaron ah\u00ed una media de 5 a\u00f1os. Sobre todo\u00a0eran combatientes republicanos, aunque tambi\u00e9n hab\u00eda \u00abalcaldes o militantes de izquierdas\u00bb capturados tras el golpe de estado en\u00a0localidades que cayeron en manos del ej\u00e9rcito franquista.<\/p>\n\n\n\n<figure class=\"wp-block-image\"><img decoding=\"async\" src=\"https:\/\/www.eldiario.es\/fotos\/Prisioneros-Brigadas-Internacionales-Cardena-Burgos_EDIIMA20190311_0720_20.jpg\" alt=\"Prisioneros de las Brigadas Internacionales en el campo de concentraci\u00f3n de San Pedro de Carde\u00f1a (Burgos).\" \/><figcaption>Prisioneros de las Brigadas Internacionales en el campo de concentraci\u00f3n de San Pedro de Carde\u00f1a (Burgos).&nbsp;BIBLIOTECA NACIONAL DE ESPA\u00d1A<\/figcaption><\/figure>\n\n\n\n<h3 class=\"wp-block-heading\">Trabajos forzosos, hambre y torturas<\/h3>\n\n\n\n<p class=\"has-text-align-justify\">En los campos de concentraci\u00f3n&nbsp;de Franco se hac\u00eda una labor de \u00abselecci\u00f3n\u00bb.&nbsp;Se investigaba a cada uno de los prisioneros, principalmente mediante informes de alcaldes, curas, y de los jefes de la Guardia Civil y la Falange de las localidades natales. A partir de ah\u00ed, clasificaban a los prisioneros en tres grupos, en t\u00e9rminos franquistas: los \u00abforajidos\u00bb, considerados \u00abirrecuperables\u00bb, iban directamente a juicio, en el que se les decretaba c\u00e1rcel o pared\u00f3n. Los \u00abhermanos forzados\u00bb, es decir, los que cre\u00edan en las ideas fascistas pero obligados a combatir en el bando republicano; y los \u00abdesafectos\u00bb o \u00abbellacos enga\u00f1ados\u00bb, los que estaban del lado&nbsp;republicano pero los represores valoraban que no ten\u00edan una&nbsp;ideolog\u00eda firme y que eran \u00abrecuperables\u00bb.<\/p>\n\n\n\n<p class=\"has-text-align-justify\">Los \u00abdesafectos\u00bb poblaron de manera estable los campos de concentraci\u00f3n y fueron condenados a trabajos forzosos. Durante la guerra estuvieron obligados a cavar trincheras, y al t\u00e9rmino del conflicto, principalmente a labores de reconstrucci\u00f3n de pueblos o v\u00edas. Sufrieron torturas f\u00edsicas, psicol\u00f3gicas y lavados de cerebro: ten\u00edan que comulgar, ir a misa, o cantar diariamente el&nbsp;<em>Cara al Sol<\/em>, como ha documentado Hern\u00e1ndez. Tambi\u00e9n hay testimonios&nbsp;expl\u00edcitos de hambrunas extremas, \u00abla peor pesadilla de los prisioneros\u00bb, enfermedades como el tifus o tuberculosis y plagas de piojos. Muchos de ellos fueron asesinados en el propio campo o por tropas falangistas que iban a buscarles, y otros muchos no sobrevivieron a&nbsp;la falta de alimento, higiene y atenci\u00f3n sanitaria.<\/p>\n\n\n\n<p class=\"has-text-align-justify\">En noviembre de 1939, meses despu\u00e9s del fin de la guerra, se cerraron muchos campos, \u00abpero lo que sucede realmente es una transformaci\u00f3n\u00bb, relata el periodista. \u00abLa represi\u00f3n franquista era tan bestia y ten\u00eda tantas patas que evolucion\u00f3 en funci\u00f3n de las circunstancias. Franco, aunque aliado con Italia y Alemania, quer\u00eda dar una buena imagen ante Europa, quer\u00eda emitir una propaganda de respeto de los derechos humanos. Por eso oficialmente los campos terminan, pero algunos perduran&nbsp;durante mucho tiempo\u00bb. El \u00faltimo oficial, tambi\u00e9n el m\u00e1s longevo, fue el de Miranda de Ebro (Burgos), que dur\u00f3 de 1937 a 1947.<\/p>\n\n\n\n<p class=\"has-text-align-justify\">Despu\u00e9s hubo lo que Hern\u00e1ndez denomina \u00abcampos de concentraci\u00f3n tard\u00edos\u00bb, creados durante los a\u00f1os 40 y 50 y con denominaciones ya distintas. Fueron el de Nanclares de Oca (\u00c1lava), La Algaba (Sevilla), Gran Canaria y Fuerteventura, estos dos \u00faltimos para prisioneros marroqu\u00edes de la guerra del Ifni y&nbsp;cerrados en el 59.&nbsp;Durante el resto de la dictadura siguieron quedando vestigios: por ejemplo, en 1966 se&nbsp;clausur\u00f3 la Colonia Agr\u00edcola Penitenciaria de Tef\u00eda (Fuerteventura), en la que se encarcelaba y \u00abreeducaba\u00bb a homosexuales.<\/p>\n\n\n\n<figure class=\"wp-block-image\"><img decoding=\"async\" src=\"https:\/\/www.eldiario.es\/fotos\/Prisioneros-haciendo-concentracion-Irun-Guipuzcoa_EDIIMA20190311_0741_20.jpg\" alt=\"Prisioneros haciendo el saludo fascista en el campo de concentraci\u00f3n de Ir\u00fan en Guip\u00fazcoa\" \/><figcaption>Prisioneros haciendo el saludo fascista en el campo de concentraci\u00f3n de Ir\u00fan en Guip\u00fazcoa&nbsp;BIBLIOTECA NACIONAL DE ESPA\u00d1A<\/figcaption><\/figure>\n\n\n\n<h3 class=\"wp-block-heading\">\u00abHa habido miedo a hablar\u00bb<\/h3>\n\n\n\n<p class=\"has-text-align-justify\">Seg\u00fan Hern\u00e1ndez, hay que \u00abrehuir\u00bb la comparaci\u00f3n que parece inevitable con los campos nazis. En primer lugar porque \u00abal lado de Auschwitz, de millones de v\u00edctimas en la c\u00e1mara de gas, cualquier crimen brutal parece menos crimen\u00bb. Y en segundo porque el sistema franquista era muy diferente: as\u00ed como en la Alemania nazi todo estaba&nbsp;m\u00e1s o menos estructurado y los divid\u00edan entre los de exterminio directo y los de exterminio por trabajo,&nbsp;los espa\u00f1oles&nbsp;eran mucho m\u00e1s heterog\u00e9neos y todo m\u00e1s \u00abca\u00f3tico\u00bb. Los campos&nbsp;de Franco variaban mucho en tama\u00f1o, y la suerte y destino de los prisioneros depend\u00eda en muchos casos de las decisiones del propio oficial, que los hab\u00eda m\u00e1s y menos sanguinarios.<\/p>\n\n\n\n<p class=\"has-text-align-justify\">Sobre el papel, estos centros estaban destinados solo a hombres: \u00abEn la mentalidad machista y falsamente paternalista de los dirigentes franquistas, las mujeres no encajaban en los campos de concentraci\u00f3n\u00bb. Aunque s\u00ed hubo grupos de cautivas en algunos como en el de Cabra (C\u00f3rdoba), ellas fueron sometidas a id\u00e9nticas torturas sobre todo en las c\u00e1rceles. Las prisiones, al igual que&nbsp;las unidades del Patronato&nbsp;de Redenci\u00f3n de Penas que construyeron el Valle de los Ca\u00eddos, no est\u00e1n incluidas en esta investigaci\u00f3n. Hern\u00e1ndez la ha limitado a lo que la propia documentaci\u00f3n del r\u00e9gimen categoriza como &#8216;campos de concentraci\u00f3n&#8217; \u2013adem\u00e1s de los cuatro tard\u00edos\u2013 porque \u00abla represi\u00f3n fue de tal magnitud y tuvo tantas estructuras que para poder explicarla tienes que parcelarla\u00bb.<\/p>\n\n\n\n<p class=\"has-text-align-justify\">La segunda parte del libro de Hern\u00e1ndez, que se publica el pr\u00f3ximo 14 de marzo,&nbsp;consta de testimonios de v\u00edctimas. Quedaban pocos supervivientes que pudieran contarlo pero el autor convers\u00f3&nbsp;directamente con media docena de los que fueran presos en&nbsp;uno o varios de los casi 300 campos de concentraci\u00f3n. Todos ellos han fallecido en los \u00faltimos tres a\u00f1os,&nbsp;<a href=\"https:\/\/elpais.com\/politica\/2019\/03\/08\/actualidad\/1552053148_732723.html\">el \u00faltimo el pasado jueves, Luis Ortiz,<\/a>&nbsp;quien pas\u00f3 por el&nbsp;de Ir\u00fan, por el de Miranda de Ebro y por el de Deusto.<\/p>\n\n\n\n<p class=\"has-text-align-justify\">Durante muchas d\u00e9cadas \u00abha habido verg\u00fcenza y miedo\u00bb a hablar. Adem\u00e1s de esas conversaciones con los antiguos presos, mucho de lo recuperado por Hern\u00e1ndez parte de publicaciones elaboradas durante la Transici\u00f3n y de documentos familiares: \u00abHubo mucha gente que dej\u00f3 escritos a sus hijos y nietos de lo que ocurri\u00f3\u00bb. \u00c9l anima a eso, \u00aba preguntar a la abuela, al abuelo, por lo que pas\u00f3: en todas las familias espa\u00f1olas hay alguien cercano con historias sobre esto. No quiero que esto sea un punto y final a la investigaci\u00f3n sobre los campos de concentraci\u00f3n, sino un est\u00edmulo para reabrir el tema\u00bb.<\/p>\n\n\n\n<figure class=\"wp-block-image\"><img decoding=\"async\" src=\"https:\/\/www.eldiario.es\/fotos\/Prisioneros-San-Pedro-Cardena-Burgos_EDIIMA20190311_0748_20.jpg\" alt=\"Prisioneros del campo de concentraci\u00f3n de San Pedro de Carde\u00f1a (Burgos) trabajando en la construcci\u00f3n de una carretera cercana.\" \/><figcaption>Prisioneros del campo de concentraci\u00f3n de San Pedro de Carde\u00f1a (Burgos) trabajando en la construcci\u00f3n de una carretera cercana.&nbsp;BIBLIOTECA NACIONAL DE ESPA\u00d1A<\/figcaption><\/figure>\n","protected":false},"excerpt":{"rendered":"<p>Autora: Bel\u00e9n Remacha Fuente: eldiario.es 11\/03\/2019 Franco cre\u00f3 en Espa\u00f1a un centenar m\u00e1s de campos de concentraci\u00f3n de los que se cre\u00eda hasta ahora. Una investigaci\u00f3n del periodista Carlos Hern\u00e1ndez plasmada en su libro&nbsp;Los campos de concentraci\u00f3n de Franco&nbsp;documenta 296 en total, a partir sobre todo de la apertura de nuevos archivos municipales y militares. &hellip; <a href=\"https:\/\/blogsaverroes.juntadeandalucia.es\/aldeacordoba\/?p=739\" class=\"more-link\">Continuar leyendo<span class=\"screen-reader-text\"> \u00abFranco cre\u00f3 300 campos de concentraci\u00f3n en Espa\u00f1a, un 50% m\u00e1s de lo calculado hasta ahora\u00bb<\/span><\/a><\/p>\n","protected":false},"author":168,"featured_media":0,"comment_status":"open","ping_status":"open","sticky":false,"template":"","format":"standard","meta":{"ngg_post_thumbnail":0,"footnotes":""},"categories":[224397],"tags":[224465,224609,224637],"aioseo_notices":[],"_links":{"self":[{"href":"https:\/\/blogsaverroes.juntadeandalucia.es\/aldeacordoba\/index.php?rest_route=\/wp\/v2\/posts\/739"}],"collection":[{"href":"https:\/\/blogsaverroes.juntadeandalucia.es\/aldeacordoba\/index.php?rest_route=\/wp\/v2\/posts"}],"about":[{"href":"https:\/\/blogsaverroes.juntadeandalucia.es\/aldeacordoba\/index.php?rest_route=\/wp\/v2\/types\/post"}],"author":[{"embeddable":true,"href":"https:\/\/blogsaverroes.juntadeandalucia.es\/aldeacordoba\/index.php?rest_route=\/wp\/v2\/users\/168"}],"replies":[{"embeddable":true,"href":"https:\/\/blogsaverroes.juntadeandalucia.es\/aldeacordoba\/index.php?rest_route=%2Fwp%2Fv2%2Fcomments&post=739"}],"version-history":[{"count":0,"href":"https:\/\/blogsaverroes.juntadeandalucia.es\/aldeacordoba\/index.php?rest_route=\/wp\/v2\/posts\/739\/revisions"}],"wp:attachment":[{"href":"https:\/\/blogsaverroes.juntadeandalucia.es\/aldeacordoba\/index.php?rest_route=%2Fwp%2Fv2%2Fmedia&parent=739"}],"wp:term":[{"taxonomy":"category","embeddable":true,"href":"https:\/\/blogsaverroes.juntadeandalucia.es\/aldeacordoba\/index.php?rest_route=%2Fwp%2Fv2%2Fcategories&post=739"},{"taxonomy":"post_tag","embeddable":true,"href":"https:\/\/blogsaverroes.juntadeandalucia.es\/aldeacordoba\/index.php?rest_route=%2Fwp%2Fv2%2Ftags&post=739"}],"curies":[{"name":"wp","href":"https:\/\/api.w.org\/{rel}","templated":true}]}}