{"id":763,"date":"2019-04-05T09:38:28","date_gmt":"2019-04-05T08:38:28","guid":{"rendered":"https:\/\/jmoragahc.wordpress.com\/?p=763"},"modified":"2019-04-05T09:38:28","modified_gmt":"2019-04-05T08:38:28","slug":"victimas-del-homocausto-los-homosexuales-durante-el-nazismo","status":"publish","type":"post","link":"https:\/\/blogsaverroes.juntadeandalucia.es\/aldeacordoba\/?p=763","title":{"rendered":"V\u00edctimas del Homocausto: los homosexuales durante el nazismo."},"content":{"rendered":"<figure id=\"attachment_764\" aria-describedby=\"caption-attachment-764\" style=\"width: 1310px\" class=\"wp-caption alignnone\"><img loading=\"lazy\" decoding=\"async\" class=\"alignnone size-full wp-image-764\" src=\"https:\/\/blogsaverroes.juntadeandalucia.es\/aldeacordoba\/files\/2019\/04\/9783775744836_hr_pr01-1310x904-1.jpg\" alt=\"9783775744836_hr_pr01-1310x904\" width=\"1310\" height=\"904\" srcset=\"https:\/\/blogsaverroes.juntadeandalucia.es\/aldeacordoba\/files\/2019\/04\/9783775744836_hr_pr01-1310x904-1.jpg 1310w, https:\/\/blogsaverroes.juntadeandalucia.es\/aldeacordoba\/files\/2019\/04\/9783775744836_hr_pr01-1310x904-1-300x207.jpg 300w, https:\/\/blogsaverroes.juntadeandalucia.es\/aldeacordoba\/files\/2019\/04\/9783775744836_hr_pr01-1310x904-1-1024x707.jpg 1024w, https:\/\/blogsaverroes.juntadeandalucia.es\/aldeacordoba\/files\/2019\/04\/9783775744836_hr_pr01-1310x904-1-768x530.jpg 768w, https:\/\/blogsaverroes.juntadeandalucia.es\/aldeacordoba\/files\/2019\/04\/9783775744836_hr_pr01-1310x904-1-1200x828.jpg 1200w\" sizes=\"(max-width: 709px) 85vw, (max-width: 909px) 67vw, (max-width: 1362px) 62vw, 840px\" \/><figcaption id=\"caption-attachment-764\" class=\"wp-caption-text\">Espect\u00e1culo travesti de soldados nazis. \u00a9\u00a0<em>Soldier Studies<\/em>, Martin Dammann (ed.), Hatje Cantz<\/figcaption><\/figure>\n<p><strong>Autor: Nacho Esteban<\/strong><\/p>\n<p><strong>Fuente:<\/strong> <a href=\"https:\/\/elordenmundial.com\/homosexuales-durante-el-nazismo\/\" target=\"_blank\" rel=\"noopener noreferrer\"><em>elordenmundial.com<\/em><\/a> 31\/03\/2019.<\/p>\n<p style=\"text-align:justify\">El nazismo dej\u00f3 tras de s\u00ed millones de muertos y una cifra incalculable de v\u00edctimas. Entre las m\u00e1s olvidadas se encuentran las personas LGTB \u2014sobre todo los gays, quienes sufrieron los mayores rigores de la persecuci\u00f3n\u2014, una poblaci\u00f3n que vivi\u00f3 una dura represi\u00f3n y no recibi\u00f3 reconocimiento hasta pr\u00e1cticamente el siglo XXI.<\/p>\n<p style=\"text-align:justify\">El Holocausto nazi supuso uno de los mayores genocidios en toda la Historia de la humanidad. Estuvo dirigido principalmente contra jud\u00edos, eslavos, gitanos, discapacitados, testigos de Jehov\u00e1, opositores al r\u00e9gimen y homosexuales varones; en total,\u00a0<a href=\"https:\/\/books.google.es\/books?id=nzJAXkfozW8C&amp;pg=PT3&amp;lpg=PT3&amp;dq=Niewyk,+Donald+L.;+Nicosia,+Francis+R.+(2000).+The+Columbia+Guide+to+the+Holocaust&amp;source=bl&amp;ots=0lGDUNCG5u&amp;sig=ACfU3U2Wc4nfr3czuVmD2KW9yKf3zbaYRw&amp;hl=es&amp;sa=X&amp;ved=2ahUKEwjYtL3HtevgAhUQuRoKHXyCATQQ6AEwBHoECAIQAQ#v=onepage&amp;q=17%2C000%2C000&amp;f=false\">una cifra de varios millones de muertos de dif\u00edcil cuantificaci\u00f3n<\/a>\u00a0debido a la disparidad de criterios en la definici\u00f3n y, sobre todo, la insuficiente documentaci\u00f3n. Individualizar el n\u00famero de v\u00edctimas de cada uno de estos colectivos tampoco resulta una tarea sencilla; en el caso de los hombres homosexuales, las investigaciones de R\u00fcdiger Lautmann arrojan el resultado de que entre 1935 y 1943\u00a0<a href=\"http:\/\/rictornorton.co.uk\/nazi.htm\">casi 50.000 civiles homosexuales<\/a>\u00a0\u2014de unos\u00a0<a href=\"http:\/\/www.holocaust-trc.org\/homosexuals\">100.000 arrestados<\/a>\u2014 fueron condenados a prisi\u00f3n en virtud del infame p\u00e1rrafo 175 del C\u00f3digo Penal prusiano, que penaba las relaciones sexuales entre varones, y\u00a0<a href=\"http:\/\/www.holocaust-trc.org\/homosexuals\">entre 5.000 y 15.000<\/a>\u00a0condenados y detenidos en prisi\u00f3n preventiva fueron a parar a campos de concentraci\u00f3n, donde su \u00edndice de mortalidad rondaba el de los jud\u00edos \u2014<a href=\"https:\/\/issuu.com\/triangulo\/docs\/orientaciones5\/14\">en torno al 60%<\/a>\u2014 a pesar de no existir una vocaci\u00f3n tan expresa de eliminar a los homosexuales.<\/p>\n<p style=\"text-align:justify\">Estas cifras, com\u00fanmente admitidas, est\u00e1n, sin embargo, incompletas. Debido a la escasez de registros y a la\u00a0<a href=\"http:\/\/rictornorton.co.uk\/nazi.htm\">destrucci\u00f3n de archivos<\/a>\u00a0durante las \u00faltimas semanas de vida de los campos, no existen datos de condenas entre 1943 y el final del r\u00e9gimen en 1945. Tampoco se incluyen las condenas a homosexuales basadas en\u00a0<a href=\"https:\/\/issuu.com\/triangulo\/docs\/orientaciones5\/74\">otros art\u00edculos utilizados alternativamente al 175<\/a>\u00a0ni las cifras de homosexuales\u00a0<a href=\"https:\/\/sourcebooks.fordham.edu\/pwh\/steakley-nazis.asp\">internados sin sentencia<\/a>\u00a0o con\u00a0<a href=\"https:\/\/es.wikipedia.org\/wiki\/Persecuci%C3%B3n_de_los_homosexuales_en_la_Alemania_nazi#Campos_de_concentraci%C3%B3n\">distintivos diferentes al tri\u00e1ngulo rosa<\/a>\u00a0ni las\u00a0<a href=\"https:\/\/sourcebooks.fordham.edu\/pwh\/steakley-nazis.asp\">ejecuciones sumarias<\/a>\u00a0o selectivas en el ej\u00e9rcito, las calles o al ingresar en los campos ni las\u00a0<a href=\"http:\/\/rictornorton.co.uk\/nazi.htm\">p\u00e9rdidas en el frente<\/a>\u00a0de homosexuales condenados. Por \u00faltimo, est\u00e1n sin cuantificar las v\u00edctimas de las esterilizaciones, experimentos m\u00e9dicos e internamientos psiqui\u00e1tricos, muchos de los cuales acabaron en muerte. As\u00ed, distintos investigadores dan cifras bastante superiores,\u00a0<a href=\"https:\/\/books.google.es\/books?id=Nnz57zheGWcC&amp;lpg=PA425&amp;ots=9CvrDz-F_2&amp;dq=million&amp;hl=es&amp;pg=PA425#v=onepage&amp;q=million&amp;f=false\">desde 200.000 hasta el mill\u00f3n<\/a>; el propio Rudolf H\u00f6ss, despu\u00e9s comandante de Auschwitz, afirmaba haber supervisado el\u00a0<a href=\"http:\/\/rictornorton.co.uk\/nazi.htm\">exterminio de dos millones de homosexuales en Dachau<\/a>.<\/p>\n<p style=\"text-align:justify\">Los supervivientes gays conocidos del Holocausto fueron menos de una veintena. Gracias a sus relatos y diversas investigaciones, ha sido posible recrear la vivencia de las personas LGTB durante el III Reich. Sin embargo, la escasez y la fiabilidad incierta de datos y relatos aconsejan cautela a la hora de aproximarse a un tema m\u00e1s bien desconocido y con un gran riesgo de caer en el victimismo.<\/p>\n<p style=\"text-align:justify\"><b>Para ampliar<\/b>:\u00a0<a href=\"https:\/\/issuu.com\/triangulo\/docs\/orientaciones5\">\u201cExterminio bajo el nazismo\u201d<\/a>, Fundaci\u00f3n Tri\u00e1ngulo en<i>\u00a0Orientaciones<\/i>, 2003<\/p>\n<h2><b>El ed\u00e9n perdido<\/b><\/h2>\n<p style=\"text-align:justify\">El C\u00f3digo Napole\u00f3nico de 1810 fue el primero de la Historia en despenalizar las relaciones entre personas del mismo sexo al considerarlas\u00a0<a href=\"https:\/\/es.wikipedia.org\/wiki\/Homosexualidad_en_Francia#Desde_la_Ilustraci%C3%B3n\">un delito \u201cimaginario\u201d<\/a>.Siguiendo la Ilustraci\u00f3n francesa, las legislaciones de Baviera y Han\u00f3ver hicieron lo mismo en 1813 y 1840, respectivamente; de hecho,\u00a0<a href=\"https:\/\/es.wikipedia.org\/wiki\/Historia_de_la_homosexualidad_en_Alemania#Homosexuales_coronados\">varios territorios alemanes contaron con soberanos homosexuales<\/a>\u00a0durante los siglos XVIII y XIX. Tras la guerra franco-prusiana (1870-1871), el k\u00e1iser Guillermo I de Alemania instaur\u00f3 el II Reich y\u00a0<a href=\"https:\/\/issuu.com\/triangulo\/docs\/orientaciones5\/32\">extendi\u00f3 a todo el Imperio alem\u00e1n el C\u00f3digo Penal prusiano<\/a>, cuyo art\u00edculo 175 castigaba con penas de prisi\u00f3n y p\u00e9rdida de los derechos civiles\u00a0<a href=\"https:\/\/es.wikipedia.org\/wiki\/Art%C3%ADculo_175_(Alemania)#Imperio_alem%C3%A1n\">\u201cla fornicaci\u00f3n contra natura realizada entre hombres o de personas con animales\u201d<\/a>. A lo largo de m\u00e1s de medio siglo, convivir\u00edan en la sociedad y la pol\u00edtica alemanas dos tendencias: una conservadora, respaldada por las nacientes teor\u00edas psiqui\u00e1tricas de higiene social \u2014que posteriormente servir\u00edan de sustento cient\u00edfico para la\u00a0<a href=\"https:\/\/es.wikipedia.org\/wiki\/Soluci%C3%B3n_final\">\u201cSoluci\u00f3n final\u201d<\/a>\u2014, que exig\u00eda la\u00a0<a href=\"https:\/\/journals.sagepub.com\/doi\/abs\/10.1177\/0022009417690596\">extensi\u00f3n de la prohibici\u00f3n a las mujeres<\/a>, as\u00ed como\u00a0<a href=\"https:\/\/issuu.com\/triangulo\/docs\/orientaciones5\/34\">al aborto, la prostituci\u00f3n, la emancipaci\u00f3n femenina y la pornograf\u00eda<\/a>, y una de corte progresista, que permiti\u00f3 cierta laxitud en la aplicaci\u00f3n de la ley durante la Rep\u00fablica de Weimar y el nacimiento del primer movimiento por la emancipaci\u00f3n homosexual.<\/p>\n<p style=\"text-align:justify\">Ya en los a\u00f1os 60 del siglo XIX, el abogado Karl Heinrich\u00a0Ulrichs hab\u00eda acu\u00f1ado el t\u00e9rmino\u00a0<i>uranista<\/i>\u00a0para referirse a los varones homosexuales y\u00a0<a href=\"https:\/\/es.wikipedia.org\/wiki\/Karl_Heinrich_Ulrichs#Activista_para_la_reforma_sexual\">se manifest\u00f3 p\u00fablicamente a favor del fin de su criminalizaci\u00f3n<\/a>. Durante el cambio de siglo, el psiquiatra Magnus Hirschfeld continu\u00f3 la lucha de Ulrichs y, con la ayuda de los socialdem\u00f3cratas y comunistas, consigui\u00f3 el apoyo parlamentario para la reforma penal, que se vio\u00a0<a href=\"https:\/\/es.wikipedia.org\/wiki\/Persecuci%C3%B3n_de_los_homosexuales_en_la_Alemania_nazi#Tolerancia_durante_la_Rep%C3%BAblica_de_Weimar\">frustrada en el \u00faltimo momento por la crisis financiera que sucedi\u00f3 al\u00a0<i>crack<\/i>\u00a0de 1929<\/a>. El clima social, efectivamente, era el id\u00f3neo: al igual que en otros pa\u00edses europeos, los \u201cfelices a\u00f1os 20\u201d estuvieron marcados por el\u00a0<a href=\"https:\/\/issuu.com\/triangulo\/docs\/orientaciones5\/34\">intenso desarrollo de una cultura\u00a0<i>uranista<\/i>\u00a0\u2014sobre todo en la capital\u2014<\/a>, con locales, fiestas y publicaciones propios y organizaciones pol\u00edticas, culturales y sociales que contaban con decenas de miles de miembros \u2014se calcula que en Alemania hab\u00eda\u00a0<a href=\"http:\/\/www.holocaust-trc.org\/homosexuals\">unos 1,2 millones de hombres homosexuales en 1928<\/a>\u2014. Pero no todo era tan brillante en este ed\u00e9n: cada a\u00f1o\u00a0<a href=\"http:\/\/rictornorton.co.uk\/nazi.htm\">cientos de hombres eran encarcelados en virtud del p\u00e1rrafo 175<\/a>\u00a0y comenzaban a fraguarse grup\u00fasculos ultranacionalistas que llegaron a\u00a0<a href=\"https:\/\/mla.hcommons.org\/deposits\/objects\/hc:15084\/datastreams\/CONTENT\/content\">atacar en varias ocasiones a Hirschfeld<\/a>y a\u00a0<a href=\"https:\/\/www.tandfonline.com\/doi\/abs\/10.1080\/00224498109551120\">asesinar al ministro de Exteriores Walther Rathenau<\/a>\u00a0\u2014significativamente, ambos jud\u00edos y homosexuales, aunque hubiera otros motivos detr\u00e1s de los ataques\u2014 y que\u00a0<a href=\"https:\/\/issuu.com\/triangulo\/docs\/orientaciones5\/38\">conformar\u00edan la base para el Partido Nacionalsocialista<\/a>.<\/p>\n<figure id=\"attachment_23279\" class=\"wp-caption aligncenter\" style=\"text-align:justify\" aria-describedby=\"caption-attachment-23279\"><img loading=\"lazy\" decoding=\"async\" class=\"size-full wp-image-23279\" src=\"https:\/\/elordenmundial.com\/wp-content\/uploads\/2019\/03\/Eldorado-luther-ad-2.jpeg\" alt=\"\" width=\"419\" height=\"300\" \/><figcaption id=\"caption-attachment-23279\" class=\"wp-caption-text\">Publicidad del bar de ambiente Eldorado, reconvertido en 1933 en una oficina de propaganda nazi. Fuente:\u00a0<a href=\"http:\/\/www.cabaret-berlin.com\/?p=11\">Cabaret Berlin<\/a><\/figcaption><\/figure>\n<p style=\"text-align:justify\">Durante la breve utop\u00eda uranista de la posguerra \u2014entre 1914 y 1918 hab\u00eda tenido lugar la I Guerra Mundial\u2014, se desarroll\u00f3 de forma paralela un movimiento reaccionario espoleado por las\u00a0<a href=\"https:\/\/es.wikipedia.org\/wiki\/Reparaciones_de_la_Primera_Guerra_Mundial\">imposiciones a Alemania<\/a>\u00a0y la situaci\u00f3n econ\u00f3mica y laboral en los a\u00f1os 30, que favorec\u00edan una ret\u00f3rica populista basada en promesas y el se\u00f1alamiento de los \u201cenemigos de la naci\u00f3n\u201d. Aunque\u00a0<a href=\"https:\/\/es.wikipedia.org\/wiki\/Adolf_Hitler#Ascenso_al_poder\">el Partido Nacionalsocialista no consigui\u00f3 una mayor\u00eda suficiente para gobernar<\/a>, el presidente Hindenburg nombra canciller a Adolf Hitler el 30 de enero de 1933. Un mes despu\u00e9s, Hitler se arroga por decreto presidencial poderes de emergencia tras el\u00a0<a href=\"https:\/\/es.wikipedia.org\/wiki\/Incendio_del_Reichstag\">incendio provocado del\u00a0<i>Reichstag<\/i><\/a>\u2014Parlamento alem\u00e1n\u2014. Si una semana antes algunas de sus primeras medidas hab\u00edan sido prohibir la prostituci\u00f3n y las organizaciones y locales de homosexuales, durante el mes de marzo\u00a0<a href=\"http:\/\/rictornorton.co.uk\/nazi.htm\">prohibir\u00e1 asimismo el nudismo y la pornograf\u00eda<\/a>\u00a0y comenzar\u00e1n a abrirse los\u00a0<a href=\"https:\/\/en.wikipedia.org\/wiki\/Nazi_concentration_camps#Pre-war_camps\">primeros campos de concentraci\u00f3n<\/a>. Un mes despu\u00e9s se crea la Gestapo \u2014la \u2018Polic\u00eda Secreta del Estado\u2019\u2014 y\u00a0<a href=\"http:\/\/ghdi.ghi-dc.org\/sub_image.cfm?image_id=1890\">a principios de mayo son detenidos los l\u00edderes de los principales sindicatos<\/a>, se destruye el Instituto para la Ciencia Sexual de Hirschfeld y se quema su archivo \u2014aunque\u00a0<a href=\"https:\/\/www.tandfonline.com\/doi\/abs\/10.1080\/00224498109551120\">posiblemente varios documentos comprometedores pasaron antes a manos de la Gestapo<\/a>\u2014. Durante los siguientes meses, se producir\u00e1n\u00a0<a href=\"https:\/\/issuu.com\/triangulo\/docs\/orientaciones5\/40\">redadas y cierres forzosos de locales de ambiente<\/a>, que\u00a0<a href=\"https:\/\/sourcebooks.fordham.edu\/pwh\/steakley-nazis.asp\">se reabrir\u00e1n temporalmente durante las Olimpiadas de Berl\u00edn en 1936<\/a>\u00a0para dar una imagen de apertura ante los visitantes.<\/p>\n<h2 style=\"text-align:justify\"><b>El mito de los nazis gays<\/b><\/h2>\n<p style=\"text-align:justify\">Pese a las primeras alarmas que hab\u00edan despertado estas r\u00e1pidas medidas del nuevo l\u00edder, la poblaci\u00f3n LGTB alemana encontraba cierta seguridad en la figura de Ernst R\u00f6hm, comandante del grupo paramilitar de los\u00a0<i>camisas pardas<\/i>\u00a0o\u00a0<a href=\"https:\/\/es.wikipedia.org\/wiki\/Sturmabteilung\">Secci\u00f3n de Asalto<\/a>(SA). Aunque tuvieron sus desencuentros, R\u00f6hm hab\u00eda sido\u00a0<a href=\"https:\/\/www.huffingtonpost.com\/johann-hari\/the-strange-strange-story_b_136697.html\">uno de los padrinos pol\u00edticos de Hitler<\/a>\u00a0y\u00a0<a href=\"https:\/\/sourcebooks.fordham.edu\/pwh\/steakley-nazis.asp\">su homosexualidad era de dominio p\u00fablico<\/a>; de hecho, su autoritarismo rezumaba un\u00a0<a href=\"https:\/\/www.abc.es\/historia\/abci-batallon-sagrado-tebas-ejercito-amantes-homosexuales-humillo-espartanos-201606080258_noticia.html\">culto castrense a la virilidad<\/a>\u00a0no ins\u00f3lito en otros movimientos dirigidos por\u00a0<a href=\"https:\/\/elordenmundial.com\/el-regreso-del-hombre-fuerte-a-la-politica\/\"><i>hombres fuertes<\/i><\/a>. Es por ese motivo por lo que la SA se asociaba con una particular presencia de homosexuales \u2014seg\u00fan Hirschfeld,\u00a0<a href=\"https:\/\/www.nybooks.com\/daily\/2018\/05\/14\/a-thing-for-men-in-uniforms\/\">varios se encontraban entre sus expedientes destruidos<\/a>\u2014, una creencia ampliamente explotada por los detractores antifascistas y posteriormente utilizada en una suerte de\u00a0<a href=\"https:\/\/www.elespanol.com\/cultura\/20180315\/tropas-hitler-no-gais\/291971983_0.html\">revisionismo hom\u00f3fobo<\/a>\u00a0que sobrestima la supuesta homofilia nazi mientras ignora convenientemente que\u00a0<a href=\"https:\/\/issuu.com\/triangulo\/docs\/orientaciones5\/18\">la mayor\u00eda de los SA no eran homosexuales<\/a>, que todos los l\u00edderes nazis a excepci\u00f3n de R\u00f6hm eran \u2014en principio\u2014 heterosexuales y que el nazismo defend\u00eda, ante todo, una\u00a0<a href=\"http:\/\/rictornorton.co.uk\/nazi.htm\">visi\u00f3n extrema de la heterosexualidad basada en la familia tradicional y la misoginia<\/a>, hasta el punto de que persigui\u00f3 duramente la homosexualidad dentro y fuera de sus filas.<\/p>\n<p style=\"text-align:justify\"><b>Para ampliar<\/b>:\u00a0<a href=\"https:\/\/elordenmundial.com\/una-nacion-lgtb\/\">\u201cUna naci\u00f3n LGTB\u201d<\/a>, Nacho Esteban en\u00a0<i>El Orden Mundial<\/i>, 2017<\/p>\n<figure id=\"attachment_23277\" class=\"wp-caption aligncenter\" style=\"text-align:justify\" aria-describedby=\"caption-attachment-23277\"><img loading=\"lazy\" decoding=\"async\" class=\"size-full wp-image-23277\" src=\"https:\/\/elordenmundial.com\/wp-content\/uploads\/2019\/03\/14367693.ab55e2b2.560.jpg\" alt=\"\" width=\"560\" height=\"372\" \/><figcaption id=\"caption-attachment-23277\" class=\"wp-caption-text\">Grupos de socializaci\u00f3n como las Juventudes Hitlerianas sol\u00edan recibir\u00a0<a href=\"https:\/\/sourcebooks.fordham.edu\/pwh\/steakley-nazis.asp\">burlas por su homoerotismo<\/a>. La concepci\u00f3n de la masculinidad en la primera mitad del siglo XX permit\u00eda un contacto f\u00edsico m\u00e1s estrecho entre los hombres, aunque sin duda sirvi\u00f3 para ocultar relaciones rom\u00e1nticas y sexuales. Fuente:\u00a0<a href=\"http:\/\/cdn.ipernity.com\/125\/76\/93\/14367693.ab55e2b2.560.jpg\">Histomil<\/a><\/figcaption><\/figure>\n<p style=\"text-align:justify\">R\u00f6hm aspiraba a convertirse en el segundo hombre fuerte del Reich mientras expand\u00eda su fuerza paramilitar a expensas del Ej\u00e9rcito regular \u2014<i>Reichwehr<\/i>, luego renombrado\u00a0<i>Wehrmacht<\/i>\u00a0o \u2018Fuerza de Defensa\u2019\u2014. Hitler, que\u00a0<a href=\"https:\/\/sourcebooks.fordham.edu\/pwh\/steakley-nazis.asp\">necesitaba el apoyo militar para su proyecto imperial<\/a>, urdi\u00f3 un plan junto con Hermann G\u00f6ring \u2014su mano derecha\u2014 y Heinrich Himmler \u2014l\u00edder de la Gestapo y las SS o \u2018Escuadras de Protecci\u00f3n\u2019\u2014 y el 30 de junio de 1934 pusieron en marcha la Operaci\u00f3n Colibr\u00ed, m\u00e1s conocida como la\u00a0<a href=\"https:\/\/es.wikipedia.org\/wiki\/Noche_de_los_cuchillos_largos\">Noche de los cuchillos largos<\/a>, en la que asesinaron a decenas de miembros de la SA y otros posibles opositores bajo el pretexto de frustrar un golpe de Estado en germen. R\u00f6hm ya no era \u00fatil, supon\u00eda una amenaza, y los conspiradores justificaron la purga por la supuesta extensi\u00f3n de la homosexualidad entre los paramilitares,\u00a0<a href=\"https:\/\/books.google.es\/books?id=yzxqWpVUyp4C&amp;pg=PA253&amp;lpg=PA253&amp;dq=Van+der+Lubbe+homosexual&amp;source=bl&amp;ots=OwvS0v-Ux0&amp;sig=ACfU3U0IlHaTQcmDogwJqbkoO9mMpz2clg&amp;hl=es&amp;sa=X&amp;ved=2ahUKEwjwycSU1_DgAhVShxoKHejFCPMQ6AEwA3oECAYQAQ#v=onepage&amp;q=Van%20der%20Lubbe%20homosexual&amp;f=false\">como ya hicieran antes con Van der Lubbe<\/a>\u00a0\u2014el incendiario del\u00a0<i>Reichstag<\/i>\u2014 y\u00a0<a href=\"http:\/\/www.holocaust-trc.org\/homosexuals\">repetir\u00edan para intentar destituir al comandante de las fuerzas terrestres, Werner von Fritsch<\/a>. La misma estrategia sirvi\u00f3 para el\u00a0<a href=\"https:\/\/sourcebooks.fordham.edu\/pwh\/steakley-nazis.asp\">encierro de intelectuales<\/a>\u00a0y\u00a0<a href=\"https:\/\/es.wikipedia.org\/wiki\/Klosterprozesse\">miembros de organizaciones cat\u00f3licas<\/a>. Con una\u00a0<a href=\"https:\/\/issuu.com\/triangulo\/docs\/orientaciones5\/20\">opini\u00f3n p\u00fablica impert\u00e9rrita<\/a>\u00a0ante la masacre, daba comienzo la radicalizaci\u00f3n del r\u00e9gimen; el mismo d\u00eda que R\u00f6hm fue asesinado Hitler orden\u00f3 purgar el Ej\u00e9rcito, temeroso de la existencia de una\u00a0<a href=\"http:\/\/rictornorton.co.uk\/nazi.htm\">\u201corden secreta del tercer sexo\u201d<\/a>.<\/p>\n<h2 style=\"text-align:justify\"><b>Cuando Hitler rob\u00f3 el conejo rosa<\/b><\/h2>\n<p style=\"text-align:justify\">Con el fallecimiento del presidente Hindenburg, Hitler asume la jefatura del Estado\u00a0<a href=\"https:\/\/es.wikipedia.org\/wiki\/F%C3%BChrer#Uso_como_cargo_oficial\">mediante un decreto ilegal ratificado en refer\u00e9ndum<\/a>. Bajo el mandato del ahora\u00a0<i>F\u00fchrer<\/i>, la escalada antihomosexual del r\u00e9gimen se dispar\u00f3: en octubre de 1934 la Gestapo ordena a todas las comisar\u00edas entregar las\u00a0<a href=\"https:\/\/es.wikipedia.org\/wiki\/Lista_rosa\"><i>listas rosas<\/i><\/a>\u00a0de homosexuales, lo que le permitir\u00eda identificar, arrestar, interrogar y chantajear con mayor facilidad. Aparte de la vigilancia de locales, urinarios p\u00fablicos y parques, la causa m\u00e1s frecuente de detenci\u00f3n de homosexuales \u2014eminentemente varones\u2014 fueron\u00a0<a href=\"https:\/\/issuu.com\/triangulo\/docs\/orientaciones5\/78\">las denuncias de conocidos y las delaciones por otros homosexuales interrogados<\/a>, de tal manera que hasta los simples rumores hac\u00edan recaer la carga de la prueba sobre el acusado. Las detenciones y los interrogatorios se realizaban sin orden judicial ni garant\u00edas procesales y la intimidaci\u00f3n y la tortura estaban a la orden del d\u00eda; algunas declaraciones de culpabilidad firmadas \u201csin coacciones\u201d resultaban\u00a0<a href=\"https:\/\/issuu.com\/triangulo\/docs\/orientaciones5\/10\">ilegibles por las manchas de sangre<\/a>.<\/p>\n<p style=\"text-align:justify\">Ese mismo mes Himmler crea una divisi\u00f3n especial dentro de la Gestapo para perseguir a los homosexuales, que dos a\u00f1os despu\u00e9s ser\u00e1 absorbida por la\u00a0<a href=\"https:\/\/encyclopedia.ushmm.org\/content\/es\/article\/persecution-of-homosexuals-in-the-third-reich\">Oficina Central del Reich para Combatir el Aborto y la Homosexualidad<\/a>\u00a0u Oficina Especial. Himmler estaba obsesionado con la pureza y la perpetuaci\u00f3n de la\u00a0<i>raza aria<\/i>, por lo que le preocupaban los bajos \u00edndices de natalidad ante la demanda de mano de obra y soldados. Si bien promovi\u00f3 medidas eugen\u00e9sicas como la eliminaci\u00f3n de los homosexuales varones \u2014<a href=\"https:\/\/sourcebooks.fordham.edu\/pwh\/steakley-nazis.asp\">siempre presentes en sus discursos como s\u00edntoma de la degeneraci\u00f3n del pa\u00eds<\/a>\u2014, las lesbianas y algunos j\u00f3venes gays\u00a0<a href=\"https:\/\/digitalcommons.iwu.edu\/constructing\/vol12\/iss1\/4\">pudieron salvarse gracias a su valor para los intereses demogr\u00e1ficos del r\u00e9gimen<\/a>. Otras de las\u00a0<a href=\"http:\/\/rictornorton.co.uk\/nazi.htm\">medidas promovidas para mejorar las cifras de fertilidad<\/a>\u00a0fueron ascender a los funcionarios que se casaran j\u00f3venes, ayudas a la maternidad, la creaci\u00f3n o tolerancia de prost\u00edbulos y el\u00a0<a href=\"https:\/\/es.wikipedia.org\/wiki\/Lebensborn\">secuestro de ni\u00f1os y mujeres de pa\u00edses vecinos para\u00a0<i>germanizarlos<\/i>\u00a0y llevar a cabo programas de reproducci\u00f3n selectiva<\/a>.<\/p>\n<figure id=\"attachment_23160\" class=\"wp-caption aligncenter\" style=\"text-align:justify\" aria-describedby=\"caption-attachment-23160\"><img loading=\"lazy\" decoding=\"async\" class=\"size-full wp-image-23160\" src=\"https:\/\/elordenmundial.com\/wp-content\/uploads\/2019\/03\/children-born-per-woman.png\" alt=\"\" width=\"3400\" height=\"2400\" \/><figcaption id=\"caption-attachment-23160\" class=\"wp-caption-text\">Desde 1923 la tasa de fertilidad alemana no ha superado los 2,5 hijos por mujer. Fuente:\u00a0<a href=\"https:\/\/ourworldindata.org\/grapher\/children-born-per-woman?tab=chart&amp;year=1800&amp;time=1800..2015&amp;country=DEU\">Our World in Data<\/a><\/figcaption><\/figure>\n<p style=\"text-align:justify\">Durante los a\u00f1os siguientes, la situaci\u00f3n solo empeora. En el aniversario del asesinato de R\u00f6hm el p\u00e1rrafo 175 se endurece como parte de las llamadas\u00a0<a href=\"https:\/\/es.wikipedia.org\/wiki\/Leyes_de_N%C3%BAremberg\"><i>leyes de N\u00faremberg<\/i><\/a>: las penas aumentan y el texto de la ley se vuelve amplio y difuso \u2014cubre desde abrazos hasta miradas lujuriosas\u2014, lo que, sumado a la\u00a0<a href=\"https:\/\/issuu.com\/triangulo\/docs\/orientaciones5\/56\">arbitrariedad judicial<\/a>, supone un\u00a0<a href=\"https:\/\/sourcebooks.fordham.edu\/pwh\/steakley-nazis.asp\">incremento de las causas<\/a>. Aunque la mayor\u00eda de ellas involucraron previsiblemente a hombres homosexuales, sin duda tambi\u00e9n debieron de afectar \u2014en una medida incuantificable\u2014 a hombres bisexuales e incluso heterosexuales. En cuanto a las mujeres, existen\u00a0<a href=\"https:\/\/issuu.com\/triangulo\/docs\/orientaciones5\/42\">muy pocos casos de condenas<\/a>; aunque evidentemente hab\u00eda lesbianas en los campos de concentraci\u00f3n, la mayor\u00eda estaba all\u00ed por otros motivos. Adem\u00e1s de las otras consecuencias para la poblaci\u00f3n LGTB en general \u2014cierre de locales, clandestinidad, \u00e9xodo, soledad, matrimonios de conveniencia\u2026\u2014, tuvieron\u00a0<a href=\"https:\/\/encyclopedia.ushmm.org\/content\/en\/article\/lesbians-and-the-third-reich\">graves problemas laborales<\/a>\u00a0y, en algunos casos, fueron v\u00edctimas de violencia y\u00a0<a href=\"https:\/\/en.wikipedia.org\/wiki\/Persecution_of_homosexuals_in_Nazi_Germany#Nazi_experiments\">explotaci\u00f3n sexual<\/a>\u00a0o\u00a0<a href=\"https:\/\/issuu.com\/triangulo\/docs\/orientaciones5\/74\">internadas en psiqui\u00e1tricos<\/a>. Por \u00faltimo, el caso de la poblaci\u00f3n trans es particular: si bien la destrucci\u00f3n del Instituto Hirschfeld supuso\u00a0<a href=\"https:\/\/theconversation.com\/how-the-nazis-destroyed-the-first-gay-rights-movement-80354\">un varapalo para una comunidad naciente<\/a>, que hubo de exiliarse, resignarse a vivir en la clandestinidad o afrontar los rigores del nuevo r\u00e9gimen,\u00a0<a href=\"https:\/\/www.eldiario.es\/cultura\/travestis-Hitler_0_848316113.html\">el travestismo no era una pr\u00e1ctica infrecuente entre los soldados nazis<\/a>\u00a0a principios de los 40. No obstante, en 1941 Himmler ordenar\u00eda la ejecuci\u00f3n o encarcelamiento \u2014seg\u00fan la gravedad\u2014 de todos los SS que tuvieran un \u201ccomportamiento indecente con otro hombre\u201d y el ministro de Justicia decretar\u00eda un a\u00f1o despu\u00e9s la\u00a0<a href=\"http:\/\/rictornorton.co.uk\/nazi.htm\">pena de muerte para los homosexuales<\/a>.<\/p>\n<p style=\"text-align:justify\"><b>Para ampliar<\/b>:\u00a0<a href=\"https:\/\/encyclopedia.ushmm.org\/content\/es\/article\/persecution-of-homosexuals-in-the-third-reich\">\u201cLa persecuci\u00f3n de los homosexuales del Tercer Reich\u201d<\/a>, Museo Estadounidense del Holocausto<\/p>\n<h2 style=\"text-align:justify\"><b>La vida en los campos de concentraci\u00f3n<\/b><\/h2>\n<p style=\"text-align:justify\">Particularmente despu\u00e9s del asesinato de R\u00f6hm, miles de hombres homosexuales fueron a parar a los campos de concentraci\u00f3n. En los a\u00f1os siguientes,\u00a0<a href=\"https:\/\/sourcebooks.fordham.edu\/pwh\/steakley-nazis.asp\">Himmler ordena enviar a los homosexuales a los campos de exterminio<\/a>\u00a0\u2014los llamados\u00a0<i>campos de nivel tres<\/i>\u00a0o \u201cmolinos de huesos\u201d\u2014, en algunos casos sin condena o\u00a0<a href=\"https:\/\/www.tandfonline.com\/doi\/abs\/10.1300\/J082v31n04_01\">tras haber sido absueltos<\/a>\u00a0y en otros previo paso por prisi\u00f3n; incluso hubo homosexuales que, despu\u00e9s de cumplir su condena, fueron\u00a0<a href=\"https:\/\/issuu.com\/triangulo\/docs\/orientaciones5\/70\">enviados a los campos<\/a>\u00a0en \u201ccustodia protectora\u201d o estuvieron sujetos a un r\u00e9gimen de\u00a0<a href=\"https:\/\/issuu.com\/triangulo\/docs\/orientaciones5\/86\">\u201cvigilancia policial planificada\u201d<\/a>\u00a0que limitaba su movilidad. Al contrario de lo que se suele pensar, no todos los campos de exterminio ten\u00edan como objetivo inmediato el asesinato de los prisioneros; en muchos casos, se trataba de una\u00a0<a href=\"https:\/\/es.wikipedia.org\/wiki\/Exterminaci%C3%B3n_mediante_trabajos_forzados\">consecuencia premeditada del trabajo forzado<\/a>, con lo que se combinaba el castigo \u2014la tortura f\u00edsica y psicol\u00f3gica y, finalmente, la muerte\u2014 con el imperativo de eficiencia b\u00e9lica, sobre todo a partir de los 40, cuando el contexto de guerra lleva adem\u00e1s a una mayor cautela documental y a\u00a0<a href=\"https:\/\/issuu.com\/triangulo\/docs\/orientaciones5\/22\">\u00f3rdenes menos expl\u00edcitas respecto al genocidio<\/a>.<\/p>\n<figure id=\"attachment_20111\" class=\"wp-caption alignnone\" style=\"text-align:justify\" aria-describedby=\"caption-attachment-20111\"><a href=\"https:\/\/elordenmundial.com\/mapas\/los-campos-del-holocausto\/\"><img loading=\"lazy\" decoding=\"async\" class=\"wp-image-20111 size-full\" src=\"https:\/\/elordenmundial.com\/wp-content\/uploads\/2018\/08\/Europa-Alemania-Polonia-Historia-Pol%C3%ADtica-Conflictos-El-mapa-del-Holocausto-1.jpg\" alt=\"\" width=\"4406\" height=\"2480\" \/><\/a><figcaption id=\"caption-attachment-20111\" class=\"wp-caption-text\">La mayor\u00eda de los homosexuales fueron a parar a Mathausen, Dachau y Auschwitz, pero\u00a0<a href=\"https:\/\/sourcebooks.fordham.edu\/pwh\/steakley-nazis.asp\">tambi\u00e9n hubo tri\u00e1ngulos rosas<\/a>\u00a0en Sachsenhausen, Flosenburgo, Buchenwald, Schirmeck, Natzweler, Fuhlsbuttel, Neusustrum, Sonenburgo, Lichtenburgo, Ravensbruck, Neuengamme, Gross-Rosen, Vught, Stutthof, Struthof y Butzow.<\/figcaption><\/figure>\n<p style=\"text-align:justify\">Al ocupar el escalaf\u00f3n \u00ednfimo dentro de la jerarqu\u00eda de los campos, los presos marcados con el tri\u00e1ngulo rosa no sol\u00edan medrar y ejecutaban las labores m\u00e1s duras\u00a0<a href=\"https:\/\/sourcebooks.fordham.edu\/pwh\/steakley-nazis.asp\">en peores condiciones<\/a>, por lo que eran\u00a0<a href=\"https:\/\/issuu.com\/triangulo\/docs\/orientaciones5\/16\">m\u00e1s prescindibles y su tasa de supervivencia, menor<\/a>. Para perjudicar a un interno, bastaba con sugerir que era homosexual, ya que eran objeto de maltratos, violaciones y torturas especiales, tanto por vigilantes como por presos, adem\u00e1s de\u00a0<a href=\"https:\/\/www.tandfonline.com\/doi\/abs\/10.1300\/J082v31n04_01\">ejecuciones y experimentos<\/a>. Miles de homosexuales sufrieron castraciones, ya fuera debido a\u00a0<a href=\"http:\/\/rictornorton.co.uk\/nazi.htm\">campa\u00f1as de esterilizaci\u00f3n masiva<\/a>\u00a0o \u201cvoluntariamente\u201d bajo\u00a0<a href=\"https:\/\/issuu.com\/triangulo\/docs\/orientaciones5\/90\">falsas promesas de libertad o amenazas de internamiento<\/a>. Otros\u00a0<i>eligieron<\/i>\u00a0convertirse en\u00a0<a href=\"https:\/\/sourcebooks.fordham.edu\/pwh\/steakley-nazis.asp\">carne de ca\u00f1\u00f3n para el frente<\/a>\u00a0o en protegidos de los kapos y oficiales a cambio de favores sexuales \u2014<a href=\"https:\/\/www.tandfonline.com\/doi\/abs\/10.1300\/J082v31n04_01\">especialmente los eslavos j\u00f3venes, homosexuales o no<\/a>\u2014; algunos de ellos llegaron a contar con aut\u00e9nticos\u00a0<a href=\"https:\/\/books.google.es\/books?id=IUUhAQAAQBAJ&amp;pg=PA66&amp;lpg=PA66&amp;dq=&amp;source=bl&amp;ots=yMTBhrTBb4&amp;sig=ACfU3U1F5WF-5ElSr0EfWxC3jTxnG6kFzQ&amp;hl=es&amp;sa=X&amp;ved=2ahUKEwjXmsOW4crgAhUF8BQKHTXcD20Q6AEwAHoECAMQAQ#v=onepage&amp;q&amp;f=false\">harenes de menores<\/a>. Esto demuestra que, independientemente de su orientaci\u00f3n sexual,\u00a0<a href=\"https:\/\/www.tandfonline.com\/doi\/abs\/10.1080\/00224498109551120\">las relaciones sexuales entre presos y entre estos y los SS estaban a la orden del d\u00eda<\/a>\u00a0\u2014algo que Himmler tratar\u00eda de atajar instalando\u00a0<a href=\"https:\/\/es.wikipedia.org\/wiki\/Prost%C3%ADbulos_alemanes_en_la_Segunda_Guerra_Mundial\">burdeles en algunos campos<\/a>\u2014 y que la homofobia se dirig\u00eda principalmente contra los tri\u00e1ngulos rosas.<\/p>\n<figure id=\"attachment_23276\" class=\"wp-caption aligncenter\" style=\"text-align:justify\" aria-describedby=\"caption-attachment-23276\"><img loading=\"lazy\" decoding=\"async\" class=\"size-full wp-image-23276\" src=\"https:\/\/elordenmundial.com\/wp-content\/uploads\/2019\/03\/800px-Bundesarchiv_Bild_146-1993-051-07_Tafel_mit_KZ-Kennzeichen_Winkel_retouched.jpg\" alt=\"\" width=\"800\" height=\"1073\" \/><figcaption id=\"caption-attachment-23276\" class=\"wp-caption-text\">El tri\u00e1ngulo rosa fue el principal distintivo de los homosexuales dentro de los campos nazis. Fuente:\u00a0<a href=\"https:\/\/es.wikipedia.org\/wiki\/Sistema_de_marcado_en_los_campos_de_concentraci%C3%B3n_nazis\">Wikimedia<\/a><\/figcaption><\/figure>\n<p style=\"text-align:justify\">En el sistema de etiquetado de los presos, los tri\u00e1ngulos ten\u00edan unos cinco cent\u00edmetros de base; en cambio,\u00a0<a href=\"http:\/\/rictornorton.co.uk\/nazi.htm\">el distintivo rosa de los homosexuales era uno o dos cent\u00edmetros mayor<\/a>\u00a0para que fuera m\u00e1s visible \u2014en el campo de Flosenburgo, llegar\u00edan a ser\u00a0<a href=\"https:\/\/scholarworks.umt.edu\/cgi\/viewcontent.cgi?article=1838&amp;context=etd\">casi el doble de grandes y con un list\u00f3n amarillo de doce cent\u00edmetros<\/a>\u2014. Anteriormente se hab\u00edan utilizado\u00a0<a href=\"https:\/\/issuu.com\/triangulo\/docs\/orientaciones5\/13\">brazaletes amarillos con la letra A impresa \u2014de\u00a0<i>Arschficker<\/i>, literalmente \u2018follaculos\u2019\u2014, grandes lunares negros y el n\u00famero 175<\/a>, as\u00ed como cintas azules en Schirmeck. Algunos tri\u00e1ngulos rosas fing\u00edan ser comunistas cuyo distintivo rojo hab\u00eda perdido el color; otros consiguieron\u00a0<a href=\"https:\/\/www.tandfonline.com\/doi\/abs\/10.1080\/00224498109551120\">hacerse con otras insignias<\/a>\u00a0e incluso hubo quienes\u00a0<a href=\"https:\/\/issuu.com\/triangulo\/docs\/orientaciones5\/102\">prefer\u00edan la estrella amarilla de David<\/a>. En la jerarqu\u00eda de los campos, el homosexual ocupaba el \u00faltimo lugar entre los\u00a0<a href=\"https:\/\/es.wikipedia.org\/wiki\/Untermensch\"><i>infrahombres<\/i><\/a>, pero,\u00a0<a href=\"http:\/\/www.cascaraamarga.es\/opinion\/68-opinion\/15115-auschwitz-para-que-sus-nombres-no-se-borren-de-la-historia.html\">a diferencia de los gitanos y los jud\u00edos<\/a>, carece de un t\u00e9rmino propio para referirse a su genocidio. A menudo segregados dentro de los campos y con prohibiciones especiales, como la de no confraternizar entre s\u00ed, sus peores condiciones, su heterogeneidad, su reducido porcentaje en los campos y un clima de\u00a0<a href=\"https:\/\/issuu.com\/triangulo\/docs\/orientaciones5\/79\">miedo a las delaciones<\/a>\u00a0y de represi\u00f3n impidieron una verdadera solidaridad de grupo, como la de otros tri\u00e1ngulos.<\/p>\n<p style=\"text-align:justify\"><b>Para ampliar<\/b>:\u00a0<i>Rudolf Brazda: itinerario de un tri\u00e1ngulo rosa<\/i>, J. L. Schwab y R. Brazda, 2011<\/p>\n<h2 style=\"text-align:justify\"><b>Las v\u00edctimas del Homocausto<\/b><\/h2>\n<p style=\"text-align:justify\">Aunque el r\u00e9gimen nazi supo ocultar hasta el fin de la guerra la verdadera naturaleza de los campos e intent\u00f3 borrar las huellas de sus cr\u00edmenes, el\u00a0<a href=\"https:\/\/www.tandfonline.com\/doi\/abs\/10.1080\/00224498109551120\">silencio posterior de los investigadores<\/a>\u00a0respecto a la persecuci\u00f3n de las personas LGTB fue clamoroso. La homosexualidad segu\u00eda estando mal vista e incluso castigada en algunos pa\u00edses europeos; de hecho, los aliados enviaron a algunos homosexuales a prisi\u00f3n a cumplir su pena\u00a0<a href=\"https:\/\/issuu.com\/triangulo\/docs\/orientaciones5\/86\">sin considerar el tiempo en los campos<\/a>\u00a0\u2014a diferencia de los ex-SS,\u00a0<a href=\"https:\/\/issuu.com\/triangulo\/docs\/orientaciones5\/178\">cuyo trabajo se tuvo en cuenta para el c\u00f3mputo de las pensiones<\/a>\u2014. Hasta 1969, el art\u00edculo 175 sigui\u00f3 en vigor y supuso\u00a0<a href=\"https:\/\/issuu.com\/triangulo\/docs\/orientaciones5\/52\">m\u00e1s de 47.000 condenas<\/a>\u00a0en Alemania. Muchos tuvieron dificultades laborales y personales por ser oficialmente\u00a0<a href=\"http:\/\/rictornorton.co.uk\/nazi.htm\">delincuentes con antecedentes sexuales<\/a>\u00a0y sufrieron el ostracismo, el negacionismo, el silencio y la verg\u00fcenza, cuando no directamente la violencia f\u00edsica y verbal.<\/p>\n<p style=\"text-align:justify\">El Gobierno alem\u00e1n se resisti\u00f3 durante d\u00e9cadas a cualquier monumento en memoria de las v\u00edctimas LGTB; en los actos conmemorativos pod\u00edan escucharse\u00a0<a href=\"https:\/\/issuu.com\/triangulo\/docs\/orientaciones5\/111\">gritos hom\u00f3fobos<\/a>\u00a0y los homosexuales\u00a0<a href=\"https:\/\/issuu.com\/triangulo\/docs\/orientaciones5\/123\">evitaban visibilizarse<\/a>. Hasta la segunda mitad de los 80,\u00a0<a href=\"https:\/\/issuu.com\/triangulo\/docs\/orientaciones5\/91\">se les deneg\u00f3 el estatus de v\u00edctimas del nazismo<\/a>\u00a0y, por tanto, cualquier tipo de indemnizaci\u00f3n, que solamente consiguieron\u00a0<a href=\"https:\/\/elpais.com\/diario\/2009\/07\/26\/internacional\/1248559203_850215.html\">a iniciativa de los partidos verde y socialdem\u00f3crata<\/a>\u00a0y despu\u00e9s de\u00a0<a href=\"https:\/\/issuu.com\/triangulo\/docs\/orientaciones5\/54\">trabas burocr\u00e1ticas ins\u00f3litas y litigios; en consecuencia, muy pocos recibieron compensaci\u00f3n<\/a>: la mayor\u00eda muri\u00f3 antes o ni lo intent\u00f3. En 2000 se produjo la primera disculpa oficial y en 2002 se concedi\u00f3 el perd\u00f3n retroactivo para las sentencias nazis;\u00a0<a href=\"https:\/\/www.thestonewall.es\/alemania-indemniza-economicamente-a-las-victimas-lgtb-del-nazismo-60-anos-despues\/\">la compensaci\u00f3n por todas las posteriores ha tenido que esperar hasta 2019<\/a>. A\u00fan hoy existe cierta\u00a0<a href=\"http:\/\/www.cascaraamarga.es\/opinion\/68-opinion\/15115-auschwitz-para-que-sus-nombres-no-se-borren-de-la-historia.html\">resistencia a reconocer la persecuci\u00f3n de las personas LGTB<\/a>\u00a0durante la dictadura y se desconocen las dimensiones de la di\u00e1spora LGTB que provoc\u00f3 el nazismo, pero el tri\u00e1ngulo que tantos lucieron en sus chaquetas y pantalones se ha convertido en un s\u00edmbolo de activismo y de lucha contra el olvido.<\/p>\n<p style=\"text-align:justify\"><b>Para ampliar<\/b>:\u00a0<a href=\"https:\/\/www.youtube.com\/watch?v=WrDy0C29Aeo\"><i>P\u00e1rrafo 175<\/i><\/a>, documental de R. Epstein y J. Friedman, 2000<\/p>\n<p>&nbsp;<\/p>\n","protected":false},"excerpt":{"rendered":"<p>Autor: Nacho Esteban Fuente: elordenmundial.com 31\/03\/2019. El nazismo dej\u00f3 tras de s\u00ed millones de muertos y una cifra incalculable de v\u00edctimas. Entre las m\u00e1s olvidadas se encuentran las personas LGTB \u2014sobre todo los gays, quienes sufrieron los mayores rigores de la persecuci\u00f3n\u2014, una poblaci\u00f3n que vivi\u00f3 una dura represi\u00f3n y no recibi\u00f3 reconocimiento hasta pr\u00e1cticamente &hellip; <a href=\"https:\/\/blogsaverroes.juntadeandalucia.es\/aldeacordoba\/?p=763\" class=\"more-link\">Continuar leyendo<span class=\"screen-reader-text\"> \u00abV\u00edctimas del Homocausto: los homosexuales durante el nazismo.\u00bb<\/span><\/a><\/p>\n","protected":false},"author":168,"featured_media":0,"comment_status":"open","ping_status":"open","sticky":false,"template":"","format":"standard","meta":{"ngg_post_thumbnail":0,"footnotes":""},"categories":[224390,3],"tags":[224588,224672,224683],"aioseo_notices":[],"_links":{"self":[{"href":"https:\/\/blogsaverroes.juntadeandalucia.es\/aldeacordoba\/index.php?rest_route=\/wp\/v2\/posts\/763"}],"collection":[{"href":"https:\/\/blogsaverroes.juntadeandalucia.es\/aldeacordoba\/index.php?rest_route=\/wp\/v2\/posts"}],"about":[{"href":"https:\/\/blogsaverroes.juntadeandalucia.es\/aldeacordoba\/index.php?rest_route=\/wp\/v2\/types\/post"}],"author":[{"embeddable":true,"href":"https:\/\/blogsaverroes.juntadeandalucia.es\/aldeacordoba\/index.php?rest_route=\/wp\/v2\/users\/168"}],"replies":[{"embeddable":true,"href":"https:\/\/blogsaverroes.juntadeandalucia.es\/aldeacordoba\/index.php?rest_route=%2Fwp%2Fv2%2Fcomments&post=763"}],"version-history":[{"count":0,"href":"https:\/\/blogsaverroes.juntadeandalucia.es\/aldeacordoba\/index.php?rest_route=\/wp\/v2\/posts\/763\/revisions"}],"wp:attachment":[{"href":"https:\/\/blogsaverroes.juntadeandalucia.es\/aldeacordoba\/index.php?rest_route=%2Fwp%2Fv2%2Fmedia&parent=763"}],"wp:term":[{"taxonomy":"category","embeddable":true,"href":"https:\/\/blogsaverroes.juntadeandalucia.es\/aldeacordoba\/index.php?rest_route=%2Fwp%2Fv2%2Fcategories&post=763"},{"taxonomy":"post_tag","embeddable":true,"href":"https:\/\/blogsaverroes.juntadeandalucia.es\/aldeacordoba\/index.php?rest_route=%2Fwp%2Fv2%2Ftags&post=763"}],"curies":[{"name":"wp","href":"https:\/\/api.w.org\/{rel}","templated":true}]}}