{"id":778,"date":"2019-04-12T08:41:24","date_gmt":"2019-04-12T07:41:24","guid":{"rendered":"https:\/\/jmoragahc.wordpress.com\/?p=778"},"modified":"2019-04-12T08:41:24","modified_gmt":"2019-04-12T07:41:24","slug":"la-imaginacion-politica","status":"publish","type":"post","link":"https:\/\/blogsaverroes.juntadeandalucia.es\/aldeacordoba\/?p=778","title":{"rendered":"La imaginaci\u00f3n pol\u00edtica."},"content":{"rendered":"<figure id=\"attachment_779\" aria-describedby=\"caption-attachment-779\" style=\"width: 1960px\" class=\"wp-caption alignnone\"><img loading=\"lazy\" decoding=\"async\" class=\"alignnone size-full wp-image-779\" src=\"https:\/\/blogsaverroes.juntadeandalucia.es\/aldeacordoba\/files\/2019\/04\/1554379662_910275_1554380257_noticia_normal_recorte1.jpg\" alt=\"1554379662_910275_1554380257_noticia_normal_recorte1\" width=\"1960\" height=\"1196\" srcset=\"https:\/\/blogsaverroes.juntadeandalucia.es\/aldeacordoba\/files\/2019\/04\/1554379662_910275_1554380257_noticia_normal_recorte1.jpg 1600w, https:\/\/blogsaverroes.juntadeandalucia.es\/aldeacordoba\/files\/2019\/04\/1554379662_910275_1554380257_noticia_normal_recorte1-300x183.jpg 300w, https:\/\/blogsaverroes.juntadeandalucia.es\/aldeacordoba\/files\/2019\/04\/1554379662_910275_1554380257_noticia_normal_recorte1-1024x625.jpg 1024w, https:\/\/blogsaverroes.juntadeandalucia.es\/aldeacordoba\/files\/2019\/04\/1554379662_910275_1554380257_noticia_normal_recorte1-768x469.jpg 768w, https:\/\/blogsaverroes.juntadeandalucia.es\/aldeacordoba\/files\/2019\/04\/1554379662_910275_1554380257_noticia_normal_recorte1-1536x937.jpg 1536w, https:\/\/blogsaverroes.juntadeandalucia.es\/aldeacordoba\/files\/2019\/04\/1554379662_910275_1554380257_noticia_normal_recorte1-1200x732.jpg 1200w\" sizes=\"(max-width: 709px) 85vw, (max-width: 909px) 67vw, (max-width: 1362px) 62vw, 840px\" \/><figcaption id=\"caption-attachment-779\" class=\"wp-caption-text\"><span class=\"foto-texto\">&#8216;Fusilamiento de Torrijos y sus compa\u00f1eros en las playas de M\u00e1laga&#8217; (1888), de Antonio Gisbert.\u00a0<\/span><span class=\"foto-firma\"><span class=\"foto-autor\">MUSEO DEL PRADO<\/span><\/span><\/figcaption><\/figure>\n<p><strong>Autor:<\/strong> Jos\u00e9 Andr\u00e9s Rojo<\/p>\n<p><strong>Fuente: <\/strong><a href=\"https:\/\/elpais.com\/elpais\/2019\/04\/04\/opinion\/1554379662_910275.html\" target=\"_blank\" rel=\"noopener noreferrer\"><em>El Pa\u00eds<\/em><\/a>, 04\/04\/2019<\/p>\n<p style=\"text-align:justify\">En alguna parte del tercer volumen de\u00a0<a href=\"https:\/\/blogs.elpais.com\/el_rincon_del_distraido\/2008\/09\/el-estilo-del-m.html\"><em>Tu rostro ma\u00f1ana,<\/em>\u00a0Javier Mar\u00edas<\/a>\u00a0escribe: \u201cLo cierto es que nunca sabemos de qui\u00e9n proceden en origen las ideas y las convicciones que nos van conformando, las que calan en nosotros y adoptamos como una gu\u00eda, las que retenemos sin propon\u00e9rnoslo y hacemos nuestras\u201d. Unas cuantas p\u00e1ginas despu\u00e9s irrumpe en su relato una pintura,\u00a0<a href=\"https:\/\/es.wikipedia.org\/wiki\/Fusilamiento_de_Torrijos_y_sus_compa%C3%B1eros_en_las_playas_de_M%C3%A1laga\"><em>Fusilamiento de Torrijos y sus compa\u00f1eros en M\u00e1laga,<\/em><\/a>de Antonio Gisbert. Como ocurre a lo largo de toda la novela (unas 1.600 p\u00e1ginas), Mar\u00edas salta de un lado a otro, se entretiene en m\u00faltiples digresiones, da vueltas sobre asuntos distintos. De la mano de un oscuro personaje, Tupra, que tiene unos cincuenta a\u00f1os y que trabaja en los servicios secretos brit\u00e1nicos, el narrador de la obra de Mar\u00edas se sumerge en las cloacas de la historia y descubre que lo que hay no es sino un rosario de chapuzas y traiciones, de violencias gratuitas, de da\u00f1os involuntarios e irreparables. Ah\u00ed est\u00e1 el cuadro de Torrijos, con los cad\u00e1veres de los que ya han sido pasados por las armas y el noble porte de aquellos liberales que van a ser inmediatamente fusilados (y ese sombrero negro tirado en la playa, como un signo abrupto del desamparo de la muerte). No es casual que la prosa de Mar\u00edas salte del cuadro de Gisbert a la Guerra Civil: \u201cy tambi\u00e9n me acord\u00e9 de los ejecutados sin juicio o con farsa en esas mismas playas de M\u00e1laga por quien la tom\u00f3 m\u00e1s un siglo despu\u00e9s con sus huestes franquistas y moras y con los Camisas Negras de Roatta o \u2018Mancini\u201d.<\/p>\n<p style=\"text-align:justify\"><a href=\"https:\/\/www.museodelprado.es\/actualidad\/exposicion\/una-pintura-para-una-nacion-el-fusilamiento-de\/686a080c-0e4d-2e38-77e6-8213c618f9a6\">El Prado inaugur\u00f3<\/a>\u00a0hace unos d\u00edas una peque\u00f1a exposici\u00f3n que protagoniza\u00a0<a href=\"https:\/\/elpais.com\/cultura\/2019\/03\/22\/actualidad\/1553246075_988407.html\">el c\u00e9lebre cuadro del fusilamiento de Torrijos.<\/a>\u00a0Fue el primer encargo de una pintura que hizo el Estado destinado al museo y lo realiz\u00f3 el gabinete liberal de Pr\u00e1xedes Mateo Sagasta en 1886. Antonio Gisbert fue el elegido para su ejecuci\u00f3n. Ten\u00eda que construir un s\u00edmbolo que exaltara la lucha por la libertad en la construcci\u00f3n de la naci\u00f3n espa\u00f1ola. El 2 de diciembre de 1831, el general Jos\u00e9 Mar\u00eda de Torrijos y Uriarte parti\u00f3 de Gibraltar con destino a M\u00e1laga acompa\u00f1ado de sesenta c\u00f3mplices con el af\u00e1n de provocar un alzamiento militar que restableciera el sistema constitucional. Las fuerzas de Fernando VII los detuvieron a los nueve d\u00edas. Fueron fusilados, y se convirtieron en m\u00e1rtires de la larga batalla para derrotar al absolutismo. Espronceda, en el soneto que dedic\u00f3 a Torrijos, ya subraya que esa sangre no hab\u00eda ca\u00eddo en vano: \u201cY los viles tiranos con espanto \/ siempre amenazando vean \/ alzarse sus espectros vengadores\u201d.<\/p>\n<p style=\"text-align:justify\">Fue\u00a0<a href=\"https:\/\/elpais.com\/autor\/jose_alvarez_junco\/a\">el historiador Jos\u00e9 \u00c1lvarez Junco<\/a>\u00a0el que record\u00f3 esos versos en su\u00a0<em>Mater dolorosa,<\/em>\u00a0donde trata de\u00a0<a href=\"https:\/\/elpais.com\/cultura\/2018\/05\/11\/actualidad\/1526062752_864238.html\">la idea de Espa\u00f1a<\/a>\u00a0en el siglo XIX. \u201cSi la literatura hab\u00eda puesto palabras en la boca de nuestros antepasados, la pintura les dio forma y color, los imagin\u00f3 de forma visible. Facilit\u00f3 los ensue\u00f1os sobre nuestro pasado\u201d, escribe. Exist\u00edan asuntos que ten\u00edan que prender en la imaginaci\u00f3n popular. La entereza de Torrijos y los suyos ante la condena a muerte de los absolutistas era, para los liberales, uno de ellos.<\/p>\n<p style=\"text-align:justify\">Nunca sabemos de d\u00f3nde proceden \u201clas convicciones que nos van conformando\u201d. De los cuadros y la literatura, hoy tambi\u00e9n del cine y las series, de la radio, la prensa, la televisi\u00f3n. Antonio Machado escribi\u00f3 en 1938: \u201cRecordad el cuadro de Gisbert: la noble fraternidad ante la muerte de aquellos tres hombres cogidos de la mano\u201d. Nos vamos haciendo pol\u00edticamente gracias a esas historias que permanecen veladas en nuestra conciencia. No hay que olvidar que\u00a0<a href=\"https:\/\/elpais.com\/cultura\/2016\/04\/06\/actualidad\/1459969980_828192.html\">son construcciones<\/a>\u00a0y que, a veces, producen monstruos. As\u00ed que nunca est\u00e1 de m\u00e1s mantener frente a nuestras m\u00e1s \u00edntimas certezas una saludable distancia ir\u00f3nica<\/p>\n<p>&nbsp;<\/p>\n","protected":false},"excerpt":{"rendered":"<p>Autor: Jos\u00e9 Andr\u00e9s Rojo Fuente: El Pa\u00eds, 04\/04\/2019 En alguna parte del tercer volumen de\u00a0Tu rostro ma\u00f1ana,\u00a0Javier Mar\u00edas\u00a0escribe: \u201cLo cierto es que nunca sabemos de qui\u00e9n proceden en origen las ideas y las convicciones que nos van conformando, las que calan en nosotros y adoptamos como una gu\u00eda, las que retenemos sin propon\u00e9rnoslo y hacemos &hellip; <a href=\"https:\/\/blogsaverroes.juntadeandalucia.es\/aldeacordoba\/?p=778\" class=\"more-link\">Continuar leyendo<span class=\"screen-reader-text\"> \u00abLa imaginaci\u00f3n pol\u00edtica.\u00bb<\/span><\/a><\/p>\n","protected":false},"author":168,"featured_media":0,"comment_status":"open","ping_status":"open","sticky":false,"template":"","format":"standard","meta":{"ngg_post_thumbnail":0,"footnotes":""},"categories":[224381,224399],"tags":[224612,224679,224714,224740],"aioseo_notices":[],"_links":{"self":[{"href":"https:\/\/blogsaverroes.juntadeandalucia.es\/aldeacordoba\/index.php?rest_route=\/wp\/v2\/posts\/778"}],"collection":[{"href":"https:\/\/blogsaverroes.juntadeandalucia.es\/aldeacordoba\/index.php?rest_route=\/wp\/v2\/posts"}],"about":[{"href":"https:\/\/blogsaverroes.juntadeandalucia.es\/aldeacordoba\/index.php?rest_route=\/wp\/v2\/types\/post"}],"author":[{"embeddable":true,"href":"https:\/\/blogsaverroes.juntadeandalucia.es\/aldeacordoba\/index.php?rest_route=\/wp\/v2\/users\/168"}],"replies":[{"embeddable":true,"href":"https:\/\/blogsaverroes.juntadeandalucia.es\/aldeacordoba\/index.php?rest_route=%2Fwp%2Fv2%2Fcomments&post=778"}],"version-history":[{"count":0,"href":"https:\/\/blogsaverroes.juntadeandalucia.es\/aldeacordoba\/index.php?rest_route=\/wp\/v2\/posts\/778\/revisions"}],"wp:attachment":[{"href":"https:\/\/blogsaverroes.juntadeandalucia.es\/aldeacordoba\/index.php?rest_route=%2Fwp%2Fv2%2Fmedia&parent=778"}],"wp:term":[{"taxonomy":"category","embeddable":true,"href":"https:\/\/blogsaverroes.juntadeandalucia.es\/aldeacordoba\/index.php?rest_route=%2Fwp%2Fv2%2Fcategories&post=778"},{"taxonomy":"post_tag","embeddable":true,"href":"https:\/\/blogsaverroes.juntadeandalucia.es\/aldeacordoba\/index.php?rest_route=%2Fwp%2Fv2%2Ftags&post=778"}],"curies":[{"name":"wp","href":"https:\/\/api.w.org\/{rel}","templated":true}]}}