{"id":781,"date":"2020-03-06T09:04:00","date_gmt":"2020-03-06T08:04:00","guid":{"rendered":"https:\/\/jmoragahc.wordpress.com\/?p=781"},"modified":"2020-03-06T09:04:00","modified_gmt":"2020-03-06T08:04:00","slug":"los-socialistas-espanoles-y-la-defensa-del-internacionalismo-en-1887","status":"publish","type":"post","link":"https:\/\/blogsaverroes.juntadeandalucia.es\/aldeacordoba\/?p=781","title":{"rendered":"Los socialistas espa\u00f1oles y la defensa del internacionalismo en 1887"},"content":{"rendered":"\n<figure class=\"wp-block-image size-large\"><img decoding=\"async\" src=\"https:\/\/www.nuevatribuna.es\/media\/nuevatribuna\/images\/2020\/02\/25\/2020022512081874700.jpg\" alt=\"\" \/><\/figure>\n\n\n\n<p><strong>Autor<\/strong>:  <a href=\"https:\/\/www.nuevatribuna.es\/author\/eduardo.montagut\">EDUARDO MONTAGUT<\/a><\/p>\n\n\n\n<p><strong>Fuente<\/strong>: <a href=\"https:\/\/www.nuevatribuna.es\/articulo\/cultura---ocio\/socialistas-espanoles-internacionalismo-historia-politica-socialismo\/20200225115956171451.html\">NUEVATRIBUNA.ES<\/a> 26\/02\/20<\/p>\n\n\n\n<p class=\"has-text-align-justify\">Es evidente que en la d\u00e9cada de los ochenta del&nbsp;<strong>siglo XIX la AIT<\/strong>&nbsp;estaba muerta, a la espera de la fundaci\u00f3n de la&nbsp;<a target=\"_blank\" href=\"https:\/\/www.nuevatribuna.es\/articulo\/cultura---ocio\/debate-colonialismo-segunda-internacional\/20141121104955109493.html\" rel=\"noreferrer noopener\">Segunda Internacional<\/a>&nbsp;al final de dicha d\u00e9cada. Pero los socialistas segu\u00edan creyendo en el esp\u00edritu internacionalista, aunque, como bien sabemos, con algunas diferencias claras en relaci\u00f3n con lo que se hab\u00eda puesto en marcha en&nbsp;<strong>Londres<\/strong>. Pues bien, en este art\u00edculo analizamos c\u00f3mo el&nbsp;<strong>PSOE<\/strong>&nbsp;defend\u00eda ese esp\u00edritu en 1887 en un contexto determinado.<\/p>\n\n\n\n<p class=\"has-text-align-justify\">Efectivamente, en abril de 1887 en el contexto del debate parlamentario en el&nbsp;<strong>Senado<\/strong>&nbsp;del proyecto de ley liberal de Asociaciones,&nbsp;<a target=\"_blank\" href=\"https:\/\/www.nuevatribuna.es\/articulo\/historia\/inicios-socialista\/20170125171243136034.html\" rel=\"noreferrer noopener\"><em>El Socialista<\/em><\/a>&nbsp;sac\u00f3 un art\u00edculo con el t\u00edtulo de \u201c<em>La Internacional existe<\/em>\u201d (n\u00ba59) en respuesta a lo que se hab\u00eda debatido sobre el internacionalismo en la C\u00e1mara Alta.<\/p>\n\n\n\n<blockquote class=\"wp-block-quote\"><p>Para los partidos socialistas u obreros no exist\u00edan las fronteras. Sus enemigos eran la clase patronal y los gobiernos que la representaban. Los hermanos o amigos de dichos partidos eran, en cambio, los trabajadores<\/p><\/blockquote>\n\n\n\n<p class=\"has-text-align-justify\">Al parecer, tanto senadores conservadores (marqu\u00e9s de&nbsp;<strong>Trives<\/strong>,&nbsp;<strong>Vida<\/strong>&nbsp;y&nbsp;<strong>Fabi\u00e9<\/strong>) como fusionistas (liberales) (<strong>Aldecoa<\/strong>, y&nbsp;<strong>Letamendi<\/strong>) hab\u00edan expresado en la C\u00e1mara Alta lo que los socialistas consideraban \u201csandeces y disparates\u201d. Pero quien se hab\u00eda significado en esto hab\u00eda sido el ministro de Gobernaci\u00f3n, a la saz\u00f3n&nbsp;<strong>Fernando Le\u00f3n&nbsp;<\/strong>y&nbsp;<strong>Castillo<\/strong>, que habr\u00eda asegurado que el socialismo ya no era internacional. El peri\u00f3dico obrero quer\u00eda dejar clara, especialmente, la supuesta falacia de esta afirmaci\u00f3n.<\/p>\n\n\n\n<p class=\"has-text-align-justify\">Los partidos socialistas defender\u00edan la emancipaci\u00f3n de la clase obrera, pero era imposible conseguirla de forma local o nacional; solamente pod\u00eda ser obra de un movimiento internacional.<\/p>\n\n\n\n<p class=\"has-text-align-justify\">Para los partidos socialistas u obreros no exist\u00edan las fronteras. Sus enemigos eran la clase patronal y los gobiernos que la representaban. Los hermanos o amigos de dichos partidos eran, en cambio, los trabajadores.<\/p>\n\n\n\n<p class=\"has-text-align-justify\">En la lucha emancipadora econ\u00f3mica y pol\u00edtica los trabajadores de los distintos pa\u00edses deb\u00edan auxiliarse. Y en el art\u00edculo se pon\u00edan como ejemplo la reciente huelga francesa de&nbsp;<strong>Decazeville<\/strong>&nbsp;y las elecciones alemanas. Para los socialistas la&nbsp;<strong>Comuna<\/strong>, en lo que tuvo de victoria, lo hab\u00eda sido de la clase trabajadora de todos los pueblos, y en lo que tuvo de derrota, tambi\u00e9n lo hab\u00eda sido de todos.<\/p>\n\n\n\n<p class=\"has-text-align-justify\">Los partidos socialistas aspiraban a la conquista del poder pol\u00edtico, que no pod\u00eda ser de forma parcial, sino general. No pod\u00eda alcanzarse ese poder en unos pa\u00edses y no en otros.<\/p>\n\n\n\n<p class=\"has-text-align-justify\">En conclusi\u00f3n, el esp\u00edritu internacionalista segu\u00eda vivo entre los partidos socialistas, dirigi\u00e9ndose directamente en el texto al ministro Le\u00f3n y Castillo.<\/p>\n","protected":false},"excerpt":{"rendered":"<p>Autor: EDUARDO MONTAGUT Fuente: NUEVATRIBUNA.ES 26\/02\/20 Es evidente que en la d\u00e9cada de los ochenta del&nbsp;siglo XIX la AIT&nbsp;estaba muerta, a la espera de la fundaci\u00f3n de la&nbsp;Segunda Internacional&nbsp;al final de dicha d\u00e9cada. Pero los socialistas segu\u00edan creyendo en el esp\u00edritu internacionalista, aunque, como bien sabemos, con algunas diferencias claras en relaci\u00f3n con lo que &hellip; <a href=\"https:\/\/blogsaverroes.juntadeandalucia.es\/aldeacordoba\/?p=781\" class=\"more-link\">Continuar leyendo<span class=\"screen-reader-text\"> \u00abLos socialistas espa\u00f1oles y la defensa del internacionalismo en 1887\u00bb<\/span><\/a><\/p>\n","protected":false},"author":168,"featured_media":0,"comment_status":"open","ping_status":"open","sticky":false,"template":"","format":"standard","meta":{"ngg_post_thumbnail":0,"footnotes":""},"categories":[224382,224397],"tags":[224579,224704,224907],"aioseo_notices":[],"_links":{"self":[{"href":"https:\/\/blogsaverroes.juntadeandalucia.es\/aldeacordoba\/index.php?rest_route=\/wp\/v2\/posts\/781"}],"collection":[{"href":"https:\/\/blogsaverroes.juntadeandalucia.es\/aldeacordoba\/index.php?rest_route=\/wp\/v2\/posts"}],"about":[{"href":"https:\/\/blogsaverroes.juntadeandalucia.es\/aldeacordoba\/index.php?rest_route=\/wp\/v2\/types\/post"}],"author":[{"embeddable":true,"href":"https:\/\/blogsaverroes.juntadeandalucia.es\/aldeacordoba\/index.php?rest_route=\/wp\/v2\/users\/168"}],"replies":[{"embeddable":true,"href":"https:\/\/blogsaverroes.juntadeandalucia.es\/aldeacordoba\/index.php?rest_route=%2Fwp%2Fv2%2Fcomments&post=781"}],"version-history":[{"count":0,"href":"https:\/\/blogsaverroes.juntadeandalucia.es\/aldeacordoba\/index.php?rest_route=\/wp\/v2\/posts\/781\/revisions"}],"wp:attachment":[{"href":"https:\/\/blogsaverroes.juntadeandalucia.es\/aldeacordoba\/index.php?rest_route=%2Fwp%2Fv2%2Fmedia&parent=781"}],"wp:term":[{"taxonomy":"category","embeddable":true,"href":"https:\/\/blogsaverroes.juntadeandalucia.es\/aldeacordoba\/index.php?rest_route=%2Fwp%2Fv2%2Fcategories&post=781"},{"taxonomy":"post_tag","embeddable":true,"href":"https:\/\/blogsaverroes.juntadeandalucia.es\/aldeacordoba\/index.php?rest_route=%2Fwp%2Fv2%2Ftags&post=781"}],"curies":[{"name":"wp","href":"https:\/\/api.w.org\/{rel}","templated":true}]}}