{"id":783,"date":"2019-04-23T08:07:34","date_gmt":"2019-04-23T07:07:34","guid":{"rendered":"https:\/\/jmoragahc.wordpress.com\/?p=783"},"modified":"2019-04-23T08:07:34","modified_gmt":"2019-04-23T07:07:34","slug":"el-programa-diplomatico-socialista-en-1918","status":"publish","type":"post","link":"https:\/\/blogsaverroes.juntadeandalucia.es\/aldeacordoba\/?p=783","title":{"rendered":"El programa diplom\u00e1tico socialista en 1918."},"content":{"rendered":"<p><img loading=\"lazy\" decoding=\"async\" class=\" size-full wp-image-782 aligncenter\" src=\"https:\/\/blogsaverroes.juntadeandalucia.es\/aldeacordoba\/files\/2019\/04\/2019042110325040023.jpg\" alt=\"2019042110325040023\" width=\"550\" height=\"187\" srcset=\"https:\/\/blogsaverroes.juntadeandalucia.es\/aldeacordoba\/files\/2019\/04\/2019042110325040023.jpg 550w, https:\/\/blogsaverroes.juntadeandalucia.es\/aldeacordoba\/files\/2019\/04\/2019042110325040023-300x102.jpg 300w\" sizes=\"(max-width: 550px) 85vw, 550px\" \/><\/p>\n<p><strong>Autor: Eduardo Montagut<\/strong><\/p>\n<p><strong>Fuente: <a href=\"https:\/\/www.nuevatribuna.es\/articulo\/historia\/programa-diplomatico-socialista-1918\/20190421100014162044.html\" target=\"_blank\" rel=\"noopener noreferrer\"><em>Nueva Tribuna<\/em><\/a>.<\/strong><\/p>\n<p style=\"text-align:justify\">\u00a0El\u00a0<a href=\"https:\/\/www.nuevatribuna.es\/articulo\/historia\/labor-socialista-lille-psoe\/20180316171128149831.html\" target=\"_blank\" rel=\"noopener noreferrer\">Partido Socialista<\/a>\u00a0dedic\u00f3 mucha atenci\u00f3n en su programa a la Administraci\u00f3n del Estado en el XI Congreso, celebrado en el oto\u00f1o de 1918. En este trabajo nos acercaremos a las cuestiones\u00a0diplom\u00e1ticas debatidas, ya que supon\u00edan cambios profundos en un mundo tan tradicional.<\/p>\n<p style=\"text-align:justify\">Los\u00a0<a href=\"https:\/\/www.nuevatribuna.es\/articulo\/historia\/psoe-ugt-revolucion-rusa-1905\/20180302163612149217.html\" target=\"_blank\" rel=\"noopener noreferrer\">socialistas<\/a>\u00a0aprobaron en la Ponencia denominada\u00a0<em>\u201cLegislaci\u00f3n General\u201d<\/em>\u00a0la democratizaci\u00f3n de los servicios diplom\u00e1ticos, junto con cambios tendentes a fomentar la eficacia de los mismos, en un momento clave de las relaciones internacionales, justo cuando finalizaba la Gran Guerra y deb\u00eda construirse un nuevo orden mundial. En opini\u00f3n del PSOE si no se emprend\u00eda una profunda reforma de la pol\u00edtica internacional espa\u00f1ola se agravar\u00eda el desprestigio internacional del pa\u00eds. Esa reforma deb\u00eda abarcar todos los \u00f3rganos de la actividad exterior espa\u00f1ola para, adem\u00e1s, contribuir a la formaci\u00f3n de una\u00a0<em>\u201cconciencia internacionalista en Espa\u00f1a\u201d.<\/em><\/p>\n<p style=\"text-align:justify\">El Ministerio de Estado (Asuntos Exteriores) deb\u00eda ser transformado profundamente, con una intensa reorganizaci\u00f3n del cuerpo diplom\u00e1tico y tambi\u00e9n del consular, equipar\u00e1ndolos, es decir, se pretend\u00eda una democratizaci\u00f3n de toda la estructura diplom\u00e1tica espa\u00f1ola, potenciando a los c\u00f3nsules. Por fin, se defend\u00eda la dimensi\u00f3n cultural de las embajadas espa\u00f1olas, adem\u00e1s de incluir la representaci\u00f3n obrera en las mismas.<\/p>\n<p style=\"text-align:justify\">Por su parte,\u00a0<strong>Antonio Fabra i Ribas<\/strong>\u00a0plante\u00f3 la necesidad de establecer un plan de estudios para el Cuerpo consular. El socialista catal\u00e1n era muy conocedor de la realidad internacional.<\/p>\n<p style=\"text-align:justify\">Fabra pretend\u00eda que los c\u00f3nsules recibiesen una completa formaci\u00f3n te\u00f3rica y pr\u00e1ctica sobre las materias que abarcaba su carrera. Hab\u00eda que cambiar casi completamente el temario de las oposiciones porque ten\u00eda un car\u00e1cter<em>\u00a0\u201cespeculativo y memorista\u201d<\/em>. Interesaba que los c\u00f3nsules adquiriesen conocimientos en Geograf\u00eda comercial e industrial, Estad\u00edstica y Legislaci\u00f3n social comparada.<\/p>\n<p style=\"text-align:justify\">El c\u00f3nsul deb\u00eda residir el mayor n\u00famero posible de a\u00f1os en el mismo pa\u00eds. Deber\u00eda estudiar, adem\u00e1s, las caracter\u00edsticas sobre la agricultura, industria y comercio de dicho pa\u00eds.<\/p>\n<p style=\"text-align:justify\">Los c\u00f3nsules tendr\u00edan que redactar una memoria semestral indicando las condiciones en que viv\u00edan los espa\u00f1oles residentes en el pa\u00eds, la mayor o menor aceptaci\u00f3n de los productos espa\u00f1oles importados en comparaci\u00f3n con los de otros pa\u00edses, y los productos propios que fueran de inter\u00e9s para Espa\u00f1a.<\/p>\n<p style=\"text-align:justify\">Los Consulados deb\u00edan estar dotados del personal necesario, debidamente remunerado para que pudiera atender todos los servicios asignados a estos organismos con el fin de que los espa\u00f1oles residentes en el extranjero estuviesen atendidos adecuadamente.<\/p>\n<p style=\"text-align:justify\">El Congreso del PSOE aprob\u00f3 por unanimidad esta proposici\u00f3n, que se a\u00f1adi\u00f3 a la Ponencia.<\/p>\n<p style=\"text-align:justify\">Hemos consultado los n\u00fameros 3414 y 3552 de\u00a0<em><a href=\"https:\/\/www.nuevatribuna.es\/articulo\/historia\/inicios-socialista\/20170125171243136034.html\" target=\"_blank\" rel=\"noopener noreferrer\">El Socialista<\/a>.<\/em>\u00a0\u00a0Es recomendable acudir a la obra de\u00a0<strong>Miguel \u00c1ngel Ochoa Brun<\/strong>,\u00a0<em>Historia de la diplomacia espa\u00f1ola,<\/em>\u00a0Tomo XI-XII.\u00a0<em>La Edad Contempor\u00e1nea,\u00a0<\/em>publicada por el Ministerio de Asuntos Exteriores en 1995.<\/p>\n<p>&nbsp;<\/p>\n","protected":false},"excerpt":{"rendered":"<p>Autor: Eduardo Montagut Fuente: Nueva Tribuna. \u00a0El\u00a0Partido Socialista\u00a0dedic\u00f3 mucha atenci\u00f3n en su programa a la Administraci\u00f3n del Estado en el XI Congreso, celebrado en el oto\u00f1o de 1918. En este trabajo nos acercaremos a las cuestiones\u00a0diplom\u00e1ticas debatidas, ya que supon\u00edan cambios profundos en un mundo tan tradicional. Los\u00a0socialistas\u00a0aprobaron en la Ponencia denominada\u00a0\u201cLegislaci\u00f3n General\u201d\u00a0la democratizaci\u00f3n de &hellip; <a href=\"https:\/\/blogsaverroes.juntadeandalucia.es\/aldeacordoba\/?p=783\" class=\"more-link\">Continuar leyendo<span class=\"screen-reader-text\"> \u00abEl programa diplom\u00e1tico socialista en 1918.\u00bb<\/span><\/a><\/p>\n","protected":false},"author":168,"featured_media":0,"comment_status":"open","ping_status":"open","sticky":false,"template":"","format":"standard","meta":{"ngg_post_thumbnail":0,"footnotes":""},"categories":[224388,224397],"tags":[224659,224815],"aioseo_notices":[],"_links":{"self":[{"href":"https:\/\/blogsaverroes.juntadeandalucia.es\/aldeacordoba\/index.php?rest_route=\/wp\/v2\/posts\/783"}],"collection":[{"href":"https:\/\/blogsaverroes.juntadeandalucia.es\/aldeacordoba\/index.php?rest_route=\/wp\/v2\/posts"}],"about":[{"href":"https:\/\/blogsaverroes.juntadeandalucia.es\/aldeacordoba\/index.php?rest_route=\/wp\/v2\/types\/post"}],"author":[{"embeddable":true,"href":"https:\/\/blogsaverroes.juntadeandalucia.es\/aldeacordoba\/index.php?rest_route=\/wp\/v2\/users\/168"}],"replies":[{"embeddable":true,"href":"https:\/\/blogsaverroes.juntadeandalucia.es\/aldeacordoba\/index.php?rest_route=%2Fwp%2Fv2%2Fcomments&post=783"}],"version-history":[{"count":0,"href":"https:\/\/blogsaverroes.juntadeandalucia.es\/aldeacordoba\/index.php?rest_route=\/wp\/v2\/posts\/783\/revisions"}],"wp:attachment":[{"href":"https:\/\/blogsaverroes.juntadeandalucia.es\/aldeacordoba\/index.php?rest_route=%2Fwp%2Fv2%2Fmedia&parent=783"}],"wp:term":[{"taxonomy":"category","embeddable":true,"href":"https:\/\/blogsaverroes.juntadeandalucia.es\/aldeacordoba\/index.php?rest_route=%2Fwp%2Fv2%2Fcategories&post=783"},{"taxonomy":"post_tag","embeddable":true,"href":"https:\/\/blogsaverroes.juntadeandalucia.es\/aldeacordoba\/index.php?rest_route=%2Fwp%2Fv2%2Ftags&post=783"}],"curies":[{"name":"wp","href":"https:\/\/api.w.org\/{rel}","templated":true}]}}