{"id":808,"date":"2019-05-28T08:26:12","date_gmt":"2019-05-28T07:26:12","guid":{"rendered":"https:\/\/jmoragahc.wordpress.com\/?p=808"},"modified":"2019-05-28T08:26:12","modified_gmt":"2019-05-28T07:26:12","slug":"torrijos-la-forja-de-un-heroe-liberal","status":"publish","type":"post","link":"https:\/\/blogsaverroes.juntadeandalucia.es\/aldeacordoba\/?p=808","title":{"rendered":"Torrijos, la forja de un h\u00e9roe liberal"},"content":{"rendered":"<figure style=\"width: 1068px\" class=\"wp-caption aligncenter\"><img loading=\"lazy\" decoding=\"async\" src=\"https:\/\/www.laaventuradelahistoria.es\/wp-content\/uploads\/2019\/05\/Fusilamiento-de-Torrijos-y-sus-compa%C3%B1eros-en-las-playas-de-M%C3%A1laga-1888-por-Antonio-Gisbert-Madrid-Museo-Nacional-del-Prado-1068x685.jpg\" alt=\"\" width=\"1068\" height=\"685\" \/><figcaption class=\"wp-caption-text\">El fusilamiento de este militar opuesto a Fernando VII fue convertido en icono del liberalismo por el gobierno de Sagasta. El Museo del Prado lo muestra en el contexto pol\u00edtico que promovi\u00f3 su realizaci\u00f3n<\/figcaption><\/figure>\n<p><strong>Autor: Juan Ignacio Samperio Iturralde<\/strong><\/p>\n<p><strong>Fuente:<\/strong> <a href=\"https:\/\/www.laaventuradelahistoria.es\/torrijos-fernando-vii-liberales-museo-del-prado\" target=\"_blank\" rel=\"noopener noreferrer\"><em>La Aventura de la Historia<\/em><\/a>. 13\/05\/2019<\/p>\n<p>Cuando se cumplen 150 a\u00f1os de la nacionalizaci\u00f3n de las colecciones del Prado, el museo dedica una exposici\u00f3n,\u00a0<em>El fusilamiento de Torrijos y sus compa\u00f1eros<\/em>,\u00a0<em>1886-88. Una pintura para una naci\u00f3n<\/em>, al famoso cuadro de\u00a0<strong>Gisbert<\/strong><em>.\u00a0<\/em>La obra fue un\u00a0<strong>encargo del Gobierno espa\u00f1ol presidido por el liberal Sagasta<\/strong>\u00a0\u2013cuyo retrato por Casado del Alisal tambi\u00e9n se expone\u2013 con destino espec\u00edfico para el museo. El lienzo muestra el\u00a0<strong>fusilamiento de Torrijos y sus compa\u00f1eros al amanecer de un domingo<\/strong>, el\u00a011 de diciembre de\u00a01831, despu\u00e9s de ser traicionado por el general Vicente Gonz\u00e1lez Moreno y ser condenado a muerte por Fernando\u00a0VII, en la playa de San Andr\u00e9s.<\/p>\n<p>Gisbert se hab\u00eda asociado con los liberales y, en 1860, hab\u00eda pintado\u00a0<em>Padilla, Bravo y Maldonado en el pat\u00edbulo<\/em>, que es un claro antecedente, y que en la exposici\u00f3n se ha situado frente al fusilamiento.\u00a0<strong>Torrijos era un h\u00e9roe nacional vinculado a la independencia espa\u00f1ola y a la lucha por la libertad.<\/strong>\u00a0Era culto, amigo de intelectuales como Espronceda y el duque de Rivas, que le retrat\u00f3 en su exilio londinense en un cuadro que tambi\u00e9n se expone. En Cambridge fascin\u00f3 a poetas como Shelley y Robert Boyd, que ser\u00eda fusilado con \u00e9l.<\/p>\n<figure class=\"wp-block-image\"><img decoding=\"async\" class=\"wp-image-2411 td-animation-stack-type0-2\" src=\"https:\/\/www.laaventuradelahistoria.es\/wp-content\/uploads\/2019\/05\/Jos%C3%A9-Mar%C3%ADa-de-Torrijos-1826-por-el-duque-de-Rivas-Madrid-Museo-de-Historia-831x1024.jpg\" alt=\"\" \/><figcaption>Jos\u00e9 Mar\u00eda de Torrijos, 1826, por el duque de Rivas, Madrid, Museo de Historia.<\/figcaption><\/figure>\n<div class=\"td-g-rec td-g-rec-id-content_inline td_uid_2_5ce917ea24204_rand td_block_template_9 \"><\/div>\n<p>Su memoria fue rehabilitada durante la regencia de Mar\u00eda Cristina. Tambi\u00e9n se hicieron grabados, alguno de los cuales est\u00e1n en la exposici\u00f3n, e incluso se levant\u00f3 un obelisco en su memoria en la malague\u00f1a plaza de la Merced.<\/p>\n<p><strong>Antonio Gisbert fue director del Museo del Prado\u00a0<\/strong>entre 1868 y\u00a01873, y en\u00a01885 propuso la realizaci\u00f3n del cuadro al ministro de Fomento, aprovechando que, en 1881, el Congreso hab\u00eda adquirido la carta que Torrijos le dirigi\u00f3 a su esposa antes de morir. El atrevimiento de Gisbert fue grande, pues el antecedente a superar era\u00a0<em>Los fusilamientos de la Moncloa,\u00a0<\/em>de Goya.<\/p>\n<p>El trabajo de Gisbert es una\u00a0<strong>alegor\u00eda de la dignidad ante\u00a0la muerte<\/strong>. Para ello, flexibiliz\u00f3 la\u00a0veracidad de los hechos, ya que Torrijos y sus compa\u00f1eros fueron los primeros fusilados, y en el cuadro aparecen por el suelo varios cad\u00e1veres. Tambi\u00e9n sabemos que fueron abatidos de rodillas y que no se dej\u00f3 a Torrijos dar la orden de disparar, aunque Gisbert deja clara su condici\u00f3n de militar por las botas que calza.<\/p>\n<p>La escena transcurre en una atm\u00f3sfera de serena nobleza. La mano suelta en primer plano recuerda a\u00a0<strong>G\u00e9ricault\u00a0<\/strong>y el sombrero de copa est\u00e1 sacado de un cuadro de\u00a0<strong>Ger\u00f4me<\/strong>. Con sus rostros serenos, los que van a morir se llenan de dignidad.\u00a0<strong>Sabemos que murieron dando vivas a la libertad, atados, vendados y de rodillas.<\/strong>\u00a0<strong>Este cuadro es el equivalente a un resumen de nuestra historia durante el siglo XIX.<\/strong><\/p>\n","protected":false},"excerpt":{"rendered":"<p>Autor: Juan Ignacio Samperio Iturralde Fuente: La Aventura de la Historia. 13\/05\/2019 Cuando se cumplen 150 a\u00f1os de la nacionalizaci\u00f3n de las colecciones del Prado, el museo dedica una exposici\u00f3n,\u00a0El fusilamiento de Torrijos y sus compa\u00f1eros,\u00a01886-88. Una pintura para una naci\u00f3n, al famoso cuadro de\u00a0Gisbert.\u00a0La obra fue un\u00a0encargo del Gobierno espa\u00f1ol presidido por el liberal &hellip; <a href=\"https:\/\/blogsaverroes.juntadeandalucia.es\/aldeacordoba\/?p=808\" class=\"more-link\">Continuar leyendo<span class=\"screen-reader-text\"> \u00abTorrijos, la forja de un h\u00e9roe liberal\u00bb<\/span><\/a><\/p>\n","protected":false},"author":168,"featured_media":0,"comment_status":"open","ping_status":"open","sticky":false,"template":"","format":"standard","meta":{"ngg_post_thumbnail":0,"footnotes":""},"categories":[224381,224397],"tags":[224600,224927,224932],"aioseo_notices":[],"_links":{"self":[{"href":"https:\/\/blogsaverroes.juntadeandalucia.es\/aldeacordoba\/index.php?rest_route=\/wp\/v2\/posts\/808"}],"collection":[{"href":"https:\/\/blogsaverroes.juntadeandalucia.es\/aldeacordoba\/index.php?rest_route=\/wp\/v2\/posts"}],"about":[{"href":"https:\/\/blogsaverroes.juntadeandalucia.es\/aldeacordoba\/index.php?rest_route=\/wp\/v2\/types\/post"}],"author":[{"embeddable":true,"href":"https:\/\/blogsaverroes.juntadeandalucia.es\/aldeacordoba\/index.php?rest_route=\/wp\/v2\/users\/168"}],"replies":[{"embeddable":true,"href":"https:\/\/blogsaverroes.juntadeandalucia.es\/aldeacordoba\/index.php?rest_route=%2Fwp%2Fv2%2Fcomments&post=808"}],"version-history":[{"count":0,"href":"https:\/\/blogsaverroes.juntadeandalucia.es\/aldeacordoba\/index.php?rest_route=\/wp\/v2\/posts\/808\/revisions"}],"wp:attachment":[{"href":"https:\/\/blogsaverroes.juntadeandalucia.es\/aldeacordoba\/index.php?rest_route=%2Fwp%2Fv2%2Fmedia&parent=808"}],"wp:term":[{"taxonomy":"category","embeddable":true,"href":"https:\/\/blogsaverroes.juntadeandalucia.es\/aldeacordoba\/index.php?rest_route=%2Fwp%2Fv2%2Fcategories&post=808"},{"taxonomy":"post_tag","embeddable":true,"href":"https:\/\/blogsaverroes.juntadeandalucia.es\/aldeacordoba\/index.php?rest_route=%2Fwp%2Fv2%2Ftags&post=808"}],"curies":[{"name":"wp","href":"https:\/\/api.w.org\/{rel}","templated":true}]}}