{"id":834,"date":"2019-07-31T08:36:00","date_gmt":"2019-07-31T07:36:00","guid":{"rendered":"https:\/\/jmoragahc.wordpress.com\/?p=834"},"modified":"2019-07-31T08:36:00","modified_gmt":"2019-07-31T07:36:00","slug":"cien-anos-de-versalles-puede-un-tratado-de-paz-desatar-una-guerra","status":"publish","type":"post","link":"https:\/\/blogsaverroes.juntadeandalucia.es\/aldeacordoba\/?p=834","title":{"rendered":"Cien a\u00f1os de Versalles: \u00bfpuede un tratado de paz desatar una guerra?"},"content":{"rendered":"\n<figure class=\"wp-block-image size-large\"><img decoding=\"async\" src=\"https:\/\/www.vozpopuli.com\/2019\/06\/26\/altavoz\/cultura\/Soldados-britanicos-Primera-Guerra-Mundial_1258084245_13580285_1020x574.jpg\" alt=\"\" \/><figcaption> Soldados brit\u00e1nicos en la Primera Guerra Mundial. <\/figcaption><\/figure>\n\n\n\n<p><strong>Autora<\/strong>:  <a href=\"https:\/\/www.vozpopuli.com\/karina_sainz_borgo\/\">KARINA SAINZ BORGO<\/a> <\/p>\n\n\n\n<p><strong>Fuente<\/strong>: <em><a href=\"https:\/\/www.vozpopuli.com\/altavoz\/cultura\/cien-anos-tratado-versalles_0_1258075348.html\">Vozpopuli<\/a><\/em>, 28\/06\/2019<\/p>\n\n\n\n<p style=\"text-align:justify\">El mundo entero se refiri\u00f3 a ella como la&nbsp;<strong>Gran Guerra<\/strong>, porque nadie fue capaz de imaginar que existir\u00eda una segunda. Fue una carnicer\u00eda: nueve millones de combatientes muertos, hambre, epidemias y migraciones forzadas. Incluso quienes ganaron la guerra, Francia y Gran Breta\u00f1a, la perdieron: acumularon m\u00e1s de dos millones de muertos y acabaron endeudados. Se trata de la&nbsp;<a href=\"https:\/\/www.vozpopuli.com\/altavoz\/cultura\/Culturas-Literatura-Historia-Primera_Guerra_Mundial_0_662033846.html\" target=\"_blank\" rel=\"noreferrer noopener\">Primera Guerra Mundial<\/a>, aquel infierno que comenz\u00f3 en 1914 y acab\u00f3, de manera definitiva, con el&nbsp;<strong>Tratado de Paz de Versalles<\/strong>, de cuya firma, el 28 de junio de 1919, se cumplen ahora cien a\u00f1os.<\/p>\n\n\n\n<p style=\"text-align:justify\">No est\u00e1\u00a0<strong>Europa<\/strong>\u00a0para celebraciones y mucho menos la de este documento, a quienes muchos atribuyen la g\u00e9nesis de los nacionalismos, fraguados bajo el nuevo orden impuesto por los aliados tras la disoluci\u00f3n de los\u00a0<strong>cuatro imperios<\/strong>\u00a0m\u00e1s importantes hasta entonces en el continente. No todas las miradas son apocal\u00edpticas y si alguien conoce a fondo los a\u00f1os de entreguerras en Europa es el historiador\u00a0<strong>Juli\u00e1n Casanovas<\/strong>, catedr\u00e1tico de Historia Contempor\u00e1nea de la Universidad de Zaragoza y profesor de la Central European University de Budapest, quien habla en esta entrevista acerca de lo que significa hoy ese aniversario en la\u00a0<strong>Europa del Brexit.<\/strong><\/p>\n\n\n\n<blockquote class=\"wp-block-quote\"><p>\u00bfDe qu\u00e9 forma las cl\u00e1usulas de Versalles propiciaron el ascenso de los fascismos y los populismos?<\/p><\/blockquote>\n\n\n\n<p style=\"text-align:justify\">Las negociaciones del&nbsp;<strong>Tratado de Versalles<\/strong>&nbsp;fueron largas y en ellas no no participaron los perdedores. Alemania se neg\u00f3 a firmar el documento preliminar, por considerar que en \u00e9l estaban concitados todos los elementos para su hundimiento. Sin embargo, termin\u00f3 por acatarlo. Los gobiernos aliados la declararon como causante y responsable de todas las p\u00e9rdidas y los da\u00f1os sufridos:&nbsp;<strong>6.500 millones de libras<\/strong>, con sus intereses. A eso se sum\u00f3 la devoluci\u00f3n a Francia de Alsacia y Lorena, la p\u00e9rdida de las minas del Sarre, la cesi\u00f3n de territorios a B\u00e9lgica, Dinamarca y Polonia, as\u00ed como la p\u00e9rdida de sus colonias y la limitaci\u00f3n de su ej\u00e9rcito a 100.000 soldados.<\/p>\n\n\n\n<p style=\"text-align:justify\">\u00bfDe qu\u00e9 forma las cl\u00e1usulas de Versalles propiciaron el ascenso de los fascismos y los populismos? \u00bfCu\u00e1ntas de aquellas identidades nacionales son hoy asuntos irresueltos? \u00bfPuede un tratado de paz provocar una guerra a\u00fan peor? \u201cLa historia depende de c\u00f3mo la viven los ciudadanos en el presente\u201d, esa es una de las respuestas que&nbsp;<strong>Juli\u00e1n Casanova<\/strong>&nbsp;aporta al momento de evaluar este aniversario. El catedr\u00e1tico tiene perspectiva suficiente para evaluar el centenario de un documento que aporta claves sobre la Europa actual. Es autor, entre otros libros, de&nbsp;<em>Europa contra Europa, 1914-1945<\/em>&nbsp;(Cr\u00edtica),&nbsp;<em>El anarcosindicalismo en Espa\u00f1a, 1931-1939<\/em>&nbsp;o su m\u00e1s reciente ensayo&nbsp;<em>La venganza de los siervos. Rusia, 1917<\/em>&nbsp;(Cr\u00edtica, 2017).<\/p>\n\n\n\n<p><strong>\u00bfFue el Tratado de paz de Versalles la g\u00e9nesis de otra guerra, la Segunda Guerra Mundial?<\/strong><\/p>\n\n\n\n<p style=\"text-align:justify\">Eso est\u00e1 bastante estudiado y descartado. El Tratado de Versalles tiene una influencia fundamental en el reparto de Europa: se quiebran los imperios y se crean nuevas naciones en Europa. Hasta la crisis de 1929, Alemania se sigue sintiendo derrotada, pero hasta ese entonces Hitler es un personaje marginal. No podemos decir que exista una relaci\u00f3n directa entre el Tratado de Versalles y una declaraci\u00f3n de guerra veinte a\u00f1os despu\u00e9s.<\/p>\n\n\n\n<blockquote class=\"wp-block-quote\"><p>\u00abNo podemos decir que exista una relaci\u00f3n directa entre el Tratado de Versalles y una declaraci\u00f3n de guerra veinte a\u00f1os despu\u00e9s\u00bb<\/p><\/blockquote>\n\n\n\n<p><strong>\u00bfPor qu\u00e9 dur\u00f3 tan poco la paz de Versalles? \u00bfFue la crisis de 1929 un desencadenante?<\/strong><\/p>\n\n\n\n<p style=\"text-align:justify\">El Tratado de Versalles fue una soluci\u00f3n que no funcion\u00f3 bien en la Europa de entonces, aquella que sobrevino al fin de la Primera Guerra y que abarc\u00f3 tres elementos: &nbsp;una posguerra con paramilitarismo, lo cual abri\u00f3 un proceso de violencia pol\u00edtica sin precedentes; un contexto de una guerra que fragua la Revoluci\u00f3n Rusa, un fen\u00f3meno que genera miedo en las clases dominantes de Europa, al mismo tiempo que suscita esperanza en las clases despose\u00eddas y con un impacto internacional tremendo, y el tercer aspecto, que tiene que ver con la aparici\u00f3n de un concepto llamado fascismo.<\/p>\n\n\n\n<blockquote class=\"wp-block-quote\"><p>\u00abEl crash del 29 tuvo una repercusi\u00f3n profunda en Europa. Eso explica por qu\u00e9 una guerra mayor se impone al Tratado de Versalles\u00bb<\/p><\/blockquote>\n\n\n\n<p><strong>\u00bfA qu\u00e9 se refiere exactamente?<\/strong><\/p>\n\n\n\n<p style=\"text-align:justify\">A la conquista del poder a manos de movimientos contrarrevolucionarios, con una tendencia de derechas y que terminan por dominar los grandes pa\u00edses de Europa que hab\u00edan perdido la guerra. Si a todo lo anterior se suma la crisis del 29, que guarda conexi\u00f3n con Versalles, por el hecho de que para ganar la guerra los aliados necesitaron cr\u00e9ditos, y la mayor\u00eda los pidieron a los EEUU, por lo que el crash del 29 tuvo una repercusi\u00f3n profunda en Europa. Eso explica por qu\u00e9 una guerra mayor se impone al Tratado de Versalles.<\/p>\n\n\n\n<p><strong>\u00bfPor qu\u00e9 el internacionalismo proletario no fren\u00f3 los nacionalismos que surgieron en toda Europa?<\/strong><\/p>\n\n\n\n<p style=\"text-align:justify\">El nacionalismo es mucho m\u00e1s importante que el internacionalismo, que era un sue\u00f1o de solidaridad, pero en 1914 todos los movimientos europeos dejaron ese sue\u00f1o a un lado. Los nacionalismos generaron movimientos contrarrevolucionarios mucho m\u00e1s fuertes.<\/p>\n\n\n\n<p><strong>\u00bfNo le resulta familiar esta eclosi\u00f3n de nacionalismos en Europa? \u00bfCien a\u00f1os despu\u00e9s la vieja Europa lucha con los mismos fantasmas?<\/strong><\/p>\n\n\n\n<p style=\"text-align:justify\">Hay ecos de la historia que est\u00e1n regresando, pero hay que tomar en cuenta varias cosas: la historia no es de direcci\u00f3n \u00fanica, hay cosas que no se superan para siempre. Hoy existe una mezcla de nacionalismo y populismo, junto con pol\u00edticas de exclusi\u00f3n de inmigrantes y una crisis de expectativas en las nuevas generaciones. Aunque existen todos estos elementos, adem\u00e1s de la crisis de la democracia, mientras eso no se plasme en violencia pol\u00edtica podemos plantear una correcci\u00f3n o una mejora . La historia depende c\u00f3mo la viven los ciudadanos en el presente.<\/p>\n\n\n\n<blockquote class=\"wp-block-quote\"><p>\u00abHay ecos de la historia que est\u00e1n regresando, pero la historia no es de direcci\u00f3n \u00fanica, hay cosas que no se superan para siempre\u00bb<\/p><\/blockquote>\n\n\n\n<p><strong>\u00bfEn qu\u00e9 se parecen los problemas de la Europa que firm\u00f3 del Tratado de Versalles a la actual?<\/strong><\/p>\n\n\n\n<p style=\"text-align:justify\">Europa est\u00e1 mucho mejor preparada para afrontar problemas que en 1918 y 1919. En aquellos a\u00f1os, la democracia no ten\u00eda experiencia, el colonialismo era muy importante y las sociedades civiles est\u00e1n hoy mucho m\u00e1s fuertes. En aquel momento las mujeres ni siquiera pod\u00edan votar, no exist\u00edan leyes sociales, no hab\u00eda leyes que amparen temas esenciales asociados con la igualdad de g\u00e9nero, lo cual no quiere decir que la historia no tenga ecos, pero la democracia est\u00e1 mucho m\u00e1s favorecida hoy. Est\u00e1 en vigilancia, es cierto, pero en el 1919 hab\u00eda una cantidad importante de detonantes que pod\u00edan hacerla saltar por los aires.<\/p>\n\n\n\n<p><strong>Adem\u00e1s de Alemania, la que peor lo pas\u00f3, \u00bfcu\u00e1les fueron los pa\u00edses m\u00e1s perjudicados en el nuevo orden creado por el Tratado de Versalles?<\/strong><\/p>\n\n\n\n<p style=\"text-align:justify\">Alemania perdi\u00f3 15% de territorio y poblaci\u00f3n, Hungr\u00eda perdi\u00f3 un 60%&#8230; mucho, pero mucho m\u00e1s. Sin embargo, Alemania era el referente. El tratado de Versalles no fue solo lo que ocurri\u00f3 en Par\u00eds, hubo muchos m\u00e1s: Trian\u00f3n, SaintGarmain, Neully&#8230; Los tratados se dictaron, pero no se cumplieron. La paz de Par\u00eds crea un precedente, porque cuando se juntan los vencedores en 1945 no quieren repetir el mismo error, e incorporan a algunos de los derrotados. &nbsp;<\/p>\n\n\n\n<blockquote class=\"wp-block-quote\"><p>\u00abLos tratados se dictaron, pero no se cumplieron. La paz de Par\u00eds crea un precedente. En 1945, los aliados no quisieron repetir los mismos errores\u00bb<\/p><\/blockquote>\n\n\n\n<p><strong>En Europa se crearon nuevos Estados basados supuestamente en los principios de la nacionalidad. \u00bfFue un error?<\/strong><\/p>\n\n\n\n<p style=\"text-align:justify\">Si comparamos el mapa de 1919 con el actual es muy similar. Otra cosa es que hablemos de la invasi\u00f3n de Hitler o el dominio Sovi\u00e9tico, desde ese punto de vista el tratado no es el fracaso. Lo que ha pasado es que la quiebra en 1989 del URSS y la Yugoslavia, junto la crisis de expectativas en muchos de esos pa\u00edses, porque la democracia no trajo toda la igualdad que esperaban, todo eso ha creado una reacci\u00f3n hacia la democracia y una vuelta a los nacionalismos conservadores contrarios a la igualdad y la redistribuci\u00f3n de la riqueza. Hoy no hay nostalgia de los comunismos, pero s\u00ed de los sistema autoritarios de la derecha.<\/p>\n\n\n\n<p><strong>\u00bfEuropa se derechiza?<\/strong><\/p>\n\n\n\n<p style=\"text-align:justify\">La derechizaci\u00f3n de Europa va en la misma l\u00ednea de las cosas que ocurren en Am\u00e9rica Latina con Bolsonaro y Trump a la cabeza. Pero m\u00e1s que derechizaci\u00f3n hay tendencias hacia el autoritarismo y las pol\u00edticas de exclusi\u00f3n a quienes no se consideran parte pura, por decirlo, de la sociedad. Le podemos llamar ultraderecha o no pero huelen a cosas que hemos visto en aquella Europa.<\/p>\n\n\n\n<p><strong>\u00bfEn qu\u00e9 se parece la Europa de entonces a la de hoy?<\/strong><\/p>\n\n\n\n<p style=\"text-align:justify\">La historia hay que conocerla. Tiene lecciones para la actualidad. Cuando a la Europa plantea pol\u00edticas nacionalistas frente a pol\u00edticas de igualdad se acerca a muchos de aquellos problemas, aquella Europa ten\u00eda un sentido de negociaci\u00f3n que los pol\u00edticos actuales deben retomar y del que deben aprender. Versalles es muy relevante, porque su fracaso marc\u00f3 el futuro de la Europa.<\/p>\n\n\n\n<div class=\"wp-block-image\"><figure class=\"aligncenter is-resized\"><img loading=\"lazy\" decoding=\"async\" src=\"https:\/\/www.vozpopuli.com\/2019\/06\/26\/altavoz\/cultura\/detalle-cubierta-clasico-Keynes_1258084293_13582222_660x997.jpg\" alt=\"Un detalle de la cubierta de este cl\u00e1sico de Keynes.\" width=\"487\" height=\"736\" \/><figcaption>Un detalle de la cubierta de este cl\u00e1sico de Keynes.<\/figcaption><\/figure><\/div>\n\n\n\n<h2 class=\"wp-block-heading\">Las consecuencias econ\u00f3micas de La Paz<\/h2>\n\n\n\n<p style=\"text-align:justify\">Enviado a Francia para participar en los preparativos del tratado de Versalles, Keynes se mostr\u00f3 en desacuerdo con lo que se pretend\u00eda hacer, porque pensaba que lo importante no era exigir reparaciones a los alemanes, sino reconstruir la econom\u00eda europea. Todas y cada una de esas razone las desocribi\u00f3 en las p\u00e1ginas de este ensayo. Seg\u00fan sus bi\u00f3grafos, es el mejor libro del economista brit\u00e1nico.&nbsp;<\/p>\n\n\n\n<p style=\"text-align:justify\">Keynes pensaba que la pol\u00edtica econ\u00f3mica era la herramienta clave para sacar a un pa\u00eds de la crisis.Su idea era que los gobiernos deb\u00edan tratar de estimular la demanda que hab\u00eda en la econom\u00eda, m\u00e1s que imponer cortapisas. &nbsp;La mejor manera de estimular la demanda ser\u00eda utilizar la pol\u00edtica fiscal, el d\u00e9ficit p\u00fablico.Bas\u00e1ndose en ese principio, critic\u00f3 la viabilidad de las sanciones del Tratado de Versalles.&nbsp;<\/p>\n","protected":false},"excerpt":{"rendered":"<p>Autora: KARINA SAINZ BORGO Fuente: Vozpopuli, 28\/06\/2019 El mundo entero se refiri\u00f3 a ella como la&nbsp;Gran Guerra, porque nadie fue capaz de imaginar que existir\u00eda una segunda. Fue una carnicer\u00eda: nueve millones de combatientes muertos, hambre, epidemias y migraciones forzadas. Incluso quienes ganaron la guerra, Francia y Gran Breta\u00f1a, la perdieron: acumularon m\u00e1s de dos &hellip; <a href=\"https:\/\/blogsaverroes.juntadeandalucia.es\/aldeacordoba\/?p=834\" class=\"more-link\">Continuar leyendo<span class=\"screen-reader-text\"> \u00abCien a\u00f1os de Versalles: \u00bfpuede un tratado de paz desatar una guerra?\u00bb<\/span><\/a><\/p>\n","protected":false},"author":168,"featured_media":0,"comment_status":"open","ping_status":"open","sticky":false,"template":"","format":"standard","meta":{"ngg_post_thumbnail":0,"footnotes":""},"categories":[224385],"tags":[224837,224931],"aioseo_notices":[],"_links":{"self":[{"href":"https:\/\/blogsaverroes.juntadeandalucia.es\/aldeacordoba\/index.php?rest_route=\/wp\/v2\/posts\/834"}],"collection":[{"href":"https:\/\/blogsaverroes.juntadeandalucia.es\/aldeacordoba\/index.php?rest_route=\/wp\/v2\/posts"}],"about":[{"href":"https:\/\/blogsaverroes.juntadeandalucia.es\/aldeacordoba\/index.php?rest_route=\/wp\/v2\/types\/post"}],"author":[{"embeddable":true,"href":"https:\/\/blogsaverroes.juntadeandalucia.es\/aldeacordoba\/index.php?rest_route=\/wp\/v2\/users\/168"}],"replies":[{"embeddable":true,"href":"https:\/\/blogsaverroes.juntadeandalucia.es\/aldeacordoba\/index.php?rest_route=%2Fwp%2Fv2%2Fcomments&post=834"}],"version-history":[{"count":0,"href":"https:\/\/blogsaverroes.juntadeandalucia.es\/aldeacordoba\/index.php?rest_route=\/wp\/v2\/posts\/834\/revisions"}],"wp:attachment":[{"href":"https:\/\/blogsaverroes.juntadeandalucia.es\/aldeacordoba\/index.php?rest_route=%2Fwp%2Fv2%2Fmedia&parent=834"}],"wp:term":[{"taxonomy":"category","embeddable":true,"href":"https:\/\/blogsaverroes.juntadeandalucia.es\/aldeacordoba\/index.php?rest_route=%2Fwp%2Fv2%2Fcategories&post=834"},{"taxonomy":"post_tag","embeddable":true,"href":"https:\/\/blogsaverroes.juntadeandalucia.es\/aldeacordoba\/index.php?rest_route=%2Fwp%2Fv2%2Ftags&post=834"}],"curies":[{"name":"wp","href":"https:\/\/api.w.org\/{rel}","templated":true}]}}