{"id":848,"date":"2019-09-06T09:53:00","date_gmt":"2019-09-06T08:53:00","guid":{"rendered":"https:\/\/jmoragahc.wordpress.com\/?p=848"},"modified":"2019-09-06T09:53:00","modified_gmt":"2019-09-06T08:53:00","slug":"75-aniversario-de-la-liberacion-de-paris","status":"publish","type":"post","link":"https:\/\/blogsaverroes.juntadeandalucia.es\/aldeacordoba\/?p=848","title":{"rendered":"75 aniversario de la liberaci\u00f3n de Paris"},"content":{"rendered":"\n<figure class=\"wp-block-image size-large\"><img decoding=\"async\" src=\"https:\/\/www.nuevatribuna.es\/media\/nuevatribuna\/images\/2019\/08\/24\/2019082407502619172.jpg\" alt=\"\" \/><\/figure>\n\n\n\n<p><strong>Autor<\/strong>:  ROMAN ECHANIZ <\/p>\n\n\n\n<p><strong>Fuente<\/strong>: <em><a href=\"https:\/\/www.nuevatribuna.es\/opinion\/roman-echaniz\/fechas-conmemora-75-aniversario-liberacion-paris-parte-aliados-inmundicia-nazi\/20190824074259165542.html\">nuevatribuna.es<\/a><\/em> 24\/08\/2019<\/p>\n\n\n\n<p style=\"text-align:justify\">En estas fechas, se conmemora el 75 aniversario de la liberaci\u00f3n de Paris por parte de los aliados de la inmundicia nazi.<\/p>\n\n\n\n<p style=\"text-align:justify\">El primer cuerpo aliado en entrar fue 9.\u00aa Compa\u00f1\u00eda&nbsp;de la 2.\u00aa Divisi\u00f3n Blindada de la&nbsp;Francia Libre, tambi\u00e9n conocida como&nbsp;Divisi\u00f3n Leclerc, la llamada compa\u00f1\u00eda Nueve compuesta por republicanos espa\u00f1oles. Fueron los carros bautizados como Guadalajara, Teruel, Don Quijote y otros,los primeros en entrar a la ciudad de Paris. Ultrajada, martirizada,pero liberada entre otros por quienes hab\u00edan perdido su libertad,tiempo atr\u00e1s. Los republicanos espa\u00f1oles de la Francia Libre.<\/p>\n\n\n\n<blockquote class=\"wp-block-quote\"><p>Ahora, cada 24 de agosto, se celebra una ceremonia oficial en el jard\u00edn bautizado Jard\u00edn de los combatientes de la Nueve con motivo de las celebraciones de la Liberaci\u00f3n de Par\u00eds<\/p><\/blockquote>\n\n\n\n<p style=\"text-align:justify\">Cuando el general de Gaulle paso a saludar a los militares combatientes, revistidos de sus uniformes, se paro delante de un militar que llevaba unas medallas espa\u00f1olas al lado de las francesas, y el general pregunto sonriente pero con el ce\u00f1o fruncido,<br><em>-\u00bf Cuando hab\u00e9is entrado en la resistencia?&nbsp;<\/em><\/p>\n\n\n\n<p>La contestaci\u00f3n fue breve directa, respetuosa con un impecable saludo, de soldado a soldado:<\/p>\n\n\n\n<p><em>-Antes que usted, mi general&nbsp;<\/em><\/p>\n\n\n\n<figure class=\"wp-block-image\"><img decoding=\"async\" src=\"https:\/\/www.nuevatribuna.es\/media\/nuevatribuna\/images\/2019\/08\/24\/\/2019082407504331767.jpg\" alt=\"\" \/><\/figure>\n\n\n\n<p style=\"text-align:justify\">Como dice Diego de Lora, hijo del Capitan e insigne mas\u00f3n Cristobal de Lora asesinado a los pocos dias de la rebelion fascista \u00abel laconismo de la respuesta conlleva todo. Rigor, respeto de la jerarquia y esa austeridad de los espa\u00f1oles republicanos que ten\u00edan el pudor de los vencidos, porqu\u00e9 no pudieron cumplir su compromiso\u00bb.\u00a0<\/p>\n\n\n\n<p style=\"text-align:justify\">Hubo que esperar a agosto del 2004 para que &nbsp;Par\u00eds&nbsp; homenajeara republicanos espa\u00f1oles de la Nueve.<br><br>El 25 de agosto de 2012, durante la celebraci\u00f3n del 68 aniversario de la Liberaci\u00f3n de Par\u00eds, una&nbsp;bandera republicana particip\u00f3 en los festejos a modo de reconocimiento siendo reflejado&nbsp;este hecho en el discurso del&nbsp;Presidente de la Rep\u00fablica francesa, el socialista&nbsp;Fran\u00e7ois Hollande.<br><br>Ahora, cada 24 de agosto, se celebra una ceremonia oficial en el jard\u00edn bautizado Jard\u00edn de los combatientes de la Nueve con motivo de las celebraciones de la Liberaci\u00f3n de Par\u00eds.<br><br>A finales de 2016, la alcaldesa de Madrid&nbsp;Manuela Carmena&nbsp;design\u00f3&nbsp;tambi\u00e9n un jard\u00edn municipal como Jard\u00edn de los luchadores de La Nueve. Fue inaugurado en abril de 2017 por las alcaldesas de Madrid y Par\u00eds, Manuela Carmena y Anne Hidalgo, socialista de origen espa\u00f1ol.<\/p>\n\n\n\n<figure class=\"wp-block-image\"><img decoding=\"async\" src=\"https:\/\/www.nuevatribuna.es\/media\/nuevatribuna\/images\/2019\/08\/24\/\/2019082407503533463.jpg\" alt=\"\" \/><\/figure>\n\n\n\n<p style=\"text-align:justify\">Fueron los Republicanos Espa\u00f1oles quienes salvaron la dignidad de los espa\u00f1oles ante la barbarie nazi. Ellos que lucharon por la libertad fuera de nuestra patria al haber ca\u00eddo Espa\u00f1a en manos del Fascismo.\u00a0<br><br>No es pol\u00edtica. Es Memoria.\u00a0<\/p>\n","protected":false},"excerpt":{"rendered":"<p>Autor: ROMAN ECHANIZ Fuente: nuevatribuna.es 24\/08\/2019 En estas fechas, se conmemora el 75 aniversario de la liberaci\u00f3n de Paris por parte de los aliados de la inmundicia nazi. El primer cuerpo aliado en entrar fue 9.\u00aa Compa\u00f1\u00eda&nbsp;de la 2.\u00aa Divisi\u00f3n Blindada de la&nbsp;Francia Libre, tambi\u00e9n conocida como&nbsp;Divisi\u00f3n Leclerc, la llamada compa\u00f1\u00eda Nueve compuesta por republicanos &hellip; <a href=\"https:\/\/blogsaverroes.juntadeandalucia.es\/aldeacordoba\/?p=848\" class=\"more-link\">Continuar leyendo<span class=\"screen-reader-text\"> \u00ab75 aniversario de la liberaci\u00f3n de Paris\u00bb<\/span><\/a><\/p>\n","protected":false},"author":168,"featured_media":0,"comment_status":"open","ping_status":"open","sticky":false,"template":"","format":"standard","meta":{"ngg_post_thumbnail":0,"footnotes":""},"categories":[224390],"tags":[224683,224684,224738],"aioseo_notices":[],"_links":{"self":[{"href":"https:\/\/blogsaverroes.juntadeandalucia.es\/aldeacordoba\/index.php?rest_route=\/wp\/v2\/posts\/848"}],"collection":[{"href":"https:\/\/blogsaverroes.juntadeandalucia.es\/aldeacordoba\/index.php?rest_route=\/wp\/v2\/posts"}],"about":[{"href":"https:\/\/blogsaverroes.juntadeandalucia.es\/aldeacordoba\/index.php?rest_route=\/wp\/v2\/types\/post"}],"author":[{"embeddable":true,"href":"https:\/\/blogsaverroes.juntadeandalucia.es\/aldeacordoba\/index.php?rest_route=\/wp\/v2\/users\/168"}],"replies":[{"embeddable":true,"href":"https:\/\/blogsaverroes.juntadeandalucia.es\/aldeacordoba\/index.php?rest_route=%2Fwp%2Fv2%2Fcomments&post=848"}],"version-history":[{"count":0,"href":"https:\/\/blogsaverroes.juntadeandalucia.es\/aldeacordoba\/index.php?rest_route=\/wp\/v2\/posts\/848\/revisions"}],"wp:attachment":[{"href":"https:\/\/blogsaverroes.juntadeandalucia.es\/aldeacordoba\/index.php?rest_route=%2Fwp%2Fv2%2Fmedia&parent=848"}],"wp:term":[{"taxonomy":"category","embeddable":true,"href":"https:\/\/blogsaverroes.juntadeandalucia.es\/aldeacordoba\/index.php?rest_route=%2Fwp%2Fv2%2Fcategories&post=848"},{"taxonomy":"post_tag","embeddable":true,"href":"https:\/\/blogsaverroes.juntadeandalucia.es\/aldeacordoba\/index.php?rest_route=%2Fwp%2Fv2%2Ftags&post=848"}],"curies":[{"name":"wp","href":"https:\/\/api.w.org\/{rel}","templated":true}]}}