{"id":857,"date":"2020-10-20T10:13:00","date_gmt":"2020-10-20T09:13:00","guid":{"rendered":"https:\/\/jmoragahc.wordpress.com\/?p=857"},"modified":"2020-10-20T10:13:00","modified_gmt":"2020-10-20T09:13:00","slug":"septiembre-tiene-el-rostro-de-allende","status":"publish","type":"post","link":"https:\/\/blogsaverroes.juntadeandalucia.es\/aldeacordoba\/?p=857","title":{"rendered":"Septiembre tiene el rostro de Allende"},"content":{"rendered":"\n<figure class=\"wp-block-image size-large\"><img decoding=\"async\" src=\"https:\/\/www.nuevatribuna.es\/asset\/thumbnail,1140,1140,center,center\/\/media\/nuevatribuna\/images\/2019\/09\/07\/2019090712295993453.jpg\" alt=\"\" \/><figcaption>Salvador Allende. 1972<\/figcaption><\/figure>\n\n\n\n<p><strong>Autor<\/strong>: <strong>Gustavo Espinoza M<\/strong>.<\/p>\n\n\n\n<p><strong>Fuente<\/strong>: <a rel=\"noreferrer noopener\" href=\"https:\/\/www.nuevatribuna.es\/articulo\/global\/septiembre-tiene-rostro-allende\/20190907121744165951.html\" target=\"_blank\">nuevatribuna.es  07\/09\/2019<\/a><\/p>\n\n\n\n<p>El 4 de septiembre de 1970&nbsp;<strong>Salvador Allende<\/strong>&nbsp;alcanz\u00f3 la primera mayor\u00eda en las elecciones generales celebradas en Chile. El 11 del mismo mes, en 1973, fue derrocado y asesinado mediante un golpe de Estado fascista desencadenado en su pa\u00eds. Pero Allende, no es s\u00f3lo una figura de Chile. Es de todos. Por eso se dice que septiembre, tiene el rostro de Allende.<\/p>\n\n\n\n<p>Isabel, la hija el Presidente ca\u00eddo en combate asegur\u00f3 que, muchos a\u00f1os estuvo convencida que su padre fue asesinado por los militares que lo derrocaron.&nbsp; Dijo, adem\u00e1s, que s\u00f3lo tras la exhumaci\u00f3n de sus restos, en 1990, admiti\u00f3 el suicidio como la forma de su muerte.<\/p>\n\n\n\n<p>Despu\u00e9s siendo ya Presidenta de la C\u00e1mara de Diputados de su pa\u00eds public\u00f3 sus declaraciones en \u00abEl Mercurio\u00bb, el vocero m\u00e1s calificado de la derecha chilena, y c\u00f3mplice en su momento de la tragedia del 73.<\/p>\n\n\n\n<p>Como se recuerda, ese diario \u2013\u00edcono de la prensa tradicional chilena- fue financiado por la Agencia Central de Inteligencia de los Estados Unidos y su propietario, el se\u00f1or&nbsp;<strong>Agust\u00edn Edwards<\/strong>, recibi\u00f3 gruesas sumas de dinero por su campa\u00f1a contra el gobierno de la Unidad Popular.<\/p>\n\n\n\n<p>Se dice que el tiempo resta\u00f1a todas las heridas, y eso puede ser verdad. Pero tiene un l\u00edmite. No debe borrar de la mente de las personas su sentido de realidad, ni su conciencia. Hoy, debi\u00e9ramos admitir que hay muchas formas de matar a un hombre. Una de ellas, es obligarlo a pegarse un tiro.<\/p>\n\n\n\n<p>Los sucesos que ocurrieron en La Moneda hace 46 a\u00f1os, han sido motivo de prolija investigaci\u00f3n, pero a\u00fan subsisten diversos interrogantes. Nada, sin embargo, borrar\u00e1 de la conciencia de los pueblos la imagen de un Presidente resuelto y heroico, que enfrent\u00f3 con las armas en la mano los \u00faltimos momentos de una vida -la suya- que inmol\u00f3 en defensa de su pueblo.<\/p>\n\n\n\n<p>Nada, tampoco, borrar\u00e1 el hecho que el Golpe fue preparado y digitado desde Washington por el presidente Nixon con la participaci\u00f3n activa de&nbsp;<strong>Henry Kissinger<\/strong>, operado por la Agencia Central de Inteligencia -la CIA- y bautizado con el nombre de \u201cProyecto FUBELT\u201d<\/p>\n\n\n\n<p>Muy pronto se cumplir\u00e1 un nuevo aniversario de lo ocurrido. Muchos acontecimientos se recuerdan en una misma fecha. Es, en efecto, el aniversario del golpe fascista; la ca\u00edda del gobierno de la Unidad Popular; el brutal asesinato de centenares de chilenos abatidos en las calles y en las poblaciones de un pa\u00eds al que&nbsp;<strong>Pablo Neruda<\/strong>&nbsp;definiera como \u201cun largo p\u00e9talo de mar, y vino, y nieve\u201d;&nbsp; la detenci\u00f3n de miles m\u00e1s, que fueron confinados en centros clandestinos de reclusi\u00f3n, y luego torturados y asesinados.<\/p>\n\n\n\n<p>Para los peruanos, el 11 de septiembre de 1973 fue un d\u00eda aciago. Una advertencia de lo que preparaba el imperialismo en el concierto latinoamericano contra quienes osaban levantar su voz, y enfrentar su dominio.<\/p>\n\n\n\n<p>El fascismo en Chile no fue ciertamente el primer paso en la lucha del gran capital contra los pueblos. Ya hab\u00eda ocurrido, en marzo de 1964, el golpe de Estado de los militares de la Escuela Superior de Guerra del Brasil, liderado por&nbsp;<strong>Castello Branco.<\/strong>&nbsp;Y siete a\u00f1os despu\u00e9s, la sangre hab\u00eda corrido por las calles de La Paz, cuando los militares golpistas dieron al traste con el r\u00e9gimen progresista de&nbsp;<strong>Juan Jos\u00e9 Torres.<\/strong><\/p>\n\n\n\n<p>En junio del mismo 73, otro pa\u00eds hermano, la tradicional sociedad de Uruguay -la Suiza de Am\u00e9rica- hab\u00eda ca\u00eddo abatida por los sables. Se trataba entonces de un nuevo paso en la estrategia que se afirmar\u00eda en el Per\u00fa con la ca\u00edda de&nbsp;<strong>Velasco Alvarado<\/strong>, y con el zarpazo fascista de Videla en Argentina.<\/p>\n\n\n\n<p>Las dictaduras del Cono Sur \u2013Plan C\u00f3ndor incluido- abrieron un abismo de sangre en las sociedades latinoamericanas de fines del siglo pasado, pero se proyectan a\u00fan en nuestro tiempo. Reg\u00edmenes aviesos, como el de&nbsp;<strong>Alberto Fujimori<\/strong>; administraciones perversas, como las de<strong>&nbsp;Carlos Andr\u00e9s P\u00e9rez<\/strong>&nbsp;en Venezuela; o<strong>&nbsp;\u00c1lvaro Uribe<\/strong>, en Colombia; fueron el pre\u00e1mbulo de reg\u00edmenes repudiables como los de&nbsp;<strong>Bolsonaro, Pi\u00f1era o Iv\u00e1n Duque,<\/strong>&nbsp;hoy.<\/p>\n\n\n\n<p>El 11 de septiembre, entonces, no es s\u00f3lo un aniversario. Es tambi\u00e9n un s\u00edmbolo porque despu\u00e9s fueron cambiando las cosas. Ahora, algunos de los asesinos de ayer, viven en la secuencia de sus condenas; pero otros mantienen vigencia, y expectativas de Poder.&nbsp; En muchos lugares se ha afirmado la conciencia de los pueblos, pero en otros, a\u00fan subsiste el temor y la inseguridad.&nbsp;<\/p>\n\n\n\n<p>Lo que algunos no perdonan a Salvador Allende es su conducta resuelta, su firmeza, su alianza con los comunistas, su capacidad de sacrificio, que llega mucho m\u00e1s all\u00e1 de lo que esperan quienes hablan de su recuerdo y traicionan su memoria.<\/p>\n\n\n\n<p>Allende no podr\u00eda ser traicionado por los pueblos, del mismo modo como tampoco ser\u00e1 olvidado por quien tenga la conciencia clara y el coraz\u00f3n ardiente. Los pueblos, veneran su rostro.<\/p>\n","protected":false},"excerpt":{"rendered":"<p>Autor: Gustavo Espinoza M. Fuente: nuevatribuna.es 07\/09\/2019 El 4 de septiembre de 1970&nbsp;Salvador Allende&nbsp;alcanz\u00f3 la primera mayor\u00eda en las elecciones generales celebradas en Chile. El 11 del mismo mes, en 1973, fue derrocado y asesinado mediante un golpe de Estado fascista desencadenado en su pa\u00eds. Pero Allende, no es s\u00f3lo una figura de Chile. Es &hellip; <a href=\"https:\/\/blogsaverroes.juntadeandalucia.es\/aldeacordoba\/?p=857\" class=\"more-link\">Continuar leyendo<span class=\"screen-reader-text\"> \u00abSeptiembre tiene el rostro de Allende\u00bb<\/span><\/a><\/p>\n","protected":false},"author":168,"featured_media":0,"comment_status":"open","ping_status":"open","sticky":false,"template":"","format":"standard","meta":{"ngg_post_thumbnail":0,"footnotes":""},"categories":[224391,224393],"tags":[224486,224888],"aioseo_notices":[],"_links":{"self":[{"href":"https:\/\/blogsaverroes.juntadeandalucia.es\/aldeacordoba\/index.php?rest_route=\/wp\/v2\/posts\/857"}],"collection":[{"href":"https:\/\/blogsaverroes.juntadeandalucia.es\/aldeacordoba\/index.php?rest_route=\/wp\/v2\/posts"}],"about":[{"href":"https:\/\/blogsaverroes.juntadeandalucia.es\/aldeacordoba\/index.php?rest_route=\/wp\/v2\/types\/post"}],"author":[{"embeddable":true,"href":"https:\/\/blogsaverroes.juntadeandalucia.es\/aldeacordoba\/index.php?rest_route=\/wp\/v2\/users\/168"}],"replies":[{"embeddable":true,"href":"https:\/\/blogsaverroes.juntadeandalucia.es\/aldeacordoba\/index.php?rest_route=%2Fwp%2Fv2%2Fcomments&post=857"}],"version-history":[{"count":0,"href":"https:\/\/blogsaverroes.juntadeandalucia.es\/aldeacordoba\/index.php?rest_route=\/wp\/v2\/posts\/857\/revisions"}],"wp:attachment":[{"href":"https:\/\/blogsaverroes.juntadeandalucia.es\/aldeacordoba\/index.php?rest_route=%2Fwp%2Fv2%2Fmedia&parent=857"}],"wp:term":[{"taxonomy":"category","embeddable":true,"href":"https:\/\/blogsaverroes.juntadeandalucia.es\/aldeacordoba\/index.php?rest_route=%2Fwp%2Fv2%2Fcategories&post=857"},{"taxonomy":"post_tag","embeddable":true,"href":"https:\/\/blogsaverroes.juntadeandalucia.es\/aldeacordoba\/index.php?rest_route=%2Fwp%2Fv2%2Ftags&post=857"}],"curies":[{"name":"wp","href":"https:\/\/api.w.org\/{rel}","templated":true}]}}