{"id":859,"date":"2019-09-17T08:57:00","date_gmt":"2019-09-17T07:57:00","guid":{"rendered":"https:\/\/jmoragahc.wordpress.com\/?p=859"},"modified":"2019-09-17T08:57:00","modified_gmt":"2019-09-17T07:57:00","slug":"las-tres-guerras-contra-el-fascismo-de-un-calderero-anarquista","status":"publish","type":"post","link":"https:\/\/blogsaverroes.juntadeandalucia.es\/aldeacordoba\/?p=859","title":{"rendered":"Las tres guerras contra el fascismo de un calderero anarquista"},"content":{"rendered":"\n<figure class=\"wp-block-image size-large\"><img decoding=\"async\" src=\"https:\/\/www.publico.es\/files\/article_main\/\/files\/crop\/uploads\/2019\/08\/30\/5d692b7ba9eb6.r_1567346929272.0-0-648-334.jpg\" alt=\"\" \/><figcaption> Mart\u00edn Bernal, integrante de La Nueve y luchador antifascista.<br><\/figcaption><\/figure>\n\n\n\n<p><strong>Autor<\/strong>: Eduardo Bayona <\/p>\n\n\n\n<p><strong>Fuente<\/strong>: <a href=\"https:\/\/www.publico.es\/sociedad\/nueve-tres-guerras-fascismo-calderero-anarquista.html\">publico.es<\/a> 01\/09\/2019<\/p>\n\n\n\n<p style=\"text-align:justify\">Mart\u00edn Bernal luch\u00f3 tres veces contra el fascismo. Una, en la guerra civil, primero en la Columna Ascaso y despu\u00e9s en las tropas regulares de la Segunda Rep\u00fablica. Despu\u00e9s, en \u00c1frica con la Legi\u00f3n Extranjera. Y. por \u00faltimo, en la campa\u00f1a de liberaci\u00f3n de Francia y Alemania&nbsp;<a href=\"https:\/\/www.publico.es\/politica\/ii-guerra-mundial-nueve-republicanos-derrotaron-fascismo.html\">como alf\u00e9rez de La Nueve, la legendaria compa\u00f1\u00eda de republicanos espa\u00f1oles<\/a>&nbsp;que el 24 de agosto de 1944 liber\u00f3 el Ayuntamiento de Paris y, unas horas m\u00e1s tarde, detuvo al general Dietrich con Choltitz, el comandante de las tropas nazis de ocupaci\u00f3n, con todo su Estado Mayor.<\/p>\n\n\n\n<p style=\"text-align:justify\">Mart\u00edn, de 24 a\u00f1os cuando los militares franquistas se sublevaron en 1936,&nbsp;<strong>se ganaba la vida como instalador de calderas<\/strong>, ocupaci\u00f3n que compaginaba con la de novillero bajo el pseud\u00f3nimo de Larita II. \u201cLa guerra le oblig\u00f3 a dejar las dos ocupaciones\u201d, explica Diego Gaspar, investigador y profesor de Historia Contempor\u00e1nea en la Universidad de Zaragoza, autor de&nbsp;<em><a href=\"https:\/\/www.marcialpons.es\/libros\/la-guerra-continua\/9788415963714\/\" target=\"_blank\" rel=\"noreferrer noopener\">La guerra contin\u00faa. Voluntarios espa\u00f1oles al servicio de la Francia Libre<\/a>&nbsp;(1940-1945)<\/em>&nbsp;y que est\u00e1 trabajando en la redacci\u00f3n de&nbsp;<em>Banda de cosacos. Historia y memoria de La Nueve y sus hombres<\/em>, que llegar\u00e1 a las librer\u00edas el a\u00f1o que viene.<\/p>\n\n\n\n<p style=\"text-align:justify\">Vecino del barrio de Torrero, aunque hab\u00eda nacido en Garrapinillos, y miembro del sindicato anarquista CNT como su hermano Francisco, opt\u00f3 tras el golpe militar por escapar de Zaragoza,&nbsp;<strong>donde los sublevados&nbsp;<a href=\"https:\/\/www.publico.es\/sociedad\/zaragoza-homenajea-80-anos-despues.html\">desatar\u00edan una feroz represi\u00f3n<\/a>&nbsp;con m\u00e1s de 3.500 fusilados y desaparecidos<\/strong>, para unirse a la Columna Ascaso, una de las milicias libertarias que salieron de Barcelona en los primeros d\u00edas de la guerra para intentar liberar la capital aragonesa.<\/p>\n\n\n\n<h2 class=\"wp-block-heading\" id=\"m63-3-64\">Una fuga a pie de Ll\u00edria al Pirineo<br><\/h2>\n\n\n\n<p style=\"text-align:justify\">Ya no dejar\u00eda las armas hasta once a\u00f1os despu\u00e9s, cuando, a mediados de 1945, fue licenciado tras terminar la Segunda Guerra Mundial en Europa. \u201cEra un coloso de mirada clara y gesto tranquilo\u201d, lo describe la periodista Evelyn Mesquida en su libro&nbsp;<em><a href=\"https:\/\/www.casadellibro.com\/libro-la-nueve-los-espanoles-que-liberaron-paris\/9788466659352\/3019252\" target=\"_blank\" rel=\"noreferrer noopener\">La Nueve. Los espa\u00f1oles que liberaron Par\u00eds<\/a><\/em>. Med\u00eda 1,80.<\/p>\n\n\n\n<p style=\"text-align:justify\">Tras la disoluci\u00f3n y militarizaci\u00f3n de las milicias anarquistas, Bernal particip\u00f3 como soldado regular en varias batallas de la guerra civil, como la de Teruel. \u201cHecho prisionero por los franquistas al final de la guerra,&nbsp;<strong>se hab\u00eda evadido y hab\u00eda atravesado toda Espa\u00f1a a pie<\/strong>, caminando por la noche y ocult\u00e1ndose durante el d\u00eda\u201d, narra Mesquida.<\/p>\n\n\n\n<p style=\"text-align:justify\">Sin embargo, nada m\u00e1s cruzar los Pirineos, a los que hab\u00eda llegado desde Ll\u00edria (Valencia) en septiembre de 1939, fue arrestado por la Gendarmer\u00eda, lo que le situaba ante tres opciones: ser deportado a Espa\u00f1a, ir a un campo de refugiados (o de prisioneros) o enrolarse en la Legi\u00f3n Extranjera. Opt\u00f3 por la tercera.&nbsp;<strong>Poco despu\u00e9s, tras formalizar los papeles en Tarbes, estaba viajando a \u00c1frica<\/strong>.<\/p>\n\n\n\n<p style=\"text-align:justify\">Bernal se hac\u00eda llamar Manuel Garc\u00e9s, en una especie de homenaje a su amigo y cu\u00f1ado de ese nombre, al que conoci\u00f3 cuando ambos actuaban como novilleros. Aunque la elecci\u00f3n tambi\u00e9n ten\u00eda algo de protecci\u00f3n: \u201ctrataba de evitar que su familia, que se hab\u00eda quedado en Espa\u00f1a, pudiera sufrir alg\u00fan tipo de represalias\u201d, anota Gaspar.<\/p>\n\n\n\n<p style=\"text-align:justify\">Como legionario pas\u00f3 por varias unidades y particip\u00f3 en diversas batallas, tanto en Senegal como en T\u00fanez contra el \u00c1frika Korps del mariscal Rommel, antes de desertar para alistarse en el Cuerpo Franco africano en 1943, a poco de que este fuera finalmente disuelto para integrarse en el&nbsp;<strong>Ej\u00e9rcito de Liberaci\u00f3n Nacional franc\u00e9s<\/strong>. All\u00ed fue uno de los 144 espa\u00f1oles (de 160 miembros) que fundaron La Nueve, adscrita al Tercer Regimiento del comandante Joseph Putz dentro de la Segunda Divisi\u00f3n Blindada del general Leclerc.<\/p>\n\n\n\n<h2 class=\"wp-block-heading\" id=\"m93-9-94\">\u00abPor su valor tranquilo, logr\u00f3 imponerse con rapidez\u00bb<br><\/h2>\n\n\n\n<p style=\"text-align:justify\">Meses despu\u00e9s, el 24 de agosto de 1944, ser\u00eda uno de los 70 hombres de esa unidad que liberaron el Ayuntamiento de Par\u00eds, en la acci\u00f3n militar que simboliz\u00f3 la reconquista de la ciudad tras la ocupaci\u00f3n nazi.<\/p>\n\n\n\n<p style=\"text-align:justify\">Al d\u00eda siguiente, Bernal participar\u00eda en el asalto a la central telef\u00f3nica de Par\u00eds, operaci\u00f3n en la que terminar\u00eda haci\u00e9ndose cargo del mando tras resultar herido el teniente inicialmente encargado de ello, y, uno m\u00e1s tarde, el 26 de agosto, comandar\u00eda el veh\u00edculo \u201cResistencia\u201d, uno de los cuatro con los que los soldados de La Nueve escoltaron al general Charles de Gaulle en el desfile de la victoria.<\/p>\n\n\n\n<p style=\"text-align:justify\">Durante la campa\u00f1a previa hab\u00eda dirigido el \u201cLiberaci\u00f3n\u201d, el \u201cTeruel\u201d y el \u201cBrunete\u201d.La presencia de los soldados republicanos en esa celebraci\u00f3n provoc\u00f3 una queja formal ante el Eliseo por parte de la dictadura franquista, que se refer\u00eda a sus compatriotas como \u201c<strong>espa\u00f1oles enganchados en \u00c1frica y recogidos en Francia conforme avanzaban por la metr\u00f3poli las tropas desembarcadas del general Leclerc<\/strong>\u201d, cuenta Mesquida. Las autoridades de la Francia Libre la despacharon sin mayores ceremonias.<\/p>\n\n\n\n<p style=\"text-align:justify\">\u201cPor su valor tranquilo, logr\u00f3 imponerse con rapidez en La Nueve\u201d, se\u00f1ala Mesquida, que recuerda c\u00f3mo m\u00e1s tarde ser\u00eda condecorado \u201cpor hacer frente a un enemigo muy superior, ocasionar numerosas bajas y conseguir salvar a un compa\u00f1ero herido\u201d.<\/p>\n\n\n\n<h2 class=\"wp-block-heading\" id=\"m118-14-119\">El hermano \u2018perdido\u2019 en Mauthausen<br><\/h2>\n\n\n\n<p style=\"text-align:justify\">Tras resultar herido durante la guerra en cinco ocasiones, varias de ellas en la dura campa\u00f1a de Alsacia, que concluy\u00f3 con la liberaci\u00f3n de Estrasburgo, Bernal fue uno de los integrantes de la tercera secci\u00f3n de La Nueve que, el 5 de mayo de 1945, participaron en las tareas de escolta de la retaguardia de las fuerzas aliadas que, tras los bombardeos de la aviaci\u00f3n, \u2018barrieron\u2019 en desfiladero de Inzell, el acceso al Nido de las \u00c1guilas, la ostentosa residencia de monta\u00f1a que los nazis hab\u00edan regalado a Hitler.<\/p>\n\n\n\n<p style=\"text-align:justify\">Esa fecha, en el que particip\u00f3 en una de sus \u00faltimas operaciones b\u00e9licas antes de regresar a Par\u00eds y licenciarse, quedar\u00eda grabada en la memoria del calderero anarquista que estaba a punto de dejar de ser soldado.<\/p>\n\n\n\n<p style=\"text-align:justify\">Meses despu\u00e9s, en la capital francesa, Mart\u00edn se reencontrar\u00eda con su hermano Francisco, de quien no ten\u00eda noticias desde hac\u00eda cinco a\u00f1os.&nbsp;<strong>Hab\u00eda llegado a Par\u00eds repatriado desde Mauthausen<\/strong>, el siniestro campo de concentraci\u00f3n que los nazis hab\u00edan instalado en el noreste de Austria y al que las tropas estadounidenses hab\u00edan llegado el mismo d\u00eda que ca\u00eda el Nido de las \u00c1guilas.<\/p>\n\n\n\n<p style=\"text-align:justify\">Los dos hermanos abrieron una zapater\u00eda en las afueras de Par\u00eds, ciudad en la que, aunque viajaron a Zaragoza en varias ocasiones, ambos residieron hasta su muerte. \u201cSoy feliz porque estoy vivo despu\u00e9s de lo que he pasado\u201d, explicaba Paco en el documental&nbsp;<em>Aragoneses en el infierno<\/em>, de Mireia R. Abrisqueta, en el que recordaba la sobrecogedora leyenda que hab\u00eda en la entrada del campo: \u201cvosotros que entr\u00e1is, dejad aqu\u00ed toda esperanza\u201d.<br><\/p>\n\n\n\n<figure class=\"wp-block-embed-youtube wp-block-embed is-type-rich wp-embed-aspect-16-9 wp-has-aspect-ratio\"><div class=\"wp-block-embed__wrapper\">\n<iframe loading=\"lazy\" title=\"ARAGONESES EN EL INFIERNO. Parte 1.\" width=\"840\" height=\"630\" src=\"https:\/\/www.youtube.com\/embed\/U6aUn8I9giM?feature=oembed\" frameborder=\"0\" allow=\"accelerometer; autoplay; clipboard-write; encrypted-media; gyroscope; picture-in-picture\" allowfullscreen><\/iframe>\n<\/div><\/figure>\n","protected":false},"excerpt":{"rendered":"<p>Autor: Eduardo Bayona Fuente: publico.es 01\/09\/2019 Mart\u00edn Bernal luch\u00f3 tres veces contra el fascismo. Una, en la guerra civil, primero en la Columna Ascaso y despu\u00e9s en las tropas regulares de la Segunda Rep\u00fablica. Despu\u00e9s, en \u00c1frica con la Legi\u00f3n Extranjera. Y. por \u00faltimo, en la campa\u00f1a de liberaci\u00f3n de Francia y Alemania&nbsp;como alf\u00e9rez de &hellip; <a href=\"https:\/\/blogsaverroes.juntadeandalucia.es\/aldeacordoba\/?p=859\" class=\"more-link\">Continuar leyendo<span class=\"screen-reader-text\"> \u00abLas tres guerras contra el fascismo de un calderero anarquista\u00bb<\/span><\/a><\/p>\n","protected":false},"author":168,"featured_media":0,"comment_status":"open","ping_status":"open","sticky":false,"template":"","format":"standard","meta":{"ngg_post_thumbnail":0,"footnotes":""},"categories":[224388,224390],"tags":[224421,224591,224637,224683,224761],"aioseo_notices":[],"_links":{"self":[{"href":"https:\/\/blogsaverroes.juntadeandalucia.es\/aldeacordoba\/index.php?rest_route=\/wp\/v2\/posts\/859"}],"collection":[{"href":"https:\/\/blogsaverroes.juntadeandalucia.es\/aldeacordoba\/index.php?rest_route=\/wp\/v2\/posts"}],"about":[{"href":"https:\/\/blogsaverroes.juntadeandalucia.es\/aldeacordoba\/index.php?rest_route=\/wp\/v2\/types\/post"}],"author":[{"embeddable":true,"href":"https:\/\/blogsaverroes.juntadeandalucia.es\/aldeacordoba\/index.php?rest_route=\/wp\/v2\/users\/168"}],"replies":[{"embeddable":true,"href":"https:\/\/blogsaverroes.juntadeandalucia.es\/aldeacordoba\/index.php?rest_route=%2Fwp%2Fv2%2Fcomments&post=859"}],"version-history":[{"count":0,"href":"https:\/\/blogsaverroes.juntadeandalucia.es\/aldeacordoba\/index.php?rest_route=\/wp\/v2\/posts\/859\/revisions"}],"wp:attachment":[{"href":"https:\/\/blogsaverroes.juntadeandalucia.es\/aldeacordoba\/index.php?rest_route=%2Fwp%2Fv2%2Fmedia&parent=859"}],"wp:term":[{"taxonomy":"category","embeddable":true,"href":"https:\/\/blogsaverroes.juntadeandalucia.es\/aldeacordoba\/index.php?rest_route=%2Fwp%2Fv2%2Fcategories&post=859"},{"taxonomy":"post_tag","embeddable":true,"href":"https:\/\/blogsaverroes.juntadeandalucia.es\/aldeacordoba\/index.php?rest_route=%2Fwp%2Fv2%2Ftags&post=859"}],"curies":[{"name":"wp","href":"https:\/\/api.w.org\/{rel}","templated":true}]}}