{"id":900,"date":"2019-11-22T09:06:00","date_gmt":"2019-11-22T08:06:00","guid":{"rendered":"https:\/\/jmoragahc.wordpress.com\/?p=900"},"modified":"2019-11-22T09:06:00","modified_gmt":"2019-11-22T08:06:00","slug":"elisa-garrido-la-libertaria-que-volo-una-fabrica-nazi-de-bombas","status":"publish","type":"post","link":"https:\/\/blogsaverroes.juntadeandalucia.es\/aldeacordoba\/?p=900","title":{"rendered":"Elisa Garrido, la libertaria que vol\u00f3 una f\u00e1brica nazi de bombas"},"content":{"rendered":"\n<figure class=\"wp-block-image size-large\"><img decoding=\"async\" src=\"https:\/\/www.publico.es\/uploads\/2019\/11\/07\/5dc47893cba5d.jpg\" alt=\"\" \/><figcaption>La \u2018Carta de deportado resistente\u2019 da fe de su paso por los campos de concentraci\u00f3n nazis entre enero de 1944 y junio de 1945.\/ Cedida por la familia<\/figcaption><\/figure>\n\n\n\n<p><strong>Autor<\/strong>: Eduardo Bayona<\/p>\n\n\n\n<p><strong>Fuente<\/strong>: <em><a href=\"https:\/\/www.publico.es\/sociedad\/magallon-elisa-garrido-libertaria-volo-fabrica-nazi-bombas.html?utm_source=twitter&amp;utm_medium=social&amp;utm_campaign=publico\">P\u00fablico.es<\/a><\/em> 8\/11\/2019<\/p>\n\n\n\n<p class=\"has-text-align-justify\">\u00abDentro del drama de lo que ocurri\u00f3, al menos uno sabe d\u00f3nde llevarle una flor. Eso es lo importante dentro de las fases del duelo, que haya<strong>&nbsp;un homenaje, que es lo que no ocurre con tantos desaparecidos\u00bb<\/strong>, explica la cantante Rozal\u00e9n, que este viernes participa en Magall\u00f3n (Zaragoza) en la jornada de reconocimiento que ese pueblo rinde a Elisa Garrido, una militante libertaria que en 1945 logr\u00f3 hacer saltar por los aires la f\u00e1brica de obuses en la que los nazis la explotaban como esclava de guerra, y a&nbsp;<a href=\"https:\/\/www.youtube.com\/watch?v=Jy_7Ufwgv6Y\" target=\"_blank\" rel=\"noreferrer noopener\">Justo<\/a>, el t\u00edo abuelo de la artista albacete\u00f1a, el \u00fanico integrante de la \u00ab<a href=\"https:\/\/www.publico.es\/politica\/batalla-ebro-80-anos-batalla-ebro-ultima-gran-ofensiva-republicana.html\" target=\"_blank\" rel=\"noreferrer noopener\">Quinta del Biber\u00f3n<\/a>\u00bb&nbsp;que no regres\u00f3 a su pueblo de la Sierra del Segura y cuyos restos reposan en una fosa de Arganda del Rey.&nbsp;<\/p>\n\n\n\n<p class=\"has-text-align-justify\">La historia de Elisa ha sido recuperada por Afaem (Asociaci\u00f3n de Familiares de Enterrados en Magall\u00f3n), que preside su sobrina Pilar Gimeno, y por&nbsp;<a href=\"https:\/\/sites.google.com\/site\/memoriaaragon\/amical-mauthausen\" target=\"_blank\" rel=\"noreferrer noopener\">Amical de Mathausen<\/a>, uno de cuyos miembros, Juan Manuel Calvo, logr\u00f3 documentar, mientras investigaba las vidas del&nbsp;<a href=\"https:\/\/www.publico.es\/sociedad\/memoria-historica-mil-prisioneros-espanoles-mauthaussen.html\" target=\"_blank\" rel=\"noreferrer noopener\">millar largo de aragoneses que pasaron por los campos de concentraci\u00f3n nazis<\/a>, que las tres Elisa Ruiz de Angulo, Ruiz de Masalle y Ruiz Garrido cuyo rastro hab\u00eda localizado eran en realidad una sola:&nbsp;<em>La Ma\u00f1ica,<\/em>&nbsp;el apodo con el que se la conoc\u00eda tanto en el&nbsp;<strong>movimiento libertario de la Barcelona de los a\u00f1os 30 como en la Resistencia a los nazis<\/strong>&nbsp;en la Francia de la d\u00e9cada siguiente, donde tambi\u00e9n utiliz\u00f3 el seud\u00f3nimo de&nbsp;<em>Fran\u00c7oise<\/em>.&nbsp;<\/p>\n\n\n\n<p class=\"has-text-align-justify\">Elisa, natural de Magall\u00f3n y que se ganaba la vida como sirvienta de una familia acaudalada, se afili\u00f3 a la CNT y form\u00f3 parte de las&nbsp;<a href=\"https:\/\/www.publico.es\/politica\/cura-mandaba-columna-durruti.html\" target=\"_blank\" rel=\"noreferrer noopener\">columnas libertarias<\/a>&nbsp;que en las primeras semanas de la guerra civil salieron de Barcelona con el objetivo de liberar Zaragoza de los sublevados. Casi&nbsp;<strong>tres a\u00f1os despu\u00e9s, cruzaba el Pirineo en direcci\u00f3n a Francia<\/strong>, donde acabar\u00eda afinc\u00e1ndose en Toulouse con su compa\u00f1ero, Marino Ruiz.<br><\/p>\n\n\n\n<h2 class=\"wp-block-heading\" id=\"m74-3-75\">Resistencia, c\u00e1rceles y campos de concentraci\u00f3n<\/h2>\n\n\n\n<p class=\"has-text-align-justify\">Ella relev\u00f3 a Marino como correo de la Resistencia y como gu\u00eda para ayudar a fugitivos a cruzar la frontera cuando fue detenido por la Gestapo, que acab\u00f3 atrap\u00e1ndola tambi\u00e9n a ella en noviembre de 1943. Comenzaron entonces<strong>\u00a0varias semanas de torturas antes de su traslado de la c\u00e1rcel tolosana a otra de Par\u00eds<\/strong>, desde donde fue deportada a primeros del a\u00f1o siguiente al campo de concentraci\u00f3n de Ravensbr\u00fcck, cercano a Berl\u00edn y donde los alemanes solo reclu\u00edan a prisioneras.\u00a0<a href=\"https:\/\/www.publico.es\/uploads\/2019\/11\/07\/5dc478574f0f2.jpg\"><\/a><\/p>\n\n\n\n<figure class=\"wp-block-image size-large\"><img decoding=\"async\" src=\"https:\/\/www.publico.es\/files\/article_main\/\/files\/crop\/uploads\/2019\/11\/07\/5dc478574f0f2.r_1573195305221.0-0-1195-616.jpg\" alt=\"\" \/><figcaption>Elisa Garrido, con varios sobrinos-nietos en una de sus visitas a Espa\u00f1a.\/ Cedida por la familia<\/figcaption><\/figure>\n\n\n\n<p class=\"has-text-align-justify\">En septiembre de1944, los nazis la destinaron como esclava a una\u00a0<strong>f\u00e1brica de obuses adscrita al campo de Buchenwald en el Kommando Hasag,<\/strong>\u00a0un complejo de la industria militar alemana ubicado en Leipzig donde llevar\u00eda a cabo una arriesgada acci\u00f3n que hizo saltar por los aires buena parte de la factor\u00eda: dejaba parte de la carga explosiva en las bombas defectuosas que deb\u00edan pasar de nuevo por la fresadora para ser pulidas hasta que la propia m\u00e1quina acab\u00f3 haciendo de percutor y provocando una explosi\u00f3n en cadena.\u00a0<\/p>\n\n\n\n<p class=\"has-text-align-justify\">Antes de ser liberada en un<strong>&nbsp;canje de prisioneros realizado en Frankfurt en junio de 1945&nbsp;<\/strong>pasar\u00eda de nuevo por Ravensbr\u00fcck. Todav\u00eda tardar\u00eda unos meses en regresar a Francia, para lo que tuvo que pasar por Dinamarca y Suecia.&nbsp;<\/p>\n\n\n\n<p class=\"has-text-align-justify\">La pareja lleg\u00f3 a pasar unos a\u00f1os en Espa\u00f1a en la d\u00e9cada de los 50, ella como pescatera en Cortes de Navarra y \u00e9l como taxista en Mall\u00e9n. Sin embargo, poco despu\u00e9s regresaban a Francia, donde ella ser\u00eda&nbsp;<strong>galardonada con la Legi\u00f3n de Honor y donde el Estado le reconoci\u00f3 el grado de teniente&nbsp;<\/strong>de la Resistencia.<br><\/p>\n\n\n\n<h2 class=\"wp-block-heading\" id=\"m121-10-122\">\u00bfUna calle en Par\u00eds?<\/h2>\n\n\n\n<p class=\"has-text-align-justify\">\u00abDa igual d\u00f3nde los hayan matado o d\u00f3nde hayan sufrido\u00bb, explica Pilar Gimeno, organizadora del homenaje, dedicada \u201ca todas las Elisas y a todos los Justos de Espa\u00f1a\u201d y en la que, adem\u00e1s de Rozal\u00e9n, intervendr\u00e1n varios periodistas como los reporteros de guerra Ram\u00f3n Lobo y Gervasio S\u00e1nchez o Conchi Cejudo, que mantendr\u00e1n un coloquio en el cine local a las cuatro de la tarde. La jornada, que ser\u00e1 clausurada por el consejero de Cultura del Gobierno de Arag\u00f3n, Felipe Faci, comenzar\u00e1 a las 11.45 con una ofrenda floral en el cementerio de Magall\u00f3n.&nbsp;<\/p>\n\n\n\n<p class=\"has-text-align-justify\">Elisa, \u2018La Ma\u00f1ica\u2019 o \u2018Fran\u00c7oise\u2019, es una de tantas personas que lucharon por las libertades y contra el fascismo y que, en una situaci\u00f3n m\u00e1s que frecuente y que tiene como principal exponente el olvido local de&nbsp;<em><a href=\"https:\/\/www.publico.es\/politica\/ii-guerra-mundial-nueve-republicanos-derrotaron-fascismo.html\" target=\"_blank\" rel=\"noreferrer noopener\">La Nueve<\/a><\/em>, la compa\u00f1\u00eda de republicanos que liber\u00f3 el Ayuntamiento de Par\u00eds y captur\u00f3 al comandante de los nazis en septiembre de 1944, c<strong>arecen en Espa\u00f1a del reconocimiento que s\u00ed se les da en otros pa\u00edses europeos.&nbsp;<\/strong><\/p>\n\n\n\n<p class=\"has-text-align-justify\">En este caso, Afaem ha tomado la iniciativa de<strong>&nbsp;dirigirse al Ayuntamiento de Par\u00eds para solicitar que le dedique una calle&nbsp;<\/strong>dentro del proceso de feminizaci\u00f3n del callejero de la ciudad impulsado por la alcaldesa Anne Hidalgo, y que ya ha llevado a la inclusi\u00f3n en \u00e9l de&nbsp;<a href=\"https:\/\/www.publico.es\/politica\/muere-neus-catala-103-anos-ultima-superviviente-catalana-holocauso-nazi.html\" target=\"_blank\" rel=\"noreferrer noopener\">Neus Catal\u00e0<\/a>. El estudio hist\u00f3rico que acompa\u00f1a la petici\u00f3n ha sido elaborado por la periodista Pilar Barranco, miembro de la asociaci\u00f3n y que colabor\u00f3 con el consistorio parisino en los preparativos del homenaje a&nbsp;<em>La Nueve<\/em>&nbsp;este verano.<br><\/p>\n\n\n\n<h2 class=\"wp-block-heading\" id=\"m141-14-142\">Una fosa en Arganda del Rey<\/h2>\n\n\n\n<p class=\"has-text-align-justify\">\u00abMe impact\u00f3 que volara la f\u00e1brica y, la verdad, tengo muchas ganas de que me cuenten all\u00ed su historia\u00bb, explica Rozal\u00e9n, comprometida con la Memoria desde que conoci\u00f3 lo que le ocurri\u00f3 a su t\u00edo-abuelo. \u00abSiempre he tenido muy claro que mis ra\u00edces y mis ancestros son importantes para m\u00ed, y&nbsp;<strong>en mi familia hubo una historia de desaparecidos\u00bb.&nbsp;<\/strong><a href=\"https:\/\/www.publico.es\/uploads\/2019\/11\/07\/5dc47893cba5d.jpg\"><\/a><\/p>\n\n\n\n<p class=\"has-text-align-justify\">La \u2018Carta de deportado resistente\u2019 da fe de su paso por los campos de concentraci\u00f3n nazis entre enero de 1944 y junio de 1945.\/ Cedida por la familia<\/p>\n\n\n\n<p class=\"has-text-align-justify\">\u00abNunca supimos muy bien c\u00f3mo ocurri\u00f3, eran tiempos en los que no se pod\u00eda hablar\u00bb, recuerda, y \u00abyo he vivido la<strong>&nbsp;angustia de una abuela preguntando d\u00f3nde estaba su hermano<\/strong>, y he visto c\u00f3mo su madre y otro hermano mor\u00edan sin saber d\u00f3nde estaba. En mi pueblo hab\u00eda una placa por los ca\u00eddos por la patria, pero era como si mi abuelo no hubiera existido\u00bb.&nbsp;<\/p>\n\n\n\n<p class=\"has-text-align-justify\">Hace unos a\u00f1os, con la ayuda de la ARMH, la Asociaci\u00f3n para la Recuperaci\u00f3n de la Memoria Hist\u00f3rica, y de uno de sus fundadores, Emilio Silva, lograron confirmar que sus restos est\u00e1n en una fosa de Arganda junto con los de otro cuarto de millar de v\u00edctimas de la guerra civil. \u00abMi abuela&nbsp;<strong>est\u00e1 feliz porque yo puedo llevarle flores\u00bb<\/strong>, anota.<br><\/p>\n\n\n\n<h2 class=\"wp-block-heading\" id=\"m178-19-179\">DDHHy reparaci\u00f3n son algo de sentido com\u00fan<\/h2>\n\n\n\n<p class=\"has-text-align-justify\">Rozal\u00e9n lleva a\u00f1os realizando colaboraciones con los espacios memorialistas, tanto en Espa\u00f1a como en otros pa\u00edses, como Chile. \u201cEst\u00e1 el mundo plagado de falta de Memoria\u201d, dice.&nbsp;&nbsp;<\/p>\n\n\n\n<p class=\"has-text-align-justify\">\u201cCreo en los derechos humanos y en la reparaci\u00f3n a las v\u00edctimas, eso es algo de sentido com\u00fan\u201d, anota. Y ese es uno de los motivos por los que le cuesta entender la situaci\u00f3n de Espa\u00f1a: \u201cen la transici\u00f3n hicieron lo que tuvieron que hacer, pero&nbsp;<strong>ahora deber\u00edan explicarnos la historia tal como fue<\/strong>. Eso es necesario para entender los odios que se est\u00e1n levantando\u201d.&nbsp;<\/p>\n\n\n\n<p class=\"has-text-align-justify\">En este sentido, a la cantante le preocupa \u201cmuch\u00edsimo que se est\u00e9n normalizando discursos de odio, de machismo, de xenofobia. Antes daba pudor decir esas cosas, pero ahora no. No s\u00e9 qu\u00e9 va a pasar.&nbsp;<strong>Aunque soy optimista, yo tengo miedo<\/strong>. Ojal\u00e1 el miedo haga reaccionar y votar a la gente\u201d.&nbsp;<\/p>\n\n\n\n<p class=\"has-text-align-justify\">El programa de la jornada no incluye ninguna actuaci\u00f3n de Rozal\u00e9n, aunque ella llevar\u00e1 consigo su guitarra. \u201cSiempre la llevo. Cantar es mi manera de hablar y de convencer.&nbsp;<strong>Con las canciones se consiguen m\u00e1s cosas<\/strong>&nbsp;que con los discursos\u201d, se\u00f1ala.<\/p>\n","protected":false},"excerpt":{"rendered":"<p>Autor: Eduardo Bayona Fuente: P\u00fablico.es 8\/11\/2019 \u00abDentro del drama de lo que ocurri\u00f3, al menos uno sabe d\u00f3nde llevarle una flor. Eso es lo importante dentro de las fases del duelo, que haya&nbsp;un homenaje, que es lo que no ocurre con tantos desaparecidos\u00bb, explica la cantante Rozal\u00e9n, que este viernes participa en Magall\u00f3n (Zaragoza) en &hellip; <a href=\"https:\/\/blogsaverroes.juntadeandalucia.es\/aldeacordoba\/?p=900\" class=\"more-link\">Continuar leyendo<span class=\"screen-reader-text\"> \u00abElisa Garrido, la libertaria que vol\u00f3 una f\u00e1brica nazi de bombas\u00bb<\/span><\/a><\/p>\n","protected":false},"author":168,"featured_media":0,"comment_status":"open","ping_status":"open","sticky":false,"template":"","format":"standard","meta":{"ngg_post_thumbnail":0,"footnotes":""},"categories":[224391,224397],"tags":[224637,224772,224858,224959],"aioseo_notices":[],"_links":{"self":[{"href":"https:\/\/blogsaverroes.juntadeandalucia.es\/aldeacordoba\/index.php?rest_route=\/wp\/v2\/posts\/900"}],"collection":[{"href":"https:\/\/blogsaverroes.juntadeandalucia.es\/aldeacordoba\/index.php?rest_route=\/wp\/v2\/posts"}],"about":[{"href":"https:\/\/blogsaverroes.juntadeandalucia.es\/aldeacordoba\/index.php?rest_route=\/wp\/v2\/types\/post"}],"author":[{"embeddable":true,"href":"https:\/\/blogsaverroes.juntadeandalucia.es\/aldeacordoba\/index.php?rest_route=\/wp\/v2\/users\/168"}],"replies":[{"embeddable":true,"href":"https:\/\/blogsaverroes.juntadeandalucia.es\/aldeacordoba\/index.php?rest_route=%2Fwp%2Fv2%2Fcomments&post=900"}],"version-history":[{"count":0,"href":"https:\/\/blogsaverroes.juntadeandalucia.es\/aldeacordoba\/index.php?rest_route=\/wp\/v2\/posts\/900\/revisions"}],"wp:attachment":[{"href":"https:\/\/blogsaverroes.juntadeandalucia.es\/aldeacordoba\/index.php?rest_route=%2Fwp%2Fv2%2Fmedia&parent=900"}],"wp:term":[{"taxonomy":"category","embeddable":true,"href":"https:\/\/blogsaverroes.juntadeandalucia.es\/aldeacordoba\/index.php?rest_route=%2Fwp%2Fv2%2Fcategories&post=900"},{"taxonomy":"post_tag","embeddable":true,"href":"https:\/\/blogsaverroes.juntadeandalucia.es\/aldeacordoba\/index.php?rest_route=%2Fwp%2Fv2%2Ftags&post=900"}],"curies":[{"name":"wp","href":"https:\/\/api.w.org\/{rel}","templated":true}]}}