{"id":917,"date":"2019-11-29T08:15:00","date_gmt":"2019-11-29T07:15:00","guid":{"rendered":"https:\/\/jmoragahc.wordpress.com\/?p=917"},"modified":"2019-11-29T08:15:00","modified_gmt":"2019-11-29T07:15:00","slug":"la-revolucion-francesa-el-fin-del-antiguo-regimen","status":"publish","type":"post","link":"https:\/\/blogsaverroes.juntadeandalucia.es\/aldeacordoba\/?p=917","title":{"rendered":"La Revoluci\u00f3n Francesa: el fin del Antiguo R\u00e9gimen"},"content":{"rendered":"\n<figure class=\"wp-block-image size-large\"><img decoding=\"async\" src=\"https:\/\/www.nationalgeographic.com.es\/medio\/2018\/02\/28\/bastilla__960x716.jpg\" alt=\"\" \/><\/figure>\n\n\n\n<p><strong>Fuente<\/strong>: <em><a href=\"https:\/\/www.nationalgeographic.com.es\/historia\/grandes-reportajes\/la-revolucion-francesa-el-fin-del-antiguo-regimen_6774\">Historia National Geographic<\/a><\/em>, 1\/12\/2016<\/p>\n\n\n\n<blockquote class=\"wp-block-quote\"><p>Acab\u00f3 con el Antiguo R\u00e9gimen y consagr\u00f3 la libertad y la igualdad ante la ley, bases del actual Estado de derecho. Con ella se inicia la Edad Contempor\u00e1nea.<\/p><\/blockquote>\n\n\n\n<p class=\"has-text-align-justify\"><strong>La&nbsp;<a href=\"https:\/\/www.nationalgeographic.com.es\/etiqueta\/1432\/revolucion_francesa.html\">Revoluci\u00f3n Francesa<\/a>&nbsp;<\/strong>de 1789 represent\u00f3 el fin de un mundo, lo que luego se llamar\u00eda Antiguo R\u00e9gimen, y el inicio de otro, una \u00e9poca moderna que en cierto modo sigue siendo la actual.&nbsp;<strong>Luis XVI<\/strong>&nbsp;encarn\u00f3 en su tragedia personal la contradicci\u00f3n irresoluble entre las dos \u00e9pocas. Convencido de que reinaba sobre los franceses en virtud de un derecho divino, y que por tanto no ten\u00eda que rendir cuentas de sus actos ante nadie, Luis se enfrent\u00f3 a una situaci\u00f3n totalmente nueva que nunca lleg\u00f3 a comprender, debati\u00e9ndose entre su personalidad afable y acomodaticia y el parecer de sus consejeros m\u00e1s autoritarios, entre ellos su esposa&nbsp;<strong>Mar\u00eda Antonieta<\/strong>.<\/p>\n\n\n\n<p class=\"has-text-align-justify\">Acept\u00f3 de mala gana la convocatoria en 1788 de una asamblea estamental para discutir la crisis financiera de la monarqu\u00eda, pero no crey\u00f3 que la iniciativa fuera a tener consecuencias. As\u00ed, cuando se produjo el asalto popular contra la Bastilla, verdadero detonante de la Revoluci\u00f3n, no consider\u00f3 que el episodio tuviera suficiente importancia como para anotarlo en su diario personal. Los hechos enseguida le hicieron ver su error. <\/p>\n\n\n\n<p class=\"has-text-align-justify\">\n\nUnas semanas despu\u00e9s, el&nbsp;<a href=\"https:\/\/www.nationalgeographic.com.es\/articulo\/viajes\/actualidad_viajera\/8365\/las_grandes_aguas_versalles.html\">palacio de Versalles&nbsp;<\/a>era invadido por la masa revolucionaria, y Luis y&nbsp;<a href=\"https:\/\/www.nationalgeographic.com.es\/etiqueta\/1434\/maria_antonieta.html\">Mar\u00eda Antonieta<\/a>&nbsp;eran llevados a Par\u00eds, donde se vieron obligados a actuar como reyes constitucionales. Tras el fracaso de su intento de huida en 1791, la hostilidad contra la monarqu\u00eda se acentu\u00f3, hasta la insurrecci\u00f3n de 1792 y la puesta en marcha del Terror revolucionario,&nbsp;<strong>una de cuyas primeras v\u00edctimas fue el mismo Luis XVI, guillotinado en 1793<\/strong>. Con esta ejecuci\u00f3n y la proclamaci\u00f3n de la Rep\u00fablica, los revolucionarios cre\u00edan haber puesto fin a lo que ve\u00edan como una larga \u00e9poca de opresi\u00f3n del pueblo por los reyes y la aristocracia, inaugurando una era de libertad, de igualdad y de fraternidad, como rezaba la principal m\u00e1xima inspiradora de la revoluci\u00f3n.<\/p>\n\n\n\n<p class=\"has-text-align-justify\">En la pr\u00e1ctica, el desarrollo de la Revoluci\u00f3n estuvo lejos de los sue\u00f1os idealistas de los pensadores ilustrados. La guerra exterior, la lucha de partidos y la persecuci\u00f3n implacable del adversario en el interior crearon una situaci\u00f3n insostenible, que s\u00f3lo se remedi\u00f3 con el establecimiento de un nuevo tipo de monarqu\u00eda, la de&nbsp;<a href=\"https:\/\/www.nationalgeographic.com.es\/etiqueta\/1102\/napoleon.html\"><strong>Napole\u00f3n<\/strong><\/a>.<\/p>\n","protected":false},"excerpt":{"rendered":"<p>Fuente: Historia National Geographic, 1\/12\/2016 Acab\u00f3 con el Antiguo R\u00e9gimen y consagr\u00f3 la libertad y la igualdad ante la ley, bases del actual Estado de derecho. Con ella se inicia la Edad Contempor\u00e1nea. La&nbsp;Revoluci\u00f3n Francesa&nbsp;de 1789 represent\u00f3 el fin de un mundo, lo que luego se llamar\u00eda Antiguo R\u00e9gimen, y el inicio de otro, una &hellip; <a href=\"https:\/\/blogsaverroes.juntadeandalucia.es\/aldeacordoba\/?p=917\" class=\"more-link\">Continuar leyendo<span class=\"screen-reader-text\"> \u00abLa Revoluci\u00f3n Francesa: el fin del Antiguo R\u00e9gimen\u00bb<\/span><\/a><\/p>\n","protected":false},"author":168,"featured_media":0,"comment_status":"open","ping_status":"open","sticky":false,"template":"","format":"standard","meta":{"ngg_post_thumbnail":0,"footnotes":""},"categories":[224378,224380],"tags":[224787,224871],"aioseo_notices":[],"_links":{"self":[{"href":"https:\/\/blogsaverroes.juntadeandalucia.es\/aldeacordoba\/index.php?rest_route=\/wp\/v2\/posts\/917"}],"collection":[{"href":"https:\/\/blogsaverroes.juntadeandalucia.es\/aldeacordoba\/index.php?rest_route=\/wp\/v2\/posts"}],"about":[{"href":"https:\/\/blogsaverroes.juntadeandalucia.es\/aldeacordoba\/index.php?rest_route=\/wp\/v2\/types\/post"}],"author":[{"embeddable":true,"href":"https:\/\/blogsaverroes.juntadeandalucia.es\/aldeacordoba\/index.php?rest_route=\/wp\/v2\/users\/168"}],"replies":[{"embeddable":true,"href":"https:\/\/blogsaverroes.juntadeandalucia.es\/aldeacordoba\/index.php?rest_route=%2Fwp%2Fv2%2Fcomments&post=917"}],"version-history":[{"count":0,"href":"https:\/\/blogsaverroes.juntadeandalucia.es\/aldeacordoba\/index.php?rest_route=\/wp\/v2\/posts\/917\/revisions"}],"wp:attachment":[{"href":"https:\/\/blogsaverroes.juntadeandalucia.es\/aldeacordoba\/index.php?rest_route=%2Fwp%2Fv2%2Fmedia&parent=917"}],"wp:term":[{"taxonomy":"category","embeddable":true,"href":"https:\/\/blogsaverroes.juntadeandalucia.es\/aldeacordoba\/index.php?rest_route=%2Fwp%2Fv2%2Fcategories&post=917"},{"taxonomy":"post_tag","embeddable":true,"href":"https:\/\/blogsaverroes.juntadeandalucia.es\/aldeacordoba\/index.php?rest_route=%2Fwp%2Fv2%2Ftags&post=917"}],"curies":[{"name":"wp","href":"https:\/\/api.w.org\/{rel}","templated":true}]}}