{"id":924,"date":"2019-12-10T10:13:17","date_gmt":"2019-12-10T09:13:17","guid":{"rendered":"https:\/\/jmoragahc.wordpress.com\/?p=924"},"modified":"2019-12-10T10:13:17","modified_gmt":"2019-12-10T09:13:17","slug":"imagenes-de-tres-anos-de-anarquismo","status":"publish","type":"post","link":"https:\/\/blogsaverroes.juntadeandalucia.es\/aldeacordoba\/?p=924","title":{"rendered":"Im\u00e1genes de tres a\u00f1os de anarqu\u00edsmo"},"content":{"rendered":"\n<figure class=\"wp-block-image size-large\"><img decoding=\"async\" src=\"https:\/\/ep01.epimg.net\/ccaa\/imagenes\/2019\/12\/03\/catalunya\/1575400319_871702_1575400523_noticia_normal_recorte1.jpg\" alt=\"\" \/><figcaption>Milicianos en el cuartel Bakunin (Bruc), en una foto de Antoni Campa\u00f1\u00e0, de agosto de 1936.\u00a0ARXIU CAMPA\u00d1\u00c0<\/figcaption><\/figure>\n\n\n\n<p><strong>Autor<\/strong>:  Jos\u00e9 \u00e1ngel Monta\u00f1\u00e9s<\/p>\n\n\n\n<p><strong>Fuente:<\/strong> <em><a href=\"https:\/\/elpais.com\/ccaa\/2019\/12\/03\/catalunya\/1575400319_871702.html?fbclid=IwAR1qtq4zvCWTitV3TNEL5TNUvAocKjdQ9e6BaS0SFCWLpuA170R5HHOFSd8\">El Pa\u00eds<\/a><\/em>, 3\/12\/2019<\/p>\n\n\n\n<blockquote class=\"wp-block-quote\"><p>El Arxiu Fotogr\u00e0fic de Barcelona expone las fotograf\u00edas de la Oficina de Informaci\u00f3n y Propaganda de la CNT-FAI (1936-1937)<\/p><\/blockquote>\n\n\n\n<p class=\"has-text-align-justify\">El 21 de enero de 1939 las tropas franquistas estaban a las puertas de Barcelona, una ciudad exhausta y agotada por tres a\u00f1os de conflicto. Ante el inminente desenlace, los miembros de la Oficina de Informaci\u00f3n y Propaganda de la CNT-FAI deciden abandonar su sede en la cuarta planta de la casa CNT-FAI, de la v\u00eda Durruti (actual Fomento Nacional del Trabajo de Via Laietana). Con ellos se llevan 43 cajas de madera dise\u00f1adas para transportar fusiles Mauser con varias toneladas de documentaci\u00f3n que cargan en un cami\u00f3n rumbo a \u00c1msterdam. Entre el material, miles de fotograf\u00edas y negativos de la secci\u00f3n gr\u00e1fica de la Oficina tomadas durante la guerra; uno de los fondos fotogr\u00e1ficos propagand\u00edsticos m\u00e1s importantes de la historia del anarquismo ib\u00e9rico. Pero el material tuvo que permanecer en Londres y Oxford durante toda la Segunda Guerra Mundial, antes de llegar a \u00c1msterdam debido a la ocupaci\u00f3n nazi.<\/p>\n\n\n\n<h3 class=\"wp-block-heading\">M\u00c1S INFORMACI\u00d3N<\/h3>\n\n\n\n<ul><li><a href=\"https:\/\/elpais.com\/elpais\/2019\/12\/03\/album\/1575401638_229335.html\">FOTOGALER\u00cdA Barcelona, una ciudad de anarqu\u00eda<\/a><\/li><\/ul>\n\n\n\n<p class=\"has-text-align-justify\">Por fin, en 1947 ingresaron en la sede del Institut Internacional de Historia Social de \u00c1msterdam (IISG) un total de 2.288 fotograf\u00edas, 5.590 negativos, 259 placas de vidrio de autores como Antoni Campa\u00f1\u00e0,&nbsp;<a href=\"https:\/\/elpais.com\/tag\/kati_horna\/a\">Katy Horna<\/a>, David Marco,&nbsp;<a href=\"https:\/\/elpais.com\/tag\/margaret_michaelis\/a\">Margaret Michaelis<\/a>&nbsp;y los P\u00e9rez de Rozas, entre otros fot\u00f3grafos reconocidos y an\u00f3nimos. Poco se sabe de ella, solo que la dirigi\u00f3 Jacinto Toryho y vivi\u00f3 su mayor actividad entre julio de 1936 a mayo de 1937, momento en el que la ciudad se convirti\u00f3 en referente de la lucha social y las reivindicaciones obreras. La oficina continu\u00f3 en activo toda la guerra y convivi\u00f3 con el Comissariat de Propaganda de la Generalitat.<\/p>\n\n\n\n<figure class=\"wp-block-image\"><img decoding=\"async\" src=\"https:\/\/ep01.epimg.net\/ccaa\/imagenes\/2019\/12\/03\/catalunya\/1575400319_871702_1575400885_sumario_normal.jpg\" alt=\"Casa CNT-FAI, situada en via Durruti (actual sede de Fomento Nacional del Trabajo de Via Laietana) en el segundo aniversario de la muerte de Durruti, en noviembre de 1938.\" \/><figcaption>Casa CNT-FAI, situada en via Durruti (actual sede de Fomento Nacional del Trabajo de Via Laietana) en el segundo aniversario de la muerte de Durruti, en noviembre de 1938.&nbsp;AUTOR DESCONOCIDO<\/figcaption><\/figure>\n\n\n\n<p class=\"has-text-align-justify\">Pese a su importancia, hasta ahora no se hab\u00eda realizado una investigaci\u00f3n, una publicaci\u00f3n o un trabajo expositivo serio que pusiera en valor el impresionante legado gr\u00e1fico de este movimiento, que ha permanecido 80 a\u00f1os casi in\u00e9dito. Hasta ahora que el Arxiu Fotogr\u00e0fic de Barcelona (AFB) ha inaugurado la exposici\u00f3n\u00a0<em>Gr\u00e1fica anarquista. Fotograf\u00eda y revoluci\u00f3n social, 1936-1939<\/em>\u00a0en la que se expone (hasta el 16 de mayo, gratis) este rico y desconocido fondo.<\/p>\n\n\n\n<p class=\"has-text-align-justify\">Organizada junto con el Observatori de la Vida Quotidiana (OVQ), la Fundaci\u00f3n Anselmo Lorenzo y el Ateneu Enciclop\u00e8dic Popular las im\u00e1genes dejan claro que la oficina realiz\u00f3 bien su trabajo ilustrando las bonanzas y conquistas revolucionarias. En las im\u00e1genes, de soldados en el frente, de campesinos realizando su labor o de trabajadores en los puestos, pero tambi\u00e9n ocupando los despachos que hasta hace poco tiempo ocupaban los due\u00f1os, no hay nada de naturalidad. Todo son posados r\u00edgidos sea en una enorme empresa textil o de soldados en el cuartel del Bruc tomado las instalaciones por las armas.<\/p>\n\n\n\n<p class=\"has-text-align-justify\">La exposici\u00f3n, comisariada por Andr\u00e9s Antebi, Pablo Gonz\u00e1lez Morandi, Teresa Ferr\u00e9 y Roger Adam, muestra gran parte de estas im\u00e1genes y algunos de los diarios, revistas, op\u00fasculos, boletines, libros en el que se difundieron. Tambi\u00e9n en el cine, como en la cinta&nbsp;<em>Reportaje del movimiento revolucionario en Barcelona,<\/em>&nbsp;la primera pel\u00edcula que se hizo de la Guerra Civil,<\/p>\n\n\n\n<figure class=\"wp-block-image\"><img decoding=\"async\" src=\"https:\/\/ep01.epimg.net\/ccaa\/imagenes\/2019\/12\/03\/catalunya\/1575400319_871702_1575401038_sumario_normal.jpg\" alt=\"Miembros de la Junta de la secci\u00f3n de t\u00e9cnicos del sindicato de Agua, Gas, Electricidad y Combustible de la CNT de Barcelona, en 1937.\" \/><figcaption>Miembros de la Junta de la secci\u00f3n de t\u00e9cnicos del sindicato de Agua, Gas, Electricidad y Combustible de la CNT de Barcelona, en 1937.&nbsp;P\u00c9REZ DE ROZAS (ARXIU FOTOGR\u00c0FIC DE BARCELONA)<\/figcaption><\/figure>\n\n\n\n<p class=\"has-text-align-justify\">\u201cDe la revisi\u00f3n de todo el material se deduce que se trata de una iniciativa m\u00e1s organizada y menos an\u00e1rquica de los que pod\u00eda parecer, en la que todo est\u00e1 perfectamente planificado\u201d, explican los comisarios. En la exposici\u00f3n queda patente el inter\u00e9s por romper con la imagen estigmatizada de que el anarquismo era sin\u00f3nimo de violencia, irracionalidad y pobreza. Para acabar con todo eso, produjeron una iconograf\u00eda propia como la de los sanos e imponentes retratos de milicianos de Antoni Campa\u00f1\u00e0.<\/p>\n\n\n\n<p class=\"has-text-align-justify\">En la muestra destaca el trabajo de una fot\u00f3grafa comprometida como Katy Horne que vino a fotografiar el conflicto de primera mano. En el otro extremo las im\u00e1genes de la saga, padre e hijo, de los P\u00e9rez de Rozas, que \u201csorprendentemente por su ideario conservador\u201d fotografiaron las colectivizaciones de los obreros y campesinos pagados por los recursos de esta oficina anarquista. Entre medio un buen n\u00famero de profesionales y aficionados que con sus fotos (a 10 pesetas cada una) inmortalizaron el momento.<\/p>\n\n\n\n<p class=\"has-text-align-justify\">El archivo permaneci\u00f3 sin abrir hasta 1975 y sigue siendo propiedad de la instituci\u00f3n y de los camaradas que lo promovieron y lo utilizaron. \u201cAqu\u00ed contin\u00faa siendo peligroso, aunque no le han faltado novios, desde la Generalitat hasta el Ministerio\u201d, explica con contundencia S\u00f2nia Tur\u00f3n, secretaria de cultura de la CNT. El 20 de febrero ver\u00e1 la luz un libro con este material y el trabajo de los comisarios, que para ellos solo es el comienzo de un \u201crelato que hay que seguir construyendo\u201d.<\/p>\n","protected":false},"excerpt":{"rendered":"<p>Autor: Jos\u00e9 \u00e1ngel Monta\u00f1\u00e9s Fuente: El Pa\u00eds, 3\/12\/2019 El Arxiu Fotogr\u00e0fic de Barcelona expone las fotograf\u00edas de la Oficina de Informaci\u00f3n y Propaganda de la CNT-FAI (1936-1937) El 21 de enero de 1939 las tropas franquistas estaban a las puertas de Barcelona, una ciudad exhausta y agotada por tres a\u00f1os de conflicto. Ante el inminente &hellip; <a href=\"https:\/\/blogsaverroes.juntadeandalucia.es\/aldeacordoba\/?p=924\" class=\"more-link\">Continuar leyendo<span class=\"screen-reader-text\"> \u00abIm\u00e1genes de tres a\u00f1os de anarqu\u00edsmo\u00bb<\/span><\/a><\/p>\n","protected":false},"author":168,"featured_media":0,"comment_status":"open","ping_status":"open","sticky":false,"template":"","format":"standard","meta":{"ngg_post_thumbnail":0,"footnotes":""},"categories":[224388,224397],"tags":[224421,224477,224605,224609,224637],"aioseo_notices":[],"_links":{"self":[{"href":"https:\/\/blogsaverroes.juntadeandalucia.es\/aldeacordoba\/index.php?rest_route=\/wp\/v2\/posts\/924"}],"collection":[{"href":"https:\/\/blogsaverroes.juntadeandalucia.es\/aldeacordoba\/index.php?rest_route=\/wp\/v2\/posts"}],"about":[{"href":"https:\/\/blogsaverroes.juntadeandalucia.es\/aldeacordoba\/index.php?rest_route=\/wp\/v2\/types\/post"}],"author":[{"embeddable":true,"href":"https:\/\/blogsaverroes.juntadeandalucia.es\/aldeacordoba\/index.php?rest_route=\/wp\/v2\/users\/168"}],"replies":[{"embeddable":true,"href":"https:\/\/blogsaverroes.juntadeandalucia.es\/aldeacordoba\/index.php?rest_route=%2Fwp%2Fv2%2Fcomments&post=924"}],"version-history":[{"count":0,"href":"https:\/\/blogsaverroes.juntadeandalucia.es\/aldeacordoba\/index.php?rest_route=\/wp\/v2\/posts\/924\/revisions"}],"wp:attachment":[{"href":"https:\/\/blogsaverroes.juntadeandalucia.es\/aldeacordoba\/index.php?rest_route=%2Fwp%2Fv2%2Fmedia&parent=924"}],"wp:term":[{"taxonomy":"category","embeddable":true,"href":"https:\/\/blogsaverroes.juntadeandalucia.es\/aldeacordoba\/index.php?rest_route=%2Fwp%2Fv2%2Fcategories&post=924"},{"taxonomy":"post_tag","embeddable":true,"href":"https:\/\/blogsaverroes.juntadeandalucia.es\/aldeacordoba\/index.php?rest_route=%2Fwp%2Fv2%2Ftags&post=924"}],"curies":[{"name":"wp","href":"https:\/\/api.w.org\/{rel}","templated":true}]}}