{"id":933,"date":"2019-12-24T09:52:00","date_gmt":"2019-12-24T08:52:00","guid":{"rendered":"https:\/\/jmoragahc.wordpress.com\/?p=933"},"modified":"2019-12-24T09:52:00","modified_gmt":"2019-12-24T08:52:00","slug":"la-italia-fascista-que-se-retrato-en-la-guerra-civil","status":"publish","type":"post","link":"https:\/\/blogsaverroes.juntadeandalucia.es\/aldeacordoba\/?p=933","title":{"rendered":"La Italia fascista que se retrat\u00f3 en la Guerra Civil"},"content":{"rendered":"\n<figure class=\"wp-block-image size-large\"><img decoding=\"async\" src=\"https:\/\/ep01.epimg.net\/cultura\/imagenes\/2019\/12\/19\/actualidad\/1576779935_829168_1576859447_noticia_normal_recorte1.jpg\" alt=\"\" \/><figcaption> Ca\u00f1ones de artiller\u00eda italianos en Sig\u00fcenza (Guadalajara), en octubre de 1936. La fotograf\u00eda la tom\u00f3 Guido Giovinazzi.\u00a0CDMH \/ MINISTERIO DE CULTURA<\/figcaption><\/figure>\n\n\n\n<p><strong>Autor<\/strong>: Manuel Morales<\/p>\n\n\n\n<p><strong>Fuente<\/strong>: <em><a href=\"https:\/\/elpais.com\/cultura\/2019\/12\/19\/actualidad\/1576779935_829168.html\">El Pa\u00eds<\/a><\/em>, 21\/12\/2019<\/p>\n\n\n\n<p class=\"has-text-align-justify\">Se los ve desembarcando en C\u00e1diz o a punto de cruzar el Ebro para la gran batalla, tambi\u00e9n en sus peque\u00f1os carros de combate, que parecen de juguete, camino de Guadalajara, donde perdieron la \u00fanica batalla importante que ganaron las tropas republicanas en la Guerra Civil. Son fotograf\u00edas de episodios de la contienda espa\u00f1ola en los que participaron los soldados italianos del Cuerpo de Tropas Voluntarias, casi 50.000 hombres. Otras son de actos p\u00fablicos en los que, por ejemplo, se ve al general Franco con su hija o condecorando a un soldado.<\/p>\n\n\n\n<p class=\"has-text-align-justify\">Como otras colecciones fotogr\u00e1ficas del conflicto, esta ha permanecido d\u00e9cadas en manos de particulares, hasta que por fin ve la luz. Son 212 im\u00e1genes\u00a0<em>vintage<\/em>\u00a0en papel que pertenecieron al coronel\u00a0<a rel=\"noreferrer noopener\" href=\"http:\/\/www.culturaydeporte.gob.es\/cultura\/areas\/archivos\/mc\/archivos\/cdmh\/destacados\/2019\/nuevos-fondos-fotograficos\/martin-pinillos.html\" target=\"_blank\">Luis de Mart\u00edn-Pinillos (1877-1956)<\/a>, militar africanista que particip\u00f3 en el golpe de Estado del 18 de julio de 1936, luego fue gobernador militar de C\u00e1ceres y, a partir del 29 de julio de 1937, Franco lo situ\u00f3 al frente de la poderosa y temible Inspecci\u00f3n de los Campos de Concentraci\u00f3n de Prisioneros de guerra (ICCP), organismo encargado de articular el sistema represivo. Los servicios prestados al r\u00e9gimen le vali\u00f3 el ascenso a general.<\/p>\n\n\n\n<p class=\"has-text-align-justify\">Mart\u00edn-Pinillos no era fot\u00f3grafo, las im\u00e1genes que estuvieron en su poder y ha adquirido el Ministerio de Cultura, por unos 15.000 euros a una nieta suya, fue un regalo de los amigos y aliados italianos. Mart\u00edn-Pinillos inici\u00f3 esa relaci\u00f3n con los jefes de las tropas enviadas por Mussolini cuando pelearon juntos en el primer asedio a C\u00e1diz, que lograron romper los republicanos. \u201c\u00c9l no hizo ning\u00fan uso de esas fotos, han estado en manos de la familia. Se encontraban en una caja, pero en buen estado\u201d, dice Teresa Engenios Mart\u00edn, jefa del Servicio de&nbsp; Coordinaci\u00f3n Archiv\u00edstica, perteneciente al Ministerio de Cultura.<\/p>\n\n\n\n<p class=\"has-text-align-justify\">Casi todas las instant\u00e1neas llevan al reverso el sello del Istituto Nazionale LUCE (Libera Unione Cinematografica Educativa), \u00f3rgano de propaganda italiano, creado en 1920, que se puso a las \u00f3rdenes de la Italia fascista desde 1924. Cuando estall\u00f3 la Guerra Civil, el LUCE envi\u00f3 a varios profesionales a Espa\u00f1a para loar las esperables haza\u00f1as b\u00e9licas de sus tropas. Tuvo incluso una sede permanente en Salamanca, desde diciembre de 1936, dependiente de la Oficina de Prensa y Propaganda italoespa\u00f1ola, a cuyo frente estaba el periodista Guglielmo Danzi. Precisamente a este se lo ve en una de las instant\u00e1neas del brazo del general Jos\u00e9 Mill\u00e1n-Astray, posando a las puertas de la Catedral nueva de Salamanca. Danzi era el enlace oficioso entre Franco y Mussolini.<\/p>\n\n\n\n<div class=\"wp-block-image\"><figure class=\"aligncenter\"><img decoding=\"async\" src=\"https:\/\/ep01.epimg.net\/cultura\/imagenes\/2019\/12\/19\/actualidad\/1576779935_829168_1576791031_sumario_normal.jpg\" alt=\"El general Mill\u00e1n-Astray (derecha) con el periodista Guglielmo Danzi delante de la catedral nueva de Salamanca.\" \/><figcaption>El general Mill\u00e1n-Astray (derecha) con el periodista Guglielmo Danzi delante de la catedral nueva de Salamanca.&nbsp;URBANI&nbsp;CDMH \/ MINISTERIO DE CULTURA<\/figcaption><\/figure><\/div>\n\n\n\n<p class=\"has-text-align-justify\">Adem\u00e1s del material para trabajar, llegaron a Espa\u00f1a un jefe de reparto, dos operadores cinematogr\u00e1ficos, un fot\u00f3grafo y tres t\u00e9cnicos. Hubo hasta tres reporteros que se dedicaron a aquella tarea, entre los que destac\u00f3 Guido Giovinazzi. Su misi\u00f3n principal era documentar fotogr\u00e1fica y cinematogr\u00e1ficamente los eventos en que participasen sus soldados, pero tambi\u00e9n ceremonias civiles y castrenses, manifestaciones folcl\u00f3ricas\u2026 Adem\u00e1s, hab\u00eda un objetivo m\u00e1s ambicioso, como apunta el estudioso F\u00e9lix Monguilot-Benzal en un art\u00edculo publicado por la Filmoteca Valenciana: \u00abCrear las bases para una posterior afirmaci\u00f3n de la cinematograf\u00eda italiana entre el p\u00fablico y los empresarios\u00bb. Por lo tanto, que se empezase a apreciar la marca italiana en los espectadores espa\u00f1oles para facilitar la posterior penetraci\u00f3n de sus pel\u00edculas.<\/p>\n\n\n\n<p class=\"has-text-align-justify\">La llegada de las tropas italianas se produjo en C\u00e1diz, en febrero de 1937, como muestra una de las im\u00e1genes. Tras el fracaso en Guadalajara, estos soldados fueron enviados a varios focos de lucha, como Sig\u00fcenza o el frente de Arag\u00f3n, donde participaron en batallas tan sangrientas como Belchite, Teruel o la del Ebro. Entre las tomas hay una espectacular del puente de Fraga (Huesca) hundido y otras m\u00e1s curiosas, como la del aer\u00f3dromo de Soria, en la que junto a un avi\u00f3n a la espera de entrar en combate se ve un carro tirado por bueyes.<\/p>\n\n\n\n<p class=\"has-text-align-justify\">Los fot\u00f3grafos siguieron durante todo el conflicto a los soldados de su pa\u00eds all\u00ed donde entraban en combate, ya fuese el cerro de Los \u00c1ngeles (Madrid) o M\u00e1laga\u2026 No son, sin embargo, im\u00e1genes de lucha, no hay heridos, sino que son tomas del antes y el despu\u00e9s. Los voluntarios italianos regresaron a su pa\u00eds en octubre de 1938 y con ellos lleg\u00f3 el final de la presencia del LUCE en Espa\u00f1a.<\/p>\n","protected":false},"excerpt":{"rendered":"<p>Autor: Manuel Morales Fuente: El Pa\u00eds, 21\/12\/2019 Se los ve desembarcando en C\u00e1diz o a punto de cruzar el Ebro para la gran batalla, tambi\u00e9n en sus peque\u00f1os carros de combate, que parecen de juguete, camino de Guadalajara, donde perdieron la \u00fanica batalla importante que ganaron las tropas republicanas en la Guerra Civil. Son fotograf\u00edas &hellip; <a href=\"https:\/\/blogsaverroes.juntadeandalucia.es\/aldeacordoba\/?p=933\" class=\"more-link\">Continuar leyendo<span class=\"screen-reader-text\"> \u00abLa Italia fascista que se retrat\u00f3 en la Guerra Civil\u00bb<\/span><\/a><\/p>\n","protected":false},"author":168,"featured_media":0,"comment_status":"open","ping_status":"open","sticky":false,"template":"","format":"standard","meta":{"ngg_post_thumbnail":0,"footnotes":""},"categories":[224388,224397],"tags":[224591,224637,224712],"aioseo_notices":[],"_links":{"self":[{"href":"https:\/\/blogsaverroes.juntadeandalucia.es\/aldeacordoba\/index.php?rest_route=\/wp\/v2\/posts\/933"}],"collection":[{"href":"https:\/\/blogsaverroes.juntadeandalucia.es\/aldeacordoba\/index.php?rest_route=\/wp\/v2\/posts"}],"about":[{"href":"https:\/\/blogsaverroes.juntadeandalucia.es\/aldeacordoba\/index.php?rest_route=\/wp\/v2\/types\/post"}],"author":[{"embeddable":true,"href":"https:\/\/blogsaverroes.juntadeandalucia.es\/aldeacordoba\/index.php?rest_route=\/wp\/v2\/users\/168"}],"replies":[{"embeddable":true,"href":"https:\/\/blogsaverroes.juntadeandalucia.es\/aldeacordoba\/index.php?rest_route=%2Fwp%2Fv2%2Fcomments&post=933"}],"version-history":[{"count":0,"href":"https:\/\/blogsaverroes.juntadeandalucia.es\/aldeacordoba\/index.php?rest_route=\/wp\/v2\/posts\/933\/revisions"}],"wp:attachment":[{"href":"https:\/\/blogsaverroes.juntadeandalucia.es\/aldeacordoba\/index.php?rest_route=%2Fwp%2Fv2%2Fmedia&parent=933"}],"wp:term":[{"taxonomy":"category","embeddable":true,"href":"https:\/\/blogsaverroes.juntadeandalucia.es\/aldeacordoba\/index.php?rest_route=%2Fwp%2Fv2%2Fcategories&post=933"},{"taxonomy":"post_tag","embeddable":true,"href":"https:\/\/blogsaverroes.juntadeandalucia.es\/aldeacordoba\/index.php?rest_route=%2Fwp%2Fv2%2Ftags&post=933"}],"curies":[{"name":"wp","href":"https:\/\/api.w.org\/{rel}","templated":true}]}}