{"id":938,"date":"2020-01-03T08:52:00","date_gmt":"2020-01-03T07:52:00","guid":{"rendered":"https:\/\/jmoragahc.wordpress.com\/?p=938"},"modified":"2020-01-03T08:52:00","modified_gmt":"2020-01-03T07:52:00","slug":"el-seiscientos-un-simbolo-social-de-la-espana-del-desarrollismo","status":"publish","type":"post","link":"https:\/\/blogsaverroes.juntadeandalucia.es\/aldeacordoba\/?p=938","title":{"rendered":"El Seiscientos, un s\u00edmbolo social de la Espa\u00f1a del desarrollismo"},"content":{"rendered":"\n<figure class=\"wp-block-image size-large is-resized\"><img loading=\"lazy\" decoding=\"async\" src=\"https:\/\/e00-marca.uecdn.es\/assets\/multimedia\/imagenes\/2016\/08\/08\/14706406267729.jpg\" alt=\"\" width=\"587\" height=\"326\" \/><figcaption>Fuente: <a href=\"https:\/\/www.marca.com\/motor\/ocio\/2016\/08\/08\/57a8322de5fdea683e8b457e.html\">marca.com<\/a> <\/figcaption><\/figure>\n\n\n\n<p><strong>Autora<\/strong>:  <em>Isabel Mart\u00edn-S\u00e1nchez<\/em> <\/p>\n\n\n\n<p><strong>Fuente<\/strong>: <em><a href=\"https:\/\/www.ehu.eus\/ojs\/index.php\/HC\/article\/view\/19535\">Revista de Historia Contempor\u00e1nea de la Universidad del Pa\u00eds Vasco<\/a><\/em>, n\u00ba 61, 2019,   935-969  (https:\/\/doi.org\/10.1387\/hc.19535).  <\/p>\n\n\n\n<p><strong>Resumen<\/strong>:<\/p>\n\n\n\n<p class=\"has-text-align-justify\">Uno de los s\u00edmbolos m\u00e1s emblem\u00e1ticos de la segunda mitad del siglo XX en Espa\u00f1a es el Seiscientos. Este veh\u00edculo, que recibi\u00f3 m\u00faltiples acepciones populares, como \u201cpelotilla\u201d, \u201cSe\u00edlla\u201d, \u201cgarbancito\u201d, forma parte de la memoria colectiva y marc\u00f3 a varias generaciones, debido, no solo a su alta demanda y difusi\u00f3n, sino a la amplitud del periodo de producci\u00f3n, que abarc\u00f3 diecis\u00e9is a\u00f1os, desde los inicios de su fabricaci\u00f3n, en mayo de 1957, hasta agosto de 1973, en los que se produjeron 794.406 unidades.<\/p>\n\n\n\n<p class=\"has-text-align-justify\">Pero el Seiscientos fue tambi\u00e9n el s\u00edmbolo del periodo de \u201cdesarrollismo\u201d de los a\u00f1os sesenta, en los que Espa\u00f1a experiment\u00f3 una profunda transformaci\u00f3n econ\u00f3mica, social y cultural. Este utilitario fue representativo de un mayor<em>\u00a0status<\/em>\u00a0social: el de la clase media surgida de ese crecimiento econ\u00f3mico.<\/p>\n\n\n\n<p><em><a href=\"https:\/\/www.ehu.eus\/ojs\/index.php\/HC\/article\/view\/19535\/18962\">Texto completo<\/a><\/em>.<\/p>\n\n\n\n<p><\/p>\n","protected":false},"excerpt":{"rendered":"<p>Autora: Isabel Mart\u00edn-S\u00e1nchez Fuente: Revista de Historia Contempor\u00e1nea de la Universidad del Pa\u00eds Vasco, n\u00ba 61, 2019, 935-969 (https:\/\/doi.org\/10.1387\/hc.19535). Resumen: Uno de los s\u00edmbolos m\u00e1s emblem\u00e1ticos de la segunda mitad del siglo XX en Espa\u00f1a es el Seiscientos. Este veh\u00edculo, que recibi\u00f3 m\u00faltiples acepciones populares, como \u201cpelotilla\u201d, \u201cSe\u00edlla\u201d, \u201cgarbancito\u201d, forma parte de la memoria colectiva &hellip; <a href=\"https:\/\/blogsaverroes.juntadeandalucia.es\/aldeacordoba\/?p=938\" class=\"more-link\">Continuar leyendo<span class=\"screen-reader-text\"> \u00abEl Seiscientos, un s\u00edmbolo social de la Espa\u00f1a del desarrollismo\u00bb<\/span><\/a><\/p>\n","protected":false},"author":168,"featured_media":0,"comment_status":"open","ping_status":"open","sticky":false,"template":"","format":"standard","meta":{"ngg_post_thumbnail":0,"footnotes":""},"categories":[224397],"tags":[224545,224609,224659,224891],"aioseo_notices":[],"_links":{"self":[{"href":"https:\/\/blogsaverroes.juntadeandalucia.es\/aldeacordoba\/index.php?rest_route=\/wp\/v2\/posts\/938"}],"collection":[{"href":"https:\/\/blogsaverroes.juntadeandalucia.es\/aldeacordoba\/index.php?rest_route=\/wp\/v2\/posts"}],"about":[{"href":"https:\/\/blogsaverroes.juntadeandalucia.es\/aldeacordoba\/index.php?rest_route=\/wp\/v2\/types\/post"}],"author":[{"embeddable":true,"href":"https:\/\/blogsaverroes.juntadeandalucia.es\/aldeacordoba\/index.php?rest_route=\/wp\/v2\/users\/168"}],"replies":[{"embeddable":true,"href":"https:\/\/blogsaverroes.juntadeandalucia.es\/aldeacordoba\/index.php?rest_route=%2Fwp%2Fv2%2Fcomments&post=938"}],"version-history":[{"count":0,"href":"https:\/\/blogsaverroes.juntadeandalucia.es\/aldeacordoba\/index.php?rest_route=\/wp\/v2\/posts\/938\/revisions"}],"wp:attachment":[{"href":"https:\/\/blogsaverroes.juntadeandalucia.es\/aldeacordoba\/index.php?rest_route=%2Fwp%2Fv2%2Fmedia&parent=938"}],"wp:term":[{"taxonomy":"category","embeddable":true,"href":"https:\/\/blogsaverroes.juntadeandalucia.es\/aldeacordoba\/index.php?rest_route=%2Fwp%2Fv2%2Fcategories&post=938"},{"taxonomy":"post_tag","embeddable":true,"href":"https:\/\/blogsaverroes.juntadeandalucia.es\/aldeacordoba\/index.php?rest_route=%2Fwp%2Fv2%2Ftags&post=938"}],"curies":[{"name":"wp","href":"https:\/\/api.w.org\/{rel}","templated":true}]}}