{"id":940,"date":"2020-01-06T08:26:00","date_gmt":"2020-01-06T07:26:00","guid":{"rendered":"https:\/\/jmoragahc.wordpress.com\/?p=940"},"modified":"2020-01-06T08:26:00","modified_gmt":"2020-01-06T07:26:00","slug":"riego-200-anos-del-golpe-por-la-libertad","status":"publish","type":"post","link":"https:\/\/blogsaverroes.juntadeandalucia.es\/aldeacordoba\/?p=940","title":{"rendered":"Riego, 200 a\u00f1os del golpe por la libertad"},"content":{"rendered":"\n<figure class=\"wp-block-image size-large\"><img decoding=\"async\" src=\"https:\/\/ep01.epimg.net\/cultura\/imagenes\/2019\/12\/30\/actualidad\/1577728811_842639_1577729227_noticia_normal_recorte1.jpg\" alt=\"\" \/><figcaption> El mariscal Rafael de Riego, l\u00edder liberal espa\u00f1ol del siglo XIX.&nbsp;ATENEO DE MADRID <\/figcaption><\/figure>\n\n\n\n<p><strong>Autor<\/strong>a: Amalia Bulnes.<\/p>\n\n\n\n<p><strong>Fuente<\/strong>: <em><a href=\"https:\/\/elpais.com\/cultura\/2019\/12\/30\/actualidad\/1577728811_842639.html?fbclid=IwAR1mPuwLUjaGNCgQfzDIa8K3i4rP5lC-pM0Os0kKM8UieSAATh5MIFUnq0k\">El Pa\u00eds <\/a><\/em>31\/12\/2019<\/p>\n\n\n\n<blockquote class=\"wp-block-quote\"><p>Hace dos siglos, el general asturiano se alz\u00f3 contra la monarqu\u00eda absoluta de Fernando VII. Su victoria inaugur\u00f3 el Trienio liberal<\/p><\/blockquote>\n\n\n\n<p class=\"has-text-align-justify\">Las Cabezas de San Juan, en la provincia de Sevilla, una villa enclavada en el Bajo Guadalquivir que a\u00fan hoy es tr\u00e1nsito obligado hacia C\u00e1diz, amanec\u00eda, a las 8 de la ma\u00f1ana del 1 de enero de 1820, escribiendo la p\u00e1gina m\u00e1s sobresaliente de su historia. Un episodio que es tambi\u00e9n trascendental para enmarcar la historia contempor\u00e1nea en Espa\u00f1a: el pronunciamiento del general Rafael del Riego (Tu\u00f1a, Asturias, 1784 \u2013 Madrid, 1823) que, alzado en armas, pretend\u00eda obligar a&nbsp;<a href=\"https:\/\/elpais.com\/cultura\/2018\/04\/26\/babelia\/1524760315_557158.html\">Fernando VII<\/a>&nbsp;a abandonar el r\u00e9gimen absolutista restaurado en 1814, tras la Guerra de la Independencia, y volver a acatar la Constituci\u00f3n proclamada por las Cortes de C\u00e1diz en 1812. El triunfo -aunque no inmediato- de esta revoluci\u00f3n abri\u00f3 la puerta al llamado Trienio Liberal, un periodo en el que, por primera vez en la historia, Espa\u00f1a iba a estar regida por un sistema constitucional. \u201cLas luces de Europa no permiten ya, se\u00f1or, que las naciones sean gobernadas como posesiones absolutas de los reyes (&#8230;). Resucitar la Constituci\u00f3n de Espa\u00f1a, he aqu\u00ed su objeto: decidir que es la Naci\u00f3n leg\u00edtimamente representada quien tiene solo el derecho de darse leyes a s\u00ed misma\u201d, rezaba el manifiesto que, dirigido al monarca absolutista, ley\u00f3 el militar en la hoy llamada plaza de la Constituci\u00f3n del municipio sevillano aquel primero de a\u00f1o del que se cumplen dos siglos.<\/p>\n\n\n\n<p class=\"has-text-align-justify\">Personaje sobre el que a\u00fan hoy no existe un consenso \u2014\u201cha pasado a la historia como un personaje controvertido, h\u00e9roe para unos, militar golpista para otros\u201d, reconoce el exvicepresidente del Gobierno&nbsp;<a href=\"https:\/\/elpais.com\/tag\/alfonso_guerra\/a\">Alfonso Guerra<\/a>\u2014, es no obstante indudable que Riego fue el gran protagonista del que est\u00e1 considerado el primer golpe militar de la historia de Espa\u00f1a. Infiltrado desde el final de la Guerra de la Independencia en los movimientos clandestinos del Ej\u00e9rcito que ejerc\u00edan la oposici\u00f3n liberal al r\u00e9gimen de Fernando VII \u2014que hab\u00eda abolido la Constituci\u00f3n del 12 \u201ccomo si no hubiera ocurrido jam\u00e1s\u201d\u2014, el general se encontraba aquel 1 de enero en las provincias lim\u00edtrofes con C\u00e1diz junto a otros 20.000 hombres. Todos ellos deb\u00edan embarcar a Am\u00e9rica con el fin de sofocar las revueltas independentistas que estaban irrumpiendo en territorios del a\u00fan Imperio Espa\u00f1ol. Pero, en un giro que dar\u00eda la vuelta al curso de la historia espa\u00f1ola, se sali\u00f3 del guion y proclam\u00f3 la Constituci\u00f3n de C\u00e1diz.<\/p>\n\n\n\n<p class=\"has-text-align-justify\">Las voces m\u00e1s cr\u00edticas, entre las que se encuentra la de&nbsp;Manuel Moreno Alonso,&nbsp;catedr\u00e1tico de Historia Contempor\u00e1nea de la&nbsp;<a href=\"https:\/\/elpais.com\/tag\/us_universidad_sevilla\/a\">Universidad de Sevilla<\/a>, creen que \u201cRiego encontr\u00f3 un pretexto excelente, toda la parafernalia liberal del triunfo de la Constituci\u00f3n, para no ir a las colonias. Nunca se ha puesto de relieve, pero la causa clave es que no quer\u00eda ir a Am\u00e9rica\u201d, asegura el profesor, para quien \u201cla labor de Riego fue desgraciada en todos los sentidos y sumi\u00f3 al pa\u00eds en el caos\u201d. \u201cLa celebraci\u00f3n de esta efem\u00e9ride debe evitar una \u00fanica visi\u00f3n hist\u00f3rica determinada\u00bb, insiste Moreno Alonso. \u00abHay que ser cr\u00edticos con las cosas disonantes que tuvo el golpe: lo hicieron dejando a un lado a los docea\u00f1istas, esto es, embistieron contra los propios liberales, y Riego obedeci\u00f3, no a la voluntad popular, sino a las logias mas\u00f3nicas a las que se deb\u00eda\u201d. En ellas hab\u00eda ingresado a\u00f1os antes por encontrar all\u00ed uno de los resortes m\u00e1s poderosos en la lucha contra el absolutismo.<\/p>\n\n\n\n<p class=\"has-text-align-justify\">Por el contrario, Guerra cree que \u201cno es posible olvidar que, m\u00e1s all\u00e1 de las conjeturas acerca de la motivaci\u00f3n personal que le indujo a actuar como lo hizo, Riego se subleva reclamando la Constituci\u00f3n liberal de 1812, se opone a la felon\u00eda del Rey absolutista y es reprimido brutalmente con un final tr\u00e1gico de descuartizamiento. A partir de 1812, la vida pol\u00edtica espa\u00f1ola tom\u00f3 el camino del autoritarismo hasta 1978 con la Constituci\u00f3n vigente, salvando el corto per\u00edodo de la Rep\u00fablica de 1931, que termin\u00f3 tambi\u00e9n de manera autoritaria\u201d.<\/p>\n\n\n\n<p class=\"has-text-align-justify\">A esta voz se suma la del profesor Alberto Gonz\u00e1lez Troyano, profesor de Literatura en las universidades de Fez (Marruecos), C\u00e1diz y Sevilla y Premio Iberoamericano&nbsp;<a href=\"https:\/\/elpais.com\/diario\/1987\/03\/19\/cultura\/543106807_850215.html\">Cortes de C\u00e1diz<\/a>&nbsp;de Ciencias Sociales en 2012. \u201cLa gesta de Riego ha repercutido de manera m\u00e1s que positiva en la construcci\u00f3n de la Espa\u00f1a liberal. Deber\u00edamos enfocar el acontecimiento del pronunciamiento como el primer ejemplo en la historia de nuestro pa\u00eds de un militar que se alza en favor de la causa constitucional. Riego no es \u00e9l mismo, ni sus causas particulares, sino lo que representa: recogi\u00f3 la voluntad colectiva y logr\u00f3 que, durante tres a\u00f1os, el liberalismo triunfara en Espa\u00f1a\u201d, asegura.<\/p>\n\n\n\n<p class=\"has-text-align-justify\">Fernando VII tard\u00f3 en reaccionar casi tres meses. Fue necesario que una gran multitud rodeara el&nbsp;<a href=\"https:\/\/elpais.com\/tag\/palacio_real_madrid\/a\">Palacio Real de Madrid<\/a>&nbsp;para que atendiera a las exigencias de Riego. Lo hizo con un manifiesto que inclu\u00eda la hist\u00f3rica proclamaci\u00f3n por la que fue apodado&nbsp;<em>El fel\u00f3n<\/em>, en relaci\u00f3n con su deslealtad: \u201cMarchemos francamente, y yo el primero, por la senda constitucional\u201d. As\u00ed comenzaba el Trienio Liberal, un sue\u00f1o breve que&nbsp;<a href=\"https:\/\/elpais.com\/diario\/2000\/02\/09\/madrid\/950099066_850215.html\">acab\u00f3 con Riego guillotinado en la Plaza de la Cebada de Madrid<\/a>&nbsp;por orden del propio monarca, que no hab\u00eda dejado de maniobrar para hacer fracasar el ensayo liberal y que se consum\u00f3 con la entrada en Espa\u00f1a de los Cien Mil Hijos de San Luis comandados por el duque de Angulema. \u201cRiego asisti\u00f3 solo a su final, abandonado por todo el mundo. Fue un hombre de pocas luces, un mito inconsistente construido sobre un personaje que estaba hecho con una cera que ard\u00eda mal\u201d, insiste el profesor Moreno Alonso.<\/p>\n\n\n\n<p class=\"has-text-align-justify\">No obstante, recuerda Guerra, \u201cno est\u00e1 nuestra historia contempor\u00e1nea tan llena de personajes que hayan dado su vida por defender los valores democr\u00e1ticos constitucionales como para dejar pasar un aniversario redondo, 200 a\u00f1os, sin recordar al general Riego. Durante m\u00e1s de dos siglos en Espa\u00f1a no se alcanz\u00f3 la construcci\u00f3n de un Estado moderno porque las fuerzas reaccionarias del momento se conjuraban para impedirlo: el trono, la espada, el altar y las grandes fortunas agrarias. El principio liberal que proclama el liberal Riego se confirma con la&nbsp;<a href=\"https:\/\/elpais.com\/politica\/2018\/11\/28\/actualidad\/1543422633_345666.html\">Constituci\u00f3n del 78<\/a>, que se mira mucho en la del 12, con un Ej\u00e9rcito que asume el papel que le consigna la Constituci\u00f3n y con un monarca \u2014en realidad son dos\u2014 que defienden la democracia constitucional, en febrero de 1981 y en octubre de 2017 como fechas culminantes\u201d.<\/p>\n\n\n\n<h4 class=\"wp-block-heading\">HIMNO DE RIEGO<\/h4>\n\n\n\n<p class=\"has-text-align-justify\">Otro de los grandes hitos por los que el nombre de Riego sigue asociado a la historia del Liberalismo de Espa\u00f1a es el himno que lleva su nombre y que naci\u00f3 ese mismo 1 de enero de 1812 para acompa\u00f1ar la marcha del general con las tropas sublevadas que obligaron al rey a firmar la Constituci\u00f3n en 1820. A pesar de seguir siendo conocido por el nombre de Riego, la letra fue obra de su amigo Evaristo Fern\u00e1ndez de San Miguel, teniente coronel y compa\u00f1ero en la insurrecci\u00f3n. El autor de la m\u00fasica, sin embargo, se desconoce de manera oficial, aunque existen varias teor\u00edas, entre las que sobresale la autor\u00eda del compositor rom\u00e1ntico Jos\u00e9 Melchor Gomis. A pesar de su enorme popularidad en la I y la II Rep\u00fablica \u2013con la inclusi\u00f3n de una letra sat\u00edrica- solo lleg\u00f3 a ser himno oficial en el Trienio Liberal.<\/p>\n","protected":false},"excerpt":{"rendered":"<p>Autora: Amalia Bulnes. Fuente: El Pa\u00eds 31\/12\/2019 Hace dos siglos, el general asturiano se alz\u00f3 contra la monarqu\u00eda absoluta de Fernando VII. Su victoria inaugur\u00f3 el Trienio liberal Las Cabezas de San Juan, en la provincia de Sevilla, una villa enclavada en el Bajo Guadalquivir que a\u00fan hoy es tr\u00e1nsito obligado hacia C\u00e1diz, amanec\u00eda, a &hellip; <a href=\"https:\/\/blogsaverroes.juntadeandalucia.es\/aldeacordoba\/?p=940\" class=\"more-link\">Continuar leyendo<span class=\"screen-reader-text\"> \u00abRiego, 200 a\u00f1os del golpe por la libertad\u00bb<\/span><\/a><\/p>\n","protected":false},"author":168,"featured_media":0,"comment_status":"open","ping_status":"open","sticky":false,"template":"","format":"standard","meta":{"ngg_post_thumbnail":0,"footnotes":""},"categories":[224381,224397],"tags":[224423,224600,224740,224800,224878,224932],"aioseo_notices":[],"_links":{"self":[{"href":"https:\/\/blogsaverroes.juntadeandalucia.es\/aldeacordoba\/index.php?rest_route=\/wp\/v2\/posts\/940"}],"collection":[{"href":"https:\/\/blogsaverroes.juntadeandalucia.es\/aldeacordoba\/index.php?rest_route=\/wp\/v2\/posts"}],"about":[{"href":"https:\/\/blogsaverroes.juntadeandalucia.es\/aldeacordoba\/index.php?rest_route=\/wp\/v2\/types\/post"}],"author":[{"embeddable":true,"href":"https:\/\/blogsaverroes.juntadeandalucia.es\/aldeacordoba\/index.php?rest_route=\/wp\/v2\/users\/168"}],"replies":[{"embeddable":true,"href":"https:\/\/blogsaverroes.juntadeandalucia.es\/aldeacordoba\/index.php?rest_route=%2Fwp%2Fv2%2Fcomments&post=940"}],"version-history":[{"count":0,"href":"https:\/\/blogsaverroes.juntadeandalucia.es\/aldeacordoba\/index.php?rest_route=\/wp\/v2\/posts\/940\/revisions"}],"wp:attachment":[{"href":"https:\/\/blogsaverroes.juntadeandalucia.es\/aldeacordoba\/index.php?rest_route=%2Fwp%2Fv2%2Fmedia&parent=940"}],"wp:term":[{"taxonomy":"category","embeddable":true,"href":"https:\/\/blogsaverroes.juntadeandalucia.es\/aldeacordoba\/index.php?rest_route=%2Fwp%2Fv2%2Fcategories&post=940"},{"taxonomy":"post_tag","embeddable":true,"href":"https:\/\/blogsaverroes.juntadeandalucia.es\/aldeacordoba\/index.php?rest_route=%2Fwp%2Fv2%2Ftags&post=940"}],"curies":[{"name":"wp","href":"https:\/\/api.w.org\/{rel}","templated":true}]}}