{"id":958,"date":"2020-01-24T09:07:00","date_gmt":"2020-01-24T08:07:00","guid":{"rendered":"https:\/\/jmoragahc.wordpress.com\/?p=958"},"modified":"2020-01-24T09:07:00","modified_gmt":"2020-01-24T08:07:00","slug":"la-verdadera-historia-de-ramon-mercader-el-asesino-de-trotsky","status":"publish","type":"post","link":"https:\/\/blogsaverroes.juntadeandalucia.es\/aldeacordoba\/?p=958","title":{"rendered":"La verdadera historia de Ram\u00f3n Mercader, el asesino de Trotsky"},"content":{"rendered":"\n<figure class=\"wp-block-image size-large\"><img decoding=\"async\" src=\"https:\/\/www.ecestaticos.com\/imagestatic\/clipping\/2f2\/51b\/2f251b729918c9f1a1c3d8440e471ed5\/la-verdadera-historia-de-ramon-mercader-el-asesino-de-trotsky.jpg?mtime=1578046793\" alt=\"\" \/><figcaption>Ram\u00f3n Mercader, tras haber asesinado a Trotsky, en una foto de archivo. (Cordon Press)<\/figcaption><\/figure>\n\n\n\n<p><strong>Autor<\/strong>: <a href=\"https:\/\/www.elconfidencial.com\/autores\/alvaro-van-den-brule-229\/\">\u00c1LVARO VAN DEN BRULE<\/a><a rel=\"noreferrer noopener\" target=\"_blank\" href=\"https:\/\/www.elconfidencial.com\/contacto\/229\/\"><em> <\/em><\/a><\/p>\n\n\n\n<p><strong>Fuente<\/strong>: <em><a href=\"https:\/\/www.elconfidencial.com\/alma-corazon-vida\/2020-01-04\/ramon-mercader-trotsky-moscu-urss-stalin_2397535\/\">El Confidencial<\/a><\/em> 04\/01\/2020<\/p>\n\n\n\n<p><em>\u00abCada cosa que amas, es muy probable que la pierdas, pero al final, el amor volver\u00e1 de una forma diferente\u201c.<\/em><\/p>\n\n\n\n<p><strong>Kafka y la Mu\u00f1eca&#8230; la omnipresencia de la p\u00e9rdida.<\/strong><\/p>\n\n\n\n<p class=\"has-text-align-justify\">En medio de la can\u00edcula veraniega de un asfixiante verano del a\u00f1o 1940,&nbsp;<strong>en la entonces peque\u00f1a ciudad de Coyoac\u00e1n<\/strong>, hoy barrio bohemio, alcald\u00eda o distrito plenamente integrado en la mega urbe que es la capital mejicana; mientras en Europa los nazis reventaban la historia, un acontecimiento largamente orquestado en una inmensa mesa de pino en el&nbsp;<a href=\"https:\/\/es.wikipedia.org\/wiki\/Kremlin_de_Mosc%C3%BA\" target=\"_blank\" rel=\"noreferrer noopener\">Kremlin<\/a>, fosilizar\u00eda el devenir de un formato de comunismo m\u00e1s din\u00e1mico y adecuado a las realidades del porvenir.&nbsp;<strong>Era un 21 de agosto<\/strong>&nbsp;y nada anticipaba que fuera a ocurrir algo tan brutal y decisivo&nbsp;<strong>en las entra\u00f1as de una ideolog\u00eda revolucionaria&nbsp;<\/strong>que a su vez, aniquilar\u00eda al m\u00e1s brillante y probablemente avanzado de sus l\u00edderes.<\/p>\n\n\n\n<figure class=\"wp-block-image\"><img decoding=\"async\" src=\"https:\/\/www.ecestaticos.com\/image\/clipping\/585\/a4275ba00c6e52d443a476f754a49709\/ramon-mercader-en-un-retrato-fotografico-de-la-epoca-wikipedia.jpg\" alt=\"Ram\u00f3n Mercader, en un retrato fotogr\u00e1fico de la \u00e9poca. (Wikipedia)\" \/><figcaption>Ram\u00f3n Mercader, en un retrato fotogr\u00e1fico de la \u00e9poca. (Wikipedia)<\/figcaption><\/figure>\n\n\n\n<p class=\"has-text-align-justify\">El hombre que hab\u00eda dado la orden en Mosc\u00fa,<strong>&nbsp;ten\u00eda un mostacho muy poblado<\/strong>, m\u00e1s si cabe, que otro iluminado que a su vez, conspiraba a lo grande liderando otra dictadura inhumana y salvaje;<strong>&nbsp;uno se llamaba Iosif, y el otro Adolph.&nbsp;<\/strong>El del bigote grande, era una bestia de atar, el otro, el del bigotito rectangular y flequillo acrata era un poco m\u00e1s fino pero ambos, igual de alucinados. A\u00fan hoy en d\u00eda se debate si entre ambos se llevaron por delante cien&nbsp;<strong>millones de muertos<\/strong>&nbsp;entre los ca\u00eddos en el conflicto que supuso<a href=\"https:\/\/www.elconfidencial.com\/tags\/otros\/segunda-guerra-mundial-8391\/\">&nbsp;la II Guerra Mundial&nbsp;<\/a>incluyendo obviamente las hambrunas y deportaciones masivas que se produjeron posteriormente. La crueldad m\u00e1s ins\u00f3lita subir\u00eda al pedestal del horror hasta hacerse indesalojable.<\/p>\n\n\n\n<p class=\"has-text-align-justify\">Un 21 de agosto un comunista catal\u00e1n sell\u00f3 de manera abrupta el acto por el que ha sido recordado hasta el d\u00eda de hoy,&nbsp;<a href=\"https:\/\/www.elconfidencial.com\/mundo\/2010-08-21\/mexico-el-feliz-y-fatal-destino-de-trotsky_612119\/\">el asesinato de Le\u00f3n Trotsky.&nbsp;<\/a>Un revolucionario que lleg\u00f3 a liderar el ej\u00e9rcito rojo y que a\u00f1os m\u00e1s tarde, caer\u00eda en desgracia firmando su sentencia de muerte a manos de un \u00e1ngel exterminador venido del este.<strong>&nbsp;El enviado de Mosc\u00fa era un agente de la NKVD<\/strong>, precursora de la que posteriormente dar\u00eda en llamarse&nbsp;<strong>la KGB<\/strong>, una de las agencias de inteligencia m\u00e1s din\u00e1micas y efectivas en el mundo del espionaje.<\/p>\n\n\n\n<blockquote class=\"wp-block-quote\"><p><strong>Desde la muerte de Lenin, las depuraciones llevadas a cabo por Stalin dejaron la c\u00fapula del PC ruso como una Tabula Rasa, no qued\u00f3 vivo ni el Tato<\/strong><\/p><\/blockquote>\n\n\n\n<p class=\"has-text-align-justify\">Ram\u00f3n Mercader era hijo de una revolucionaria criado en el caldo de un ambiente burgu\u00e9s en el que al parecer el tema de la levedad del ser creaba legiones de aburridos que eran f\u00e1cilmente presa de cualquier viento ideol\u00f3gico asociado al cambio del orden establecido.&nbsp;<strong>Este h\u00e9roe de la Uni\u00f3n Sovi\u00e9tica,<\/strong>&nbsp;m\u00e1s tarde olvidado en una c\u00e1rcel mejicana durante a\u00f1os, ser\u00eda el ejecutor f\u00edsico de la probablemente mente m\u00e1s brillante de una revoluci\u00f3n que ilusion\u00f3 y decepcion\u00f3 a partes iguales a cientos de millones de seguidores.<\/p>\n\n\n\n<h4 class=\"wp-block-heading\">\u00abEl Tirano Rojo\u00bb<\/h4>\n\n\n\n<p class=\"has-text-align-justify\">Mercader form\u00f3 parte de varios grupos de ideolog\u00eda marxista y presa de sus filias comunistas, participar\u00eda activamente en los proleg\u00f3menos de&nbsp;<a href=\"https:\/\/www.elconfidencial.com\/tags\/temas\/guerra-civil-7064\/\">la Guerra Civil Espa\u00f1ola.&nbsp;<\/a>Tras su breve participaci\u00f3n en la contienda nacional se le perder\u00eda el rastro una vez abandonada Espa\u00f1a en direcci\u00f3n a la Uni\u00f3n Sovi\u00e9tica donde ser\u00eda adiestrado en un centro de \u00e9lite para una misi\u00f3n altamente confidencial. Un tiempo m\u00e1s tarde, ser\u00eda enviado a Francia con objeto de entrar en contacto con elementos pr\u00f3ximos al entorno de<strong>&nbsp;Le\u00f3n Trotsky,<\/strong>&nbsp;ya ca\u00eddo en desgracia desde las purgas efectuadas en 1929 por el \u201cTirano Rojo\u201d. El cuestionado l\u00edder revisionista, un jud\u00edo comunista de origen ucraniano acabar\u00eda sus d\u00edas pl\u00e1cidamente en M\u00e9xico, pa\u00eds donde se rodear\u00eda de intelectuales y artistas de la categor\u00eda de&nbsp;<strong>Diego Rivera<\/strong>&nbsp;<strong>o la malograda Frida Kahlo<\/strong>. Desde este pa\u00eds, el que fue mano derecha de Lenin, se convertir\u00eda en toda una celebridad mundial al organizar&nbsp;<strong>la \u00abCuarta Internacional\u00bb<\/strong>&nbsp;para hacer frente al tirano georgiano.<\/p>\n\n\n\n<blockquote class=\"wp-block-quote\"><p><strong>El antiguo l\u00edder sovi\u00e9tico era consciente de que estaba en la lista negra del brutal Stalin y en consecuencia sab\u00eda que su vida pend\u00eda de un hilo<\/strong><\/p><\/blockquote>\n\n\n\n<p class=\"has-text-align-justify\"><br>Ya instalados en mayo de 1937, en Estados Unidos una Comisi\u00f3n de Investigaci\u00f3n de cargos hechos contra Le\u00f3n Trotsky en&nbsp;<a href=\"http:\/\/www.laizquierdadiario.com\/Los-Juicios-de-Moscu-la-falsificacion-mas-grande-de-la-historia\" target=\"_blank\" rel=\"noreferrer noopener\">los Juicios de Mosc\u00fa&nbsp;<\/a>tras la Gran Purga, conocida como<strong>&nbsp;la \u00abComisi\u00f3n Dewey\u00bb,&nbsp;<\/strong>tuvo como objetivo limpiar el nombre de Trotsky. Desde la muerte de Lenin, se puede decir sin ambages que las sucesivas depuraciones llevadas por Stalin<strong>&nbsp;(antes de la Gran Guerra Patria o II Guerra Mundial)<\/strong>&nbsp;dejaron la c\u00fapula del PC ruso como una Tabula Rasa, no qued\u00f3 vivo ni el Tato. Se calcula que antes de la invasi\u00f3n nazi este monstruo humano se hab\u00eda cepillado a m\u00e1s de cinco millones de rusos a trav\u00e9s de ejecuciones sumarias, muertes por tortura y\/o locura, suicidios simulados, y por supuesto, adem\u00e1s,<a href=\"https:\/\/www.planetadelibros.com\/libro-archipielago-gulag-i\/202624\" target=\"_blank\" rel=\"noreferrer noopener\">&nbsp;el siempre socorrido Gulag<\/a>, expeditivos campos de exterminio donde los esclavos de aquella brutal tiran\u00eda ca\u00edan como moscas.<\/p>\n\n\n\n<p class=\"has-text-align-justify\">Con la idea de integrarse en el c\u00edrculo \u00edntimo del antiguo dirigente,&nbsp;<strong>Mercader adoptar\u00eda multitud de identidades.<\/strong>&nbsp;Su vasta cultura y dominio de idiomas a\u00f1adir\u00edan una carta clave en el acercamiento a su siniestro objetivo. Durante su estancia en Par\u00eds, hizo amistad con<strong>&nbsp;Sylvia Ageloff,&nbsp;<\/strong>una militante trotskista norteamericana que le acercar\u00eda si cabe m\u00e1s, a su destino como verdugo de aquel sentenciado.<\/p>\n\n\n\n<h4 class=\"wp-block-heading\">Una misi\u00f3n definitiva<\/h4>\n\n\n\n<p class=\"has-text-align-justify\"><strong>Mercader, que era un caballero espa\u00f1ol cl\u00e1sico,\u00a0<\/strong>se preocupaba por Sylvia y de forma natural una cosa llev\u00f3 a la otra y se enamoraron. La relaci\u00f3n del espa\u00f1ol con la agente francesa af\u00edn al trotskismo ser\u00eda determinante en su aproximaci\u00f3n a<a href=\"https:\/\/www.elconfidencial.com\/alma-corazon-vida\/2019-05-03\/stalin-vuelve-meme-hombre-acero_1972270\/\">\u00a0la misi\u00f3n encomendada por Stalin<\/a>\u00a0en 1939, esto es, el asesinato de Trotsky. El antiguo l\u00edder sovi\u00e9tico era muy consciente de que estaba en la lista negra del brutal Stalin y en consecuencia sab\u00eda que su vida pend\u00eda de un hilo. Adem\u00e1s, meses antes hab\u00eda tenido que enfrentarse a un atentado fallido encabezado por el pro estalinista\u00a0<strong>David Alfaro Siqueiros<\/strong>\u00a0y una decena de pistoleros que dejaron un mosaico de m\u00e1s de trescientas balas en la fachada de la villa. Tras este fallido, se incrementar\u00edan notablemente las medidas de vigilancia en la villa ocupada por Trotsky.<\/p>\n\n\n\n<figure class=\"wp-block-image size-large is-resized\"><img loading=\"lazy\" decoding=\"async\" src=\"https:\/\/www.ecestaticos.com\/imagestatic\/clipping\/cbc\/862\/cbc8624fad605f46756edc0c09cbed68\/lenin-trotski-y-stalin-bebiendo-cerveza-en-los-bares-de-londres-que-paso-de-verdad.jpg?mtime=1491392057\" alt=\"\" width=\"590\" height=\"331\" \/><figcaption><a href=\"https:\/\/www.elconfidencial.com\/alma-corazon-vida\/2017-04-08\/lenin-trotski-stalin-londres_1361476\/\">H\u00c9CTOR G. BARN\u00c9S<\/a>. Lenin, Trotski y Stalin bebiendo cerveza en los bares de Londres: que pas\u00f3 de verdad. A\u00fan pueden visitarse los vestigios del paso de los principales cabecillas de la revoluci\u00f3n rusa en la gran urbe del capitalismo. Encuentros entre birras que cambiaron la historia<\/figcaption><\/figure>\n\n\n\n<p class=\"has-text-align-justify\">Las medidas de vigilancia, controles diarios y dificultades de diferente \u00edndole en el intento<strong>\u00a0para acabar con la vida del purgado bolchevique<\/strong>, llevaron a Mercader al delirio de plantearse presa de la frustraci\u00f3n, a contratar a un piloto civil norteamericano con el claro prop\u00f3sito de bombardear la vivienda\u00a0<a href=\"https:\/\/www.elconfidencial.com\/cultura\/2017-02-11\/bolcheviques-mencheviques-lenin-martov_1329457\/\">del ex l\u00edder de la Revoluci\u00f3n Rusa\u00a0<\/a>y acabar por las bravas con el tema que se tra\u00eda entre manos.<\/p>\n\n\n\n<p class=\"has-text-align-justify\">Finalmente lleg\u00f3 el d\u00eda fat\u00eddico del&nbsp;<strong>20 de agosto de 1940<\/strong>&nbsp;cuando el catal\u00e1n llev\u00f3 a cabo su misi\u00f3n. Tras arrearle en un momento de sorpresa con&nbsp;<strong>un piolet y una fuerte dosis de sa\u00f1a sin contemplaciones,&nbsp;<\/strong>dejar\u00eda a Trotsky sumido en profundas reflexiones. Milagrosamente, el revolucionario no solo no fallecer\u00eda en aquel tr\u00e1gico d\u00eda, el caso es que ni siquiera perdi\u00f3 el conocimiento. Un d\u00eda despu\u00e9s, el otrora l\u00edder revolucionario<strong>, ide\u00f3logo de la reforma permanente<\/strong>&nbsp;del sistema pol\u00edtico que junto con Lenin y Stalin pondr\u00edan a Rusia en el mapa de los grandes acontecimientos hist\u00f3ricos, acabar\u00eda, v\u00edctima de las dur\u00edsimas lesiones recibidas con un severo derrame endocraneal irreversible.<\/p>\n\n\n\n<blockquote class=\"wp-block-quote\"><p><strong>Mercader, aquel rom\u00e1ntico teniente republicano, pas\u00f3 sus \u00faltimos a\u00f1os en Cuba, amable siempre con los visitantes, pero no con su pueblo<\/strong><\/p><\/blockquote>\n\n\n\n<p class=\"has-text-align-justify\">Aunque se recurri\u00f3 a la respiraci\u00f3n artificial a trav\u00e9s del ox\u00edgeno y en \u00faltima instancia a una trepanaci\u00f3n, los galenos, que lo dieron todo para salvar a aquel que propon\u00eda el \u00fanico atisbo de amejoramiento de una doctrina jibara enclaustrada en&nbsp;<strong>una clara carencia de motilidad ideol\u00f3gica casi herm\u00e9tica<\/strong>; no pudieron sacar adelante al que podr\u00eda haber representado una izquierda m\u00e1s evolutiva y adaptable a entornos y retos cambiantes.<\/p>\n\n\n\n<p class=\"has-text-align-justify\">Mercader ser\u00eda arrestado &#8216;in situ&#8217; pasando a ser hu\u00e9sped durante a\u00f1os&nbsp;<strong>en una c\u00e1rcel de la Ciudad de M\u00e9xico.<\/strong>&nbsp;Stalin organizar\u00eda una misi\u00f3n para liberar al catal\u00e1n, pero las enormes dificultades en la ejecuci\u00f3n de la misma, no permitir\u00edan llevarla a cabo. Su estancia en presidio le permitir\u00eda tener una holgada econom\u00eda que por l\u00f3gica, alivi\u00f3 enormemente su estancia en aquel m\u00edsero lugar. Reconocido en una ceremonia secreta como&nbsp;<strong>\u00abH\u00e9roe de la Uni\u00f3n Sovi\u00e9tica\u00bb<\/strong>, la m\u00e1s alta condecoraci\u00f3n del r\u00e9gimen comunista, cambiar\u00eda su nombre por el de<strong>&nbsp;Ram\u00f3n L\u00f3pez&nbsp;<\/strong>para eludir la atenci\u00f3n medi\u00e1tica.<\/p>\n\n\n\n<figure class=\"wp-block-image\"><img decoding=\"async\" src=\"https:\/\/www.ecestaticos.com\/image\/clipping\/654\/f20198ade18f59ec749a8f9ed414e9fd\/ramon-mercader-durante-su-arresto-wikipedia.jpg\" alt=\"Ram\u00f3n Mercader durante su arresto. (Wikipedia)\" \/><figcaption>Ram\u00f3n Mercader durante su arresto. (Wikipedia)<\/figcaption><\/figure>\n\n\n\n<p class=\"has-text-align-justify\"><strong>A la muerte de Stalin,<\/strong>&nbsp;cuando la primavera se esbozaba, uno de los mayores monstruos de la humanidad morir\u00eda tambi\u00e9n de hemorragia cerebral en el a\u00f1o de 1953. Iron\u00edas del destino. El revisionismo de&nbsp;<strong>Nikita Krushev<\/strong>&nbsp;(Nikita y I\u00f3sif no hac\u00edan manitas) conden\u00f3 al ostracismo a aquel que obtendr\u00eda la m\u00e1s alta distinci\u00f3n de la Uni\u00f3n Sovi\u00e9tica. Mercader, aquel rom\u00e1ntico teniente republicano que combati\u00f3 otra de las grandes lacras del siglo XX durante nuestra tragedia del 1936, pas\u00f3 sus a\u00f1os postreros en esa Cuba, amable siempre con los visitantes que no con su pueblo.<strong>&nbsp;Los restos del h\u00e9roe&nbsp;<\/strong>\u2013 asesino ser\u00edan repatriados para pervivir enterrados en la extinta Uni\u00f3n Sovi\u00e9tica, pa\u00eds por el que hab\u00eda dado la vida.<\/p>\n","protected":false},"excerpt":{"rendered":"<p>Autor: \u00c1LVARO VAN DEN BRULE Fuente: El Confidencial 04\/01\/2020 \u00abCada cosa que amas, es muy probable que la pierdas, pero al final, el amor volver\u00e1 de una forma diferente\u201c. Kafka y la Mu\u00f1eca&#8230; la omnipresencia de la p\u00e9rdida. En medio de la can\u00edcula veraniega de un asfixiante verano del a\u00f1o 1940,&nbsp;en la entonces peque\u00f1a ciudad &hellip; <a href=\"https:\/\/blogsaverroes.juntadeandalucia.es\/aldeacordoba\/?p=958\" class=\"more-link\">Continuar leyendo<span class=\"screen-reader-text\"> \u00abLa verdadera historia de Ram\u00f3n Mercader, el asesino de Trotsky\u00bb<\/span><\/a><\/p>\n","protected":false},"author":168,"featured_media":0,"comment_status":"open","ping_status":"open","sticky":false,"template":"","format":"standard","meta":{"ngg_post_thumbnail":0,"footnotes":""},"categories":[224386],"tags":[224844,224914,224933,224943],"aioseo_notices":[],"_links":{"self":[{"href":"https:\/\/blogsaverroes.juntadeandalucia.es\/aldeacordoba\/index.php?rest_route=\/wp\/v2\/posts\/958"}],"collection":[{"href":"https:\/\/blogsaverroes.juntadeandalucia.es\/aldeacordoba\/index.php?rest_route=\/wp\/v2\/posts"}],"about":[{"href":"https:\/\/blogsaverroes.juntadeandalucia.es\/aldeacordoba\/index.php?rest_route=\/wp\/v2\/types\/post"}],"author":[{"embeddable":true,"href":"https:\/\/blogsaverroes.juntadeandalucia.es\/aldeacordoba\/index.php?rest_route=\/wp\/v2\/users\/168"}],"replies":[{"embeddable":true,"href":"https:\/\/blogsaverroes.juntadeandalucia.es\/aldeacordoba\/index.php?rest_route=%2Fwp%2Fv2%2Fcomments&post=958"}],"version-history":[{"count":0,"href":"https:\/\/blogsaverroes.juntadeandalucia.es\/aldeacordoba\/index.php?rest_route=\/wp\/v2\/posts\/958\/revisions"}],"wp:attachment":[{"href":"https:\/\/blogsaverroes.juntadeandalucia.es\/aldeacordoba\/index.php?rest_route=%2Fwp%2Fv2%2Fmedia&parent=958"}],"wp:term":[{"taxonomy":"category","embeddable":true,"href":"https:\/\/blogsaverroes.juntadeandalucia.es\/aldeacordoba\/index.php?rest_route=%2Fwp%2Fv2%2Fcategories&post=958"},{"taxonomy":"post_tag","embeddable":true,"href":"https:\/\/blogsaverroes.juntadeandalucia.es\/aldeacordoba\/index.php?rest_route=%2Fwp%2Fv2%2Ftags&post=958"}],"curies":[{"name":"wp","href":"https:\/\/api.w.org\/{rel}","templated":true}]}}