{"id":972,"date":"2020-01-27T09:37:00","date_gmt":"2020-01-27T08:37:00","guid":{"rendered":"https:\/\/jmoragahc.wordpress.com\/?p=972"},"modified":"2020-01-27T09:37:00","modified_gmt":"2020-01-27T08:37:00","slug":"una-microhistoria-del-fascismo-la-defensa-del-fascista-telesio-interlandi","status":"publish","type":"post","link":"https:\/\/blogsaverroes.juntadeandalucia.es\/aldeacordoba\/?p=972","title":{"rendered":"Una microhistoria del fascismo: la defensa del fascista Telesio Interlandi"},"content":{"rendered":"\n<figure class=\"wp-block-image size-large\"><img decoding=\"async\" src=\"https:\/\/www.nuevatribuna.es\/media\/nuevatribuna\/images\/2020\/01\/25\/2020012510583137825.jpg\" alt=\"\" \/><figcaption>\u00a0Leonardo Sciascia<\/figcaption><\/figure>\n\n\n\n<p><strong>Autor<\/strong>: Javier Gimeno.<\/p>\n\n\n\n<p><strong>Fuente<\/strong>: <em><a href=\"https:\/\/www.nuevatribuna.es\/articulo\/cultura---ocio\/microhistoria-fascismo-defensa-fascista-telesio-interlandi\/20200125093613170421.html\">Nueva Tribuna<\/a><\/em> 25\/01\/2020<\/p>\n\n\n\n<blockquote class=\"wp-block-quote\"><p>\u201cEl fascismo constituye una enfermedad moral, un morbo contempor\u00e1neo esparcido por todos los lugares del mundo\u201d.Benedetto Croce<\/p><\/blockquote>\n\n\n\n<p class=\"has-text-align-justify\">El 25 de abril de 1945 y tras a\u00f1os de lucha contra el fascismo, la movilizaci\u00f3n popular logr\u00f3 acabar con la llamada Rep\u00fablica Social italiana de&nbsp;<strong>Benito Mussolini<\/strong>&nbsp;y \u00e9ste fue ejecutado p\u00fablicamente en una plaza de Roma. El periodista&nbsp;<strong>Telesio Interlandi [1]<\/strong>, brazo derecho del Duce, dirigi\u00f3 por encargo suyo las principales publicaciones del fascio italiano, como el peri\u00f3dico Il Tevereo las revistas Quadrivio y La difesa della razza. Esta \u00faltima era la m\u00e1s influyente, especialmente querida por el dictador, por ser el \u00f3rgano propagand\u00edstico en Italia del nacionalsocialismo como arma ideol\u00f3gica para fundar el racismo italiano, cuyo principal te\u00f3rico y mentor no era otro que el propio Telesio Interlandi.<\/p>\n\n\n\n<p class=\"has-text-align-justify\">Una vez derrotado el r\u00e9gimen faccioso, cientos de partisanos se lanzaron a las calles a perseguir y fusilar sin juicio a cuantos fascistas se toparan. Telesio Interlandi tuvo la inmensa fortuna de salvar su vida gracias a su detenci\u00f3n junto con su hijo Cesare. Fortuna que vio colmada con la aparici\u00f3n del abogado socialista&nbsp;<strong>Enzo Paroli,<\/strong>&nbsp;cuya calidad \u00e9tica y humana le llev\u00f3 no s\u00f3lo a ejercer su defensa en el juicio correspondiente sino tambi\u00e9n a arriesgar su vida y la de su familia escondiendo en su casa a Interlandi y a su hijo para librarles de la ira partisana.<\/p>\n\n\n\n<p class=\"has-text-align-justify\">Antes de decidir su defensa, el abogado quer\u00eda conocer de su propia voz el pensamiento de Interlandi y para ello fue a visitarle a la c\u00e1rcel. Enzo Paroli rechazaba el viejo manique\u00edsmo que de forma simplista divide a los hombres en dos bloques monol\u00edticos y cerrados: el de los buenos y el de los malos, de modo tal que quienes pertenecen a uno jam\u00e1s pueden recibir influencias del otro ni mucho menos abandonar el que le corresponde para pasarse al contrario. Paroli entend\u00eda que ambos bandos son perfectamente permeables y por consiguiente no resulta extra\u00f1o que existan hombres a caballo entre uno y otro como algo consustancial a la naturaleza humana donde existe el bien y el mal en diferentes grados. Como hombre, el abogado se consideraba ejemplo de ello.<\/p>\n\n\n\n<blockquote class=\"wp-block-quote\"><p>Tal vez por eso el abogado decidi\u00f3 asumir la defensa de aquel individuo, acaso porque la vida nos demanda a todos, justamente, la necesidad de vivir y de afirmar la propia vida en s\u00ed misma. Tambi\u00e9n a los seres dominados por la vileza y la ignominia como el que ten\u00eda delante<\/p><\/blockquote>\n\n\n\n<p class=\"has-text-align-justify\">\u201cLa historia humana es el pensamiento de Dios sobre la tierra de los hombres\u201d, sosten\u00eda Interlandi, para quien Roma es una \u201cf\u00f3rmula divina a la que se tiende universalmente sin tener conciencia de ello\u201d. Esta idea era nueva y antigua a la vez porque era la idea de la Naci\u00f3n y de la Patria con may\u00fasculas. Para el fascismo genuino, la Naci\u00f3n y la Patria se sustentaban en Roma como \u201cf\u00f3rmula divina a la que universalmente se tiende, el nuevo esplendor que busca aflorar entre las miles de miserias del mundo actual para dar a la criatura humana una patria menos ingrata\u201d. Ello bajo la incuestionable idea de Dios como encarnaci\u00f3n de la \u00fanica Verdad reveladora de la identidad del esp\u00edritu que sustenta a la Raza Superior, la cual se sustancia en una \u201ccerteza absoluta, rotunda\u2026 la \u00fanica capaz de dar sentido a las cosas, a la vida de un pueblo\u2026 liberadora de aquello que anhela perturbar la perfecci\u00f3n de la ley que la rige, la absoluta perfecci\u00f3n interna de cada idea verdadera y el orden que irremediablemente se desprende de ella\u201d.<\/p>\n\n\n\n<p class=\"has-text-align-justify\">Para el fascista el mundo gravitaba con una indiferencia enorme y soberana que hab\u00eda combatido toda su vida, \u201cla indiferencia de los d\u00e9biles y necios, la perezosa y simulada mansedumbre de los temerosos y de los eternos indecisos\u201d. Indiferencia y mansedumbre contra las que \u00e9l mismo desde las p\u00e1ginas de sus publicaciones se hab\u00eda rebelado con firmeza removiendo la conciencia de los inertes y persuadiendo a los comedidos, de todos los incr\u00e9dulos de la grandeza de la Patria, de la nueva Italia, del proyecto antiguo y siempre nuevo del Duce.<\/p>\n\n\n\n<p class=\"has-text-align-justify\">Interlandi estaba convencido de que los jud\u00edos se han comportado desde sus or\u00edgenes como una sola naci\u00f3n siempre agazapada e infiltrada en otras naciones, en especial, la germ\u00e1nica y la italiana, apoder\u00e1ndose de sus instituciones, de sus organizaciones sociales, de sus gobiernos, con af\u00e1n de enriquecerse y controlar la econom\u00eda para su uso exclusivo. Comportamiento que de siempre ha venido aparejado,a juicio del fascista, de un soberano desprecio a la hospitalidad de aquellas naciones que les han acogido.<\/p>\n\n\n\n<p class=\"has-text-align-justify\">\u201cHab\u00eda que acabar con eso de una vez por todas, ponerlos en posici\u00f3n de no hacer da\u00f1o a la naci\u00f3n que delante de todos ten\u00edan el valor de llamar patria pero a la que estaban chupando la sangre como vampiros\u201d, le explicaba Interlandi al abogado.Tras escucharle, \u00e9ste se convenci\u00f3 de que en su intelecto y en su alma ese hombre portaba el mal en su sentido m\u00e1s profundo. Persuadido de que el pueblo jud\u00edo era el pueblo m\u00e1s despreciable de la tierra y de que la raza a la que pertenec\u00edan era inferior \u2013algo que nunca dej\u00f3 de predicar durante a\u00f1os en las publicaciones fascistas que hab\u00eda dirigido-, el intelectual faccioso expresaba la firme convicci\u00f3n de su exterminio.<\/p>\n\n\n\n<p class=\"has-text-align-justify\">Sorprendi\u00f3 al abogado la existencia en ese hombre de una inteligencia constituida coherentemente, con lucidez, en un instrumento de abyecci\u00f3n. Y comprendi\u00f3 que la posesi\u00f3n de un intelecto brillante no bastaba para inclinarse al mal y a la perversi\u00f3n. Se requer\u00eda poseer, adem\u00e1s, una suerte de lo que \u00e9l llamaba \u201csuplemento del alma\u201d, un sentimiento rec\u00f3ndito en lo m\u00e1s profundo del alma humana que quien lo posee deja traslucir la verdad y el bien. Y tambi\u00e9n la piedad que inspira la compasi\u00f3n hacia un hombre a punto de ser condenado, y acaso, de morir. Y era justamente ese suplemento del alma lo que el Duce, Interlandi y todos los te\u00f3ricos del fascismo en todas sus variantes se han empe\u00f1ado \u2013y contin\u00faan a d\u00eda de hoy- en erradicar. Obviamente, aqu\u00e9llos jam\u00e1s han experimentado la debilidad que subyace en la compasi\u00f3n ante un hombre indefenso. Paroli, en cambio, se compadec\u00eda de su propio miedo y del pensamiento de quien ten\u00eda en frente y de lo que hab\u00eda provocado: la sed de venganza, la violencia agazapada en las miradas, en el lenguaje, en cualquier rinc\u00f3n; el \u201cexilio de la raz\u00f3n\u201d.<\/p>\n\n\n\n<p class=\"has-text-align-justify\">Se preguntaba Paroli si su alma dispondr\u00eda de ese suplemento, no hallando respuesta. Sin embargo, decidi\u00f3 acometer la defensa de aquel individuo, quiz\u00e1 porque la vida nos demanda a todos, justamente, la necesidad de vivir y de afirmar la propia vida en s\u00ed misma. Tambi\u00e9n a los seres dominados por la vileza y la ignominia como el que ten\u00eda delante, cuyos argumentos en defensa del exterminio de una raza inferior, y en consecuencia, de todas las otras razas igualmente inferiores, podr\u00edan convencer a cualquiera cuya alma no estuviera en posesi\u00f3n del suplemento antes aludido.<\/p>\n\n\n\n<p class=\"has-text-align-justify\">Paroli era consciente de que su defendido no hab\u00eda cometido en puridad ning\u00fan delito. Y sin embargo, fue el autor intelectual de las premisas ideol\u00f3gicas de las c\u00e1maras de gas que los nazis implantaron. No tuvo que deportar a nadie a los campos de exterminio \u2013sin cuyas teor\u00edas tampoco habr\u00edan existido\u2013 pero hab\u00eda difundido pensamientos asesinos sin haber matado a ninguna persona con sus propias manos aunque s\u00ed con el arma m\u00e1s poderosa que tenemos: el pensamiento. Con sus ideas, Interlandi hab\u00eda provocado uno de los mayores, si no el mayor horror de la humanidad en su historia:\u201cUsted ha contribuido, le dec\u00eda Paroli, a que se consumase posiblemente el peor de los cr\u00edmenes: \u00a1que haya razas y no hombres!&#8230; Desde ese punto de vista usted es indefendible\u2026 Sin embargo, su presencia aqu\u00ed\u2026 representa para m\u00ed la prueba m\u00e1xima de mi existencia, de mi honor como hombre\u2026 Salvarle a usted es salvarme a m\u00ed mismo\u201d.<\/p>\n\n\n\n<p class=\"has-text-align-justify\">Tal vez por eso el abogado decidi\u00f3 asumir la defensa de aquel individuo, acaso porque la vida nos demanda a todos, justamente, la necesidad de vivir y de afirmar la propia vida en s\u00ed misma. Tambi\u00e9n a los seres dominados por la vileza y la ignominia como el que ten\u00eda delante.<\/p>\n\n\n\n<p class=\"has-text-align-justify\"><strong>Enzo Paroli<\/strong>&nbsp;tuvo que sopesar todos los riesgos que enfrentaba al asumir la defensa. El primero, obviamente, era el que corr\u00eda \u00e9l y su familia de ser agredidos o asesinados por grupos de partisanos en cuanto se extendiera la voz de que iba a ser el abogado defensor de un fascista, y no de uno cualquiera. Como ocurr\u00eda no pocas veces en situaciones semejantes, cuando ca\u00eda un r\u00e9gimen desaparec\u00edan por arte de magia sus partidarios, y de la noche a la ma\u00f1ana todo el mundo se convert\u00eda en fiel seguidor del nuevo sistema. \u201cLos peores enemigos son siempre los semejantes, los que forman en la misma fila\u201d, pensaba Paroli. Es lo que estaba sucediendo en Italia nada m\u00e1s desaparecer el r\u00e9gimen de Mussolini.<\/p>\n\n\n\n<p class=\"has-text-align-justify\">Como ha recordado el fil\u00f3sofo&nbsp;<strong>Enzo Traverso<\/strong>, el antifascismo se convirti\u00f3 en una suerte de religi\u00f3n civil en su af\u00e1n de practicar la violencia revolucionaria contra cualquier sospechoso de fascista. Esa pr\u00e1ctica ignominiosa que<strong>&nbsp;Passolini&nbsp;<\/strong>describi\u00f3 en una colecci\u00f3n de sus ensayos reci\u00e9n publicada en Italia como el fascismo de los antifascistas[ii]. Ideas nobles como las que poseen argumentos s\u00f3lidos que refutan los fundamentos de una ideolog\u00eda execrable pueden llegar a convertirse en su justificaci\u00f3n por quienes las malinterpretan o tergiversan. Ejemplos los hallamos en las quemas de iglesias o persecuciones y asesinatos sin juicio de curas y monjas o de individuos adeptos \u2013o tan s\u00f3lo sospechosos sin pruebas de adepci\u00f3n- a los sublevados de la II Rep\u00fablica espa\u00f1ola.<\/p>\n\n\n\n<p class=\"has-text-align-justify\">En determinadas ocasiones, pensaba el abogado, la vida nos enfrenta a nuestras propias contradicciones, nos llama a ser nosotros mismos o a repudiarnos para siempre. Recordaba&nbsp;<em>El entierro del conde de Orgaz<\/em>&nbsp;que contempl\u00f3 en Toledo, la \u201cgran serenidad y equilibrio de gesto\u201d de la muerte expresada en su rostro ya cadav\u00e9rico y en todos los caballeros que acompa\u00f1aban su cuerpo. Y en ese momento pensaba que \u201ces la muerte la que confiere dignidad a la vida: por qu\u00e9 se muere, por qui\u00e9n se muere\u201d.<\/p>\n\n\n\n<p class=\"has-text-align-justify\">Dios, Naci\u00f3n, Patria, Raza Superior, F\u00f3rmula Divina, Idea Verdadera, Nuevo Esplendor, Verdad Reveladora, Certeza Absoluta, Absoluta Perfecci\u00f3n, Orden, indiferencia de los d\u00e9biles y necios, mansedumbre de los temerosos, de los pusil\u00e1nimes y eternos indecisos. Mimbres que conforman las se\u00f1as de identidad del fascismo, ideas fuerza argumentales de la raza superior frente a la raza inferior: la jud\u00eda. Como bien sabemos, el fascismo se reproduce adaptando su lenguaje a la coyuntura de cada \u00e9poca y de cada lugar. Sustituyamos Naci\u00f3n o Patria por Espa\u00f1a, Francia, Alemania, Italia\u2026; cambiemos Raza Superior o Absoluta Perfecci\u00f3n por Espa\u00f1oles, Franceses, Alemanes, Italianos\u2026 tambi\u00e9n con may\u00fascula; en lugar de raza inferior estemos atentos para o\u00edr hablar de inmigrantes y pobres;si antes hablaban de desorden hoy hablan de dictadura progre; los que entonces eran d\u00e9biles, necios, pusil\u00e1nimes o eternos indecisos hoy son homosexuales, lesbianas, transexuales,ideolog\u00eda de g\u00e9nero;frente al adoctrinamiento ideol\u00f3gico de populistas, comunistas y bolivarianos escucharemos a Dios, su Verdad Reveladora, la F\u00f3rmula Divina, el Pin Parental.<\/p>\n\n\n\n<p class=\"has-text-align-justify\">[i]Texto inspirado en la novela corta del escritor y juez italiano&nbsp;<strong>Vincenzo Vitale<\/strong>&nbsp;publicada en Espa\u00f1a con el t\u00edtulo \u00abEn esta noche del tiempo\u00bb por El Perro Malo\/Laertes, 2019. La idea inicial era de&nbsp;<strong>Leonardo Sciascia<\/strong>&nbsp;pero su enfermedad le impidi\u00f3 escribirla y poco antes de su muerte se la encarg\u00f3 a su \u00edntimo amigo Vincenzo Vitale. Es de agradecer la labor que desempe\u00f1an peque\u00f1as editoriales difundiendo obras de autores desconocidos en nuestro pa\u00eds, como la que hace El Perro Malo\/Laertes de la mano de su editor&nbsp;<strong>Paco Carvajal<\/strong>. La introducci\u00f3n, traducci\u00f3n y entrevista que realiza&nbsp;<strong>Manuel Carreras&nbsp;<\/strong>al autor son tambi\u00e9n dignas de reconocimiento.<\/p>\n\n\n\n<p class=\"has-text-align-justify\">[ii] Colecci\u00f3n de ensayos publicados en Italia en 2018 por la editorial<strong>&nbsp;Garzanti Classici.&nbsp;<\/strong>No existe edici\u00f3n espa\u00f1ola.<\/p>\n","protected":false},"excerpt":{"rendered":"<p>Autor: Javier Gimeno. Fuente: Nueva Tribuna 25\/01\/2020 \u201cEl fascismo constituye una enfermedad moral, un morbo contempor\u00e1neo esparcido por todos los lugares del mundo\u201d.Benedetto Croce El 25 de abril de 1945 y tras a\u00f1os de lucha contra el fascismo, la movilizaci\u00f3n popular logr\u00f3 acabar con la llamada Rep\u00fablica Social italiana de&nbsp;Benito Mussolini&nbsp;y \u00e9ste fue ejecutado p\u00fablicamente &hellip; <a href=\"https:\/\/blogsaverroes.juntadeandalucia.es\/aldeacordoba\/?p=972\" class=\"more-link\">Continuar leyendo<span class=\"screen-reader-text\"> \u00abUna microhistoria del fascismo: la defensa del fascista Telesio Interlandi\u00bb<\/span><\/a><\/p>\n","protected":false},"author":168,"featured_media":0,"comment_status":"open","ping_status":"open","sticky":false,"template":"","format":"standard","meta":{"ngg_post_thumbnail":0,"footnotes":""},"categories":[224388,224391],"tags":[224591,224712,224842],"aioseo_notices":[],"_links":{"self":[{"href":"https:\/\/blogsaverroes.juntadeandalucia.es\/aldeacordoba\/index.php?rest_route=\/wp\/v2\/posts\/972"}],"collection":[{"href":"https:\/\/blogsaverroes.juntadeandalucia.es\/aldeacordoba\/index.php?rest_route=\/wp\/v2\/posts"}],"about":[{"href":"https:\/\/blogsaverroes.juntadeandalucia.es\/aldeacordoba\/index.php?rest_route=\/wp\/v2\/types\/post"}],"author":[{"embeddable":true,"href":"https:\/\/blogsaverroes.juntadeandalucia.es\/aldeacordoba\/index.php?rest_route=\/wp\/v2\/users\/168"}],"replies":[{"embeddable":true,"href":"https:\/\/blogsaverroes.juntadeandalucia.es\/aldeacordoba\/index.php?rest_route=%2Fwp%2Fv2%2Fcomments&post=972"}],"version-history":[{"count":0,"href":"https:\/\/blogsaverroes.juntadeandalucia.es\/aldeacordoba\/index.php?rest_route=\/wp\/v2\/posts\/972\/revisions"}],"wp:attachment":[{"href":"https:\/\/blogsaverroes.juntadeandalucia.es\/aldeacordoba\/index.php?rest_route=%2Fwp%2Fv2%2Fmedia&parent=972"}],"wp:term":[{"taxonomy":"category","embeddable":true,"href":"https:\/\/blogsaverroes.juntadeandalucia.es\/aldeacordoba\/index.php?rest_route=%2Fwp%2Fv2%2Fcategories&post=972"},{"taxonomy":"post_tag","embeddable":true,"href":"https:\/\/blogsaverroes.juntadeandalucia.es\/aldeacordoba\/index.php?rest_route=%2Fwp%2Fv2%2Ftags&post=972"}],"curies":[{"name":"wp","href":"https:\/\/api.w.org\/{rel}","templated":true}]}}