{"id":996,"date":"2020-02-21T08:33:00","date_gmt":"2020-02-21T07:33:00","guid":{"rendered":"https:\/\/jmoragahc.wordpress.com\/?p=996"},"modified":"2020-02-21T08:33:00","modified_gmt":"2020-02-21T07:33:00","slug":"lenin-y-la-primera-escision-de-la-izquierda","status":"publish","type":"post","link":"https:\/\/blogsaverroes.juntadeandalucia.es\/aldeacordoba\/?p=996","title":{"rendered":"Lenin y la primera escisi\u00f3n de la izquierda"},"content":{"rendered":"\n<figure class=\"wp-block-image size-large\"><img decoding=\"async\" src=\"https:\/\/www.lavanguardia.com\/r\/GODO\/LV\/p7\/Deportes\/2020\/02\/05\/Recortada\/LAVANGUARDIA_G_3687142-027-kLG-U473300488184pmH-992x558@LaVanguardia-Web.jpg\" alt=\"\" \/><figcaption>Primer plano de Lenin durante uno de sus discursos en la Plaza Roja con motivo del aniversario de la Revoluci\u00f3n. (ARCHIVO DE LA VANGUARDIA)<\/figcaption><\/figure>\n\n\n\n<p><strong>Autor<\/strong>: <a href=\"https:\/\/www.lavanguardia.com\/autores\/jose-ramon-alvarez.html\">RAM\u00d3N \u00c1LVAREZ<\/a><\/p>\n\n\n\n<p><strong>Fuente<\/strong>: <em><a href=\"https:\/\/www.lavanguardia.com\/historiayvida\/20200214\/473300488184\/lenin-dictadura-proletariado-democracia-internacional-comunista-socialista-union-sovietica-revolucion.html\">La Vanguardia<\/a><\/em>. 14\/02\/2020 <\/p>\n\n\n\n<h2 class=\"wp-block-heading\">EL CONTEXTO<\/h2>\n\n\n\n<p class=\"has-text-align-justify\">El tr\u00e1nsito del&nbsp;<strong>marxismo&nbsp;<\/strong>al&nbsp;<strong>leninismo&nbsp;<\/strong>\u2013de la&nbsp;<strong>teor\u00eda socialista&nbsp;<\/strong>a la&nbsp;<strong>pr\u00e1ctica comunista sovi\u00e9tica<\/strong>\u2013 no fue convulso s\u00f3lo por los<strong>&nbsp;procesos revolucionarios&nbsp;<\/strong>y la&nbsp;<strong>guerra civil&nbsp;<\/strong>que se libr\u00f3 en el&nbsp;<strong>Imperio Ruso<\/strong>&nbsp;antes de imponerse por las armas, sino que conllev\u00f3 una<strong>&nbsp;guerra de ideas&nbsp;<\/strong>que acab\u00f3 escindiendo definitivamente lo que hasta&nbsp;<strong>1919<\/strong>, a\u00f1o de la fundaci\u00f3n de la&nbsp;<strong>Tercera Internacional<\/strong>, era una suma de tendencias convergentes.<\/p>\n\n\n\n<p class=\"has-text-align-justify\">Las divergencias que acabar\u00edan con la ruptura definitiva se evidenciaron ya en el&nbsp;<strong>Congreso Internacional Socialista<\/strong>&nbsp;que se celebr\u00f3 en&nbsp;<strong>Stuttgart&nbsp;<\/strong>en&nbsp;<strong>1907<\/strong>. La ya conocida como<strong>&nbsp;Segunda Internacional Socialista<\/strong>, heredera de la constituida por&nbsp;<strong>Karl Marx<\/strong>,&nbsp;<strong>Friedrich Engels&nbsp;<\/strong>y&nbsp;<strong>Mija\u00edl Bakunin<\/strong>&nbsp;en&nbsp;<strong>1864&nbsp;<\/strong>y disuelta en&nbsp;<strong>1876<\/strong>, se posicion\u00f3 por alcanzar el&nbsp;<strong>poder&nbsp;<\/strong>mediante las&nbsp;<strong>urnas&nbsp;<\/strong>e iniciar a partir de ah\u00ed el&nbsp;<strong>camino hacia el socialismo<\/strong>. Sin embargo, los representantes de la&nbsp;<strong>corriente revolucionaria<\/strong>,&nbsp;<strong>Vlad\u00edmir Ilich Uli\u00e1nov<\/strong>,&nbsp;<strong>Lenin<\/strong>&nbsp;y&nbsp;<strong>Rosa Luxemburg<\/strong>, consiguieron imponer una enmienda que llamaba a los partidos y organizaciones socialistas a&nbsp;<strong>desestabilizar&nbsp;<\/strong>a sus&nbsp;<strong>gobiernos&nbsp;<\/strong>en caso de&nbsp;<strong>guerra<\/strong>.<\/p>\n\n\n\n<p class=\"has-text-align-justify\"><a href=\"https:\/\/www.lavanguardia.com\/historiayvida\/historia-contemporanea\/20190724\/47309641414\/la-gran-guerra-el-primer-conflicto-global.html\">La&nbsp;<strong>guerra&nbsp;<\/strong>estall\u00f3 en&nbsp;<strong>Europa<\/strong>&nbsp;<\/a>, pero la&nbsp;<a href=\"https:\/\/www.lavanguardia.com\/historiayvida\/revista\/20170918\/47313684387\/la-revolucion-rusa.html\"><strong>Revoluci\u00f3n&nbsp;<\/strong>s\u00f3lo en&nbsp;<strong>Rusia<\/strong>&nbsp;<\/a>, y la divisi\u00f3n se fue haciendo evidente mediante la publicaci\u00f3n de libros y panfletos y se acentu\u00f3 con las conferencias que los&nbsp;<strong>partidos y sindicatos revolucionarios&nbsp;<\/strong>celebraron ya en pleno conflicto en las ciudades suizas de&nbsp;<strong>Zimmerwald&nbsp;<\/strong>(septiembre de&nbsp;<strong>1915<\/strong>) y&nbsp;<strong>Kienthal&nbsp;<\/strong>(abril de&nbsp;<strong>1916<\/strong>). La&nbsp;<strong>ruptura definitiva&nbsp;<\/strong>lleg\u00f3 tras la<strong>&nbsp;Revoluci\u00f3n de Octubre&nbsp;<\/strong>de&nbsp;<strong>1917<\/strong>, que llev\u00f3 a los&nbsp;<strong>bolcheviques&nbsp;<\/strong>rusos al poder.Una pr\u00e1ctica condenada por la<strong>&nbsp;Conferencia Internacional Obrera y Socialista<\/strong>&nbsp;celebrada en&nbsp;<strong>Berna&nbsp;<\/strong>en febrero de&nbsp;<strong>1919<\/strong>, convocada por una&nbsp;<strong>Internacional Socialista<\/strong>&nbsp;que insisti\u00f3 en la<strong>&nbsp;v\u00eda democr\u00e1tica<\/strong>.<\/p>\n\n\n\n<p class=\"has-text-align-justify\">La&nbsp;<strong>respuesta&nbsp;<\/strong>no se hizo esperar, y en el&nbsp;<strong>congreso fundacional&nbsp;<\/strong>de la<strong>&nbsp;Internacional Comunista&nbsp;<\/strong>\u2013conocida como&nbsp;<strong>Tercera Internacional<\/strong>\u2013, celebrado en&nbsp;<strong>Mosc\u00fa<\/strong>, el propio&nbsp;<strong>Lenin&nbsp;<\/strong>respondi\u00f3 a la denominada despectivamente<strong>&nbsp;Internacional Amarilla&nbsp;<\/strong>con el&nbsp;<strong>argumentario&nbsp;<\/strong>que se convirti\u00f3 en la base del<strong>&nbsp;marxismo-leninismo<\/strong>&nbsp;que a partir de entonces guiar\u00eda a la&nbsp;<strong>Uni\u00f3n Sovi\u00e9tica<\/strong>&nbsp;y fijar\u00eda la&nbsp;<strong>doctrina&nbsp;<\/strong>del&nbsp;<strong>comunismo<\/strong>.<\/p>\n\n\n\n<h4 class=\"wp-block-heading\">La&nbsp;<strong>ruptura&nbsp;<\/strong>lleg\u00f3 tras la<strong>&nbsp;Revoluci\u00f3n de Octubre,&nbsp;<\/strong>que llev\u00f3 a los&nbsp;<strong>bolcheviques&nbsp;<\/strong>al poder. Una pr\u00e1ctica condenada por la<strong>&nbsp;Internacional Socialista<\/strong><\/h4>\n\n\n\n<p class=\"has-text-align-justify\">La defensa de la&nbsp;<strong>dictadura del proletariado&nbsp;<\/strong>ya fijada por&nbsp;<strong>Marx&nbsp;<\/strong>como la<strong>&nbsp;fase pol\u00edtica inicial<\/strong>&nbsp;del&nbsp;<strong>socialismo&nbsp;<\/strong>y la condena a la \u201c<strong>democracia burguesa<\/strong>\u201d que perpetuaba el sistema de&nbsp;<strong>explotaci\u00f3n&nbsp;<\/strong>hacia las&nbsp;<strong>clases trabajadoras y campesinas&nbsp;<\/strong>se convirti\u00f3 en la principal tesis de las organizaciones que se adhirieron a esta Internacional. Un texto de obligada lectura tanto en la&nbsp;<strong>Uni\u00f3n Sovi\u00e9tica&nbsp;<\/strong>como en los<strong>&nbsp;cursos de formaci\u00f3n pol\u00edtica comunista&nbsp;<\/strong>alrededor del mundo.<\/p>\n\n\n\n<p class=\"has-text-align-justify\">El discurso, que ofrecemos ligeramente extractado, qued\u00f3 fijado bajo el t\u00edtulo<strong>&nbsp;\u201cTesis e informe sobre la democracia burguesa y la dictadura del proletariado\u201d<\/strong>&nbsp;en el libro&nbsp;<strong><em>Primer Congreso de la Internacional Comunista. Actas<\/em>&nbsp;<\/strong>, publicado en&nbsp;<strong>Petrogrado&nbsp;<\/strong>\u2013actual<strong>&nbsp;San Petersburgo<\/strong>\u2013 en&nbsp;<strong>1921&nbsp;<\/strong>por la<strong>&nbsp;Editorial Progreso<\/strong>&nbsp;en su versi\u00f3n en&nbsp;<strong>espa\u00f1ol<\/strong>.<\/p>\n\n\n\n<h2 class=\"wp-block-heading\">EL DISCURSO<\/h2>\n\n\n\n<p class=\"has-text-align-justify\">\u201cEl crecimiento del&nbsp;<strong>movimiento revolucionario&nbsp;<\/strong>del&nbsp;<strong>proletariado&nbsp;<\/strong>en todos los pa\u00edses ha dado lugar a una serie de esfuerzos convulsivos por parte de la&nbsp;<strong>burgues\u00eda&nbsp;<\/strong>y de sus agentes en las&nbsp;<strong>organizaciones de trabajadores<\/strong>&nbsp;para hallar argumentos pol\u00edticos v\u00e1lidos en defensa del predominio de los&nbsp;<strong>explotadores<\/strong>. Entre estos argumentos destaca en particular la&nbsp;<strong>condena&nbsp;<\/strong>de la&nbsp;<strong>dictadura&nbsp;<\/strong>y la&nbsp;<strong>defensa&nbsp;<\/strong>de la&nbsp;<strong>democracia<\/strong>. La&nbsp;<strong>falsedad&nbsp;<\/strong>y la&nbsp;<strong>hipocres\u00eda&nbsp;<\/strong>de dicho argumento, repetido en mil formas por la&nbsp;<strong>prensa capitalista<\/strong>&nbsp;y la conferencia de la<strong>&nbsp;Internacional amarilla de Berna<\/strong>, celebrada en<strong>&nbsp;febrero de 1919<\/strong>, son evidentes para todo aquel que no desee traicionar los principios fundamentales del socialismo.<\/p>\n\n\n\n<p class=\"has-text-align-justify\">\u201dEn primer lugar, dicho argumento se basa en ciertas nociones de \u2018<strong>democracia&nbsp;<\/strong>en general\u2019 y \u2018<strong>dictadura&nbsp;<\/strong>en general\u2019 sin mencionar de qu\u00e9 clase se est\u00e1 hablando. Este planteamiento, que no toma en cuenta la cuesti\u00f3n de la&nbsp;<strong>clase<\/strong>, como si se tratara de un&nbsp;<strong>asunto general&nbsp;<\/strong>de cada pa\u00eds, es una burla flagrante a la&nbsp;<strong>doctrina&nbsp;<\/strong>fundamental del&nbsp;<strong>socialismo<\/strong>, a saber, la doctrina de la<strong>&nbsp;lucha de clases<\/strong>, que los&nbsp;<strong>socialistas&nbsp;<\/strong>que se han pasado al bando de la&nbsp;<strong>burgues\u00eda&nbsp;<\/strong>mencionan en sus&nbsp;<strong>discursos&nbsp;<\/strong>pero olvidan en sus&nbsp;<strong>acciones<\/strong>.<\/p>\n\n\n\n<p class=\"has-text-align-justify\">\u201dPuesto que en ning\u00fan&nbsp;<strong>pa\u00eds capitalista&nbsp;<\/strong>civilizado existe \u2018<strong>democracia&nbsp;<\/strong>en general\u2019, sino \u00fanicamente una&nbsp;<strong>democracia burguesa<\/strong>; y no se habla de \u2018<strong>dictadura&nbsp;<\/strong>en general\u2019, sino de&nbsp;<strong>dictadura&nbsp;<\/strong>de las&nbsp;<strong>clases oprimidas<\/strong>, es decir, del&nbsp;<strong>proletariado&nbsp;<\/strong>respecto a los&nbsp;<strong>opresores&nbsp;<\/strong>y a los&nbsp;<strong>explotadores<\/strong>, o sea, la&nbsp;<strong>burgues\u00eda<\/strong>, para vencer la resistencia opuesta por los&nbsp;<strong>explotadores&nbsp;<\/strong>en la lucha por conservar su dominio.<\/p>\n\n\n\n<h3 class=\"wp-block-heading\">La historia nos ense\u00f1a que ninguna&nbsp;<strong>clase oprimida&nbsp;<\/strong>ha llegado nunca al poder y que no puede hacerlo sin sufrir un&nbsp;<strong>periodo de dictadura\u201d<\/strong><\/h3>\n\n\n\n<p>VLAD\u00cdMIR ILICH ULI\u00c1NOV, LENIN<\/p>\n\n\n\n<p class=\"has-text-align-justify\">\u201dLa historia nos ense\u00f1a que ninguna&nbsp;<strong>clase oprimida&nbsp;<\/strong>ha llegado nunca al poder y que no puede hacerlo sin sufrir un&nbsp;<strong>periodo de dictadura<\/strong>; es decir, la&nbsp;<strong>conquista&nbsp;<\/strong>del&nbsp;<strong>poder&nbsp;<\/strong>y la&nbsp;<strong>aniquilaci\u00f3n&nbsp;<\/strong>definitiva de la&nbsp;<strong>resistencia&nbsp;<\/strong>m\u00e1s desesperada y fren\u00e9tica que no duda en recurrir a cualquier crimen y que siempre han opuesto los&nbsp;<strong>explotadores<\/strong>.<\/p>\n\n\n\n<p class=\"has-text-align-justify\">\u201dLa&nbsp;<strong>burgues\u00eda<\/strong>, cuyo papel defienden los&nbsp;<strong>socialistas&nbsp;<\/strong>que arremeten contra la \u2018<strong>dictadura&nbsp;<\/strong>en general\u2019 y que defienden la causa de la \u2018<strong>democracia&nbsp;<\/strong>en general\u2019, ha ganado&nbsp;<strong>poder&nbsp;<\/strong>en los pa\u00edses&nbsp;<strong>progresistas&nbsp;<\/strong>al precio de&nbsp;<strong>insurrecciones<\/strong>,&nbsp;<strong>guerras civiles<\/strong>, aplastando&nbsp;<strong>reyes<\/strong>, se\u00f1ores&nbsp;<strong>feudales&nbsp;<\/strong>y&nbsp;<strong>esclavistas<\/strong>, as\u00ed como sus intentos de restauraci\u00f3n. Los&nbsp;<strong>socialistas&nbsp;<\/strong>de todos los pa\u00edses han explicado al pueblo millones de veces el car\u00e1cter de&nbsp;<strong>clase&nbsp;<\/strong>de esas&nbsp;<strong>revoluciones burguesas&nbsp;<\/strong>y de esa&nbsp;<strong>dictadura de la burgues\u00eda&nbsp;<\/strong>en&nbsp;<strong>libros&nbsp;<\/strong>y&nbsp;<strong>panfletos<\/strong>, en las resoluciones de los&nbsp;<strong>congresos&nbsp;<\/strong>y en los&nbsp;<strong>discursos&nbsp;<\/strong>propagand\u00edsticos.<\/p>\n\n\n\n<p class=\"has-text-align-justify\">\u201dPor consiguiente, la actual&nbsp;<strong>defensa&nbsp;<\/strong>de la&nbsp;<strong>democracia burguesa&nbsp;<\/strong>mediante discursos sobre la \u2018<strong>democracia&nbsp;<\/strong>en general\u2019 y los actuales lamentos y gritos contra la&nbsp;<strong>dictadura<\/strong>&nbsp;<strong>del proletariado&nbsp;<\/strong>encubiertos en lamentos sobre la \u2018<strong>dictadura&nbsp;<\/strong>en general\u2019 son una&nbsp;<strong>burla&nbsp;<\/strong>descarada del&nbsp;<strong>socialismo<\/strong>, y representan el paso efectivo a las filas de la&nbsp;<strong>burgues\u00eda<\/strong>, la&nbsp;<strong>negaci\u00f3n&nbsp;<\/strong>del&nbsp;<strong>derecho&nbsp;<\/strong>del&nbsp;<strong>proletariado&nbsp;<\/strong>a su propia<strong>&nbsp;revoluci\u00f3n proletaria&nbsp;<\/strong>y la defensa del&nbsp;<strong>reformismo burgu\u00e9s&nbsp;<\/strong>en el momento hist\u00f3rico en el que dicho reformismo provoca la&nbsp;<strong>destrucci\u00f3n del mundo<\/strong>; y en el que la&nbsp;<strong>guerra&nbsp;<\/strong>ha creado una&nbsp;<strong>situaci\u00f3n revolucionaria<\/strong>.<\/p>\n\n\n\n<h3 class=\"wp-block-heading\">La<strong>&nbsp;rep\u00fablica burguesa&nbsp;<\/strong>m\u00e1s&nbsp;<strong>democr\u00e1tica&nbsp;<\/strong>es tan s\u00f3lo una&nbsp;<strong>m\u00e1quina&nbsp;<\/strong>para la&nbsp;<strong>opresi\u00f3n&nbsp;<\/strong>de la<strong>&nbsp;clase trabajadora<\/strong>&nbsp;por parte de la&nbsp;<strong>burgues\u00eda\u201d<\/strong><\/h3>\n\n\n\n<p>VLAD\u00cdMIR ILICH ULI\u00c1NOV, LENIN<\/p>\n\n\n\n<p class=\"has-text-align-justify\">\u201dLos&nbsp;<strong>socialistas<\/strong>, al explicar el car\u00e1cter de&nbsp;<strong>clase&nbsp;<\/strong>de la&nbsp;<strong>civilizaci\u00f3n burguesa<\/strong>, la&nbsp;<strong>democracia burguesa<\/strong>&nbsp;o el&nbsp;<strong>parlamentarismo burgu\u00e9s<\/strong>, expresan el pensamiento formulado por&nbsp;<strong>Marx&nbsp;<\/strong>y&nbsp;<strong>Engels&nbsp;<\/strong>con la m\u00e1xima precisi\u00f3n cient\u00edfica al decir que la<strong>&nbsp;rep\u00fablica burguesa&nbsp;<\/strong>m\u00e1s&nbsp;<strong>democr\u00e1tica&nbsp;<\/strong>es tan s\u00f3lo una&nbsp;<strong>m\u00e1quina&nbsp;<\/strong>para la&nbsp;<strong>opresi\u00f3n&nbsp;<\/strong>de la<strong>&nbsp;clase trabajadora<\/strong>&nbsp;por parte de la&nbsp;<strong>burgues\u00eda<\/strong>, para la&nbsp;<strong>opresi\u00f3n&nbsp;<\/strong>de la masa de&nbsp;<strong>trabajadores&nbsp;<\/strong>por un pu\u00f1ado de&nbsp;<strong>capitalistas<\/strong>.<\/p>\n\n\n\n<p class=\"has-text-align-justify\">\u201dNo existe ni un solo&nbsp;<strong>revolucionario<\/strong>, ni un solo&nbsp;<strong>marxista&nbsp;<\/strong>de todos esos que ahora vociferan contra la&nbsp;<strong>dictadura&nbsp;<\/strong>y a favor de la&nbsp;<strong>democracia&nbsp;<\/strong>que no hubiera jurado ante los&nbsp;<strong>trabajadores&nbsp;<\/strong>que reconoc\u00eda esta verdad fundamental del&nbsp;<strong>socialismo<\/strong>. Y ahora, cuando el<strong>&nbsp;proletariado revolucionario&nbsp;<\/strong>comienza a actuar y a moverse para destruir esta&nbsp;<strong>maquinaria opresiva&nbsp;<\/strong>y conquistar la&nbsp;<strong>dictadura proletaria<\/strong>, esos<strong>&nbsp;traidores al socialismo&nbsp;<\/strong>exponen la situaci\u00f3n como si la&nbsp;<strong>burgues\u00eda&nbsp;<\/strong>ofreciera a los&nbsp;<strong>trabajadores&nbsp;<\/strong><strong>democracia pura<\/strong>, como si la&nbsp;<strong>burgues\u00eda&nbsp;<\/strong>hubiera abandonado la&nbsp;<strong>resistencia&nbsp;<\/strong>y estuviera dispuesta a someterse a la mayor\u00eda de los&nbsp;<strong>trabajadores<\/strong>, como si en una<strong>&nbsp;rep\u00fablica democr\u00e1tica<\/strong>&nbsp;no existiera una<strong>&nbsp;maquinaria estatal&nbsp;<\/strong>ideada para la&nbsp;<strong>opresi\u00f3n&nbsp;<\/strong>del&nbsp;<strong>trabajo&nbsp;<\/strong>por el&nbsp;<strong>capital<\/strong>.<\/p>\n\n\n\n<p class=\"has-text-align-justify\">\u201dLos obreros saben muy bien que la \u2018<strong>libertad&nbsp;<\/strong>de reuni\u00f3n\u2019, incluso en la&nbsp;<strong>rep\u00fablica burguesa&nbsp;<\/strong>m\u00e1s&nbsp;<strong>democr\u00e1tica<\/strong>, no es m\u00e1s que una expresi\u00f3n vac\u00eda, pues los ricos cuentan con los mejores edificios p\u00fablicos y privados a su disposici\u00f3n, y tambi\u00e9n con suficiente tiempo libre para reunirse y para proteger dichas reuniones por medio del&nbsp;<strong>aparato burgu\u00e9s&nbsp;<\/strong>de la&nbsp;<strong>autoridad<\/strong>. Los&nbsp;<strong>proletarios&nbsp;<\/strong>de la ciudad y del campo, as\u00ed como los&nbsp;<strong>campesinos&nbsp;<\/strong>pobres, es decir, la aplastante mayor\u00eda de la poblaci\u00f3n, no cuentan con ninguna de estas tres cosas. Mientras la situaci\u00f3n siga siendo \u00e9sta, la \u2018<strong>igualdad<\/strong>\u2019, es decir, la \u2018<strong>democracia&nbsp;<\/strong>pura\u2019, es un&nbsp;<strong>enga\u00f1o&nbsp;<\/strong>absoluto.<\/p>\n\n\n\n<h3 class=\"wp-block-heading\">Los&nbsp;<strong>capitalistas&nbsp;<\/strong>siempre han llamado \u2018<strong>libertad<\/strong>\u2019 a la&nbsp;<strong>libertad&nbsp;<\/strong>de los ricos para amasar fortunas y a la&nbsp;<strong>libertad&nbsp;<\/strong>de los&nbsp;<strong>trabajadores&nbsp;<\/strong>para morirse de hambre\u201d<\/h3>\n\n\n\n<p>VLAD\u00cdMIR ILICH ULI\u00c1NOV, LENIN<\/p>\n\n\n\n<p class=\"has-text-align-justify\">\u201dLos&nbsp;<strong>capitalistas&nbsp;<\/strong>siempre han llamado \u2018<strong>libertad<\/strong>\u2019 a la&nbsp;<strong>libertad&nbsp;<\/strong>de los ricos para amasar fortunas y a la&nbsp;<strong>libertad&nbsp;<\/strong>de los&nbsp;<strong>trabajadores&nbsp;<\/strong>para morirse de hambre. Los&nbsp;<strong>capitalistas&nbsp;<\/strong>llaman \u2018<strong>libertad<\/strong>\u2019 a la&nbsp;<strong>libertad&nbsp;<\/strong>de los&nbsp;<strong>ricos<\/strong>, a la&nbsp;<strong>libertad&nbsp;<\/strong>de comprar la&nbsp;<strong>prensa<\/strong>, de utilizar la&nbsp;<strong>riqueza<\/strong>, de manipular y de apoyar la llamada \u2018<strong>opini\u00f3n p\u00fablica<\/strong>\u2019.<\/p>\n\n\n\n<p class=\"has-text-align-justify\">\u201dEn realidad, los&nbsp;<strong>defensores&nbsp;<\/strong>de la \u2018<strong>democracia&nbsp;<\/strong>pura\u2019 resultan ser los&nbsp;<strong>defensores&nbsp;<\/strong>del&nbsp;<strong>sistema&nbsp;<\/strong>m\u00e1s&nbsp;<strong>sucio&nbsp;<\/strong>y&nbsp;<strong>corrupto&nbsp;<\/strong>de dominio por parte de los ricos sobre los medios para la educaci\u00f3n de las masas. Enga\u00f1an al&nbsp;<strong>pueblo&nbsp;<\/strong>mediante frases atractivas, hermosas y biensonantes, aunque absolutamente falsas, tratando de disuadir a las masas del cometido hist\u00f3rico concreto de liberar a la&nbsp;<strong>prensa&nbsp;<\/strong>del sojuzgamiento por el&nbsp;<strong>capital<\/strong>.<\/p>\n\n\n\n<p class=\"has-text-align-justify\">\u201dLa&nbsp;<strong>libertad&nbsp;<\/strong>y la&nbsp;<strong>igualdad&nbsp;<\/strong>verdaderas s\u00f3lo existir\u00e1n en el orden establecido por los&nbsp;<strong>comunistas&nbsp;<\/strong>en el que ser\u00e1 imposible hacerse rico a expensas de otro, en el que ser\u00e1 imposible, tanto directa como indirectamente, someter a la&nbsp;<strong>prensa&nbsp;<\/strong>al&nbsp;<strong>poder&nbsp;<\/strong>del&nbsp;<strong>dinero<\/strong>, en el que no habr\u00e1 obst\u00e1culo que impida a ning\u00fan&nbsp;<strong>trabajador&nbsp;<\/strong>disfrutar y llevar a la pr\u00e1ctica el derecho igualitario al uso de las imprentas p\u00fablicas y los fondos p\u00fablicos de papel.<\/p>\n\n\n\n<h3 class=\"wp-block-heading\">La&nbsp;<strong>dictadura del proletariado supone<\/strong>&nbsp;el verdadero ejercicio de la&nbsp;<strong>democracia&nbsp;<\/strong>por parte de las<strong>&nbsp;clases trabajadoras\u201d<\/strong><\/h3>\n\n\n\n<p>VLAD\u00cdMIR ILICH ULI\u00c1NOV, LENIN<\/p>\n\n\n\n<p class=\"has-text-align-justify\">\u201dLa<strong>&nbsp;dictadura del proletariado&nbsp;<\/strong>se asemeja a la&nbsp;<strong>dictadura&nbsp;<\/strong>de otras clases en que est\u00e1 motivada por la necesidad de aplastar la rotunda&nbsp;<strong>resistencia&nbsp;<\/strong>de una&nbsp;<strong>clase&nbsp;<\/strong>que estaba perdiendo<strong>&nbsp;poder pol\u00edtico<\/strong>. Sin embargo, lo que distingue de forma definitiva una&nbsp;<strong>dictadura del proletariado&nbsp;<\/strong>de una&nbsp;<strong>dictadura&nbsp;<\/strong>de las otras clases \u2013de los&nbsp;<strong>terratenientes&nbsp;<\/strong>en la<strong>&nbsp;Edad Media<\/strong>, de la&nbsp;<strong>burgues\u00eda&nbsp;<\/strong>en todos los&nbsp;<strong>pa\u00edses capitalistas<\/strong>&nbsp;civilizados\u2013 es que la dictadura de los&nbsp;<strong>terratenientes&nbsp;<\/strong>y de la&nbsp;<strong>burgues\u00eda&nbsp;<\/strong>ha sido el aplastamiento de la resistencia ofrecida por la abrumadora mayor\u00eda de la&nbsp;<strong>poblaci\u00f3n<\/strong>, es decir, por los&nbsp;<strong>trabajadores<\/strong>. Por el contrario, la&nbsp;<strong>dictadura del proletariado&nbsp;<\/strong>es el aplastamiento de la resistencia ofrecida por los&nbsp;<strong>explotadores<\/strong>, es decir, por una minor\u00eda insignificante de la&nbsp;<strong>poblaci\u00f3n<\/strong>, los&nbsp;<strong>terratenientes&nbsp;<\/strong>y los&nbsp;<strong>capitalistas<\/strong>.<\/p>\n\n\n\n<p class=\"has-text-align-justify\">De esto se deduce que la&nbsp;<strong>dictadura del proletariado&nbsp;<\/strong>conlleva necesariamente no s\u00f3lo cambios en la forma y las&nbsp;<strong>instituciones&nbsp;<\/strong>de la&nbsp;<strong>democracia<\/strong>, en t\u00e9rminos generales, sino espec\u00edficamente un cambio que asegure una extensi\u00f3n sin precedentes en la&nbsp;<strong>historia&nbsp;<\/strong>de la&nbsp;<strong>humanidad&nbsp;<\/strong>del verdadero ejercicio de la&nbsp;<strong>democracia&nbsp;<\/strong>por parte de las<strong>&nbsp;clases trabajadoras<\/strong>\u201d.<\/p>\n","protected":false},"excerpt":{"rendered":"<p>Autor: RAM\u00d3N \u00c1LVAREZ Fuente: La Vanguardia. 14\/02\/2020 EL CONTEXTO El tr\u00e1nsito del&nbsp;marxismo&nbsp;al&nbsp;leninismo&nbsp;\u2013de la&nbsp;teor\u00eda socialista&nbsp;a la&nbsp;pr\u00e1ctica comunista sovi\u00e9tica\u2013 no fue convulso s\u00f3lo por los&nbsp;procesos revolucionarios&nbsp;y la&nbsp;guerra civil&nbsp;que se libr\u00f3 en el&nbsp;Imperio Ruso&nbsp;antes de imponerse por las armas, sino que conllev\u00f3 una&nbsp;guerra de ideas&nbsp;que acab\u00f3 escindiendo definitivamente lo que hasta&nbsp;1919, a\u00f1o de la fundaci\u00f3n de la&nbsp;Tercera Internacional, &hellip; <a href=\"https:\/\/blogsaverroes.juntadeandalucia.es\/aldeacordoba\/?p=996\" class=\"more-link\">Continuar leyendo<span class=\"screen-reader-text\"> \u00abLenin y la primera escisi\u00f3n de la izquierda\u00bb<\/span><\/a><\/p>\n","protected":false},"author":168,"featured_media":0,"comment_status":"open","ping_status":"open","sticky":false,"template":"","format":"standard","meta":{"ngg_post_thumbnail":0,"footnotes":""},"categories":[224386],"tags":[224734,224764,224873,224933],"aioseo_notices":[],"_links":{"self":[{"href":"https:\/\/blogsaverroes.juntadeandalucia.es\/aldeacordoba\/index.php?rest_route=\/wp\/v2\/posts\/996"}],"collection":[{"href":"https:\/\/blogsaverroes.juntadeandalucia.es\/aldeacordoba\/index.php?rest_route=\/wp\/v2\/posts"}],"about":[{"href":"https:\/\/blogsaverroes.juntadeandalucia.es\/aldeacordoba\/index.php?rest_route=\/wp\/v2\/types\/post"}],"author":[{"embeddable":true,"href":"https:\/\/blogsaverroes.juntadeandalucia.es\/aldeacordoba\/index.php?rest_route=\/wp\/v2\/users\/168"}],"replies":[{"embeddable":true,"href":"https:\/\/blogsaverroes.juntadeandalucia.es\/aldeacordoba\/index.php?rest_route=%2Fwp%2Fv2%2Fcomments&post=996"}],"version-history":[{"count":0,"href":"https:\/\/blogsaverroes.juntadeandalucia.es\/aldeacordoba\/index.php?rest_route=\/wp\/v2\/posts\/996\/revisions"}],"wp:attachment":[{"href":"https:\/\/blogsaverroes.juntadeandalucia.es\/aldeacordoba\/index.php?rest_route=%2Fwp%2Fv2%2Fmedia&parent=996"}],"wp:term":[{"taxonomy":"category","embeddable":true,"href":"https:\/\/blogsaverroes.juntadeandalucia.es\/aldeacordoba\/index.php?rest_route=%2Fwp%2Fv2%2Fcategories&post=996"},{"taxonomy":"post_tag","embeddable":true,"href":"https:\/\/blogsaverroes.juntadeandalucia.es\/aldeacordoba\/index.php?rest_route=%2Fwp%2Fv2%2Ftags&post=996"}],"curies":[{"name":"wp","href":"https:\/\/api.w.org\/{rel}","templated":true}]}}